{"id":19879,"date":"2024-02-21T10:51:00","date_gmt":"2024-02-21T09:51:00","guid":{"rendered":"https:\/\/www.reclamador.es\/blog\/?p=19879"},"modified":"2024-04-03T16:57:41","modified_gmt":"2024-04-03T14:57:41","slug":"amsterdam-guia-aeropuerto-schiphol","status":"publish","type":"post","link":"https:\/\/www.reclamador.es\/blog\/amsterdam-guia-aeropuerto-schiphol\/","title":{"rendered":"Aeropuerto de Schiphol: \u00bfC\u00f3mo ir del centro de \u00c1msterdam al aeropuerto?"},"content":{"rendered":"<div class=\"ttr_start\"><\/div>\n\n<div class=\"kk-star-ratings kksr-auto kksr-align-right kksr-valign-top\"\n    data-payload='{&quot;align&quot;:&quot;right&quot;,&quot;id&quot;:&quot;19879&quot;,&quot;slug&quot;:&quot;default&quot;,&quot;valign&quot;:&quot;top&quot;,&quot;ignore&quot;:&quot;&quot;,&quot;reference&quot;:&quot;auto&quot;,&quot;class&quot;:&quot;&quot;,&quot;count&quot;:&quot;5&quot;,&quot;legendonly&quot;:&quot;&quot;,&quot;readonly&quot;:&quot;&quot;,&quot;score&quot;:&quot;5&quot;,&quot;starsonly&quot;:&quot;&quot;,&quot;best&quot;:&quot;5&quot;,&quot;gap&quot;:&quot;3&quot;,&quot;greet&quot;:&quot;Valora este art\u00edculo&quot;,&quot;legend&quot;:&quot;5\\\/5 - (5 votos)&quot;,&quot;size&quot;:&quot;20&quot;,&quot;title&quot;:&quot;Aeropuerto de Schiphol: \u00bfC\u00f3mo ir del centro de \u00c1msterdam al aeropuerto?&quot;,&quot;width&quot;:&quot;113.5&quot;,&quot;_legend&quot;:&quot;{score}\\\/{best} - ({count} {votes})&quot;,&quot;font_factor&quot;:&quot;1.25&quot;}'>\n            \n<div class=\"kksr-stars\">\n    \n<div class=\"kksr-stars-inactive\">\n            <div class=\"kksr-star\" data-star=\"1\" style=\"padding-right: 3px\">\n            \n\n<div class=\"kksr-icon\" style=\"width: 20px; height: 20px;\"><\/div>\n        <\/div>\n            <div class=\"kksr-star\" data-star=\"2\" style=\"padding-right: 3px\">\n            \n\n<div class=\"kksr-icon\" style=\"width: 20px; height: 20px;\"><\/div>\n        <\/div>\n            <div class=\"kksr-star\" data-star=\"3\" style=\"padding-right: 3px\">\n            \n\n<div class=\"kksr-icon\" style=\"width: 20px; height: 20px;\"><\/div>\n        <\/div>\n            <div class=\"kksr-star\" data-star=\"4\" style=\"padding-right: 3px\">\n            \n\n<div class=\"kksr-icon\" style=\"width: 20px; height: 20px;\"><\/div>\n        <\/div>\n            <div class=\"kksr-star\" data-star=\"5\" style=\"padding-right: 3px\">\n            \n\n<div class=\"kksr-icon\" style=\"width: 20px; height: 20px;\"><\/div>\n        <\/div>\n    <\/div>\n    \n<div class=\"kksr-stars-active\" style=\"width: 113.5px;\">\n            <div class=\"kksr-star\" style=\"padding-right: 3px\">\n            \n\n<div class=\"kksr-icon\" style=\"width: 20px; height: 20px;\"><\/div>\n        <\/div>\n            <div class=\"kksr-star\" style=\"padding-right: 3px\">\n            \n\n<div class=\"kksr-icon\" style=\"width: 20px; height: 20px;\"><\/div>\n        <\/div>\n            <div class=\"kksr-star\" style=\"padding-right: 3px\">\n            \n\n<div class=\"kksr-icon\" style=\"width: 20px; height: 20px;\"><\/div>\n        <\/div>\n            <div class=\"kksr-star\" style=\"padding-right: 3px\">\n            \n\n<div class=\"kksr-icon\" style=\"width: 20px; height: 20px;\"><\/div>\n        <\/div>\n            <div class=\"kksr-star\" style=\"padding-right: 3px\">\n            \n\n<div class=\"kksr-icon\" style=\"width: 20px; height: 20px;\"><\/div>\n        <\/div>\n    <\/div>\n<\/div>\n                \n\n<div class=\"kksr-legend\" style=\"font-size: 16px;\">\n            5\/5 - (5 votos)    <\/div>\n    <\/div>\n<figure id=\"attachment_32166\" aria-describedby=\"caption-attachment-32166\" style=\"width: 1200px\" class=\"wp-caption aligncenter\"><img data-recalc-dims=\"1\" loading=\"lazy\" decoding=\"async\" class=\"size-full wp-image-32166\" src=\"https:\/\/i0.wp.com\/www.reclamador.es\/blog\/wp-content\/uploads\/2024\/02\/aeropuerto-amsterdam-schiphol-1200x630-3.jpg?resize=1200%2C630&#038;ssl=1\" alt=\"gu\u00eda viajar del centro al Aeropuerto de \u00c1msterdam-Schiphol\" width=\"1200\" height=\"630\" srcset=\"https:\/\/i0.wp.com\/www.reclamador.es\/blog\/wp-content\/uploads\/2024\/02\/aeropuerto-amsterdam-schiphol-1200x630-3.jpg?w=1200&amp;ssl=1 1200w, https:\/\/i0.wp.com\/www.reclamador.es\/blog\/wp-content\/uploads\/2024\/02\/aeropuerto-amsterdam-schiphol-1200x630-3.jpg?resize=800%2C420&amp;ssl=1 800w, https:\/\/i0.wp.com\/www.reclamador.es\/blog\/wp-content\/uploads\/2024\/02\/aeropuerto-amsterdam-schiphol-1200x630-3.jpg?resize=150%2C79&amp;ssl=1 150w, https:\/\/i0.wp.com\/www.reclamador.es\/blog\/wp-content\/uploads\/2024\/02\/aeropuerto-amsterdam-schiphol-1200x630-3.jpg?resize=768%2C403&amp;ssl=1 768w\" sizes=\"auto, (max-width: 1000px) 100vw, 1000px\" \/><figcaption id=\"caption-attachment-32166\" class=\"wp-caption-text\"><em>Aeropuerto de \u00c1msterdam-Schiphol<\/em><\/figcaption><\/figure>\n<p><span style=\"font-weight: 400;\">El pelirrojo Vincent van Gogh, los largos canales y las bicicletas son, sin duda, algunas de las referencias m\u00e1s comunes que aparecen al hablar de \u00c1msterdam. Y es que, la capital de los Pa\u00edses Bajos, se ha convertido en una de las ciudades preferidas por los turistas a la hora de viajar. As\u00ed lo muestran las cifras oficiales: <\/span><b>el aeropuerto de \u00c1msterdam -Schiphol- recibi\u00f3 61,7 millones de viajeros en el a\u00f1o 2023 y cuenta con conexiones con 305 destinos, siendo, de ellos, 126 internacionales.\u00a0<\/b><\/p>\n<p><span style=\"font-weight: 400;\">Dada las importantes cifras, vamos a explicarte las distintas maneras por las que puedes llegar al centro de la <\/span><i><span style=\"font-weight: 400;\">ciudad de los girasoles <\/span><\/i><span style=\"font-weight: 400;\">desde su aeropuerto, uno de los principales aer\u00f3dromos de Europa y de los m\u00e1s importantes del mundo.<\/span><\/p>\n<h2><b>Sobre el aeropuerto de \u00c1msterdam-Schiphol<\/b><\/h2>\n<p><span style=\"font-weight: 400;\">El Aeropuerto de \u00c1msterdam-Schiphol (AMS) es el aeropuerto de \u00c1msterdam, ubicado <\/span><b>a 15 kil\u00f3metros de la ciudad<\/b><span style=\"font-weight: 400;\">. <\/span><span style=\"font-weight: 400;\">\u00a0<\/span><\/p>\n<p><span style=\"font-weight: 400;\">Schiphol cuenta con <\/span><b>cinco grandes pistas de despegue y aterrizaje<\/b><span style=\"font-weight: 400;\">, m\u00e1s una pista adicional utilizada para aviaci\u00f3n general. De esta manera, el aeropuerto de \u00c1msterdam est\u00e1 habilitado y cuenta con la capacidad de absorber, aproximadamente, <\/span><b>unos 60 millones de pasajeros cada a\u00f1o<\/b><span style=\"font-weight: 400;\">.<\/span><\/p>\n<p><span style=\"font-weight: 400;\">Por \u00faltimo, resulta interesante destacar que Schiphol es la base de las compa\u00f1\u00edas neerlandesas <\/span><b>KLM, Martinair y Transavia<\/b><span style=\"font-weight: 400;\">, adem\u00e1s de la aerol\u00ednea estadounidense <\/span><b>Delta Air Lines<\/b><span style=\"font-weight: 400;\">, lo que convierte al aeropuerto de \u00c1msterdam en el principal aer\u00f3dromo europeo que conecta el continente con Estados Unidos y Canad\u00e1.<\/span><\/p>\n<p><iframe loading=\"lazy\" style=\"border: 0;\" src=\"https:\/\/www.google.com\/maps\/embed?pb=!1m18!1m12!1m3!1d82625.10113026582!2d4.748331334415261!3d52.350182482505396!2m3!1f0!2f0!3f0!3m2!1i1024!2i768!4f13.1!3m3!1m2!1s0x47c5e134e0fd162d%3A0xc7d51583f1cef188!2sAeropuerto+de+%C3%81msterdam-Schiphol!5e0!3m2!1ses!2ses!4v1539093956123\" width=\"600\" height=\"450\" frameborder=\"0\" allowfullscreen=\"allowfullscreen\"><\/iframe><\/p>\n<h6 style=\"text-align: center;\"><strong>Nota: A pesar de su gran capacidad, el aeropuerto cuenta con una \u00fanica terminal, que facilita el movimiento de pasajeros y visitantes. Esta terminal se divide en 5 \u00e1reas de embarque, permitiendo as\u00ed un alto n\u00famero de operaciones a la hora.<\/strong><\/h6>\n<h2><strong>\u00bfQu\u00e9 compa\u00f1\u00edas ofrecen vuelos directos desde Espa\u00f1a a \u00c1msterdam?<\/strong><\/h2>\n<p>Desde Madrid, diferentes <a href=\"https:\/\/www.reclamador.es\/aerolineas\/\">aerol\u00edneas<\/a> conectan con vuelos directos la capital de Espa\u00f1a con la de Pa\u00edses Bajos, entre ellas: KLM, <a href=\"https:\/\/www.reclamador.es\/aerolineas\/air-europa\/\">Air Europa<\/a> o <a href=\"https:\/\/www.reclamador.es\/aerolineas\/iberia\/\">Iberia<\/a>. Desde Barcelona, tambi\u00e9n encontrar\u00e1s vuelos directos con las compa\u00f1\u00edas KLM o <a href=\"https:\/\/www.reclamador.es\/aerolineas\/vueling\/\">Vueling<\/a>.<\/p>\n<p>Vueling y <a href=\"https:\/\/www.reclamador.es\/aerolineas\/ryanair\/\">Ryanair<\/a> tambi\u00e9n ofrecen vuelos directos desde el Aeropuerto de M\u00e1laga-Costa del Sol con \u00c1msterdam. Y, por ejemplo, desde Sevilla la aerol\u00ednea Transavia conecta con la ciudad de \u00c1msterdam con vuelos directos.<\/p>\n<h2><b>Aeropuerto intercontinental<\/b><\/h2>\n<p><span style=\"font-weight: 400;\">Como te dec\u00edamos, el aeropuerto de Schiphol destaca, sobre todo, por el elevado n\u00famero de viajeros y por la cantidad de vuelos que operan en \u00e9l de manera intercontinental. Esto se debe, principalmente, a que Schiphol no solo es el aeropuerto de referencia para la poblaci\u00f3n holandesa, sino tambi\u00e9n para aquella perteneciente a la regi\u00f3n de <\/span><b>Randstad<\/b><span style=\"font-weight: 400;\">, la meg\u00e1polis neerlandesa, que incluye tambi\u00e9n a <\/span><b>La Haya, R\u00f3terdam y Utrecht<\/b><span style=\"font-weight: 400;\">. Todas estas ciudades se encuentran situadas a menos de 60 kil\u00f3metros del aeropuerto.<\/span><\/p>\n<p><span style=\"font-weight: 400;\">Otro de los factores que convierten al aeropuerto de Schiphol en intercontinental, es <\/span><b>el \u00e9xito que tiene en \u00e9l la compa\u00f1\u00eda KLM<\/b><span style=\"font-weight: 400;\">. Y es que la aerol\u00ednea europea lleva m\u00e1s de 30 a\u00f1os realizando trayectos directos desde \u00c1msterdam a ciudades asi\u00e1ticas tan concurridas como <\/span><b>Tokio, Hong Kong, Shangh\u00e1i o Pek\u00edn<\/b><span style=\"font-weight: 400;\">.<\/span><\/p>\n<h2>\u00bfC\u00f3mo llegar al centro de \u00c1msterdam desde el aeropuerto?<\/h2>\n<p><span style=\"font-weight: 400;\">Llegar al centro de la ciudad de \u00c1msterdam desde su aeropuerto te resultar\u00e1, cuanto menos, sencillo. Esto se debe a que Schiphol ofrece numerosas alternativas y comodidades de desplazamiento. No en vano, <\/span><b>ha sido declarado en numerosas ocasiones como el mejor aeropuerto del mundo <\/b><span style=\"font-weight: 400;\">por este mismo motivo. <\/span><b>Estas son las principales maneras de llegar al centro<\/b><span style=\"font-weight: 400;\">:<\/span><\/p>\n<h3><strong>Llegar al centro de \u00c1msterdam desde Schiphol en tren<\/strong><\/h3>\n<p><span style=\"font-weight: 400;\">Se trata de la manera m\u00e1s c\u00f3moda y r\u00e1pida de llegar a \u00c1msterdam.<\/span><b> El trayecto hasta el centro de la ciudad tarda unos 15-20 minutos<\/b><span style=\"font-weight: 400;\">. Adem\u00e1s, la estaci\u00f3n de trenes de Schiphol est\u00e1 situada inmediatamente debajo de la terminal del aeropuerto y <\/span><b>ofrece servicios durante las 24 horas del d\u00eda<\/b><span style=\"font-weight: 400;\">.<\/span><\/p>\n<h3><strong>Del Aeropuerto de \u00c1msterdam al centro en autob\u00fas<\/strong><\/h3>\n<p><span style=\"font-weight: 400;\">Coger un autob\u00fas tambi\u00e9n es buena opci\u00f3n para llegar al centro de la ciudad, especialmente cuando se quiere llegar a zonas concretas, como las de <\/span><b><i>Rijksmuseum<\/i><\/b><b> y <\/b><b><i>Leidseplein<\/i><\/b><span style=\"font-weight: 400;\">. Sin embargo, el trayecto es m\u00e1s largo (25-40 minutos) y el precio del billete, m\u00e1s caro que el tren.<\/span><\/p>\n<h3><strong>C\u00f3mo llegar al centro de \u00c1msterdam desde el aeropuerto: Taxi\u00a0<\/strong><\/h3>\n<p>Sin duda, se trata de la opci\u00f3n m\u00e1s c\u00f3moda, pero tambi\u00e9n la m\u00e1s cara. En \u00c1msterdam existen distintas compa\u00f1\u00edas de taxi, <b>siendo la compa\u00f1\u00eda oficial de taxi la <\/b><b><i>Taxi Centrale \u00c1msterdam<\/i><\/b><b> (TCA)<\/b>. Por ello, si tienes pensado llegar al centro de la ciudad utilizando este servicio, ser\u00e1 conveniente que consultes las normativas, tarifas y formas de contacto de cada una de ellas. De media, el precio del trayecto (25-30 minutos) hasta el centro ser\u00e1 de unos 50 euros.<\/p>\n<h2><strong>\u00bfProblemas en tu vuelo a \u00c1msterdam?<\/strong><\/h2>\n<p>Tanto si has sufrido un <a href=\"https:\/\/www.reclamador.es\/aerolineas\/retraso-vuelo\/\">retraso<\/a> en tu llegada superior a 180 minutos, como se <a href=\"https:\/\/www.reclamador.es\/aerolineas\/cancelacion-vuelo\/\">la aerol\u00ednea ha cancelado tu vuelo<\/a> con menos de 14 d\u00edas de antelaci\u00f3n, es probable que tengas derecho a reclamar una compensaci\u00f3n econ\u00f3mica.<\/p>\n<p>Consulta tu caso con nuestros abogados expertos en aerol\u00edneas y te diremos si tu reclamaci\u00f3n es viable y cu\u00e1nto puedes reclamar a la compa\u00f1\u00eda a\u00e9rea.<\/p>\n<h2 style=\"text-align: center;\"><a class=\"button-lead\" href=\"https:\/\/www.reclamador.es\/aerolineas\/\"><b>\u00bfNecesitas ayuda para hacer una reclamaci\u00f3n de vuelo?<\/b><\/a><\/h2>\n<p>Si te ha parecido interesante esta gu\u00eda sobre c\u00f3mo llegar al centro de \u00c1msterdam desde el aeropuerto, comp\u00e1rtela.<br \/>\n\ud83d\ude42<\/p>\n<div class=\"ttr_end\"><\/div>","protected":false},"excerpt":{"rendered":"<p>El pelirrojo Vincent van Gogh, los largos canales y las bicicletas son, sin duda, algunas de las referencias m\u00e1s comunes que aparecen al hablar de \u00c1msterdam. Y es que, la capital de los Pa\u00edses Bajos, se ha convertido en una de las ciudades preferidas por los turistas a la hora de viajar. As\u00ed lo muestran [&hellip;]<\/p>\n","protected":false},"author":1,"featured_media":32166,"comment_status":"open","ping_status":"open","sticky":false,"template":"","format":"standard","meta":{"_acf_changed":false,"_genesis_hide_title":false,"_genesis_hide_breadcrumbs":false,"_genesis_hide_singular_image":false,"_genesis_hide_footer_widgets":false,"_genesis_custom_body_class":"","_genesis_custom_post_class":"","_genesis_layout":"","_jetpack_newsletter_access":"","_jetpack_dont_email_post_to_subs":false,"_jetpack_newsletter_tier_id":0,"_jetpack_memberships_contains_paywalled_content":false,"_jetpack_memberships_contains_paid_content":false,"footnotes":""},"categories":[393],"tags":[506],"class_list":{"0":"post-19879","1":"post","2":"type-post","3":"status-publish","4":"format-standard","5":"has-post-thumbnail","7":"category-consejos","8":"tag-aeropuerto","9":"entry"},"acf":[],"yoast_head":"<!-- This site is optimized with the Yoast SEO plugin v27.4 - https:\/\/yoast.com\/product\/yoast-seo-wordpress\/ -->\n<title>Gu\u00eda: C\u00f3mo llegar al centro de \u00c1msterdam desde el aeropuerto<\/title>\n<meta name=\"description\" content=\"Descubre c\u00f3mo llegar al centro de \u00c1msterdam desde el aeropuerto. Una completa gu\u00eda del Aeropuerto de Schiphol.\" \/>\n<meta name=\"robots\" content=\"index, follow, max-snippet:-1, max-image-preview:large, max-video-preview:-1\" \/>\n<link rel=\"canonical\" href=\"https:\/\/www.reclamador.es\/blog\/amsterdam-guia-aeropuerto-schiphol\/\" \/>\n<meta property=\"og:locale\" content=\"es_ES\" \/>\n<meta property=\"og:type\" content=\"article\" \/>\n<meta property=\"og:title\" content=\"Gu\u00eda: C\u00f3mo llegar al centro de \u00c1msterdam desde el aeropuerto\" \/>\n<meta property=\"og:description\" content=\"Descubre c\u00f3mo llegar al centro de \u00c1msterdam desde el aeropuerto. Una completa gu\u00eda del Aeropuerto de Schiphol.\" \/>\n<meta property=\"og:url\" content=\"https:\/\/www.reclamador.es\/blog\/amsterdam-guia-aeropuerto-schiphol\/\" \/>\n<meta property=\"og:site_name\" content=\"Rebeldes con causa, el blog de reclamador.es\" \/>\n<meta property=\"article:publisher\" content=\"https:\/\/www.facebook.com\/reclamador.es\" \/>\n<meta property=\"article:published_time\" content=\"2024-02-21T09:51:00+00:00\" \/>\n<meta property=\"article:modified_time\" content=\"2024-04-03T14:57:41+00:00\" \/>\n<meta property=\"og:image\" content=\"https:\/\/www.reclamador.es\/blog\/wp-content\/uploads\/2024\/02\/aeropuerto-amsterdam-schiphol-1200x630-3.jpg\" \/>\n\t<meta property=\"og:image:width\" content=\"1200\" \/>\n\t<meta property=\"og:image:height\" content=\"630\" \/>\n\t<meta property=\"og:image:type\" content=\"image\/jpeg\" \/>\n<meta name=\"author\" content=\"Equipo reclamador\" \/>\n<meta name=\"twitter:card\" content=\"summary_large_image\" \/>\n<meta name=\"twitter:creator\" content=\"@reclamador\" \/>\n<meta name=\"twitter:site\" content=\"@reclamador\" \/>\n<meta name=\"twitter:label1\" content=\"Escrito por\" \/>\n\t<meta name=\"twitter:data1\" content=\"Equipo reclamador\" \/>\n\t<meta name=\"twitter:label2\" content=\"Tiempo de lectura\" \/>\n\t<meta name=\"twitter:data2\" content=\"5 minutos\" \/>\n<script type=\"application\/ld+json\" class=\"yoast-schema-graph\">{\"@context\":\"https:\\\/\\\/schema.org\",\"@graph\":[{\"@type\":\"Article\",\"@id\":\"https:\\\/\\\/www.reclamador.es\\\/blog\\\/amsterdam-guia-aeropuerto-schiphol\\\/#article\",\"isPartOf\":{\"@id\":\"https:\\\/\\\/www.reclamador.es\\\/blog\\\/amsterdam-guia-aeropuerto-schiphol\\\/\"},\"author\":{\"name\":\"Equipo reclamador\",\"@id\":\"https:\\\/\\\/www.reclamador.es\\\/blog\\\/#\\\/schema\\\/person\\\/1ed83eef8b6566cb5e4c812d9bc5c4bf\"},\"headline\":\"Aeropuerto de Schiphol: \u00bfC\u00f3mo ir del centro de \u00c1msterdam al aeropuerto?\",\"datePublished\":\"2024-02-21T09:51:00+00:00\",\"dateModified\":\"2024-04-03T14:57:41+00:00\",\"mainEntityOfPage\":{\"@id\":\"https:\\\/\\\/www.reclamador.es\\\/blog\\\/amsterdam-guia-aeropuerto-schiphol\\\/\"},\"wordCount\":936,\"commentCount\":2,\"publisher\":{\"@id\":\"https:\\\/\\\/www.reclamador.es\\\/blog\\\/#organization\"},\"image\":{\"@id\":\"https:\\\/\\\/www.reclamador.es\\\/blog\\\/amsterdam-guia-aeropuerto-schiphol\\\/#primaryimage\"},\"thumbnailUrl\":\"https:\\\/\\\/i0.wp.com\\\/www.reclamador.es\\\/blog\\\/wp-content\\\/uploads\\\/2024\\\/02\\\/aeropuerto-amsterdam-schiphol-1200x630-3.jpg?fit=1200%2C630&ssl=1\",\"keywords\":[\"aeropuerto\"],\"articleSection\":[\"Consejos legales\"],\"inLanguage\":\"es\",\"potentialAction\":[{\"@type\":\"CommentAction\",\"name\":\"Comment\",\"target\":[\"https:\\\/\\\/www.reclamador.es\\\/blog\\\/amsterdam-guia-aeropuerto-schiphol\\\/#respond\"]}]},{\"@type\":\"WebPage\",\"@id\":\"https:\\\/\\\/www.reclamador.es\\\/blog\\\/amsterdam-guia-aeropuerto-schiphol\\\/\",\"url\":\"https:\\\/\\\/www.reclamador.es\\\/blog\\\/amsterdam-guia-aeropuerto-schiphol\\\/\",\"name\":\"Gu\u00eda: C\u00f3mo llegar al centro de \u00c1msterdam desde el aeropuerto\",\"isPartOf\":{\"@id\":\"https:\\\/\\\/www.reclamador.es\\\/blog\\\/#website\"},\"primaryImageOfPage\":{\"@id\":\"https:\\\/\\\/www.reclamador.es\\\/blog\\\/amsterdam-guia-aeropuerto-schiphol\\\/#primaryimage\"},\"image\":{\"@id\":\"https:\\\/\\\/www.reclamador.es\\\/blog\\\/amsterdam-guia-aeropuerto-schiphol\\\/#primaryimage\"},\"thumbnailUrl\":\"https:\\\/\\\/i0.wp.com\\\/www.reclamador.es\\\/blog\\\/wp-content\\\/uploads\\\/2024\\\/02\\\/aeropuerto-amsterdam-schiphol-1200x630-3.jpg?fit=1200%2C630&ssl=1\",\"datePublished\":\"2024-02-21T09:51:00+00:00\",\"dateModified\":\"2024-04-03T14:57:41+00:00\",\"description\":\"Descubre c\u00f3mo llegar al centro de \u00c1msterdam desde el aeropuerto. Una completa gu\u00eda del Aeropuerto de Schiphol.\",\"breadcrumb\":{\"@id\":\"https:\\\/\\\/www.reclamador.es\\\/blog\\\/amsterdam-guia-aeropuerto-schiphol\\\/#breadcrumb\"},\"inLanguage\":\"es\",\"potentialAction\":[{\"@type\":\"ReadAction\",\"target\":[\"https:\\\/\\\/www.reclamador.es\\\/blog\\\/amsterdam-guia-aeropuerto-schiphol\\\/\"]}]},{\"@type\":\"ImageObject\",\"inLanguage\":\"es\",\"@id\":\"https:\\\/\\\/www.reclamador.es\\\/blog\\\/amsterdam-guia-aeropuerto-schiphol\\\/#primaryimage\",\"url\":\"https:\\\/\\\/i0.wp.com\\\/www.reclamador.es\\\/blog\\\/wp-content\\\/uploads\\\/2024\\\/02\\\/aeropuerto-amsterdam-schiphol-1200x630-3.jpg?fit=1200%2C630&ssl=1\",\"contentUrl\":\"https:\\\/\\\/i0.wp.com\\\/www.reclamador.es\\\/blog\\\/wp-content\\\/uploads\\\/2024\\\/02\\\/aeropuerto-amsterdam-schiphol-1200x630-3.jpg?fit=1200%2C630&ssl=1\",\"width\":1200,\"height\":630,\"caption\":\"Aeropuerto de \u00c1msterdam-Schiphol\"},{\"@type\":\"BreadcrumbList\",\"@id\":\"https:\\\/\\\/www.reclamador.es\\\/blog\\\/amsterdam-guia-aeropuerto-schiphol\\\/#breadcrumb\",\"itemListElement\":[{\"@type\":\"ListItem\",\"position\":1,\"name\":\"Portada\",\"item\":\"https:\\\/\\\/www.reclamador.es\\\/blog\\\/\"},{\"@type\":\"ListItem\",\"position\":2,\"name\":\"Aeropuerto de Schiphol: \u00bfC\u00f3mo ir del centro de \u00c1msterdam al aeropuerto?\"}]},{\"@type\":\"WebSite\",\"@id\":\"https:\\\/\\\/www.reclamador.es\\\/blog\\\/#website\",\"url\":\"https:\\\/\\\/www.reclamador.es\\\/blog\\\/\",\"name\":\"Rebeldes con causa, el blog de reclamador.es\",\"description\":\"Noticias, entrevistas y consejos sobre reclamaciones\",\"publisher\":{\"@id\":\"https:\\\/\\\/www.reclamador.es\\\/blog\\\/#organization\"},\"potentialAction\":[{\"@type\":\"SearchAction\",\"target\":{\"@type\":\"EntryPoint\",\"urlTemplate\":\"https:\\\/\\\/www.reclamador.es\\\/blog\\\/?s={search_term_string}\"},\"query-input\":{\"@type\":\"PropertyValueSpecification\",\"valueRequired\":true,\"valueName\":\"search_term_string\"}}],\"inLanguage\":\"es\"},{\"@type\":\"Organization\",\"@id\":\"https:\\\/\\\/www.reclamador.es\\\/blog\\\/#organization\",\"name\":\"reclamador.es\",\"url\":\"https:\\\/\\\/www.reclamador.es\\\/blog\\\/\",\"logo\":{\"@type\":\"ImageObject\",\"inLanguage\":\"es\",\"@id\":\"https:\\\/\\\/www.reclamador.es\\\/blog\\\/#\\\/schema\\\/logo\\\/image\\\/\",\"url\":\"https:\\\/\\\/i0.wp.com\\\/www.reclamador.es\\\/blog\\\/wp-content\\\/uploads\\\/2020\\\/01\\\/logo-reclamador.png?fit=1200%2C144&ssl=1\",\"contentUrl\":\"https:\\\/\\\/i0.wp.com\\\/www.reclamador.es\\\/blog\\\/wp-content\\\/uploads\\\/2020\\\/01\\\/logo-reclamador.png?fit=1200%2C144&ssl=1\",\"width\":1200,\"height\":144,\"caption\":\"reclamador.es\"},\"image\":{\"@id\":\"https:\\\/\\\/www.reclamador.es\\\/blog\\\/#\\\/schema\\\/logo\\\/image\\\/\"},\"sameAs\":[\"https:\\\/\\\/www.facebook.com\\\/reclamador.es\",\"https:\\\/\\\/x.com\\\/reclamador\",\"https:\\\/\\\/www.instagram.com\\\/reclamador.es\\\/\",\"https:\\\/\\\/www.linkedin.com\\\/company\\\/reclamador-es\",\"https:\\\/\\\/www.youtube.com\\\/user\\\/Reclamadores\"]},{\"@type\":\"Person\",\"@id\":\"https:\\\/\\\/www.reclamador.es\\\/blog\\\/#\\\/schema\\\/person\\\/1ed83eef8b6566cb5e4c812d9bc5c4bf\",\"name\":\"Equipo reclamador\",\"image\":{\"@type\":\"ImageObject\",\"inLanguage\":\"es\",\"@id\":\"https:\\\/\\\/secure.gravatar.com\\\/avatar\\\/6442ecdc2c4472c600c113f34d340feca47107d6aa4f42f1e3e75a2a8e28a760?s=96&d=mm&r=g\",\"url\":\"https:\\\/\\\/secure.gravatar.com\\\/avatar\\\/6442ecdc2c4472c600c113f34d340feca47107d6aa4f42f1e3e75a2a8e28a760?s=96&d=mm&r=g\",\"contentUrl\":\"https:\\\/\\\/secure.gravatar.com\\\/avatar\\\/6442ecdc2c4472c600c113f34d340feca47107d6aa4f42f1e3e75a2a8e28a760?s=96&d=mm&r=g\",\"caption\":\"Equipo reclamador\"},\"description\":\"Las personas que hacen posible reclamador.es\",\"url\":\"https:\\\/\\\/www.reclamador.es\\\/blog\\\/author\\\/administrador\\\/\"}]}<\/script>\n<!-- \/ Yoast SEO plugin. -->","yoast_head_json":{"title":"Gu\u00eda: C\u00f3mo llegar al centro de \u00c1msterdam desde el aeropuerto","description":"Descubre c\u00f3mo llegar al centro de \u00c1msterdam desde el aeropuerto. Una completa gu\u00eda del Aeropuerto de Schiphol.","robots":{"index":"index","follow":"follow","max-snippet":"max-snippet:-1","max-image-preview":"max-image-preview:large","max-video-preview":"max-video-preview:-1"},"canonical":"https:\/\/www.reclamador.es\/blog\/amsterdam-guia-aeropuerto-schiphol\/","og_locale":"es_ES","og_type":"article","og_title":"Gu\u00eda: C\u00f3mo llegar al centro de \u00c1msterdam desde el aeropuerto","og_description":"Descubre c\u00f3mo llegar al centro de \u00c1msterdam desde el aeropuerto. Una completa gu\u00eda del Aeropuerto de Schiphol.","og_url":"https:\/\/www.reclamador.es\/blog\/amsterdam-guia-aeropuerto-schiphol\/","og_site_name":"Rebeldes con causa, el blog de reclamador.es","article_publisher":"https:\/\/www.facebook.com\/reclamador.es","article_published_time":"2024-02-21T09:51:00+00:00","article_modified_time":"2024-04-03T14:57:41+00:00","og_image":[{"width":1200,"height":630,"url":"https:\/\/www.reclamador.es\/blog\/wp-content\/uploads\/2024\/02\/aeropuerto-amsterdam-schiphol-1200x630-3.jpg","type":"image\/jpeg"}],"author":"Equipo reclamador","twitter_card":"summary_large_image","twitter_creator":"@reclamador","twitter_site":"@reclamador","twitter_misc":{"Escrito por":"Equipo reclamador","Tiempo de lectura":"5 minutos"},"schema":{"@context":"https:\/\/schema.org","@graph":[{"@type":"Article","@id":"https:\/\/www.reclamador.es\/blog\/amsterdam-guia-aeropuerto-schiphol\/#article","isPartOf":{"@id":"https:\/\/www.reclamador.es\/blog\/amsterdam-guia-aeropuerto-schiphol\/"},"author":{"name":"Equipo reclamador","@id":"https:\/\/www.reclamador.es\/blog\/#\/schema\/person\/1ed83eef8b6566cb5e4c812d9bc5c4bf"},"headline":"Aeropuerto de Schiphol: \u00bfC\u00f3mo ir del centro de \u00c1msterdam al aeropuerto?","datePublished":"2024-02-21T09:51:00+00:00","dateModified":"2024-04-03T14:57:41+00:00","mainEntityOfPage":{"@id":"https:\/\/www.reclamador.es\/blog\/amsterdam-guia-aeropuerto-schiphol\/"},"wordCount":936,"commentCount":2,"publisher":{"@id":"https:\/\/www.reclamador.es\/blog\/#organization"},"image":{"@id":"https:\/\/www.reclamador.es\/blog\/amsterdam-guia-aeropuerto-schiphol\/#primaryimage"},"thumbnailUrl":"https:\/\/i0.wp.com\/www.reclamador.es\/blog\/wp-content\/uploads\/2024\/02\/aeropuerto-amsterdam-schiphol-1200x630-3.jpg?fit=1200%2C630&ssl=1","keywords":["aeropuerto"],"articleSection":["Consejos legales"],"inLanguage":"es","potentialAction":[{"@type":"CommentAction","name":"Comment","target":["https:\/\/www.reclamador.es\/blog\/amsterdam-guia-aeropuerto-schiphol\/#respond"]}]},{"@type":"WebPage","@id":"https:\/\/www.reclamador.es\/blog\/amsterdam-guia-aeropuerto-schiphol\/","url":"https:\/\/www.reclamador.es\/blog\/amsterdam-guia-aeropuerto-schiphol\/","name":"Gu\u00eda: C\u00f3mo llegar al centro de \u00c1msterdam desde el aeropuerto","isPartOf":{"@id":"https:\/\/www.reclamador.es\/blog\/#website"},"primaryImageOfPage":{"@id":"https:\/\/www.reclamador.es\/blog\/amsterdam-guia-aeropuerto-schiphol\/#primaryimage"},"image":{"@id":"https:\/\/www.reclamador.es\/blog\/amsterdam-guia-aeropuerto-schiphol\/#primaryimage"},"thumbnailUrl":"https:\/\/i0.wp.com\/www.reclamador.es\/blog\/wp-content\/uploads\/2024\/02\/aeropuerto-amsterdam-schiphol-1200x630-3.jpg?fit=1200%2C630&ssl=1","datePublished":"2024-02-21T09:51:00+00:00","dateModified":"2024-04-03T14:57:41+00:00","description":"Descubre c\u00f3mo llegar al centro de \u00c1msterdam desde el aeropuerto. Una completa gu\u00eda del Aeropuerto de Schiphol.","breadcrumb":{"@id":"https:\/\/www.reclamador.es\/blog\/amsterdam-guia-aeropuerto-schiphol\/#breadcrumb"},"inLanguage":"es","potentialAction":[{"@type":"ReadAction","target":["https:\/\/www.reclamador.es\/blog\/amsterdam-guia-aeropuerto-schiphol\/"]}]},{"@type":"ImageObject","inLanguage":"es","@id":"https:\/\/www.reclamador.es\/blog\/amsterdam-guia-aeropuerto-schiphol\/#primaryimage","url":"https:\/\/i0.wp.com\/www.reclamador.es\/blog\/wp-content\/uploads\/2024\/02\/aeropuerto-amsterdam-schiphol-1200x630-3.jpg?fit=1200%2C630&ssl=1","contentUrl":"https:\/\/i0.wp.com\/www.reclamador.es\/blog\/wp-content\/uploads\/2024\/02\/aeropuerto-amsterdam-schiphol-1200x630-3.jpg?fit=1200%2C630&ssl=1","width":1200,"height":630,"caption":"Aeropuerto de \u00c1msterdam-Schiphol"},{"@type":"BreadcrumbList","@id":"https:\/\/www.reclamador.es\/blog\/amsterdam-guia-aeropuerto-schiphol\/#breadcrumb","itemListElement":[{"@type":"ListItem","position":1,"name":"Portada","item":"https:\/\/www.reclamador.es\/blog\/"},{"@type":"ListItem","position":2,"name":"Aeropuerto de Schiphol: \u00bfC\u00f3mo ir del centro de \u00c1msterdam al aeropuerto?"}]},{"@type":"WebSite","@id":"https:\/\/www.reclamador.es\/blog\/#website","url":"https:\/\/www.reclamador.es\/blog\/","name":"Rebeldes con causa, el blog de reclamador.es","description":"Noticias, entrevistas y consejos sobre reclamaciones","publisher":{"@id":"https:\/\/www.reclamador.es\/blog\/#organization"},"potentialAction":[{"@type":"SearchAction","target":{"@type":"EntryPoint","urlTemplate":"https:\/\/www.reclamador.es\/blog\/?s={search_term_string}"},"query-input":{"@type":"PropertyValueSpecification","valueRequired":true,"valueName":"search_term_string"}}],"inLanguage":"es"},{"@type":"Organization","@id":"https:\/\/www.reclamador.es\/blog\/#organization","name":"reclamador.es","url":"https:\/\/www.reclamador.es\/blog\/","logo":{"@type":"ImageObject","inLanguage":"es","@id":"https:\/\/www.reclamador.es\/blog\/#\/schema\/logo\/image\/","url":"https:\/\/i0.wp.com\/www.reclamador.es\/blog\/wp-content\/uploads\/2020\/01\/logo-reclamador.png?fit=1200%2C144&ssl=1","contentUrl":"https:\/\/i0.wp.com\/www.reclamador.es\/blog\/wp-content\/uploads\/2020\/01\/logo-reclamador.png?fit=1200%2C144&ssl=1","width":1200,"height":144,"caption":"reclamador.es"},"image":{"@id":"https:\/\/www.reclamador.es\/blog\/#\/schema\/logo\/image\/"},"sameAs":["https:\/\/www.facebook.com\/reclamador.es","https:\/\/x.com\/reclamador","https:\/\/www.instagram.com\/reclamador.es\/","https:\/\/www.linkedin.com\/company\/reclamador-es","https:\/\/www.youtube.com\/user\/Reclamadores"]},{"@type":"Person","@id":"https:\/\/www.reclamador.es\/blog\/#\/schema\/person\/1ed83eef8b6566cb5e4c812d9bc5c4bf","name":"Equipo reclamador","image":{"@type":"ImageObject","inLanguage":"es","@id":"https:\/\/secure.gravatar.com\/avatar\/6442ecdc2c4472c600c113f34d340feca47107d6aa4f42f1e3e75a2a8e28a760?s=96&d=mm&r=g","url":"https:\/\/secure.gravatar.com\/avatar\/6442ecdc2c4472c600c113f34d340feca47107d6aa4f42f1e3e75a2a8e28a760?s=96&d=mm&r=g","contentUrl":"https:\/\/secure.gravatar.com\/avatar\/6442ecdc2c4472c600c113f34d340feca47107d6aa4f42f1e3e75a2a8e28a760?s=96&d=mm&r=g","caption":"Equipo reclamador"},"description":"Las personas que hacen posible reclamador.es","url":"https:\/\/www.reclamador.es\/blog\/author\/administrador\/"}]}},"jetpack_featured_media_url":"https:\/\/i0.wp.com\/www.reclamador.es\/blog\/wp-content\/uploads\/2024\/02\/aeropuerto-amsterdam-schiphol-1200x630-3.jpg?fit=1200%2C630&ssl=1","jetpack-related-posts":[{"id":35036,"url":"https:\/\/www.reclamador.es\/blog\/donde-viajar-en-otono-7-destinos-internacionales-octubre-noviembre\/","url_meta":{"origin":19879,"position":0},"title":"\u00bfD\u00f3nde viajar en oto\u00f1o? 7 ideas de destinos internacionales para octubre y noviembre","author":"Alicia Ria\u00f1o","date":"22 septiembre, 2025","format":false,"excerpt":"El oto\u00f1o ya est\u00e1 aqu\u00ed. Y con la llegada oficial de una nueva estaci\u00f3n, en reclamador.es hemos elaborado una gu\u00eda con destinos para disfrutar en oto\u00f1o. Si est\u00e1s plante\u00e1ndote un viaje para octubre o noviembre, aqu\u00ed te dejamos 7 ideas de destinos internacionales donde disfrutar del oto\u00f1o y sus colores.\u2026","rel":"","context":"En \u00abNoticias y actualidad\u00bb","block_context":{"text":"Noticias y actualidad","link":"https:\/\/www.reclamador.es\/blog\/noticias\/"},"img":{"alt_text":"amsterdam oto\u00f1o y otros destinos internacionales","src":"https:\/\/i0.wp.com\/www.reclamador.es\/blog\/wp-content\/uploads\/2025\/09\/Diseno-sin-titulo.jpg?fit=1200%2C630&ssl=1&resize=350%2C200","width":350,"height":200,"srcset":"https:\/\/i0.wp.com\/www.reclamador.es\/blog\/wp-content\/uploads\/2025\/09\/Diseno-sin-titulo.jpg?fit=1200%2C630&ssl=1&resize=350%2C200 1x, https:\/\/i0.wp.com\/www.reclamador.es\/blog\/wp-content\/uploads\/2025\/09\/Diseno-sin-titulo.jpg?fit=1200%2C630&ssl=1&resize=525%2C300 1.5x, https:\/\/i0.wp.com\/www.reclamador.es\/blog\/wp-content\/uploads\/2025\/09\/Diseno-sin-titulo.jpg?fit=1200%2C630&ssl=1&resize=700%2C400 2x, https:\/\/i0.wp.com\/www.reclamador.es\/blog\/wp-content\/uploads\/2025\/09\/Diseno-sin-titulo.jpg?fit=1200%2C630&ssl=1&resize=1050%2C600 3x"},"classes":[]},{"id":29958,"url":"https:\/\/www.reclamador.es\/blog\/problemas-en-los-aeropuertos\/","url_meta":{"origin":19879,"position":1},"title":"Problemas en los aeropuertos por falta de personal y otras incidencias","author":"Alicia Ria\u00f1o","date":"16 junio, 2025","format":false,"excerpt":"Llevamos varios veranos\u00a0escuchando c\u00f3mo el caos se apodera de aeropuertos tan importantes como el de Heathrow, en Londres, o el Aeropuerto Schiphol de \u00c1msterdam, incluso problemas de enormes retrasos en los controles de pasaportes de numerosos aer\u00f3dromos espa\u00f1oles, destacando las eternas filas en el Aeropuerto Adolfo Su\u00e1rez Madrid-Barajas o el\u2026","rel":"","context":"En \u00abConsejos legales\u00bb","block_context":{"text":"Consejos legales","link":"https:\/\/www.reclamador.es\/blog\/consejos\/"},"img":{"alt_text":"verano - problemas en los aeropuertos","src":"https:\/\/i0.wp.com\/www.reclamador.es\/blog\/wp-content\/uploads\/2022\/07\/problemas-en-los-aeropuertos-reclamador.jpg?fit=1200%2C661&ssl=1&resize=350%2C200","width":350,"height":200,"srcset":"https:\/\/i0.wp.com\/www.reclamador.es\/blog\/wp-content\/uploads\/2022\/07\/problemas-en-los-aeropuertos-reclamador.jpg?fit=1200%2C661&ssl=1&resize=350%2C200 1x, https:\/\/i0.wp.com\/www.reclamador.es\/blog\/wp-content\/uploads\/2022\/07\/problemas-en-los-aeropuertos-reclamador.jpg?fit=1200%2C661&ssl=1&resize=525%2C300 1.5x, https:\/\/i0.wp.com\/www.reclamador.es\/blog\/wp-content\/uploads\/2022\/07\/problemas-en-los-aeropuertos-reclamador.jpg?fit=1200%2C661&ssl=1&resize=700%2C400 2x, https:\/\/i0.wp.com\/www.reclamador.es\/blog\/wp-content\/uploads\/2022\/07\/problemas-en-los-aeropuertos-reclamador.jpg?fit=1200%2C661&ssl=1&resize=1050%2C600 3x"},"classes":[]},{"id":20027,"url":"https:\/\/www.reclamador.es\/blog\/guia-aeropuertos-frankfurt\/","url_meta":{"origin":19879,"position":2},"title":"Aeropuertos de Frankfurt: c\u00f3mo llegar al centro desde sus 2 aeropuertos","author":"Equipo reclamador","date":"23 octubre, 2022","format":false,"excerpt":"El atractivo tur\u00edstico que desprende Alemania es innegable. Y es que, sin duda, la Rep\u00fablica Federal guarda tanta historia como lugares y ciudades de inter\u00e9s. Berl\u00edn, Munich, Frankfurt o Hamburgo son algunas de ellas. Es por este motivo, entre otros, por lo que el pa\u00eds se convierte en uno de\u2026","rel":"","context":"En \u00abConsejos legales\u00bb","block_context":{"text":"Consejos legales","link":"https:\/\/www.reclamador.es\/blog\/consejos\/"},"img":{"alt_text":"Aeropuerto de Fr\u00e1ncfort del Meno","src":"https:\/\/i0.wp.com\/www.reclamador.es\/blog\/wp-content\/uploads\/2018\/10\/aeropuerto-frankfurt-reclamador.png?fit=1200%2C800&ssl=1&resize=350%2C200","width":350,"height":200,"srcset":"https:\/\/i0.wp.com\/www.reclamador.es\/blog\/wp-content\/uploads\/2018\/10\/aeropuerto-frankfurt-reclamador.png?fit=1200%2C800&ssl=1&resize=350%2C200 1x, https:\/\/i0.wp.com\/www.reclamador.es\/blog\/wp-content\/uploads\/2018\/10\/aeropuerto-frankfurt-reclamador.png?fit=1200%2C800&ssl=1&resize=525%2C300 1.5x, https:\/\/i0.wp.com\/www.reclamador.es\/blog\/wp-content\/uploads\/2018\/10\/aeropuerto-frankfurt-reclamador.png?fit=1200%2C800&ssl=1&resize=700%2C400 2x, https:\/\/i0.wp.com\/www.reclamador.es\/blog\/wp-content\/uploads\/2018\/10\/aeropuerto-frankfurt-reclamador.png?fit=1200%2C800&ssl=1&resize=1050%2C600 3x"},"classes":[]},{"id":32539,"url":"https:\/\/www.reclamador.es\/blog\/entrevista-reclamador-aerolineas-caso-real-exito\/","url_meta":{"origin":19879,"position":3},"title":"David D\u00edez, reclamador de aerol\u00edneas: \u201cNo hubo ninguna clase de disculpa por parte de nadie de KLM\"","author":"Cristina Naveda","date":"27 junio, 2024","format":false,"excerpt":"Hoy entrevistamos a David D\u00edez. Tiene 44 a\u00f1os y naci\u00f3 en Avil\u00e9s (Asturias) aunque se ha criado en un pueblo de Cantabria y vive en \u00e9l. Estudi\u00f3 F\u00edsicas y actualmente trabaja como consultor en Mercedes-Benz, en la modalidad flexible de teletrabajo. En su tiempo libre le encanta ir al mar\u2026","rel":"","context":"En \u00abConoce todo lo que sucede en reclamador.es\u00bb","block_context":{"text":"Conoce todo lo que sucede en reclamador.es","link":"https:\/\/www.reclamador.es\/blog\/reclamadores\/"},"img":{"alt_text":"entrevista blog reclamador","src":"https:\/\/i0.wp.com\/www.reclamador.es\/blog\/wp-content\/uploads\/2024\/06\/entrevista-cliente-aerolineas-David-Diez-1200x630-1.jpg?fit=1200%2C630&ssl=1&resize=350%2C200","width":350,"height":200,"srcset":"https:\/\/i0.wp.com\/www.reclamador.es\/blog\/wp-content\/uploads\/2024\/06\/entrevista-cliente-aerolineas-David-Diez-1200x630-1.jpg?fit=1200%2C630&ssl=1&resize=350%2C200 1x, https:\/\/i0.wp.com\/www.reclamador.es\/blog\/wp-content\/uploads\/2024\/06\/entrevista-cliente-aerolineas-David-Diez-1200x630-1.jpg?fit=1200%2C630&ssl=1&resize=525%2C300 1.5x, https:\/\/i0.wp.com\/www.reclamador.es\/blog\/wp-content\/uploads\/2024\/06\/entrevista-cliente-aerolineas-David-Diez-1200x630-1.jpg?fit=1200%2C630&ssl=1&resize=700%2C400 2x, https:\/\/i0.wp.com\/www.reclamador.es\/blog\/wp-content\/uploads\/2024\/06\/entrevista-cliente-aerolineas-David-Diez-1200x630-1.jpg?fit=1200%2C630&ssl=1&resize=1050%2C600 3x"},"classes":[]},{"id":7536,"url":"https:\/\/www.reclamador.es\/blog\/felix-herrera-yo-estoy-contento-con-reclamador\/","url_meta":{"origin":19879,"position":4},"title":"F\u00e9lix Herrera: \u201c\u00bfYo? Estoy contento con reclamador\u201d","author":"Cristina Naveda","date":"12 abril, 2017","format":false,"excerpt":"Turno hoy en nuestra secci\u00f3n de entrevistas para F\u00e9lix Herrera (Badajoz, 35 a\u00f1os), un viajero que lleg\u00f3 a reclamador.es tras sufrir un retraso de m\u00e1s de 4h en su vuelo el a\u00f1o pasado. y perder un d\u00eda de vacaciones. Conversamos con \u00e9l: Hola F\u00e9lix. \u00bfPuedes contarnos c\u00f3mo empez\u00f3 todo? \u00bfVolabas\u2026","rel":"","context":"En \u00abConoce todo lo que sucede en reclamador.es\u00bb","block_context":{"text":"Conoce todo lo que sucede en reclamador.es","link":"https:\/\/www.reclamador.es\/blog\/reclamadores\/"},"img":{"alt_text":"","src":"https:\/\/i0.wp.com\/www.reclamador.es\/blog\/wp-content\/uploads\/2017\/04\/foto-blog-1.jpg?fit=1200%2C800&ssl=1&resize=350%2C200","width":350,"height":200,"srcset":"https:\/\/i0.wp.com\/www.reclamador.es\/blog\/wp-content\/uploads\/2017\/04\/foto-blog-1.jpg?fit=1200%2C800&ssl=1&resize=350%2C200 1x, https:\/\/i0.wp.com\/www.reclamador.es\/blog\/wp-content\/uploads\/2017\/04\/foto-blog-1.jpg?fit=1200%2C800&ssl=1&resize=525%2C300 1.5x, https:\/\/i0.wp.com\/www.reclamador.es\/blog\/wp-content\/uploads\/2017\/04\/foto-blog-1.jpg?fit=1200%2C800&ssl=1&resize=700%2C400 2x, https:\/\/i0.wp.com\/www.reclamador.es\/blog\/wp-content\/uploads\/2017\/04\/foto-blog-1.jpg?fit=1200%2C800&ssl=1&resize=1050%2C600 3x"},"classes":[]},{"id":32904,"url":"https:\/\/www.reclamador.es\/blog\/entrevista-javier-reclamador-aerolineas-equipaje\/","url_meta":{"origin":19879,"position":5},"title":"Javier Jim\u00e9nez, reclamador de aerol\u00edneas: \u201cAir Europa y KLM se lavaron las manos al reclamar. Gracias a ustedes he podido tener una compensaci\u00f3n\u201d","author":"Cristina Naveda","date":"25 septiembre, 2024","format":false,"excerpt":"El avi\u00f3n aterriza, te acercas a la cinta de equipajes y rezas para que tu maleta aparezca. Respiras cuando la ves aparecer y es cuando te relajas y comienzas a disfrutar de las vacaciones. A todos nos ha pasado y no es de extra\u00f1ar, ya que la p\u00e9rdida de nuestro\u2026","rel":"","context":"En \u00abConoce todo lo que sucede en reclamador.es\u00bb","block_context":{"text":"Conoce todo lo que sucede en reclamador.es","link":"https:\/\/www.reclamador.es\/blog\/reclamadores\/"},"img":{"alt_text":"Reclamador de aerol\u00edneas - problemas de equipaje","src":"https:\/\/i0.wp.com\/www.reclamador.es\/blog\/wp-content\/uploads\/2024\/09\/entrevista-cliente-aerolineas-Javier-Jimenez-1200x630-1.jpg?fit=1200%2C630&ssl=1&resize=350%2C200","width":350,"height":200,"srcset":"https:\/\/i0.wp.com\/www.reclamador.es\/blog\/wp-content\/uploads\/2024\/09\/entrevista-cliente-aerolineas-Javier-Jimenez-1200x630-1.jpg?fit=1200%2C630&ssl=1&resize=350%2C200 1x, https:\/\/i0.wp.com\/www.reclamador.es\/blog\/wp-content\/uploads\/2024\/09\/entrevista-cliente-aerolineas-Javier-Jimenez-1200x630-1.jpg?fit=1200%2C630&ssl=1&resize=525%2C300 1.5x, https:\/\/i0.wp.com\/www.reclamador.es\/blog\/wp-content\/uploads\/2024\/09\/entrevista-cliente-aerolineas-Javier-Jimenez-1200x630-1.jpg?fit=1200%2C630&ssl=1&resize=700%2C400 2x, https:\/\/i0.wp.com\/www.reclamador.es\/blog\/wp-content\/uploads\/2024\/09\/entrevista-cliente-aerolineas-Javier-Jimenez-1200x630-1.jpg?fit=1200%2C630&ssl=1&resize=1050%2C600 3x"},"classes":[]}],"jetpack_sharing_enabled":true,"_links":{"self":[{"href":"https:\/\/www.reclamador.es\/blog\/wp-json\/wp\/v2\/posts\/19879","targetHints":{"allow":["GET"]}}],"collection":[{"href":"https:\/\/www.reclamador.es\/blog\/wp-json\/wp\/v2\/posts"}],"about":[{"href":"https:\/\/www.reclamador.es\/blog\/wp-json\/wp\/v2\/types\/post"}],"author":[{"embeddable":true,"href":"https:\/\/www.reclamador.es\/blog\/wp-json\/wp\/v2\/users\/1"}],"replies":[{"embeddable":true,"href":"https:\/\/www.reclamador.es\/blog\/wp-json\/wp\/v2\/comments?post=19879"}],"version-history":[{"count":26,"href":"https:\/\/www.reclamador.es\/blog\/wp-json\/wp\/v2\/posts\/19879\/revisions"}],"predecessor-version":[{"id":35041,"href":"https:\/\/www.reclamador.es\/blog\/wp-json\/wp\/v2\/posts\/19879\/revisions\/35041"}],"wp:featuredmedia":[{"embeddable":true,"href":"https:\/\/www.reclamador.es\/blog\/wp-json\/wp\/v2\/media\/32166"}],"wp:attachment":[{"href":"https:\/\/www.reclamador.es\/blog\/wp-json\/wp\/v2\/media?parent=19879"}],"wp:term":[{"taxonomy":"category","embeddable":true,"href":"https:\/\/www.reclamador.es\/blog\/wp-json\/wp\/v2\/categories?post=19879"},{"taxonomy":"post_tag","embeddable":true,"href":"https:\/\/www.reclamador.es\/blog\/wp-json\/wp\/v2\/tags?post=19879"}],"curies":[{"name":"wp","href":"https:\/\/api.w.org\/{rel}","templated":true}]}}