{"id":19349,"date":"2020-11-13T10:21:00","date_gmt":"2020-11-13T09:21:00","guid":{"rendered":"https:\/\/www.reclamador.es\/blog\/?p=19349"},"modified":"2024-06-07T11:02:37","modified_gmt":"2024-06-07T09:02:37","slug":"secuelas-bebes","status":"publish","type":"post","link":"https:\/\/www.reclamador.es\/blog\/secuelas-bebes\/","title":{"rendered":"Secuelas en los reci\u00e9n nacidos tras el parto"},"content":{"rendered":"<div class=\"ttr_start\"><\/div>\n\n<div class=\"kk-star-ratings kksr-auto kksr-align-right kksr-valign-top\"\n    data-payload='{&quot;align&quot;:&quot;right&quot;,&quot;id&quot;:&quot;19349&quot;,&quot;slug&quot;:&quot;default&quot;,&quot;valign&quot;:&quot;top&quot;,&quot;ignore&quot;:&quot;&quot;,&quot;reference&quot;:&quot;auto&quot;,&quot;class&quot;:&quot;&quot;,&quot;count&quot;:&quot;14&quot;,&quot;legendonly&quot;:&quot;&quot;,&quot;readonly&quot;:&quot;&quot;,&quot;score&quot;:&quot;3&quot;,&quot;starsonly&quot;:&quot;&quot;,&quot;best&quot;:&quot;5&quot;,&quot;gap&quot;:&quot;3&quot;,&quot;greet&quot;:&quot;Valora este art\u00edculo&quot;,&quot;legend&quot;:&quot;3\\\/5 - (14 votos)&quot;,&quot;size&quot;:&quot;20&quot;,&quot;title&quot;:&quot;Secuelas en los reci\u00e9n nacidos tras el parto&quot;,&quot;width&quot;:&quot;67.5&quot;,&quot;_legend&quot;:&quot;{score}\\\/{best} - ({count} {votes})&quot;,&quot;font_factor&quot;:&quot;1.25&quot;}'>\n            \n<div class=\"kksr-stars\">\n    \n<div class=\"kksr-stars-inactive\">\n            <div class=\"kksr-star\" data-star=\"1\" style=\"padding-right: 3px\">\n            \n\n<div class=\"kksr-icon\" style=\"width: 20px; height: 20px;\"><\/div>\n        <\/div>\n            <div class=\"kksr-star\" data-star=\"2\" style=\"padding-right: 3px\">\n            \n\n<div class=\"kksr-icon\" style=\"width: 20px; height: 20px;\"><\/div>\n        <\/div>\n            <div class=\"kksr-star\" data-star=\"3\" style=\"padding-right: 3px\">\n            \n\n<div class=\"kksr-icon\" style=\"width: 20px; height: 20px;\"><\/div>\n        <\/div>\n            <div class=\"kksr-star\" data-star=\"4\" style=\"padding-right: 3px\">\n            \n\n<div class=\"kksr-icon\" style=\"width: 20px; height: 20px;\"><\/div>\n        <\/div>\n            <div class=\"kksr-star\" data-star=\"5\" style=\"padding-right: 3px\">\n            \n\n<div class=\"kksr-icon\" style=\"width: 20px; height: 20px;\"><\/div>\n        <\/div>\n    <\/div>\n    \n<div class=\"kksr-stars-active\" style=\"width: 67.5px;\">\n            <div class=\"kksr-star\" style=\"padding-right: 3px\">\n            \n\n<div class=\"kksr-icon\" style=\"width: 20px; height: 20px;\"><\/div>\n        <\/div>\n            <div class=\"kksr-star\" style=\"padding-right: 3px\">\n            \n\n<div class=\"kksr-icon\" style=\"width: 20px; height: 20px;\"><\/div>\n        <\/div>\n            <div class=\"kksr-star\" style=\"padding-right: 3px\">\n            \n\n<div class=\"kksr-icon\" style=\"width: 20px; height: 20px;\"><\/div>\n        <\/div>\n            <div class=\"kksr-star\" style=\"padding-right: 3px\">\n            \n\n<div class=\"kksr-icon\" style=\"width: 20px; height: 20px;\"><\/div>\n        <\/div>\n            <div class=\"kksr-star\" style=\"padding-right: 3px\">\n            \n\n<div class=\"kksr-icon\" style=\"width: 20px; height: 20px;\"><\/div>\n        <\/div>\n    <\/div>\n<\/div>\n                \n\n<div class=\"kksr-legend\" style=\"font-size: 16px;\">\n            3\/5 - (14 votos)    <\/div>\n    <\/div>\n<figure id=\"attachment_27794\" aria-describedby=\"caption-attachment-27794\" style=\"width: 1920px\" class=\"wp-caption aligncenter\"><img data-recalc-dims=\"1\" loading=\"lazy\" decoding=\"async\" class=\"wp-image-27794 size-full\" src=\"https:\/\/i0.wp.com\/www.reclamador.es\/blog\/wp-content\/uploads\/2020\/11\/bebe.jpg?resize=1920%2C1280&#038;ssl=1\" alt=\"Secuelas en los beb\u00e9s: \u00bfpueden los padres reclamar una indemnizaci\u00f3n?\" width=\"1920\" height=\"1280\" srcset=\"https:\/\/i0.wp.com\/www.reclamador.es\/blog\/wp-content\/uploads\/2020\/11\/bebe.jpg?w=1920&amp;ssl=1 1920w, https:\/\/i0.wp.com\/www.reclamador.es\/blog\/wp-content\/uploads\/2020\/11\/bebe.jpg?resize=800%2C533&amp;ssl=1 800w, https:\/\/i0.wp.com\/www.reclamador.es\/blog\/wp-content\/uploads\/2020\/11\/bebe.jpg?resize=150%2C100&amp;ssl=1 150w, https:\/\/i0.wp.com\/www.reclamador.es\/blog\/wp-content\/uploads\/2020\/11\/bebe.jpg?resize=768%2C512&amp;ssl=1 768w, https:\/\/i0.wp.com\/www.reclamador.es\/blog\/wp-content\/uploads\/2020\/11\/bebe.jpg?resize=1536%2C1024&amp;ssl=1 1536w\" sizes=\"auto, (max-width: 1000px) 100vw, 1000px\" \/><figcaption id=\"caption-attachment-27794\" class=\"wp-caption-text\"><em>Secuelas en los beb\u00e9s: \u00bfpueden los padres reclamar una indemnizaci\u00f3n?<\/em><\/figcaption><\/figure>\n<p><span style=\"font-weight: 400;\">\u201cQue todo salga bien\u201d. Este es el \u00fanico pensamiento de las futuras madres, durante el embarazo y en el momento del alumbramiento. Y lo cierto es que as\u00ed es casi siempre en Espa\u00f1a. De cada 1.000 partos, solo en 8 se produce lo que se conoce como <strong>traumatismo obst\u00e9trico<\/strong>. Estos datos, hechos p\u00fablicos en un informe del <a href=\"https:\/\/www.comunidad.madrid\/hospital\/gregoriomaranon\/\">Hospital Gregorio Mara\u00f1\u00f3n<\/a> (Madrid), indican que las t\u00e9cnicas evolucionan y los problemas en el alumbramiento cada vez son m\u00e1s reducidos. A\u00fan con todo ello, nos seguimos encontrando casos de <strong>secuelas en los reci\u00e9n nacidos tras el parto<\/strong>.<\/span><\/p>\n<h6 style=\"text-align: center;\"><strong><a href=\"https:\/\/www.reclamador.es\/blog\/negligencias-medicas-embarazadas\/\">Negligencias m\u00e9dicas durante el embarazo<\/a><\/strong><\/h6>\n<h2><strong>Estas son las secuelas en los beb\u00e9s m\u00e1s habituales<\/strong><\/h2>\n<p><span style=\"font-weight: 400;\">Por traumatismo obst\u00e9trico se entienden las lesiones que se producen en el feto como consecuencia de la fuerza (compresi\u00f3n\/tracci\u00f3n) empleada por los profesionales durante el parto. Otro tipo de lesiones, como las derivadas de la pr\u00e1ctica de una amniocentesis, maniobras de reanimaci\u00f3n neonatal o algunas patolog\u00edas maternas, no se pueden considerar como traumatismo obst\u00e9trico.<\/span><\/p>\n<p>Entre las secuelas en los beb\u00e9s m\u00e1s habituales encontramos:<\/p>\n<ul>\n<li><span style=\"font-weight: 400;\">Las <strong>fisuras<\/strong> en alg\u00fan hueso del beb\u00e9, principalmente en la clav\u00edcula.<\/span><\/li>\n<li><span style=\"font-weight: 400;\"><strong>Cefalohematoma. <\/strong>Acumulaci\u00f3n de sangre o l\u00edquido debajo del cuero cabelludo, en los m\u00e1rgenes definidos de los huesos del cr\u00e1neo.<\/span><\/li>\n<li><span style=\"font-weight: 400;\"><strong>Fracturas craneales con hundimiento. <\/strong>Por el uso de f\u00f3rceps o por desproporci\u00f3n pelvifetal. Deber\u00e1n evaluarse la presencia de un d\u00e9ficit neurol\u00f3gico o hematoma subdural, debiendo en estos casos procederse a la realizaci\u00f3n de una reducci\u00f3n quir\u00fargica. <\/span><\/li>\n<li><span style=\"font-weight: 400;\">Las <strong>par\u00e1lisis facial y braquial<\/strong>, distinguiendo entre los casos leves y los casos graves.<\/span><\/li>\n<li>Tambi\u00e9n encontramos casos de <strong>lesiones medulares<\/strong>. M\u00e1s asociadas a los partos de nalgas, prematuros o cuando ha debido emplearse f\u00f3rceps, siendo este tipo de lesi\u00f3n irreversible.<\/li>\n<li>Otro tipo de lesi\u00f3n es la <strong>distocia fetal<\/strong>. Puede tener como causa el tama\u00f1o del feto, es decir, que el feto sea anormalmente grande. Tambi\u00e9n puede darse cuando la posici\u00f3n del mismo dificulta el parto, siendo necesario reposicionar el feto por medio de maniobras f\u00edsicas realizadas por parte de los profesionales, la realizaci\u00f3n de un parto operatorio por v\u00eda vaginal o ces\u00e1rea. Este tipo de complicaci\u00f3n puede detectarse por medio de un examen, a trav\u00e9s de una ecograf\u00eda.<\/li>\n<\/ul>\n<h2><b>\u00bfPueden los padres reclamar una indemnizaci\u00f3n por las secuelas en los beb\u00e9s?<\/b><\/h2>\n<p><span style=\"font-weight: 400;\">En general, hay que estudiar si las secuelas que se han producido al reci\u00e9n nacido hubieran sido evitables con un mejor control o seguimiento a lo largo del embarazo, si se hubieran utilizado otras t\u00e9cnicas en el momento del parto que hubieran evitado el desenlace indeseado que ha tenido el parto o si se hubiera obrado de otra manera por parte del equipo m\u00e9dico que asiste a la mujer y al ni\u00f1o en el momento del alumbramiento.<\/span><\/p>\n<p>Actualmente, cuando los m\u00e9dicos detectan alg\u00fan problema en el embri\u00f3n, el equipo sanitario suele aconsejar la ces\u00e1rea, lo que disminuye el riesgo de sufrir secuelas al nacer. Pero no lo elimina al 100%.<\/p>\n<p>Por ejemplo, en un caso de distocia de hombros en el que los facultativos decidieron terminar el parto por v\u00eda vaginal, en lugar de por ces\u00e1rea, se condena al Servicio de Salud y a su aseguradora al pago de una indemnizaci\u00f3n tanto al menor como a sus padres, cuya cuant\u00eda ascendi\u00f3 a 90.000 euros. Otro caso en el que se decidi\u00f3 continuar con un parto vaginal en lugar de optar por una ces\u00e1rea urgente, ocasionando en el feto un cefalohematoma como consecuencia del empleo de la ventosa, se condena a la Administraci\u00f3n al pago de una indemnizaci\u00f3n de 100.000 euros.<\/p>\n<p><span style=\"font-weight: 400;\">Es muy importante <strong>determinar a su vez si se trata de lesiones permanentes o bien si han sido transitorias<\/strong>. Como norma general, las lesiones suelen ser temporales, cur\u00e1ndose en un plazo estimado de unas ocho semanas. En el caso de que las secuelas en los beb\u00e9s sean permanentes ser\u00e1 necesario determinar el alcance de la misma y hasta qu\u00e9 punto va a afectar el desarrollo de los mismos.<\/span><\/p>\n<h6 style=\"text-align: center;\"><strong><a href=\"https:\/\/www.reclamador.es\/ayuda\/negligencias\/guia-para-hacer-una-reclamacion-por-negligencia\/\">Gu\u00eda para hacer una reclamaci\u00f3n por negligencia m\u00e9dica<\/a><\/strong><\/h6>\n<p><span style=\"font-weight: 400;\">Para todo ello, es fundamental el estudio detallado del historial cl\u00ednico y el resto de documentaci\u00f3n y pruebas por un perito m\u00e9dico especialista, quien, tras haber estudiado toda la documentaci\u00f3n disponible, emitir\u00e1 su dictamen sobre si se puede o no reclamar en un determinado caso.<\/span><\/p>\n<h2><b>Los abogados expertos en negligencias m\u00e9dicas: fundamentales<\/b><\/h2>\n<p><span style=\"font-weight: 400;\">Si el perito m\u00e9dico considera que se ha producido una actuaci\u00f3n negligente por parte del equipo m\u00e9dico encargado del embarazo o del parto y que, como consecuencia de esa actuaci\u00f3n no adecuada a la <\/span><i><span style=\"font-weight: 400;\">lex artis ad hoc<\/span><\/i><span style=\"font-weight: 400;\">, se han producido lesiones al reci\u00e9n nacido, es cuando los <strong><a href=\"https:\/\/www.reclamador.es\/blog\/abogado-negligencias-medicas\/\">abogados expertos en negligencias<\/a><\/strong> m\u00e9dicas entran en escena. <\/span><\/p>\n<p><span style=\"font-weight: 400;\">Es en este momento cuando se pasa a analizar la estrategia jur\u00eddica m\u00e1s conveniente para cada situaci\u00f3n. De forma que se puedan agotar todas las v\u00edas disponibles para conseguir la indemnizaci\u00f3n por las secuelas del beb\u00e9.<\/span><\/p>\n<div class=\"ttr_end\"><\/div>","protected":false},"excerpt":{"rendered":"<p>\u201cQue todo salga bien\u201d. Este es el \u00fanico pensamiento de las futuras madres, durante el embarazo y en el momento del alumbramiento. Y lo cierto es que as\u00ed es casi siempre en Espa\u00f1a. De cada 1.000 partos, solo en 8 se produce lo que se conoce como traumatismo obst\u00e9trico. Estos datos, hechos p\u00fablicos en un [&hellip;]<\/p>\n","protected":false},"author":1,"featured_media":27794,"comment_status":"open","ping_status":"open","sticky":false,"template":"","format":"standard","meta":{"_acf_changed":false,"_genesis_hide_title":false,"_genesis_hide_breadcrumbs":false,"_genesis_hide_singular_image":false,"_genesis_hide_footer_widgets":false,"_genesis_custom_body_class":"","_genesis_custom_post_class":"","_genesis_layout":"","_jetpack_newsletter_access":"","_jetpack_dont_email_post_to_subs":false,"_jetpack_newsletter_tier_id":0,"_jetpack_memberships_contains_paywalled_content":false,"_jetpack_memberships_contains_paid_content":false,"footnotes":""},"categories":[392],"tags":[690],"class_list":{"0":"post-19349","1":"post","2":"type-post","3":"status-publish","4":"format-standard","5":"has-post-thumbnail","7":"category-noticias","8":"tag-negligencias","9":"entry"},"acf":[],"yoast_head":"<!-- This site is optimized with the Yoast SEO plugin v27.4 - https:\/\/yoast.com\/product\/yoast-seo-wordpress\/ -->\n<title>Secuelas en los beb\u00e9s despu\u00e9s del parto: \u00bfcu\u00e1ndo reclamar?<\/title>\n<meta name=\"description\" content=\"Conoce las secuelas en los beb\u00e9s m\u00e1s frecuentes tras el parto y si ser\u00eda viable la reclamaci\u00f3n de una indemnizaci\u00f3n por negligencia m\u00e9dica.\" \/>\n<meta name=\"robots\" content=\"index, follow, max-snippet:-1, max-image-preview:large, max-video-preview:-1\" \/>\n<link rel=\"canonical\" href=\"https:\/\/www.reclamador.es\/blog\/secuelas-bebes\/\" \/>\n<meta property=\"og:locale\" content=\"es_ES\" \/>\n<meta property=\"og:type\" content=\"article\" \/>\n<meta property=\"og:title\" content=\"Secuelas en los beb\u00e9s despu\u00e9s del parto: \u00bfcu\u00e1ndo reclamar?\" \/>\n<meta property=\"og:description\" content=\"Conoce las secuelas en los beb\u00e9s m\u00e1s frecuentes tras el parto y si ser\u00eda viable la reclamaci\u00f3n de una indemnizaci\u00f3n por negligencia m\u00e9dica.\" \/>\n<meta property=\"og:url\" content=\"https:\/\/www.reclamador.es\/blog\/secuelas-bebes\/\" \/>\n<meta property=\"og:site_name\" content=\"Rebeldes con causa, el blog de reclamador.es\" \/>\n<meta property=\"article:publisher\" content=\"https:\/\/www.facebook.com\/reclamador.es\" \/>\n<meta property=\"article:published_time\" content=\"2020-11-13T09:21:00+00:00\" \/>\n<meta property=\"article:modified_time\" content=\"2024-06-07T09:02:37+00:00\" \/>\n<meta property=\"og:image\" content=\"https:\/\/www.reclamador.es\/blog\/wp-content\/uploads\/2020\/11\/bebe.jpg\" \/>\n\t<meta property=\"og:image:width\" content=\"1920\" \/>\n\t<meta property=\"og:image:height\" content=\"1280\" \/>\n\t<meta property=\"og:image:type\" content=\"image\/jpeg\" \/>\n<meta name=\"author\" content=\"Equipo reclamador\" \/>\n<meta name=\"twitter:card\" content=\"summary_large_image\" \/>\n<meta name=\"twitter:creator\" content=\"@reclamador\" \/>\n<meta name=\"twitter:site\" content=\"@reclamador\" \/>\n<meta name=\"twitter:label1\" content=\"Escrito por\" \/>\n\t<meta name=\"twitter:data1\" content=\"Equipo reclamador\" \/>\n\t<meta name=\"twitter:label2\" content=\"Tiempo de lectura\" \/>\n\t<meta name=\"twitter:data2\" content=\"5 minutos\" \/>\n<script type=\"application\/ld+json\" class=\"yoast-schema-graph\">{\"@context\":\"https:\\\/\\\/schema.org\",\"@graph\":[{\"@type\":\"Article\",\"@id\":\"https:\\\/\\\/www.reclamador.es\\\/blog\\\/secuelas-bebes\\\/#article\",\"isPartOf\":{\"@id\":\"https:\\\/\\\/www.reclamador.es\\\/blog\\\/secuelas-bebes\\\/\"},\"author\":{\"name\":\"Equipo reclamador\",\"@id\":\"https:\\\/\\\/www.reclamador.es\\\/blog\\\/#\\\/schema\\\/person\\\/1ed83eef8b6566cb5e4c812d9bc5c4bf\"},\"headline\":\"Secuelas en los reci\u00e9n nacidos tras el parto\",\"datePublished\":\"2020-11-13T09:21:00+00:00\",\"dateModified\":\"2024-06-07T09:02:37+00:00\",\"mainEntityOfPage\":{\"@id\":\"https:\\\/\\\/www.reclamador.es\\\/blog\\\/secuelas-bebes\\\/\"},\"wordCount\":909,\"commentCount\":1,\"publisher\":{\"@id\":\"https:\\\/\\\/www.reclamador.es\\\/blog\\\/#organization\"},\"image\":{\"@id\":\"https:\\\/\\\/www.reclamador.es\\\/blog\\\/secuelas-bebes\\\/#primaryimage\"},\"thumbnailUrl\":\"https:\\\/\\\/i0.wp.com\\\/www.reclamador.es\\\/blog\\\/wp-content\\\/uploads\\\/2020\\\/11\\\/bebe.jpg?fit=1920%2C1280&ssl=1\",\"keywords\":[\"negligencias\"],\"articleSection\":[\"Noticias y actualidad\"],\"inLanguage\":\"es\",\"potentialAction\":[{\"@type\":\"CommentAction\",\"name\":\"Comment\",\"target\":[\"https:\\\/\\\/www.reclamador.es\\\/blog\\\/secuelas-bebes\\\/#respond\"]}]},{\"@type\":\"WebPage\",\"@id\":\"https:\\\/\\\/www.reclamador.es\\\/blog\\\/secuelas-bebes\\\/\",\"url\":\"https:\\\/\\\/www.reclamador.es\\\/blog\\\/secuelas-bebes\\\/\",\"name\":\"Secuelas en los beb\u00e9s despu\u00e9s del parto: \u00bfcu\u00e1ndo reclamar?\",\"isPartOf\":{\"@id\":\"https:\\\/\\\/www.reclamador.es\\\/blog\\\/#website\"},\"primaryImageOfPage\":{\"@id\":\"https:\\\/\\\/www.reclamador.es\\\/blog\\\/secuelas-bebes\\\/#primaryimage\"},\"image\":{\"@id\":\"https:\\\/\\\/www.reclamador.es\\\/blog\\\/secuelas-bebes\\\/#primaryimage\"},\"thumbnailUrl\":\"https:\\\/\\\/i0.wp.com\\\/www.reclamador.es\\\/blog\\\/wp-content\\\/uploads\\\/2020\\\/11\\\/bebe.jpg?fit=1920%2C1280&ssl=1\",\"datePublished\":\"2020-11-13T09:21:00+00:00\",\"dateModified\":\"2024-06-07T09:02:37+00:00\",\"description\":\"Conoce las secuelas en los beb\u00e9s m\u00e1s frecuentes tras el parto y si ser\u00eda viable la reclamaci\u00f3n de una indemnizaci\u00f3n por negligencia m\u00e9dica.\",\"breadcrumb\":{\"@id\":\"https:\\\/\\\/www.reclamador.es\\\/blog\\\/secuelas-bebes\\\/#breadcrumb\"},\"inLanguage\":\"es\",\"potentialAction\":[{\"@type\":\"ReadAction\",\"target\":[\"https:\\\/\\\/www.reclamador.es\\\/blog\\\/secuelas-bebes\\\/\"]}]},{\"@type\":\"ImageObject\",\"inLanguage\":\"es\",\"@id\":\"https:\\\/\\\/www.reclamador.es\\\/blog\\\/secuelas-bebes\\\/#primaryimage\",\"url\":\"https:\\\/\\\/i0.wp.com\\\/www.reclamador.es\\\/blog\\\/wp-content\\\/uploads\\\/2020\\\/11\\\/bebe.jpg?fit=1920%2C1280&ssl=1\",\"contentUrl\":\"https:\\\/\\\/i0.wp.com\\\/www.reclamador.es\\\/blog\\\/wp-content\\\/uploads\\\/2020\\\/11\\\/bebe.jpg?fit=1920%2C1280&ssl=1\",\"width\":1920,\"height\":1280,\"caption\":\"Secuelas en los beb\u00e9s: \u00bfpueden los padres reclamar una indemnizaci\u00f3n?\"},{\"@type\":\"BreadcrumbList\",\"@id\":\"https:\\\/\\\/www.reclamador.es\\\/blog\\\/secuelas-bebes\\\/#breadcrumb\",\"itemListElement\":[{\"@type\":\"ListItem\",\"position\":1,\"name\":\"Portada\",\"item\":\"https:\\\/\\\/www.reclamador.es\\\/blog\\\/\"},{\"@type\":\"ListItem\",\"position\":2,\"name\":\"Secuelas en los reci\u00e9n nacidos tras el parto\"}]},{\"@type\":\"WebSite\",\"@id\":\"https:\\\/\\\/www.reclamador.es\\\/blog\\\/#website\",\"url\":\"https:\\\/\\\/www.reclamador.es\\\/blog\\\/\",\"name\":\"Rebeldes con causa, el blog de reclamador.es\",\"description\":\"Noticias, entrevistas y consejos sobre reclamaciones\",\"publisher\":{\"@id\":\"https:\\\/\\\/www.reclamador.es\\\/blog\\\/#organization\"},\"potentialAction\":[{\"@type\":\"SearchAction\",\"target\":{\"@type\":\"EntryPoint\",\"urlTemplate\":\"https:\\\/\\\/www.reclamador.es\\\/blog\\\/?s={search_term_string}\"},\"query-input\":{\"@type\":\"PropertyValueSpecification\",\"valueRequired\":true,\"valueName\":\"search_term_string\"}}],\"inLanguage\":\"es\"},{\"@type\":\"Organization\",\"@id\":\"https:\\\/\\\/www.reclamador.es\\\/blog\\\/#organization\",\"name\":\"reclamador.es\",\"url\":\"https:\\\/\\\/www.reclamador.es\\\/blog\\\/\",\"logo\":{\"@type\":\"ImageObject\",\"inLanguage\":\"es\",\"@id\":\"https:\\\/\\\/www.reclamador.es\\\/blog\\\/#\\\/schema\\\/logo\\\/image\\\/\",\"url\":\"https:\\\/\\\/i0.wp.com\\\/www.reclamador.es\\\/blog\\\/wp-content\\\/uploads\\\/2020\\\/01\\\/logo-reclamador.png?fit=1200%2C144&ssl=1\",\"contentUrl\":\"https:\\\/\\\/i0.wp.com\\\/www.reclamador.es\\\/blog\\\/wp-content\\\/uploads\\\/2020\\\/01\\\/logo-reclamador.png?fit=1200%2C144&ssl=1\",\"width\":1200,\"height\":144,\"caption\":\"reclamador.es\"},\"image\":{\"@id\":\"https:\\\/\\\/www.reclamador.es\\\/blog\\\/#\\\/schema\\\/logo\\\/image\\\/\"},\"sameAs\":[\"https:\\\/\\\/www.facebook.com\\\/reclamador.es\",\"https:\\\/\\\/x.com\\\/reclamador\",\"https:\\\/\\\/www.instagram.com\\\/reclamador.es\\\/\",\"https:\\\/\\\/www.linkedin.com\\\/company\\\/reclamador-es\",\"https:\\\/\\\/www.youtube.com\\\/user\\\/Reclamadores\"]},{\"@type\":\"Person\",\"@id\":\"https:\\\/\\\/www.reclamador.es\\\/blog\\\/#\\\/schema\\\/person\\\/1ed83eef8b6566cb5e4c812d9bc5c4bf\",\"name\":\"Equipo reclamador\",\"image\":{\"@type\":\"ImageObject\",\"inLanguage\":\"es\",\"@id\":\"https:\\\/\\\/secure.gravatar.com\\\/avatar\\\/6442ecdc2c4472c600c113f34d340feca47107d6aa4f42f1e3e75a2a8e28a760?s=96&d=mm&r=g\",\"url\":\"https:\\\/\\\/secure.gravatar.com\\\/avatar\\\/6442ecdc2c4472c600c113f34d340feca47107d6aa4f42f1e3e75a2a8e28a760?s=96&d=mm&r=g\",\"contentUrl\":\"https:\\\/\\\/secure.gravatar.com\\\/avatar\\\/6442ecdc2c4472c600c113f34d340feca47107d6aa4f42f1e3e75a2a8e28a760?s=96&d=mm&r=g\",\"caption\":\"Equipo reclamador\"},\"description\":\"Las personas que hacen posible reclamador.es\",\"url\":\"https:\\\/\\\/www.reclamador.es\\\/blog\\\/author\\\/administrador\\\/\"}]}<\/script>\n<!-- \/ Yoast SEO plugin. -->","yoast_head_json":{"title":"Secuelas en los beb\u00e9s despu\u00e9s del parto: \u00bfcu\u00e1ndo reclamar?","description":"Conoce las secuelas en los beb\u00e9s m\u00e1s frecuentes tras el parto y si ser\u00eda viable la reclamaci\u00f3n de una indemnizaci\u00f3n por negligencia m\u00e9dica.","robots":{"index":"index","follow":"follow","max-snippet":"max-snippet:-1","max-image-preview":"max-image-preview:large","max-video-preview":"max-video-preview:-1"},"canonical":"https:\/\/www.reclamador.es\/blog\/secuelas-bebes\/","og_locale":"es_ES","og_type":"article","og_title":"Secuelas en los beb\u00e9s despu\u00e9s del parto: \u00bfcu\u00e1ndo reclamar?","og_description":"Conoce las secuelas en los beb\u00e9s m\u00e1s frecuentes tras el parto y si ser\u00eda viable la reclamaci\u00f3n de una indemnizaci\u00f3n por negligencia m\u00e9dica.","og_url":"https:\/\/www.reclamador.es\/blog\/secuelas-bebes\/","og_site_name":"Rebeldes con causa, el blog de reclamador.es","article_publisher":"https:\/\/www.facebook.com\/reclamador.es","article_published_time":"2020-11-13T09:21:00+00:00","article_modified_time":"2024-06-07T09:02:37+00:00","og_image":[{"width":1920,"height":1280,"url":"https:\/\/www.reclamador.es\/blog\/wp-content\/uploads\/2020\/11\/bebe.jpg","type":"image\/jpeg"}],"author":"Equipo reclamador","twitter_card":"summary_large_image","twitter_creator":"@reclamador","twitter_site":"@reclamador","twitter_misc":{"Escrito por":"Equipo reclamador","Tiempo de lectura":"5 minutos"},"schema":{"@context":"https:\/\/schema.org","@graph":[{"@type":"Article","@id":"https:\/\/www.reclamador.es\/blog\/secuelas-bebes\/#article","isPartOf":{"@id":"https:\/\/www.reclamador.es\/blog\/secuelas-bebes\/"},"author":{"name":"Equipo reclamador","@id":"https:\/\/www.reclamador.es\/blog\/#\/schema\/person\/1ed83eef8b6566cb5e4c812d9bc5c4bf"},"headline":"Secuelas en los reci\u00e9n nacidos tras el parto","datePublished":"2020-11-13T09:21:00+00:00","dateModified":"2024-06-07T09:02:37+00:00","mainEntityOfPage":{"@id":"https:\/\/www.reclamador.es\/blog\/secuelas-bebes\/"},"wordCount":909,"commentCount":1,"publisher":{"@id":"https:\/\/www.reclamador.es\/blog\/#organization"},"image":{"@id":"https:\/\/www.reclamador.es\/blog\/secuelas-bebes\/#primaryimage"},"thumbnailUrl":"https:\/\/i0.wp.com\/www.reclamador.es\/blog\/wp-content\/uploads\/2020\/11\/bebe.jpg?fit=1920%2C1280&ssl=1","keywords":["negligencias"],"articleSection":["Noticias y actualidad"],"inLanguage":"es","potentialAction":[{"@type":"CommentAction","name":"Comment","target":["https:\/\/www.reclamador.es\/blog\/secuelas-bebes\/#respond"]}]},{"@type":"WebPage","@id":"https:\/\/www.reclamador.es\/blog\/secuelas-bebes\/","url":"https:\/\/www.reclamador.es\/blog\/secuelas-bebes\/","name":"Secuelas en los beb\u00e9s despu\u00e9s del parto: \u00bfcu\u00e1ndo reclamar?","isPartOf":{"@id":"https:\/\/www.reclamador.es\/blog\/#website"},"primaryImageOfPage":{"@id":"https:\/\/www.reclamador.es\/blog\/secuelas-bebes\/#primaryimage"},"image":{"@id":"https:\/\/www.reclamador.es\/blog\/secuelas-bebes\/#primaryimage"},"thumbnailUrl":"https:\/\/i0.wp.com\/www.reclamador.es\/blog\/wp-content\/uploads\/2020\/11\/bebe.jpg?fit=1920%2C1280&ssl=1","datePublished":"2020-11-13T09:21:00+00:00","dateModified":"2024-06-07T09:02:37+00:00","description":"Conoce las secuelas en los beb\u00e9s m\u00e1s frecuentes tras el parto y si ser\u00eda viable la reclamaci\u00f3n de una indemnizaci\u00f3n por negligencia m\u00e9dica.","breadcrumb":{"@id":"https:\/\/www.reclamador.es\/blog\/secuelas-bebes\/#breadcrumb"},"inLanguage":"es","potentialAction":[{"@type":"ReadAction","target":["https:\/\/www.reclamador.es\/blog\/secuelas-bebes\/"]}]},{"@type":"ImageObject","inLanguage":"es","@id":"https:\/\/www.reclamador.es\/blog\/secuelas-bebes\/#primaryimage","url":"https:\/\/i0.wp.com\/www.reclamador.es\/blog\/wp-content\/uploads\/2020\/11\/bebe.jpg?fit=1920%2C1280&ssl=1","contentUrl":"https:\/\/i0.wp.com\/www.reclamador.es\/blog\/wp-content\/uploads\/2020\/11\/bebe.jpg?fit=1920%2C1280&ssl=1","width":1920,"height":1280,"caption":"Secuelas en los beb\u00e9s: \u00bfpueden los padres reclamar una indemnizaci\u00f3n?"},{"@type":"BreadcrumbList","@id":"https:\/\/www.reclamador.es\/blog\/secuelas-bebes\/#breadcrumb","itemListElement":[{"@type":"ListItem","position":1,"name":"Portada","item":"https:\/\/www.reclamador.es\/blog\/"},{"@type":"ListItem","position":2,"name":"Secuelas en los reci\u00e9n nacidos tras el parto"}]},{"@type":"WebSite","@id":"https:\/\/www.reclamador.es\/blog\/#website","url":"https:\/\/www.reclamador.es\/blog\/","name":"Rebeldes con causa, el blog de reclamador.es","description":"Noticias, entrevistas y consejos sobre reclamaciones","publisher":{"@id":"https:\/\/www.reclamador.es\/blog\/#organization"},"potentialAction":[{"@type":"SearchAction","target":{"@type":"EntryPoint","urlTemplate":"https:\/\/www.reclamador.es\/blog\/?s={search_term_string}"},"query-input":{"@type":"PropertyValueSpecification","valueRequired":true,"valueName":"search_term_string"}}],"inLanguage":"es"},{"@type":"Organization","@id":"https:\/\/www.reclamador.es\/blog\/#organization","name":"reclamador.es","url":"https:\/\/www.reclamador.es\/blog\/","logo":{"@type":"ImageObject","inLanguage":"es","@id":"https:\/\/www.reclamador.es\/blog\/#\/schema\/logo\/image\/","url":"https:\/\/i0.wp.com\/www.reclamador.es\/blog\/wp-content\/uploads\/2020\/01\/logo-reclamador.png?fit=1200%2C144&ssl=1","contentUrl":"https:\/\/i0.wp.com\/www.reclamador.es\/blog\/wp-content\/uploads\/2020\/01\/logo-reclamador.png?fit=1200%2C144&ssl=1","width":1200,"height":144,"caption":"reclamador.es"},"image":{"@id":"https:\/\/www.reclamador.es\/blog\/#\/schema\/logo\/image\/"},"sameAs":["https:\/\/www.facebook.com\/reclamador.es","https:\/\/x.com\/reclamador","https:\/\/www.instagram.com\/reclamador.es\/","https:\/\/www.linkedin.com\/company\/reclamador-es","https:\/\/www.youtube.com\/user\/Reclamadores"]},{"@type":"Person","@id":"https:\/\/www.reclamador.es\/blog\/#\/schema\/person\/1ed83eef8b6566cb5e4c812d9bc5c4bf","name":"Equipo reclamador","image":{"@type":"ImageObject","inLanguage":"es","@id":"https:\/\/secure.gravatar.com\/avatar\/6442ecdc2c4472c600c113f34d340feca47107d6aa4f42f1e3e75a2a8e28a760?s=96&d=mm&r=g","url":"https:\/\/secure.gravatar.com\/avatar\/6442ecdc2c4472c600c113f34d340feca47107d6aa4f42f1e3e75a2a8e28a760?s=96&d=mm&r=g","contentUrl":"https:\/\/secure.gravatar.com\/avatar\/6442ecdc2c4472c600c113f34d340feca47107d6aa4f42f1e3e75a2a8e28a760?s=96&d=mm&r=g","caption":"Equipo reclamador"},"description":"Las personas que hacen posible reclamador.es","url":"https:\/\/www.reclamador.es\/blog\/author\/administrador\/"}]}},"jetpack_featured_media_url":"https:\/\/i0.wp.com\/www.reclamador.es\/blog\/wp-content\/uploads\/2020\/11\/bebe.jpg?fit=1920%2C1280&ssl=1","jetpack-related-posts":[{"id":16961,"url":"https:\/\/www.reclamador.es\/blog\/indemnizacion-retraso-de-una-ambulancia\/","url_meta":{"origin":19349,"position":0},"title":"\u00bfSe puede reclamar una indemnizaci\u00f3n por el retraso de una ambulancia?","author":"Equipo reclamador","date":"5 febrero, 2021","format":false,"excerpt":"Se produce una emergencia m\u00e9dica e inmediatamente llamamos al 061 o al 112 para pedir una ambulancia. La r\u00e1pida intervenci\u00f3n del servicio sanitario salva vidas cada d\u00eda en todos los rincones de nuestro pa\u00eds, pero \u00bfcu\u00e1ntas veces no te han contado que llamaron a una ambulancia y tard\u00f3 demasiado en\u2026","rel":"","context":"En \u00abConsejos legales\u00bb","block_context":{"text":"Consejos legales","link":"https:\/\/www.reclamador.es\/blog\/consejos\/"},"img":{"alt_text":"retraso-ambulancia-reclamador","src":"https:\/\/i0.wp.com\/www.reclamador.es\/blog\/wp-content\/uploads\/2018\/02\/retraso-ambulancia-reclamador.jpg?fit=1200%2C800&ssl=1&resize=350%2C200","width":350,"height":200,"srcset":"https:\/\/i0.wp.com\/www.reclamador.es\/blog\/wp-content\/uploads\/2018\/02\/retraso-ambulancia-reclamador.jpg?fit=1200%2C800&ssl=1&resize=350%2C200 1x, https:\/\/i0.wp.com\/www.reclamador.es\/blog\/wp-content\/uploads\/2018\/02\/retraso-ambulancia-reclamador.jpg?fit=1200%2C800&ssl=1&resize=525%2C300 1.5x, https:\/\/i0.wp.com\/www.reclamador.es\/blog\/wp-content\/uploads\/2018\/02\/retraso-ambulancia-reclamador.jpg?fit=1200%2C800&ssl=1&resize=700%2C400 2x, https:\/\/i0.wp.com\/www.reclamador.es\/blog\/wp-content\/uploads\/2018\/02\/retraso-ambulancia-reclamador.jpg?fit=1200%2C800&ssl=1&resize=1050%2C600 3x"},"classes":[]},{"id":1581,"url":"https:\/\/www.reclamador.es\/blog\/indemnizaciones-latigazo-cervical-accidentes-de-trafico\/","url_meta":{"origin":19349,"position":1},"title":"Latigazo cervical en accidentes de tr\u00e1fico: causas, duraci\u00f3n de la baja, tratamiento e indemnizaci\u00f3n","author":"Equipo reclamador","date":"27 enero, 2019","format":false,"excerpt":"*Contenido modificado mayo 2025. Hay ocasiones en las que tras sufrir un accidente de tr\u00e1fico los s\u00edntomas o efectos producidos por el mismo no saltan a simple vista. Pero pueden provocarse lesiones que salgan a la luz a los d\u00edas de la colisi\u00f3n. Una de ellas, y que afecta a\u2026","rel":"","context":"En \u00abConsejos legales\u00bb","block_context":{"text":"Consejos legales","link":"https:\/\/www.reclamador.es\/blog\/consejos\/"},"img":{"alt_text":"","src":"https:\/\/i0.wp.com\/www.reclamador.es\/blog\/wp-content\/uploads\/2014\/11\/GettyImages-635863104.jpg?fit=1200%2C800&ssl=1&resize=350%2C200","width":350,"height":200,"srcset":"https:\/\/i0.wp.com\/www.reclamador.es\/blog\/wp-content\/uploads\/2014\/11\/GettyImages-635863104.jpg?fit=1200%2C800&ssl=1&resize=350%2C200 1x, https:\/\/i0.wp.com\/www.reclamador.es\/blog\/wp-content\/uploads\/2014\/11\/GettyImages-635863104.jpg?fit=1200%2C800&ssl=1&resize=525%2C300 1.5x, https:\/\/i0.wp.com\/www.reclamador.es\/blog\/wp-content\/uploads\/2014\/11\/GettyImages-635863104.jpg?fit=1200%2C800&ssl=1&resize=700%2C400 2x, https:\/\/i0.wp.com\/www.reclamador.es\/blog\/wp-content\/uploads\/2014\/11\/GettyImages-635863104.jpg?fit=1200%2C800&ssl=1&resize=1050%2C600 3x"},"classes":[]},{"id":3097,"url":"https:\/\/www.reclamador.es\/blog\/indemnizaciones-por-accidente-de-trafico-y-tipos-de-lesiones\/","url_meta":{"origin":19349,"position":2},"title":"Indemnizaciones por accidente de tr\u00e1fico y tipos de lesiones","author":"Equipo reclamador","date":"26 mayo, 2015","format":false,"excerpt":"Para calcular la indemnizaci\u00f3n que corresponde tras sufrir un accidente de tr\u00e1fico, una ca\u00edda en la calle o en un establecimiento comercial o un accidente ocurrido por negligencia m\u00e9dica hay que acudir al Baremo de tr\u00e1fico, (recogido en el Anexo del Real Decreto Legislativo 8\/2004, de 29 de octubre, por\u2026","rel":"","context":"En \u00abConsejos legales\u00bb","block_context":{"text":"Consejos legales","link":"https:\/\/www.reclamador.es\/blog\/consejos\/"},"img":{"alt_text":"sesion de rehabilitacion por lesiones en accidentes de trafico","src":"https:\/\/i0.wp.com\/www.reclamador.es\/blog\/wp-content\/uploads\/2015\/05\/lesiones-en-accidentes-de-trafico.jpg?fit=1200%2C630&ssl=1&resize=350%2C200","width":350,"height":200,"srcset":"https:\/\/i0.wp.com\/www.reclamador.es\/blog\/wp-content\/uploads\/2015\/05\/lesiones-en-accidentes-de-trafico.jpg?fit=1200%2C630&ssl=1&resize=350%2C200 1x, https:\/\/i0.wp.com\/www.reclamador.es\/blog\/wp-content\/uploads\/2015\/05\/lesiones-en-accidentes-de-trafico.jpg?fit=1200%2C630&ssl=1&resize=525%2C300 1.5x, https:\/\/i0.wp.com\/www.reclamador.es\/blog\/wp-content\/uploads\/2015\/05\/lesiones-en-accidentes-de-trafico.jpg?fit=1200%2C630&ssl=1&resize=700%2C400 2x, https:\/\/i0.wp.com\/www.reclamador.es\/blog\/wp-content\/uploads\/2015\/05\/lesiones-en-accidentes-de-trafico.jpg?fit=1200%2C630&ssl=1&resize=1050%2C600 3x"},"classes":[]},{"id":22160,"url":"https:\/\/www.reclamador.es\/blog\/funciones-perito-medico-negligencias\/","url_meta":{"origin":19349,"position":3},"title":"Las funciones del perito m\u00e9dico en un caso de negligencia","author":"Equipo reclamador","date":"3 junio, 2019","format":false,"excerpt":"Cuando pensamos en una negligencia m\u00e9dica se nos vienen a la cabeza situaciones como olvido de gasas dentro del paciente en una operaci\u00f3n, error en el diagn\u00f3stico de una enfermedad o una mala prescripci\u00f3n de medicamentos, entre otras muchas, y para que todas estas situaciones tengan como final la protecci\u00f3n\u2026","rel":"","context":"En \u00abConsejos legales\u00bb","block_context":{"text":"Consejos legales","link":"https:\/\/www.reclamador.es\/blog\/consejos\/"},"img":{"alt_text":"consulta m\u00e9dica - negligencia - perito medico","src":"https:\/\/i0.wp.com\/www.reclamador.es\/blog\/wp-content\/uploads\/2019\/06\/que-es-que-valora-perito-medico.jpg?fit=1200%2C630&ssl=1&resize=350%2C200","width":350,"height":200,"srcset":"https:\/\/i0.wp.com\/www.reclamador.es\/blog\/wp-content\/uploads\/2019\/06\/que-es-que-valora-perito-medico.jpg?fit=1200%2C630&ssl=1&resize=350%2C200 1x, https:\/\/i0.wp.com\/www.reclamador.es\/blog\/wp-content\/uploads\/2019\/06\/que-es-que-valora-perito-medico.jpg?fit=1200%2C630&ssl=1&resize=525%2C300 1.5x, https:\/\/i0.wp.com\/www.reclamador.es\/blog\/wp-content\/uploads\/2019\/06\/que-es-que-valora-perito-medico.jpg?fit=1200%2C630&ssl=1&resize=700%2C400 2x, https:\/\/i0.wp.com\/www.reclamador.es\/blog\/wp-content\/uploads\/2019\/06\/que-es-que-valora-perito-medico.jpg?fit=1200%2C630&ssl=1&resize=1050%2C600 3x"},"classes":[]},{"id":17483,"url":"https:\/\/www.reclamador.es\/blog\/permisos-conciliar-vida-familiar-laboral\/","url_meta":{"origin":19349,"position":4},"title":"D\u00eda del Padre: 7 permisos para conciliar vida laboral y familiar","author":"Equipo reclamador","date":"18 marzo, 2021","format":false,"excerpt":"Cada 19 de marzo, se celebra el D\u00eda del Padre, una fecha en la que conviene recordar los principales derechos y permisos de los padres para poder compaginar su trabajo con el cuidado de sus hijos. En reclamador.es repasamos esos derechos que van desde los m\u00e1s conocidos, como puede ser\u2026","rel":"","context":"En \u00abNoticias y actualidad\u00bb","block_context":{"text":"Noticias y actualidad","link":"https:\/\/www.reclamador.es\/blog\/noticias\/"},"img":{"alt_text":"padre e hijo playa - derechos padre trabajador","src":"https:\/\/i0.wp.com\/www.reclamador.es\/blog\/wp-content\/uploads\/2021\/03\/derechos-del-padre-trabajador-dia-del-padre.jpg?fit=1200%2C630&ssl=1&resize=350%2C200","width":350,"height":200,"srcset":"https:\/\/i0.wp.com\/www.reclamador.es\/blog\/wp-content\/uploads\/2021\/03\/derechos-del-padre-trabajador-dia-del-padre.jpg?fit=1200%2C630&ssl=1&resize=350%2C200 1x, https:\/\/i0.wp.com\/www.reclamador.es\/blog\/wp-content\/uploads\/2021\/03\/derechos-del-padre-trabajador-dia-del-padre.jpg?fit=1200%2C630&ssl=1&resize=525%2C300 1.5x, https:\/\/i0.wp.com\/www.reclamador.es\/blog\/wp-content\/uploads\/2021\/03\/derechos-del-padre-trabajador-dia-del-padre.jpg?fit=1200%2C630&ssl=1&resize=700%2C400 2x, https:\/\/i0.wp.com\/www.reclamador.es\/blog\/wp-content\/uploads\/2021\/03\/derechos-del-padre-trabajador-dia-del-padre.jpg?fit=1200%2C630&ssl=1&resize=1050%2C600 3x"},"classes":[]},{"id":15673,"url":"https:\/\/www.reclamador.es\/blog\/reclamar-borrado-tatuaje\/","url_meta":{"origin":19349,"position":5},"title":"Reclamar borrado de tatuaje, \u00bfcu\u00e1ndo es posible?","author":"Equipo reclamador","date":"25 septiembre, 2021","format":false,"excerpt":"Muchas personas optan por reflejar en su cuerpo alg\u00fan recuerdo mediante un tatuaje. O, simplemente, decorarlo a su gusto con tinta. Como consecuencia, han proliferado gran cantidad de estudios que se dedican a ello. Y, a su vez, una consecuencia directa, que cada vez m\u00e1s personas opten por hacerse un\u2026","rel":"","context":"En \u00abConsejos legales\u00bb","block_context":{"text":"Consejos legales","link":"https:\/\/www.reclamador.es\/blog\/consejos\/"},"img":{"alt_text":"cu\u00e1ndo es posible reclamar un borrado de tatuaje mal hecho","src":"https:\/\/i0.wp.com\/www.reclamador.es\/blog\/wp-content\/uploads\/2017\/09\/borrado-de-tatuaje-mal-hecho.jpg?fit=1194%2C633&ssl=1&resize=350%2C200","width":350,"height":200,"srcset":"https:\/\/i0.wp.com\/www.reclamador.es\/blog\/wp-content\/uploads\/2017\/09\/borrado-de-tatuaje-mal-hecho.jpg?fit=1194%2C633&ssl=1&resize=350%2C200 1x, https:\/\/i0.wp.com\/www.reclamador.es\/blog\/wp-content\/uploads\/2017\/09\/borrado-de-tatuaje-mal-hecho.jpg?fit=1194%2C633&ssl=1&resize=525%2C300 1.5x, https:\/\/i0.wp.com\/www.reclamador.es\/blog\/wp-content\/uploads\/2017\/09\/borrado-de-tatuaje-mal-hecho.jpg?fit=1194%2C633&ssl=1&resize=700%2C400 2x, https:\/\/i0.wp.com\/www.reclamador.es\/blog\/wp-content\/uploads\/2017\/09\/borrado-de-tatuaje-mal-hecho.jpg?fit=1194%2C633&ssl=1&resize=1050%2C600 3x"},"classes":[]}],"jetpack_sharing_enabled":true,"_links":{"self":[{"href":"https:\/\/www.reclamador.es\/blog\/wp-json\/wp\/v2\/posts\/19349","targetHints":{"allow":["GET"]}}],"collection":[{"href":"https:\/\/www.reclamador.es\/blog\/wp-json\/wp\/v2\/posts"}],"about":[{"href":"https:\/\/www.reclamador.es\/blog\/wp-json\/wp\/v2\/types\/post"}],"author":[{"embeddable":true,"href":"https:\/\/www.reclamador.es\/blog\/wp-json\/wp\/v2\/users\/1"}],"replies":[{"embeddable":true,"href":"https:\/\/www.reclamador.es\/blog\/wp-json\/wp\/v2\/comments?post=19349"}],"version-history":[{"count":19,"href":"https:\/\/www.reclamador.es\/blog\/wp-json\/wp\/v2\/posts\/19349\/revisions"}],"predecessor-version":[{"id":32471,"href":"https:\/\/www.reclamador.es\/blog\/wp-json\/wp\/v2\/posts\/19349\/revisions\/32471"}],"wp:featuredmedia":[{"embeddable":true,"href":"https:\/\/www.reclamador.es\/blog\/wp-json\/wp\/v2\/media\/27794"}],"wp:attachment":[{"href":"https:\/\/www.reclamador.es\/blog\/wp-json\/wp\/v2\/media?parent=19349"}],"wp:term":[{"taxonomy":"category","embeddable":true,"href":"https:\/\/www.reclamador.es\/blog\/wp-json\/wp\/v2\/categories?post=19349"},{"taxonomy":"post_tag","embeddable":true,"href":"https:\/\/www.reclamador.es\/blog\/wp-json\/wp\/v2\/tags?post=19349"}],"curies":[{"name":"wp","href":"https:\/\/api.w.org\/{rel}","templated":true}]}}