{"id":18991,"date":"2020-07-16T11:30:00","date_gmt":"2020-07-16T09:30:00","guid":{"rendered":"https:\/\/www.reclamador.es\/blog\/?p=18991"},"modified":"2024-06-07T10:43:02","modified_gmt":"2024-06-07T08:43:02","slug":"problemas-anestesia-reclamar-negligencia","status":"publish","type":"post","link":"https:\/\/www.reclamador.es\/blog\/problemas-anestesia-reclamar-negligencia\/","title":{"rendered":"\u00bfSon reclamables los problemas de salud derivados de la anestesia?"},"content":{"rendered":"<div class=\"ttr_start\"><\/div>\n\n<div class=\"kk-star-ratings kksr-auto kksr-align-right kksr-valign-top\"\n    data-payload='{&quot;align&quot;:&quot;right&quot;,&quot;id&quot;:&quot;18991&quot;,&quot;slug&quot;:&quot;default&quot;,&quot;valign&quot;:&quot;top&quot;,&quot;ignore&quot;:&quot;&quot;,&quot;reference&quot;:&quot;auto&quot;,&quot;class&quot;:&quot;&quot;,&quot;count&quot;:&quot;8&quot;,&quot;legendonly&quot;:&quot;&quot;,&quot;readonly&quot;:&quot;&quot;,&quot;score&quot;:&quot;4.5&quot;,&quot;starsonly&quot;:&quot;&quot;,&quot;best&quot;:&quot;5&quot;,&quot;gap&quot;:&quot;3&quot;,&quot;greet&quot;:&quot;Valora este art\u00edculo&quot;,&quot;legend&quot;:&quot;4.5\\\/5 - (8 votos)&quot;,&quot;size&quot;:&quot;20&quot;,&quot;title&quot;:&quot;\u00bfSon reclamables los problemas de salud derivados de la anestesia?&quot;,&quot;width&quot;:&quot;102&quot;,&quot;_legend&quot;:&quot;{score}\\\/{best} - ({count} {votes})&quot;,&quot;font_factor&quot;:&quot;1.25&quot;}'>\n            \n<div class=\"kksr-stars\">\n    \n<div class=\"kksr-stars-inactive\">\n            <div class=\"kksr-star\" data-star=\"1\" style=\"padding-right: 3px\">\n            \n\n<div class=\"kksr-icon\" style=\"width: 20px; height: 20px;\"><\/div>\n        <\/div>\n            <div class=\"kksr-star\" data-star=\"2\" style=\"padding-right: 3px\">\n            \n\n<div class=\"kksr-icon\" style=\"width: 20px; height: 20px;\"><\/div>\n        <\/div>\n            <div class=\"kksr-star\" data-star=\"3\" style=\"padding-right: 3px\">\n            \n\n<div class=\"kksr-icon\" style=\"width: 20px; height: 20px;\"><\/div>\n        <\/div>\n            <div class=\"kksr-star\" data-star=\"4\" style=\"padding-right: 3px\">\n            \n\n<div class=\"kksr-icon\" style=\"width: 20px; height: 20px;\"><\/div>\n        <\/div>\n            <div class=\"kksr-star\" data-star=\"5\" style=\"padding-right: 3px\">\n            \n\n<div class=\"kksr-icon\" style=\"width: 20px; height: 20px;\"><\/div>\n        <\/div>\n    <\/div>\n    \n<div class=\"kksr-stars-active\" style=\"width: 102px;\">\n            <div class=\"kksr-star\" style=\"padding-right: 3px\">\n            \n\n<div class=\"kksr-icon\" style=\"width: 20px; height: 20px;\"><\/div>\n        <\/div>\n            <div class=\"kksr-star\" style=\"padding-right: 3px\">\n            \n\n<div class=\"kksr-icon\" style=\"width: 20px; height: 20px;\"><\/div>\n        <\/div>\n            <div class=\"kksr-star\" style=\"padding-right: 3px\">\n            \n\n<div class=\"kksr-icon\" style=\"width: 20px; height: 20px;\"><\/div>\n        <\/div>\n            <div class=\"kksr-star\" style=\"padding-right: 3px\">\n            \n\n<div class=\"kksr-icon\" style=\"width: 20px; height: 20px;\"><\/div>\n        <\/div>\n            <div class=\"kksr-star\" style=\"padding-right: 3px\">\n            \n\n<div class=\"kksr-icon\" style=\"width: 20px; height: 20px;\"><\/div>\n        <\/div>\n    <\/div>\n<\/div>\n                \n\n<div class=\"kksr-legend\" style=\"font-size: 16px;\">\n            4.5\/5 - (8 votos)    <\/div>\n    <\/div>\n<figure id=\"attachment_27571\" aria-describedby=\"caption-attachment-27571\" style=\"width: 1280px\" class=\"wp-caption aligncenter\"><img data-recalc-dims=\"1\" loading=\"lazy\" decoding=\"async\" class=\"size-full wp-image-27571\" src=\"https:\/\/i0.wp.com\/www.reclamador.es\/blog\/wp-content\/uploads\/2020\/07\/hospital-2.jpg?resize=1280%2C853&#038;ssl=1\" alt=\"Problemas de la anestesia: c\u00f3mo reclamar una indemnizaci\u00f3n\" width=\"1280\" height=\"853\" srcset=\"https:\/\/i0.wp.com\/www.reclamador.es\/blog\/wp-content\/uploads\/2020\/07\/hospital-2.jpg?w=1280&amp;ssl=1 1280w, https:\/\/i0.wp.com\/www.reclamador.es\/blog\/wp-content\/uploads\/2020\/07\/hospital-2.jpg?resize=800%2C533&amp;ssl=1 800w, https:\/\/i0.wp.com\/www.reclamador.es\/blog\/wp-content\/uploads\/2020\/07\/hospital-2.jpg?resize=150%2C100&amp;ssl=1 150w, https:\/\/i0.wp.com\/www.reclamador.es\/blog\/wp-content\/uploads\/2020\/07\/hospital-2.jpg?resize=768%2C512&amp;ssl=1 768w\" sizes=\"auto, (max-width: 1000px) 100vw, 1000px\" \/><figcaption id=\"caption-attachment-27571\" class=\"wp-caption-text\"><em>Problemas de la anestesia: c\u00f3mo reclamar una indemnizaci\u00f3n<\/em><\/figcaption><\/figure>\n<p><span style=\"font-weight: 400;\">Los problemas derivados de la anestesia preocupan a las personas que se someten a una intervenci\u00f3n donde es necesario no estar conscientes. Hasta ahora, en <strong>reclamador.es<\/strong> hemos tratado diferentes tipos de <strong>negligencias m\u00e9dicas<\/strong> a las que puedes enfrentarte, explicando qu\u00e9 son, cu\u00e1ndo se producen y en qu\u00e9 casos se podr\u00eda reclamar. Entre ellas, las<\/span><a href=\"https:\/\/www.reclamador.es\/blog\/problemas-frecuentes-cirugia-plastica\/\"> <span style=\"font-weight: 400;\">negligencias en cirug\u00eda est\u00e9tica<\/span><\/a><a href=\"https:\/\/www.reclamador.es\/blog\/problemas-injerto-capilar\/\"><span style=\"font-weight: 400;\">, injertos capilares<\/span><\/a><span style=\"font-weight: 400;\"> o en<\/span><a href=\"https:\/\/www.reclamador.es\/blog\/negligencias-enfermeria\/\"> <span style=\"font-weight: 400;\">enfermer\u00eda<\/span><\/a><span style=\"font-weight: 400;\">. En esta ocasi\u00f3n, vamos a abordar las <\/span><b>negligencias m\u00e9dicas en la anestesia.<\/b><\/p>\n<p><span style=\"font-weight: 400;\">De una manera muy sencilla, puede decirse que la anestesia es el suministro de un <a href=\"https:\/\/www.mscbs.gob.es\/profesionales\/farmacia\/informaMedicamentos\/home.htm\">medicamento<\/a> que evita que los pacientes sientan dolor durante una intervenci\u00f3n quir\u00fargica u otra prueba m\u00e9dica. Se trata de una especialidad m\u00e9dica que debe ser ejercida por un especialista, denominado m\u00e9dico anestesista o anestesi\u00f3logo. Este estar\u00e1 presente en intervenciones quir\u00fargicas y en los procesos siguientes de recuperaci\u00f3n.<\/span><\/p>\n<p>A continuaci\u00f3n, te informamos sobre las\u00a0complicaciones m\u00e1s habituales que hemos recopilado junto con\u00a0Roberto Ruiz, perito m\u00e9dico especialista en anestesia y reanimaci\u00f3n de reclamador.es.<\/p>\n<h6 style=\"text-align: center;\"><strong>Por lo general, aunque los problemas de la anestesia no son muy comunes, la gravedad es muy considerable.\u00a0<\/strong><\/h6>\n<p><span style=\"font-weight: 400;\">En un 70% de los casos, las complicaciones se producen cuando estamos ante un sistema de tratamiento de la <strong>anestesia de forma locorregional, es decir, en una zona localizada,<\/strong> como consecuencia de la intervenci\u00f3n que se vaya a realizar. Estas complicaciones se pueden dar al no utilizar todos los medios adecuados, llegando a producir problemas funcionales temporales. Una complicaci\u00f3n habitual es la p\u00e9rdida de sensibilidad en la zona tratada, que puede llegar a durar hasta dos a\u00f1os.<\/span><\/p>\n<p><span style=\"font-weight: 400;\">Existe otro tipo de anestesia. La <strong>anestesia general.<\/strong>\u00a0Produce una especie de sue\u00f1o profundo de manera que no se siente dolor durante la cirug\u00eda. En estos casos, la probabilidad de producirse una complicaci\u00f3n es menor, no obstante, las lesiones son mucho m\u00e1s graves. <\/span><\/p>\n<p><span style=\"font-weight: 400;\">Algunos ejemplos en los que pueden producirse estas complicaciones son: <\/span><\/p>\n<ul>\n<li><span style=\"font-weight: 400;\">Lesiones cerebrales por falta de ox\u00edgeno. <\/span><\/li>\n<li><span style=\"font-weight: 400;\">Rebase en las v\u00edas cuando se procede a la administraci\u00f3n de anestesia.<\/span><\/li>\n<li><span style=\"font-weight: 400;\">La colocaci\u00f3n de distintos aparatos (por ejemplo, tubo endotraqueal).<\/span><\/li>\n<\/ul>\n<p><span style=\"font-weight: 400;\">Igualmente importante a la administraci\u00f3n de la anestesia, son los trabajos previos y durante la intervenci\u00f3n. Normalmente, las intervenciones quir\u00fargicas que requieren anestesia general duran varias hora. Por esto, el m\u00e9dico anestesista debe procurar que la postura del paciente sea la correcta, ya que pueden llegar a comprimirse los nervios\u00a0produci\u00e9ndose una lesi\u00f3n funcional. Otros factores importantes a tener en cuenta es la temperatura durante la intervenci\u00f3n. <\/span><\/p>\n<h2><b>Reclamar una negligencia en la anestesia<\/b><\/h2>\n<p><span style=\"font-weight: 400;\">Siempre que se pueda determinar que una lesi\u00f3n o secuela es consecuencia de una mala praxis y se pueda fijar el <\/span><a href=\"https:\/\/www.reclamador.es\/blog\/sobre-el-nexo-causal\/\"><span style=\"font-weight: 400;\">nexo causal<\/span><\/a><span style=\"font-weight: 400;\"> entre la lesi\u00f3n y la actitud negligente por parte del anestesista, se podr\u00e1 reclamar la negligencia m\u00e9dica. Es decir, para que una reclamaci\u00f3n por negligencia en la anestesia sea viable habr\u00e1 que analizar tanto el da\u00f1o como su relaci\u00f3n con una intervenci\u00f3n poco diligente por parte del centro m\u00e9dico o profesional de la salud.<\/span><\/p>\n<p><span style=\"font-weight: 400;\">Como te explic\u00e1bamos, por ejemplo, en el caso de la<\/span><a href=\"https:\/\/www.reclamador.es\/blog\/cirugia-de-columna-vertebral\/\"> <span style=\"font-weight: 400;\">cirug\u00eda de espalda<\/span><\/a><span style=\"font-weight: 400;\">, hay una obligaci\u00f3n de medios por parte de los m\u00e9dicos, es decir, siempre que se pruebe que los profesionales de la salud obraron con diligencia no podr\u00e1s reclamar una indemnizaci\u00f3n. Por el contrario, si con el estudio de las pruebas y el historial m\u00e9dico se puede llegar a probar que existe una intervenci\u00f3n negligente y de esta se han derivado da\u00f1os para tu salud, podr\u00e1s reclamar una indemnizaci\u00f3n. Para ello es muy importante disponer de tu historia cl\u00ednica completa sobre la intervenci\u00f3n llevada a cabo en el centro m\u00e9dico en cuesti\u00f3n.<\/span><\/p>\n<h6 style=\"text-align: center;\"><strong><a href=\"https:\/\/www.reclamador.es\/blog\/abogado-negligencias-medicas\/\">Funciones del abogado experto en negligencias m\u00e9dicas<\/a><\/strong><\/h6>\n<h2><b>La importancia del trabajo de abogados y peritos m\u00e9dicos<\/b><\/h2>\n<p><span style=\"font-weight: 400;\">Para que una reclamaci\u00f3n por negligencia m\u00e9dica tenga \u00e9xito es importante <strong>disponer de la documentaci\u00f3n m\u00e9dica completa.<\/strong> Abogados y peritos m\u00e9dicos trabajan coordinadamente en el estudio individualizado de cada caso con esta informaci\u00f3n.<\/span><\/p>\n<p>Si te ha parecido interesante este contenido sobre los problemas de la anestesia y cu\u00e1ndo se podr\u00eda reclamar una negligencia, comp\u00e1rtelo en tus redes!<\/p>\n<div class=\"ttr_end\"><\/div>","protected":false},"excerpt":{"rendered":"<p>Los problemas derivados de la anestesia preocupan a las personas que se someten a una intervenci\u00f3n donde es necesario no estar conscientes. Hasta ahora, en reclamador.es hemos tratado diferentes tipos de negligencias m\u00e9dicas a las que puedes enfrentarte, explicando qu\u00e9 son, cu\u00e1ndo se producen y en qu\u00e9 casos se podr\u00eda reclamar. Entre ellas, las negligencias [&hellip;]<\/p>\n","protected":false},"author":1,"featured_media":27571,"comment_status":"closed","ping_status":"open","sticky":false,"template":"","format":"standard","meta":{"_acf_changed":false,"_genesis_hide_title":false,"_genesis_hide_breadcrumbs":false,"_genesis_hide_singular_image":false,"_genesis_hide_footer_widgets":false,"_genesis_custom_body_class":"","_genesis_custom_post_class":"","_genesis_layout":"","_jetpack_newsletter_access":"","_jetpack_dont_email_post_to_subs":false,"_jetpack_newsletter_tier_id":0,"_jetpack_memberships_contains_paywalled_content":false,"_jetpack_memberships_contains_paid_content":false,"footnotes":""},"categories":[393],"tags":[690],"class_list":{"0":"post-18991","1":"post","2":"type-post","3":"status-publish","4":"format-standard","5":"has-post-thumbnail","7":"category-consejos","8":"tag-negligencias","9":"entry"},"acf":[],"yoast_head":"<!-- This site is optimized with the Yoast SEO plugin v27.4 - https:\/\/yoast.com\/product\/yoast-seo-wordpress\/ -->\n<title>Problemas de la anestesia: \u00bfcu\u00e1ndo son reclamables?<\/title>\n<meta name=\"description\" content=\"\u00bfCu\u00e1les son los problemas de la anestesia m\u00e1s frecuentes? \u00bfCu\u00e1ndo reclamar? Los abogados de negligencias m\u00e9dicas te explican tus derechos como paciente.\" \/>\n<meta name=\"robots\" content=\"index, follow, max-snippet:-1, max-image-preview:large, max-video-preview:-1\" \/>\n<link rel=\"canonical\" href=\"https:\/\/www.reclamador.es\/blog\/problemas-anestesia-reclamar-negligencia\/\" \/>\n<meta property=\"og:locale\" content=\"es_ES\" \/>\n<meta property=\"og:type\" content=\"article\" \/>\n<meta property=\"og:title\" content=\"Problemas de la anestesia: \u00bfcu\u00e1ndo son reclamables?\" \/>\n<meta property=\"og:description\" content=\"\u00bfCu\u00e1les son los problemas de la anestesia m\u00e1s frecuentes? \u00bfCu\u00e1ndo reclamar? Los abogados de negligencias m\u00e9dicas te explican tus derechos como paciente.\" \/>\n<meta property=\"og:url\" content=\"https:\/\/www.reclamador.es\/blog\/problemas-anestesia-reclamar-negligencia\/\" \/>\n<meta property=\"og:site_name\" content=\"Rebeldes con causa, el blog de reclamador.es\" \/>\n<meta property=\"article:publisher\" content=\"https:\/\/www.facebook.com\/reclamador.es\" \/>\n<meta property=\"article:published_time\" content=\"2020-07-16T09:30:00+00:00\" \/>\n<meta property=\"article:modified_time\" content=\"2024-06-07T08:43:02+00:00\" \/>\n<meta property=\"og:image\" content=\"https:\/\/www.reclamador.es\/blog\/wp-content\/uploads\/2020\/07\/hospital-2.jpg\" \/>\n\t<meta property=\"og:image:width\" content=\"1280\" \/>\n\t<meta property=\"og:image:height\" content=\"853\" \/>\n\t<meta property=\"og:image:type\" content=\"image\/jpeg\" \/>\n<meta name=\"author\" content=\"Equipo reclamador\" \/>\n<meta name=\"twitter:card\" content=\"summary_large_image\" \/>\n<meta name=\"twitter:creator\" content=\"@reclamador\" \/>\n<meta name=\"twitter:site\" content=\"@reclamador\" \/>\n<meta name=\"twitter:label1\" content=\"Escrito por\" \/>\n\t<meta name=\"twitter:data1\" content=\"Equipo reclamador\" \/>\n\t<meta name=\"twitter:label2\" content=\"Tiempo de lectura\" \/>\n\t<meta name=\"twitter:data2\" content=\"4 minutos\" \/>\n<script type=\"application\/ld+json\" class=\"yoast-schema-graph\">{\"@context\":\"https:\\\/\\\/schema.org\",\"@graph\":[{\"@type\":\"Article\",\"@id\":\"https:\\\/\\\/www.reclamador.es\\\/blog\\\/problemas-anestesia-reclamar-negligencia\\\/#article\",\"isPartOf\":{\"@id\":\"https:\\\/\\\/www.reclamador.es\\\/blog\\\/problemas-anestesia-reclamar-negligencia\\\/\"},\"author\":{\"name\":\"Equipo reclamador\",\"@id\":\"https:\\\/\\\/www.reclamador.es\\\/blog\\\/#\\\/schema\\\/person\\\/1ed83eef8b6566cb5e4c812d9bc5c4bf\"},\"headline\":\"\u00bfSon reclamables los problemas de salud derivados de la anestesia?\",\"datePublished\":\"2020-07-16T09:30:00+00:00\",\"dateModified\":\"2024-06-07T08:43:02+00:00\",\"mainEntityOfPage\":{\"@id\":\"https:\\\/\\\/www.reclamador.es\\\/blog\\\/problemas-anestesia-reclamar-negligencia\\\/\"},\"wordCount\":766,\"publisher\":{\"@id\":\"https:\\\/\\\/www.reclamador.es\\\/blog\\\/#organization\"},\"image\":{\"@id\":\"https:\\\/\\\/www.reclamador.es\\\/blog\\\/problemas-anestesia-reclamar-negligencia\\\/#primaryimage\"},\"thumbnailUrl\":\"https:\\\/\\\/i0.wp.com\\\/www.reclamador.es\\\/blog\\\/wp-content\\\/uploads\\\/2020\\\/07\\\/hospital-2.jpg?fit=1280%2C853&ssl=1\",\"keywords\":[\"negligencias\"],\"articleSection\":[\"Consejos legales\"],\"inLanguage\":\"es\"},{\"@type\":\"WebPage\",\"@id\":\"https:\\\/\\\/www.reclamador.es\\\/blog\\\/problemas-anestesia-reclamar-negligencia\\\/\",\"url\":\"https:\\\/\\\/www.reclamador.es\\\/blog\\\/problemas-anestesia-reclamar-negligencia\\\/\",\"name\":\"Problemas de la anestesia: \u00bfcu\u00e1ndo son reclamables?\",\"isPartOf\":{\"@id\":\"https:\\\/\\\/www.reclamador.es\\\/blog\\\/#website\"},\"primaryImageOfPage\":{\"@id\":\"https:\\\/\\\/www.reclamador.es\\\/blog\\\/problemas-anestesia-reclamar-negligencia\\\/#primaryimage\"},\"image\":{\"@id\":\"https:\\\/\\\/www.reclamador.es\\\/blog\\\/problemas-anestesia-reclamar-negligencia\\\/#primaryimage\"},\"thumbnailUrl\":\"https:\\\/\\\/i0.wp.com\\\/www.reclamador.es\\\/blog\\\/wp-content\\\/uploads\\\/2020\\\/07\\\/hospital-2.jpg?fit=1280%2C853&ssl=1\",\"datePublished\":\"2020-07-16T09:30:00+00:00\",\"dateModified\":\"2024-06-07T08:43:02+00:00\",\"description\":\"\u00bfCu\u00e1les son los problemas de la anestesia m\u00e1s frecuentes? \u00bfCu\u00e1ndo reclamar? Los abogados de negligencias m\u00e9dicas te explican tus derechos como paciente.\",\"breadcrumb\":{\"@id\":\"https:\\\/\\\/www.reclamador.es\\\/blog\\\/problemas-anestesia-reclamar-negligencia\\\/#breadcrumb\"},\"inLanguage\":\"es\",\"potentialAction\":[{\"@type\":\"ReadAction\",\"target\":[\"https:\\\/\\\/www.reclamador.es\\\/blog\\\/problemas-anestesia-reclamar-negligencia\\\/\"]}]},{\"@type\":\"ImageObject\",\"inLanguage\":\"es\",\"@id\":\"https:\\\/\\\/www.reclamador.es\\\/blog\\\/problemas-anestesia-reclamar-negligencia\\\/#primaryimage\",\"url\":\"https:\\\/\\\/i0.wp.com\\\/www.reclamador.es\\\/blog\\\/wp-content\\\/uploads\\\/2020\\\/07\\\/hospital-2.jpg?fit=1280%2C853&ssl=1\",\"contentUrl\":\"https:\\\/\\\/i0.wp.com\\\/www.reclamador.es\\\/blog\\\/wp-content\\\/uploads\\\/2020\\\/07\\\/hospital-2.jpg?fit=1280%2C853&ssl=1\",\"width\":1280,\"height\":853,\"caption\":\"Problemas de la anestesia: c\u00f3mo reclamar una indemnizaci\u00f3n\"},{\"@type\":\"BreadcrumbList\",\"@id\":\"https:\\\/\\\/www.reclamador.es\\\/blog\\\/problemas-anestesia-reclamar-negligencia\\\/#breadcrumb\",\"itemListElement\":[{\"@type\":\"ListItem\",\"position\":1,\"name\":\"Portada\",\"item\":\"https:\\\/\\\/www.reclamador.es\\\/blog\\\/\"},{\"@type\":\"ListItem\",\"position\":2,\"name\":\"\u00bfSon reclamables los problemas de salud derivados de la anestesia?\"}]},{\"@type\":\"WebSite\",\"@id\":\"https:\\\/\\\/www.reclamador.es\\\/blog\\\/#website\",\"url\":\"https:\\\/\\\/www.reclamador.es\\\/blog\\\/\",\"name\":\"Rebeldes con causa, el blog de reclamador.es\",\"description\":\"Noticias, entrevistas y consejos sobre reclamaciones\",\"publisher\":{\"@id\":\"https:\\\/\\\/www.reclamador.es\\\/blog\\\/#organization\"},\"potentialAction\":[{\"@type\":\"SearchAction\",\"target\":{\"@type\":\"EntryPoint\",\"urlTemplate\":\"https:\\\/\\\/www.reclamador.es\\\/blog\\\/?s={search_term_string}\"},\"query-input\":{\"@type\":\"PropertyValueSpecification\",\"valueRequired\":true,\"valueName\":\"search_term_string\"}}],\"inLanguage\":\"es\"},{\"@type\":\"Organization\",\"@id\":\"https:\\\/\\\/www.reclamador.es\\\/blog\\\/#organization\",\"name\":\"reclamador.es\",\"url\":\"https:\\\/\\\/www.reclamador.es\\\/blog\\\/\",\"logo\":{\"@type\":\"ImageObject\",\"inLanguage\":\"es\",\"@id\":\"https:\\\/\\\/www.reclamador.es\\\/blog\\\/#\\\/schema\\\/logo\\\/image\\\/\",\"url\":\"https:\\\/\\\/i0.wp.com\\\/www.reclamador.es\\\/blog\\\/wp-content\\\/uploads\\\/2020\\\/01\\\/logo-reclamador.png?fit=1200%2C144&ssl=1\",\"contentUrl\":\"https:\\\/\\\/i0.wp.com\\\/www.reclamador.es\\\/blog\\\/wp-content\\\/uploads\\\/2020\\\/01\\\/logo-reclamador.png?fit=1200%2C144&ssl=1\",\"width\":1200,\"height\":144,\"caption\":\"reclamador.es\"},\"image\":{\"@id\":\"https:\\\/\\\/www.reclamador.es\\\/blog\\\/#\\\/schema\\\/logo\\\/image\\\/\"},\"sameAs\":[\"https:\\\/\\\/www.facebook.com\\\/reclamador.es\",\"https:\\\/\\\/x.com\\\/reclamador\",\"https:\\\/\\\/www.instagram.com\\\/reclamador.es\\\/\",\"https:\\\/\\\/www.linkedin.com\\\/company\\\/reclamador-es\",\"https:\\\/\\\/www.youtube.com\\\/user\\\/Reclamadores\"]},{\"@type\":\"Person\",\"@id\":\"https:\\\/\\\/www.reclamador.es\\\/blog\\\/#\\\/schema\\\/person\\\/1ed83eef8b6566cb5e4c812d9bc5c4bf\",\"name\":\"Equipo reclamador\",\"image\":{\"@type\":\"ImageObject\",\"inLanguage\":\"es\",\"@id\":\"https:\\\/\\\/secure.gravatar.com\\\/avatar\\\/6442ecdc2c4472c600c113f34d340feca47107d6aa4f42f1e3e75a2a8e28a760?s=96&d=mm&r=g\",\"url\":\"https:\\\/\\\/secure.gravatar.com\\\/avatar\\\/6442ecdc2c4472c600c113f34d340feca47107d6aa4f42f1e3e75a2a8e28a760?s=96&d=mm&r=g\",\"contentUrl\":\"https:\\\/\\\/secure.gravatar.com\\\/avatar\\\/6442ecdc2c4472c600c113f34d340feca47107d6aa4f42f1e3e75a2a8e28a760?s=96&d=mm&r=g\",\"caption\":\"Equipo reclamador\"},\"description\":\"Las personas que hacen posible reclamador.es\",\"url\":\"https:\\\/\\\/www.reclamador.es\\\/blog\\\/author\\\/administrador\\\/\"}]}<\/script>\n<!-- \/ Yoast SEO plugin. -->","yoast_head_json":{"title":"Problemas de la anestesia: \u00bfcu\u00e1ndo son reclamables?","description":"\u00bfCu\u00e1les son los problemas de la anestesia m\u00e1s frecuentes? \u00bfCu\u00e1ndo reclamar? Los abogados de negligencias m\u00e9dicas te explican tus derechos como paciente.","robots":{"index":"index","follow":"follow","max-snippet":"max-snippet:-1","max-image-preview":"max-image-preview:large","max-video-preview":"max-video-preview:-1"},"canonical":"https:\/\/www.reclamador.es\/blog\/problemas-anestesia-reclamar-negligencia\/","og_locale":"es_ES","og_type":"article","og_title":"Problemas de la anestesia: \u00bfcu\u00e1ndo son reclamables?","og_description":"\u00bfCu\u00e1les son los problemas de la anestesia m\u00e1s frecuentes? \u00bfCu\u00e1ndo reclamar? Los abogados de negligencias m\u00e9dicas te explican tus derechos como paciente.","og_url":"https:\/\/www.reclamador.es\/blog\/problemas-anestesia-reclamar-negligencia\/","og_site_name":"Rebeldes con causa, el blog de reclamador.es","article_publisher":"https:\/\/www.facebook.com\/reclamador.es","article_published_time":"2020-07-16T09:30:00+00:00","article_modified_time":"2024-06-07T08:43:02+00:00","og_image":[{"width":1280,"height":853,"url":"https:\/\/www.reclamador.es\/blog\/wp-content\/uploads\/2020\/07\/hospital-2.jpg","type":"image\/jpeg"}],"author":"Equipo reclamador","twitter_card":"summary_large_image","twitter_creator":"@reclamador","twitter_site":"@reclamador","twitter_misc":{"Escrito por":"Equipo reclamador","Tiempo de lectura":"4 minutos"},"schema":{"@context":"https:\/\/schema.org","@graph":[{"@type":"Article","@id":"https:\/\/www.reclamador.es\/blog\/problemas-anestesia-reclamar-negligencia\/#article","isPartOf":{"@id":"https:\/\/www.reclamador.es\/blog\/problemas-anestesia-reclamar-negligencia\/"},"author":{"name":"Equipo reclamador","@id":"https:\/\/www.reclamador.es\/blog\/#\/schema\/person\/1ed83eef8b6566cb5e4c812d9bc5c4bf"},"headline":"\u00bfSon reclamables los problemas de salud derivados de la anestesia?","datePublished":"2020-07-16T09:30:00+00:00","dateModified":"2024-06-07T08:43:02+00:00","mainEntityOfPage":{"@id":"https:\/\/www.reclamador.es\/blog\/problemas-anestesia-reclamar-negligencia\/"},"wordCount":766,"publisher":{"@id":"https:\/\/www.reclamador.es\/blog\/#organization"},"image":{"@id":"https:\/\/www.reclamador.es\/blog\/problemas-anestesia-reclamar-negligencia\/#primaryimage"},"thumbnailUrl":"https:\/\/i0.wp.com\/www.reclamador.es\/blog\/wp-content\/uploads\/2020\/07\/hospital-2.jpg?fit=1280%2C853&ssl=1","keywords":["negligencias"],"articleSection":["Consejos legales"],"inLanguage":"es"},{"@type":"WebPage","@id":"https:\/\/www.reclamador.es\/blog\/problemas-anestesia-reclamar-negligencia\/","url":"https:\/\/www.reclamador.es\/blog\/problemas-anestesia-reclamar-negligencia\/","name":"Problemas de la anestesia: \u00bfcu\u00e1ndo son reclamables?","isPartOf":{"@id":"https:\/\/www.reclamador.es\/blog\/#website"},"primaryImageOfPage":{"@id":"https:\/\/www.reclamador.es\/blog\/problemas-anestesia-reclamar-negligencia\/#primaryimage"},"image":{"@id":"https:\/\/www.reclamador.es\/blog\/problemas-anestesia-reclamar-negligencia\/#primaryimage"},"thumbnailUrl":"https:\/\/i0.wp.com\/www.reclamador.es\/blog\/wp-content\/uploads\/2020\/07\/hospital-2.jpg?fit=1280%2C853&ssl=1","datePublished":"2020-07-16T09:30:00+00:00","dateModified":"2024-06-07T08:43:02+00:00","description":"\u00bfCu\u00e1les son los problemas de la anestesia m\u00e1s frecuentes? \u00bfCu\u00e1ndo reclamar? Los abogados de negligencias m\u00e9dicas te explican tus derechos como paciente.","breadcrumb":{"@id":"https:\/\/www.reclamador.es\/blog\/problemas-anestesia-reclamar-negligencia\/#breadcrumb"},"inLanguage":"es","potentialAction":[{"@type":"ReadAction","target":["https:\/\/www.reclamador.es\/blog\/problemas-anestesia-reclamar-negligencia\/"]}]},{"@type":"ImageObject","inLanguage":"es","@id":"https:\/\/www.reclamador.es\/blog\/problemas-anestesia-reclamar-negligencia\/#primaryimage","url":"https:\/\/i0.wp.com\/www.reclamador.es\/blog\/wp-content\/uploads\/2020\/07\/hospital-2.jpg?fit=1280%2C853&ssl=1","contentUrl":"https:\/\/i0.wp.com\/www.reclamador.es\/blog\/wp-content\/uploads\/2020\/07\/hospital-2.jpg?fit=1280%2C853&ssl=1","width":1280,"height":853,"caption":"Problemas de la anestesia: c\u00f3mo reclamar una indemnizaci\u00f3n"},{"@type":"BreadcrumbList","@id":"https:\/\/www.reclamador.es\/blog\/problemas-anestesia-reclamar-negligencia\/#breadcrumb","itemListElement":[{"@type":"ListItem","position":1,"name":"Portada","item":"https:\/\/www.reclamador.es\/blog\/"},{"@type":"ListItem","position":2,"name":"\u00bfSon reclamables los problemas de salud derivados de la anestesia?"}]},{"@type":"WebSite","@id":"https:\/\/www.reclamador.es\/blog\/#website","url":"https:\/\/www.reclamador.es\/blog\/","name":"Rebeldes con causa, el blog de reclamador.es","description":"Noticias, entrevistas y consejos sobre reclamaciones","publisher":{"@id":"https:\/\/www.reclamador.es\/blog\/#organization"},"potentialAction":[{"@type":"SearchAction","target":{"@type":"EntryPoint","urlTemplate":"https:\/\/www.reclamador.es\/blog\/?s={search_term_string}"},"query-input":{"@type":"PropertyValueSpecification","valueRequired":true,"valueName":"search_term_string"}}],"inLanguage":"es"},{"@type":"Organization","@id":"https:\/\/www.reclamador.es\/blog\/#organization","name":"reclamador.es","url":"https:\/\/www.reclamador.es\/blog\/","logo":{"@type":"ImageObject","inLanguage":"es","@id":"https:\/\/www.reclamador.es\/blog\/#\/schema\/logo\/image\/","url":"https:\/\/i0.wp.com\/www.reclamador.es\/blog\/wp-content\/uploads\/2020\/01\/logo-reclamador.png?fit=1200%2C144&ssl=1","contentUrl":"https:\/\/i0.wp.com\/www.reclamador.es\/blog\/wp-content\/uploads\/2020\/01\/logo-reclamador.png?fit=1200%2C144&ssl=1","width":1200,"height":144,"caption":"reclamador.es"},"image":{"@id":"https:\/\/www.reclamador.es\/blog\/#\/schema\/logo\/image\/"},"sameAs":["https:\/\/www.facebook.com\/reclamador.es","https:\/\/x.com\/reclamador","https:\/\/www.instagram.com\/reclamador.es\/","https:\/\/www.linkedin.com\/company\/reclamador-es","https:\/\/www.youtube.com\/user\/Reclamadores"]},{"@type":"Person","@id":"https:\/\/www.reclamador.es\/blog\/#\/schema\/person\/1ed83eef8b6566cb5e4c812d9bc5c4bf","name":"Equipo reclamador","image":{"@type":"ImageObject","inLanguage":"es","@id":"https:\/\/secure.gravatar.com\/avatar\/6442ecdc2c4472c600c113f34d340feca47107d6aa4f42f1e3e75a2a8e28a760?s=96&d=mm&r=g","url":"https:\/\/secure.gravatar.com\/avatar\/6442ecdc2c4472c600c113f34d340feca47107d6aa4f42f1e3e75a2a8e28a760?s=96&d=mm&r=g","contentUrl":"https:\/\/secure.gravatar.com\/avatar\/6442ecdc2c4472c600c113f34d340feca47107d6aa4f42f1e3e75a2a8e28a760?s=96&d=mm&r=g","caption":"Equipo reclamador"},"description":"Las personas que hacen posible reclamador.es","url":"https:\/\/www.reclamador.es\/blog\/author\/administrador\/"}]}},"jetpack_featured_media_url":"https:\/\/i0.wp.com\/www.reclamador.es\/blog\/wp-content\/uploads\/2020\/07\/hospital-2.jpg?fit=1280%2C853&ssl=1","jetpack-related-posts":[{"id":18410,"url":"https:\/\/www.reclamador.es\/blog\/problemas-frecuentes-cirugia-plastica\/","url_meta":{"origin":18991,"position":0},"title":"Los 5 problemas m\u00e1s frecuentes de la cirug\u00eda pl\u00e1stica","author":"Esperanza Palacio","date":"1 marzo, 2021","format":false,"excerpt":"Aumento de pecho, liposucci\u00f3n y abdominoplastia, estas son las tres intervenciones de cirug\u00eda pl\u00e1stica m\u00e1s demandadas en Espa\u00f1a, seg\u00fan la Sociedad Espa\u00f1ola de Cirug\u00eda Pl\u00e1stica, Reparadora y Est\u00e9tica (SECPRE). Y casi el 17% de las intervenciones de cirug\u00eda est\u00e9tica que se realizan en nuestro pa\u00eds son para corregir intervenciones anteriores,\u2026","rel":"","context":"En \u00abConsejos legales\u00bb","block_context":{"text":"Consejos legales","link":"https:\/\/www.reclamador.es\/blog\/consejos\/"},"img":{"alt_text":"problemas cirug\u00eda pl\u00e1stica reclamador","src":"https:\/\/i0.wp.com\/www.reclamador.es\/blog\/wp-content\/uploads\/2018\/06\/problemas-cirug%C3%ADa-pl%C3%A1stica.jpg?fit=1200%2C791&ssl=1&resize=350%2C200","width":350,"height":200,"srcset":"https:\/\/i0.wp.com\/www.reclamador.es\/blog\/wp-content\/uploads\/2018\/06\/problemas-cirug%C3%ADa-pl%C3%A1stica.jpg?fit=1200%2C791&ssl=1&resize=350%2C200 1x, https:\/\/i0.wp.com\/www.reclamador.es\/blog\/wp-content\/uploads\/2018\/06\/problemas-cirug%C3%ADa-pl%C3%A1stica.jpg?fit=1200%2C791&ssl=1&resize=525%2C300 1.5x, https:\/\/i0.wp.com\/www.reclamador.es\/blog\/wp-content\/uploads\/2018\/06\/problemas-cirug%C3%ADa-pl%C3%A1stica.jpg?fit=1200%2C791&ssl=1&resize=700%2C400 2x, https:\/\/i0.wp.com\/www.reclamador.es\/blog\/wp-content\/uploads\/2018\/06\/problemas-cirug%C3%ADa-pl%C3%A1stica.jpg?fit=1200%2C791&ssl=1&resize=1050%2C600 3x"},"classes":[]},{"id":7885,"url":"https:\/\/www.reclamador.es\/blog\/que-es-una-negligencia-dental-y-como-se-puede-reclamar\/","url_meta":{"origin":18991,"position":1},"title":"\u00bfQu\u00e9 es una negligencia dental y c\u00f3mo se puede reclamar?","author":"Equipo reclamador","date":"9 diciembre, 2018","format":false,"excerpt":"*Contenido revisado mayo 2025 Seg\u00fan el Colegio de Odont\u00f3logos, las reclamaciones dentales han aumentado un 30% en los \u00faltimos cinco a\u00f1os. A \u00e9stas, habr\u00eda que sumar las que se presentan directamente ante las oficinas del consumidor y las propias cl\u00ednicas. Seg\u00fan nuestros datos, podr\u00eda haber m\u00e1s de 20.000 reclamaciones en\u2026","rel":"","context":"En \u00abConsejos legales\u00bb","block_context":{"text":"Consejos legales","link":"https:\/\/www.reclamador.es\/blog\/consejos\/"},"img":{"alt_text":"reclamaciones dentistas","src":"https:\/\/i0.wp.com\/www.reclamador.es\/blog\/wp-content\/uploads\/2017\/05\/negligencia-dental.jpg?fit=1200%2C697&ssl=1&resize=350%2C200","width":350,"height":200,"srcset":"https:\/\/i0.wp.com\/www.reclamador.es\/blog\/wp-content\/uploads\/2017\/05\/negligencia-dental.jpg?fit=1200%2C697&ssl=1&resize=350%2C200 1x, https:\/\/i0.wp.com\/www.reclamador.es\/blog\/wp-content\/uploads\/2017\/05\/negligencia-dental.jpg?fit=1200%2C697&ssl=1&resize=525%2C300 1.5x, https:\/\/i0.wp.com\/www.reclamador.es\/blog\/wp-content\/uploads\/2017\/05\/negligencia-dental.jpg?fit=1200%2C697&ssl=1&resize=700%2C400 2x, https:\/\/i0.wp.com\/www.reclamador.es\/blog\/wp-content\/uploads\/2017\/05\/negligencia-dental.jpg?fit=1200%2C697&ssl=1&resize=1050%2C600 3x"},"classes":[]},{"id":8265,"url":"https:\/\/www.reclamador.es\/blog\/las-10-negligencias-dentales-mas-comunes\/","url_meta":{"origin":18991,"position":2},"title":"Las 10 negligencias dentales m\u00e1s comunes","author":"Equipo reclamador","date":"23 mayo, 2017","format":false,"excerpt":"Hace unos d\u00edas te cont\u00e1bamos en un post qu\u00e9 es una negligencia dental y c\u00f3mo se puede reclamar. Hoy queremos hablarte de cu\u00e1les son las m\u00e1s comunes: La aplicaci\u00f3n de un tratamiento inapropiado Por ejemplo, realizar un implante sin que se den las condiciones apropiadas para ello como puede ser\u2026","rel":"","context":"En \u00abConsejos legales\u00bb","block_context":{"text":"Consejos legales","link":"https:\/\/www.reclamador.es\/blog\/consejos\/"},"img":{"alt_text":"","src":"https:\/\/i0.wp.com\/www.reclamador.es\/blog\/wp-content\/uploads\/2017\/05\/daniel-frank-201417_1.jpg?fit=1200%2C800&ssl=1&resize=350%2C200","width":350,"height":200,"srcset":"https:\/\/i0.wp.com\/www.reclamador.es\/blog\/wp-content\/uploads\/2017\/05\/daniel-frank-201417_1.jpg?fit=1200%2C800&ssl=1&resize=350%2C200 1x, https:\/\/i0.wp.com\/www.reclamador.es\/blog\/wp-content\/uploads\/2017\/05\/daniel-frank-201417_1.jpg?fit=1200%2C800&ssl=1&resize=525%2C300 1.5x, https:\/\/i0.wp.com\/www.reclamador.es\/blog\/wp-content\/uploads\/2017\/05\/daniel-frank-201417_1.jpg?fit=1200%2C800&ssl=1&resize=700%2C400 2x, https:\/\/i0.wp.com\/www.reclamador.es\/blog\/wp-content\/uploads\/2017\/05\/daniel-frank-201417_1.jpg?fit=1200%2C800&ssl=1&resize=1050%2C600 3x"},"classes":[]},{"id":18553,"url":"https:\/\/www.reclamador.es\/blog\/cirugia-de-columna-vertebral\/","url_meta":{"origin":18991,"position":3},"title":"\u00bfEn qu\u00e9 casos se pueden reclamar los problemas de una cirug\u00eda de columna vertebral?","author":"Equipo reclamador","date":"28 junio, 2020","format":false,"excerpt":"La espalda y, m\u00e1s concretamente, la columna vertebral es uno de los pilares del cuerpo para llevar una vida saludable. Una de las funciones de la columna vertebral es proteger el sistema nervioso de nuestro organismo. Es por esto que la cirug\u00eda de columna vertebral causa mucho temor entre los\u2026","rel":"","context":"En \u00abConsejos legales\u00bb","block_context":{"text":"Consejos legales","link":"https:\/\/www.reclamador.es\/blog\/consejos\/"},"img":{"alt_text":"negligencia cirug\u00eda columna vertebral reclamador","src":"https:\/\/i0.wp.com\/www.reclamador.es\/blog\/wp-content\/uploads\/2018\/06\/cirugia-columna-vertebral-reclamador.jpg?fit=1200%2C790&ssl=1&resize=350%2C200","width":350,"height":200,"srcset":"https:\/\/i0.wp.com\/www.reclamador.es\/blog\/wp-content\/uploads\/2018\/06\/cirugia-columna-vertebral-reclamador.jpg?fit=1200%2C790&ssl=1&resize=350%2C200 1x, https:\/\/i0.wp.com\/www.reclamador.es\/blog\/wp-content\/uploads\/2018\/06\/cirugia-columna-vertebral-reclamador.jpg?fit=1200%2C790&ssl=1&resize=525%2C300 1.5x, https:\/\/i0.wp.com\/www.reclamador.es\/blog\/wp-content\/uploads\/2018\/06\/cirugia-columna-vertebral-reclamador.jpg?fit=1200%2C790&ssl=1&resize=700%2C400 2x, https:\/\/i0.wp.com\/www.reclamador.es\/blog\/wp-content\/uploads\/2018\/06\/cirugia-columna-vertebral-reclamador.jpg?fit=1200%2C790&ssl=1&resize=1050%2C600 3x"},"classes":[]},{"id":19628,"url":"https:\/\/www.reclamador.es\/blog\/reclamar-ortodoncia-dentista\/","url_meta":{"origin":18991,"position":4},"title":"Mal resultado de ortodoncia: \u00bfcu\u00e1ndo se puede reclamar?","author":"Equipo reclamador","date":"28 septiembre, 2018","format":false,"excerpt":"Con el tratamiento de ortodoncia se diagnostican y corrigen los problemas en la forma y posici\u00f3n de los dientes. Un tratamiento que es evaluado y llevado a cabo, habitualmente, por un ortodoncista.\u00a0 En reclamador.es vamos a explicarte qu\u00e9 puedes hacer si el resultado final de la ortodoncia no es el\u2026","rel":"","context":"En \u00abConsejos legales\u00bb","block_context":{"text":"Consejos legales","link":"https:\/\/www.reclamador.es\/blog\/consejos\/"},"img":{"alt_text":"negligencias dentales - mal resultado de ortodoncia","src":"https:\/\/i0.wp.com\/www.reclamador.es\/blog\/wp-content\/uploads\/2018\/09\/mal-resultado-de-la-ortodoncia.jpg?fit=1200%2C693&ssl=1&resize=350%2C200","width":350,"height":200,"srcset":"https:\/\/i0.wp.com\/www.reclamador.es\/blog\/wp-content\/uploads\/2018\/09\/mal-resultado-de-la-ortodoncia.jpg?fit=1200%2C693&ssl=1&resize=350%2C200 1x, https:\/\/i0.wp.com\/www.reclamador.es\/blog\/wp-content\/uploads\/2018\/09\/mal-resultado-de-la-ortodoncia.jpg?fit=1200%2C693&ssl=1&resize=525%2C300 1.5x, https:\/\/i0.wp.com\/www.reclamador.es\/blog\/wp-content\/uploads\/2018\/09\/mal-resultado-de-la-ortodoncia.jpg?fit=1200%2C693&ssl=1&resize=700%2C400 2x, https:\/\/i0.wp.com\/www.reclamador.es\/blog\/wp-content\/uploads\/2018\/09\/mal-resultado-de-la-ortodoncia.jpg?fit=1200%2C693&ssl=1&resize=1050%2C600 3x"},"classes":[]},{"id":20397,"url":"https:\/\/www.reclamador.es\/blog\/complicaciones-protesis-de-cadera\/","url_meta":{"origin":18991,"position":5},"title":"Complicaciones despu\u00e9s de la operaci\u00f3n de pr\u00f3tesis de cadera: \u00bfcu\u00e1ndo reclamar?","author":"Equipo reclamador","date":"4 agosto, 2020","format":false,"excerpt":"La operaci\u00f3n de reemplazo de cadera es una de las m\u00e1s habituales en Espa\u00f1a, pues es un tratamiento que se lleva a cabo no solo cuando se produce una grave fisura en esta parte del cuerpo, sino tambi\u00e9n para combatir problemas de artrosis, ya que ayuda a disminuir los dolores\u2026","rel":"","context":"En \u00abConsejos legales\u00bb","block_context":{"text":"Consejos legales","link":"https:\/\/www.reclamador.es\/blog\/consejos\/"},"img":{"alt_text":"complicaciones protesis cadera negligencia reclamador","src":"https:\/\/i0.wp.com\/www.reclamador.es\/blog\/wp-content\/uploads\/2018\/12\/complicaciones-protesis-cadera-reclamador.jpg?fit=1200%2C800&ssl=1&resize=350%2C200","width":350,"height":200,"srcset":"https:\/\/i0.wp.com\/www.reclamador.es\/blog\/wp-content\/uploads\/2018\/12\/complicaciones-protesis-cadera-reclamador.jpg?fit=1200%2C800&ssl=1&resize=350%2C200 1x, https:\/\/i0.wp.com\/www.reclamador.es\/blog\/wp-content\/uploads\/2018\/12\/complicaciones-protesis-cadera-reclamador.jpg?fit=1200%2C800&ssl=1&resize=525%2C300 1.5x, https:\/\/i0.wp.com\/www.reclamador.es\/blog\/wp-content\/uploads\/2018\/12\/complicaciones-protesis-cadera-reclamador.jpg?fit=1200%2C800&ssl=1&resize=700%2C400 2x, https:\/\/i0.wp.com\/www.reclamador.es\/blog\/wp-content\/uploads\/2018\/12\/complicaciones-protesis-cadera-reclamador.jpg?fit=1200%2C800&ssl=1&resize=1050%2C600 3x"},"classes":[]}],"jetpack_sharing_enabled":true,"_links":{"self":[{"href":"https:\/\/www.reclamador.es\/blog\/wp-json\/wp\/v2\/posts\/18991","targetHints":{"allow":["GET"]}}],"collection":[{"href":"https:\/\/www.reclamador.es\/blog\/wp-json\/wp\/v2\/posts"}],"about":[{"href":"https:\/\/www.reclamador.es\/blog\/wp-json\/wp\/v2\/types\/post"}],"author":[{"embeddable":true,"href":"https:\/\/www.reclamador.es\/blog\/wp-json\/wp\/v2\/users\/1"}],"replies":[{"embeddable":true,"href":"https:\/\/www.reclamador.es\/blog\/wp-json\/wp\/v2\/comments?post=18991"}],"version-history":[{"count":15,"href":"https:\/\/www.reclamador.es\/blog\/wp-json\/wp\/v2\/posts\/18991\/revisions"}],"predecessor-version":[{"id":32445,"href":"https:\/\/www.reclamador.es\/blog\/wp-json\/wp\/v2\/posts\/18991\/revisions\/32445"}],"wp:featuredmedia":[{"embeddable":true,"href":"https:\/\/www.reclamador.es\/blog\/wp-json\/wp\/v2\/media\/27571"}],"wp:attachment":[{"href":"https:\/\/www.reclamador.es\/blog\/wp-json\/wp\/v2\/media?parent=18991"}],"wp:term":[{"taxonomy":"category","embeddable":true,"href":"https:\/\/www.reclamador.es\/blog\/wp-json\/wp\/v2\/categories?post=18991"},{"taxonomy":"post_tag","embeddable":true,"href":"https:\/\/www.reclamador.es\/blog\/wp-json\/wp\/v2\/tags?post=18991"}],"curies":[{"name":"wp","href":"https:\/\/api.w.org\/{rel}","templated":true}]}}