{"id":18828,"date":"2020-11-18T10:30:19","date_gmt":"2020-11-18T09:30:19","guid":{"rendered":"https:\/\/www.reclamador.es\/blog\/?p=18828"},"modified":"2023-10-18T10:42:22","modified_gmt":"2023-10-18T08:42:22","slug":"denuncias-residencias-ancianos","status":"publish","type":"post","link":"https:\/\/www.reclamador.es\/blog\/denuncias-residencias-ancianos\/","title":{"rendered":"Negligencias en residencias de la tercera edad: \u00bfqu\u00e9 es reclamable?"},"content":{"rendered":"<div class=\"ttr_start\"><\/div>\n\n<div class=\"kk-star-ratings kksr-auto kksr-align-right kksr-valign-top\"\n    data-payload='{&quot;align&quot;:&quot;right&quot;,&quot;id&quot;:&quot;18828&quot;,&quot;slug&quot;:&quot;default&quot;,&quot;valign&quot;:&quot;top&quot;,&quot;ignore&quot;:&quot;&quot;,&quot;reference&quot;:&quot;auto&quot;,&quot;class&quot;:&quot;&quot;,&quot;count&quot;:&quot;37&quot;,&quot;legendonly&quot;:&quot;&quot;,&quot;readonly&quot;:&quot;&quot;,&quot;score&quot;:&quot;4.1&quot;,&quot;starsonly&quot;:&quot;&quot;,&quot;best&quot;:&quot;5&quot;,&quot;gap&quot;:&quot;3&quot;,&quot;greet&quot;:&quot;Valora este art\u00edculo&quot;,&quot;legend&quot;:&quot;4.1\\\/5 - (37 votos)&quot;,&quot;size&quot;:&quot;20&quot;,&quot;title&quot;:&quot;Negligencias en residencias de la tercera edad: \u00bfqu\u00e9 es reclamable?&quot;,&quot;width&quot;:&quot;92.8&quot;,&quot;_legend&quot;:&quot;{score}\\\/{best} - ({count} {votes})&quot;,&quot;font_factor&quot;:&quot;1.25&quot;}'>\n            \n<div class=\"kksr-stars\">\n    \n<div class=\"kksr-stars-inactive\">\n            <div class=\"kksr-star\" data-star=\"1\" style=\"padding-right: 3px\">\n            \n\n<div class=\"kksr-icon\" style=\"width: 20px; height: 20px;\"><\/div>\n        <\/div>\n            <div class=\"kksr-star\" data-star=\"2\" style=\"padding-right: 3px\">\n            \n\n<div class=\"kksr-icon\" style=\"width: 20px; height: 20px;\"><\/div>\n        <\/div>\n            <div class=\"kksr-star\" data-star=\"3\" style=\"padding-right: 3px\">\n            \n\n<div class=\"kksr-icon\" style=\"width: 20px; height: 20px;\"><\/div>\n        <\/div>\n            <div class=\"kksr-star\" data-star=\"4\" style=\"padding-right: 3px\">\n            \n\n<div class=\"kksr-icon\" style=\"width: 20px; height: 20px;\"><\/div>\n        <\/div>\n            <div class=\"kksr-star\" data-star=\"5\" style=\"padding-right: 3px\">\n            \n\n<div class=\"kksr-icon\" style=\"width: 20px; height: 20px;\"><\/div>\n        <\/div>\n    <\/div>\n    \n<div class=\"kksr-stars-active\" style=\"width: 92.8px;\">\n            <div class=\"kksr-star\" style=\"padding-right: 3px\">\n            \n\n<div class=\"kksr-icon\" style=\"width: 20px; height: 20px;\"><\/div>\n        <\/div>\n            <div class=\"kksr-star\" style=\"padding-right: 3px\">\n            \n\n<div class=\"kksr-icon\" style=\"width: 20px; height: 20px;\"><\/div>\n        <\/div>\n            <div class=\"kksr-star\" style=\"padding-right: 3px\">\n            \n\n<div class=\"kksr-icon\" style=\"width: 20px; height: 20px;\"><\/div>\n        <\/div>\n            <div class=\"kksr-star\" style=\"padding-right: 3px\">\n            \n\n<div class=\"kksr-icon\" style=\"width: 20px; height: 20px;\"><\/div>\n        <\/div>\n            <div class=\"kksr-star\" style=\"padding-right: 3px\">\n            \n\n<div class=\"kksr-icon\" style=\"width: 20px; height: 20px;\"><\/div>\n        <\/div>\n    <\/div>\n<\/div>\n                \n\n<div class=\"kksr-legend\" style=\"font-size: 16px;\">\n            4.1\/5 - (37 votos)    <\/div>\n    <\/div>\n<figure id=\"attachment_27650\" aria-describedby=\"caption-attachment-27650\" style=\"width: 1920px\" class=\"wp-caption aligncenter\"><img data-recalc-dims=\"1\" loading=\"lazy\" decoding=\"async\" class=\"wp-image-27650 size-full\" src=\"https:\/\/i0.wp.com\/www.reclamador.es\/blog\/wp-content\/uploads\/2018\/07\/residencias-ancianos.jpg?resize=1920%2C1280&#038;ssl=1\" alt=\"Denuncias a residencias de ancianos: \u00bfC\u00f3mo reclamar una negligencia?\" width=\"1920\" height=\"1280\" srcset=\"https:\/\/i0.wp.com\/www.reclamador.es\/blog\/wp-content\/uploads\/2018\/07\/residencias-ancianos.jpg?w=1920&amp;ssl=1 1920w, https:\/\/i0.wp.com\/www.reclamador.es\/blog\/wp-content\/uploads\/2018\/07\/residencias-ancianos.jpg?resize=800%2C533&amp;ssl=1 800w, https:\/\/i0.wp.com\/www.reclamador.es\/blog\/wp-content\/uploads\/2018\/07\/residencias-ancianos.jpg?resize=150%2C100&amp;ssl=1 150w, https:\/\/i0.wp.com\/www.reclamador.es\/blog\/wp-content\/uploads\/2018\/07\/residencias-ancianos.jpg?resize=768%2C512&amp;ssl=1 768w, https:\/\/i0.wp.com\/www.reclamador.es\/blog\/wp-content\/uploads\/2018\/07\/residencias-ancianos.jpg?resize=1536%2C1024&amp;ssl=1 1536w\" sizes=\"auto, (max-width: 1000px) 100vw, 1000px\" \/><figcaption id=\"caption-attachment-27650\" class=\"wp-caption-text\"><em>Denuncias a residencias de ancianos: \u00bfC\u00f3mo reclamar una negligencia?<\/em><\/figcaption><\/figure>\n<p><span style=\"font-weight: 400;\">Hay muchas personas que llegan al tramo final vital sin que nadie pueda cuidarlas y atender sus necesidades. Cuando llega el momento de abandonar el hogar e ingresar en una residencia, son muchas las dudas que surgen en torno al buen cuidado de los abuelos. La fragilidad y la falta de seguridad, caracter\u00edsticas presentes en muchas de las personas mayores, hacen que el colectivo de la tercera edad sea uno de los m\u00e1s vulnerables de la sociedad. Violencia f\u00edsica o emocional, maltrato a personas mayores, enfermedades que no han sido tratadas correctamente, infecciones, mala administraci\u00f3n de medicamentos\u2026 \u00bfCu\u00e1les son los problemas m\u00e1s frecuentes en las residencias de mayores y c\u00f3mo saber si se podr\u00eda reclamar? <\/span><\/p>\n<p><span style=\"font-weight: 400;\">A continuaci\u00f3n te resolvemos los principales interrogantes que puedes plantearte a la hora de afrontar una mala praxis por parte de una residencia de la tercera edad. <\/span><\/p>\n<h6 style=\"text-align: center;\"><strong><a href=\"https:\/\/www.reclamador.es\/blog\/abogado-negligencias-medicas\/\">Funciones del abogado experto en negligencias m\u00e9dicas<\/a><\/strong><\/h6>\n<h2><b>Negligencias m\u00e1s comunes en residencias de la tercera edad<\/b><\/h2>\n<p><span style=\"font-weight: 400;\">Las reclamaciones m\u00e1s comunes en este tipo de <a href=\"https:\/\/www.mscbs.gob.es\/profesionales\/saludPublica\/ccayes\/alertasActual\/nCov\/documentos\/Centros_sociosanitarios.pdf\" target=\"_blank\" rel=\"noopener noreferrer\">residencias<\/a> se dan principalmente en dos supuestos:<\/span><\/p>\n<ul>\n<li style=\"font-weight: 400;\"><b>Falta de atenci\u00f3n o vigilancia.<\/b><span style=\"font-weight: 400;\"> Muchos de los pacientes de estas residencias necesitan unos cuidados especiales al tener movilidad reducida, de tal manera que si no se vigila a estos paciente o no se les ayuda en determinadas situaciones se pueden caer, produci\u00e9ndose lesiones o incluso el fallecimiento. <\/span><\/li>\n<li style=\"font-weight: 400;\"><b>Incorrecta revisi\u00f3n m\u00e9dica<\/b><span style=\"font-weight: 400;\">. Los m\u00e9dicos que est\u00e1n en las residencias tienen labores \u00fanicamente de control. Ante la aparici\u00f3n de cualquier s\u00edntoma sospechoso o cualquier anomal\u00eda han de derivar al enfermo al servicio de urgencias correspondiente. Por tanto, cuando se incumple esta obligaci\u00f3n, es decir, el m\u00e9dico interno de la residencia no detecta alteraciones en la salud del paciente y no le deriva al correspondiente servicio, tambi\u00e9n puede existir una negligencia.<\/span><\/li>\n<\/ul>\n<h2><b>Denuncias a residencias de ancianos. \u00bfEs posible reclamar a un geri\u00e1trico?<\/b><\/h2>\n<p><span style=\"font-weight: 400;\">A la pregunta de si ante una negligencia, como por ejemplo el\u00a0<a href=\"https:\/\/www.reclamador.es\/blog\/maltratos-en-residencias-geriatricas\/\">maltrato a personas mayores por parte del centro de la tercera edad <\/a><\/span><b>se puede reclamar, la respuesta es s\u00ed<\/b><span style=\"font-weight: 400;\">. Pero para ello, es necesario contar con el historial cl\u00ednico y las pruebas que puedan acreditar que la lesi\u00f3n o incluso, fallecimiento, son consecuencia de una mala praxis del centro de la tercera edad.<\/span><\/p>\n<p><span style=\"font-weight: 400;\">En estos casos, tambi\u00e9n es fundamental que un perito m\u00e9dico valore toda la documentaci\u00f3n. Ya que este profesional determinar\u00e1 si se realizaron los protocolos y tratamientos correctos. O si por el contrario, se produjo una actitud negligente.<\/span><\/p>\n<p><span style=\"font-weight: 400;\">La actuaci\u00f3n conjunta de un perito m\u00e9dico y un abogado determinar\u00e1 la posible existencia de una negligencia m\u00e9dica y la viabilidad de la reclamaci\u00f3n.<\/span><\/p>\n<div class=\"ttr_end\"><\/div>","protected":false},"excerpt":{"rendered":"<p>Hay muchas personas que llegan al tramo final vital sin que nadie pueda cuidarlas y atender sus necesidades. Cuando llega el momento de abandonar el hogar e ingresar en una residencia, son muchas las dudas que surgen en torno al buen cuidado de los abuelos. La fragilidad y la falta de seguridad, caracter\u00edsticas presentes en [&hellip;]<\/p>\n","protected":false},"author":1,"featured_media":27650,"comment_status":"closed","ping_status":"open","sticky":false,"template":"","format":"standard","meta":{"_acf_changed":false,"_genesis_hide_title":false,"_genesis_hide_breadcrumbs":false,"_genesis_hide_singular_image":false,"_genesis_hide_footer_widgets":false,"_genesis_custom_body_class":"","_genesis_custom_post_class":"","_genesis_layout":"","_jetpack_newsletter_access":"","_jetpack_dont_email_post_to_subs":false,"_jetpack_newsletter_tier_id":0,"_jetpack_memberships_contains_paywalled_content":false,"_jetpack_memberships_contains_paid_content":false,"footnotes":""},"categories":[393],"tags":[255],"class_list":{"0":"post-18828","1":"post","2":"type-post","3":"status-publish","4":"format-standard","5":"has-post-thumbnail","7":"category-consejos","8":"tag-indemnizacion","9":"entry"},"acf":[],"yoast_head":"<!-- This site is optimized with the Yoast SEO plugin v27.4 - https:\/\/yoast.com\/product\/yoast-seo-wordpress\/ -->\n<title>Denuncias a residencias de ancianos \u00bfcu\u00e1ndo es posible?<\/title>\n<meta name=\"description\" content=\"Las denuncias a residencias de ancianos han crecido \u00faltimamente. \u00bfC\u00f3mo saber si se ha cometido una negligencia y qu\u00e9 se puede reclamar?\" \/>\n<meta name=\"robots\" content=\"index, follow, max-snippet:-1, max-image-preview:large, max-video-preview:-1\" \/>\n<link rel=\"canonical\" href=\"https:\/\/www.reclamador.es\/blog\/denuncias-residencias-ancianos\/\" \/>\n<meta property=\"og:locale\" content=\"es_ES\" \/>\n<meta property=\"og:type\" content=\"article\" \/>\n<meta property=\"og:title\" content=\"Denuncias a residencias de ancianos \u00bfcu\u00e1ndo es posible?\" \/>\n<meta property=\"og:description\" content=\"Las denuncias a residencias de ancianos han crecido \u00faltimamente. \u00bfC\u00f3mo saber si se ha cometido una negligencia y qu\u00e9 se puede reclamar?\" \/>\n<meta property=\"og:url\" content=\"https:\/\/www.reclamador.es\/blog\/denuncias-residencias-ancianos\/\" \/>\n<meta property=\"og:site_name\" content=\"Rebeldes con causa, el blog de reclamador.es\" \/>\n<meta property=\"article:publisher\" content=\"https:\/\/www.facebook.com\/reclamador.es\" \/>\n<meta property=\"article:published_time\" content=\"2020-11-18T09:30:19+00:00\" \/>\n<meta property=\"article:modified_time\" content=\"2023-10-18T08:42:22+00:00\" \/>\n<meta property=\"og:image\" content=\"https:\/\/i0.wp.com\/www.reclamador.es\/blog\/wp-content\/uploads\/2018\/07\/residencias-ancianos.jpg?fit=1920%2C1280&ssl=1\" \/>\n\t<meta property=\"og:image:width\" content=\"1920\" \/>\n\t<meta property=\"og:image:height\" content=\"1280\" \/>\n\t<meta property=\"og:image:type\" content=\"image\/jpeg\" \/>\n<meta name=\"author\" content=\"Equipo reclamador\" \/>\n<meta name=\"twitter:card\" content=\"summary_large_image\" \/>\n<meta name=\"twitter:creator\" content=\"@reclamador\" \/>\n<meta name=\"twitter:site\" content=\"@reclamador\" \/>\n<meta name=\"twitter:label1\" content=\"Escrito por\" \/>\n\t<meta name=\"twitter:data1\" content=\"Equipo reclamador\" \/>\n\t<meta name=\"twitter:label2\" content=\"Tiempo de lectura\" \/>\n\t<meta name=\"twitter:data2\" content=\"2 minutos\" \/>\n<script type=\"application\/ld+json\" class=\"yoast-schema-graph\">{\"@context\":\"https:\\\/\\\/schema.org\",\"@graph\":[{\"@type\":\"Article\",\"@id\":\"https:\\\/\\\/www.reclamador.es\\\/blog\\\/denuncias-residencias-ancianos\\\/#article\",\"isPartOf\":{\"@id\":\"https:\\\/\\\/www.reclamador.es\\\/blog\\\/denuncias-residencias-ancianos\\\/\"},\"author\":{\"name\":\"Equipo reclamador\",\"@id\":\"https:\\\/\\\/www.reclamador.es\\\/blog\\\/#\\\/schema\\\/person\\\/1ed83eef8b6566cb5e4c812d9bc5c4bf\"},\"headline\":\"Negligencias en residencias de la tercera edad: \u00bfqu\u00e9 es reclamable?\",\"datePublished\":\"2020-11-18T09:30:19+00:00\",\"dateModified\":\"2023-10-18T08:42:22+00:00\",\"mainEntityOfPage\":{\"@id\":\"https:\\\/\\\/www.reclamador.es\\\/blog\\\/denuncias-residencias-ancianos\\\/\"},\"wordCount\":489,\"publisher\":{\"@id\":\"https:\\\/\\\/www.reclamador.es\\\/blog\\\/#organization\"},\"image\":{\"@id\":\"https:\\\/\\\/www.reclamador.es\\\/blog\\\/denuncias-residencias-ancianos\\\/#primaryimage\"},\"thumbnailUrl\":\"https:\\\/\\\/i0.wp.com\\\/www.reclamador.es\\\/blog\\\/wp-content\\\/uploads\\\/2018\\\/07\\\/residencias-ancianos.jpg?fit=1920%2C1280&ssl=1\",\"keywords\":[\"indemnizaci\u00f3n\"],\"articleSection\":[\"Consejos legales\"],\"inLanguage\":\"es\"},{\"@type\":\"WebPage\",\"@id\":\"https:\\\/\\\/www.reclamador.es\\\/blog\\\/denuncias-residencias-ancianos\\\/\",\"url\":\"https:\\\/\\\/www.reclamador.es\\\/blog\\\/denuncias-residencias-ancianos\\\/\",\"name\":\"Denuncias a residencias de ancianos \u00bfcu\u00e1ndo es posible?\",\"isPartOf\":{\"@id\":\"https:\\\/\\\/www.reclamador.es\\\/blog\\\/#website\"},\"primaryImageOfPage\":{\"@id\":\"https:\\\/\\\/www.reclamador.es\\\/blog\\\/denuncias-residencias-ancianos\\\/#primaryimage\"},\"image\":{\"@id\":\"https:\\\/\\\/www.reclamador.es\\\/blog\\\/denuncias-residencias-ancianos\\\/#primaryimage\"},\"thumbnailUrl\":\"https:\\\/\\\/i0.wp.com\\\/www.reclamador.es\\\/blog\\\/wp-content\\\/uploads\\\/2018\\\/07\\\/residencias-ancianos.jpg?fit=1920%2C1280&ssl=1\",\"datePublished\":\"2020-11-18T09:30:19+00:00\",\"dateModified\":\"2023-10-18T08:42:22+00:00\",\"description\":\"Las denuncias a residencias de ancianos han crecido \u00faltimamente. \u00bfC\u00f3mo saber si se ha cometido una negligencia y qu\u00e9 se puede reclamar?\",\"breadcrumb\":{\"@id\":\"https:\\\/\\\/www.reclamador.es\\\/blog\\\/denuncias-residencias-ancianos\\\/#breadcrumb\"},\"inLanguage\":\"es\",\"potentialAction\":[{\"@type\":\"ReadAction\",\"target\":[\"https:\\\/\\\/www.reclamador.es\\\/blog\\\/denuncias-residencias-ancianos\\\/\"]}]},{\"@type\":\"ImageObject\",\"inLanguage\":\"es\",\"@id\":\"https:\\\/\\\/www.reclamador.es\\\/blog\\\/denuncias-residencias-ancianos\\\/#primaryimage\",\"url\":\"https:\\\/\\\/i0.wp.com\\\/www.reclamador.es\\\/blog\\\/wp-content\\\/uploads\\\/2018\\\/07\\\/residencias-ancianos.jpg?fit=1920%2C1280&ssl=1\",\"contentUrl\":\"https:\\\/\\\/i0.wp.com\\\/www.reclamador.es\\\/blog\\\/wp-content\\\/uploads\\\/2018\\\/07\\\/residencias-ancianos.jpg?fit=1920%2C1280&ssl=1\",\"width\":1920,\"height\":1280,\"caption\":\"Denuncias a residencias de ancianos: \u00bfC\u00f3mo reclamar una negligencia?\"},{\"@type\":\"BreadcrumbList\",\"@id\":\"https:\\\/\\\/www.reclamador.es\\\/blog\\\/denuncias-residencias-ancianos\\\/#breadcrumb\",\"itemListElement\":[{\"@type\":\"ListItem\",\"position\":1,\"name\":\"Portada\",\"item\":\"https:\\\/\\\/www.reclamador.es\\\/blog\\\/\"},{\"@type\":\"ListItem\",\"position\":2,\"name\":\"Negligencias en residencias de la tercera edad: \u00bfqu\u00e9 es reclamable?\"}]},{\"@type\":\"WebSite\",\"@id\":\"https:\\\/\\\/www.reclamador.es\\\/blog\\\/#website\",\"url\":\"https:\\\/\\\/www.reclamador.es\\\/blog\\\/\",\"name\":\"Rebeldes con causa, el blog de reclamador.es\",\"description\":\"Noticias, entrevistas y consejos sobre reclamaciones\",\"publisher\":{\"@id\":\"https:\\\/\\\/www.reclamador.es\\\/blog\\\/#organization\"},\"potentialAction\":[{\"@type\":\"SearchAction\",\"target\":{\"@type\":\"EntryPoint\",\"urlTemplate\":\"https:\\\/\\\/www.reclamador.es\\\/blog\\\/?s={search_term_string}\"},\"query-input\":{\"@type\":\"PropertyValueSpecification\",\"valueRequired\":true,\"valueName\":\"search_term_string\"}}],\"inLanguage\":\"es\"},{\"@type\":\"Organization\",\"@id\":\"https:\\\/\\\/www.reclamador.es\\\/blog\\\/#organization\",\"name\":\"reclamador.es\",\"url\":\"https:\\\/\\\/www.reclamador.es\\\/blog\\\/\",\"logo\":{\"@type\":\"ImageObject\",\"inLanguage\":\"es\",\"@id\":\"https:\\\/\\\/www.reclamador.es\\\/blog\\\/#\\\/schema\\\/logo\\\/image\\\/\",\"url\":\"https:\\\/\\\/i0.wp.com\\\/www.reclamador.es\\\/blog\\\/wp-content\\\/uploads\\\/2020\\\/01\\\/logo-reclamador.png?fit=1200%2C144&ssl=1\",\"contentUrl\":\"https:\\\/\\\/i0.wp.com\\\/www.reclamador.es\\\/blog\\\/wp-content\\\/uploads\\\/2020\\\/01\\\/logo-reclamador.png?fit=1200%2C144&ssl=1\",\"width\":1200,\"height\":144,\"caption\":\"reclamador.es\"},\"image\":{\"@id\":\"https:\\\/\\\/www.reclamador.es\\\/blog\\\/#\\\/schema\\\/logo\\\/image\\\/\"},\"sameAs\":[\"https:\\\/\\\/www.facebook.com\\\/reclamador.es\",\"https:\\\/\\\/x.com\\\/reclamador\",\"https:\\\/\\\/www.instagram.com\\\/reclamador.es\\\/\",\"https:\\\/\\\/www.linkedin.com\\\/company\\\/reclamador-es\",\"https:\\\/\\\/www.youtube.com\\\/user\\\/Reclamadores\"]},{\"@type\":\"Person\",\"@id\":\"https:\\\/\\\/www.reclamador.es\\\/blog\\\/#\\\/schema\\\/person\\\/1ed83eef8b6566cb5e4c812d9bc5c4bf\",\"name\":\"Equipo reclamador\",\"image\":{\"@type\":\"ImageObject\",\"inLanguage\":\"es\",\"@id\":\"https:\\\/\\\/secure.gravatar.com\\\/avatar\\\/6442ecdc2c4472c600c113f34d340feca47107d6aa4f42f1e3e75a2a8e28a760?s=96&d=mm&r=g\",\"url\":\"https:\\\/\\\/secure.gravatar.com\\\/avatar\\\/6442ecdc2c4472c600c113f34d340feca47107d6aa4f42f1e3e75a2a8e28a760?s=96&d=mm&r=g\",\"contentUrl\":\"https:\\\/\\\/secure.gravatar.com\\\/avatar\\\/6442ecdc2c4472c600c113f34d340feca47107d6aa4f42f1e3e75a2a8e28a760?s=96&d=mm&r=g\",\"caption\":\"Equipo reclamador\"},\"description\":\"Las personas que hacen posible reclamador.es\",\"url\":\"https:\\\/\\\/www.reclamador.es\\\/blog\\\/author\\\/administrador\\\/\"}]}<\/script>\n<!-- \/ Yoast SEO plugin. -->","yoast_head_json":{"title":"Denuncias a residencias de ancianos \u00bfcu\u00e1ndo es posible?","description":"Las denuncias a residencias de ancianos han crecido \u00faltimamente. \u00bfC\u00f3mo saber si se ha cometido una negligencia y qu\u00e9 se puede reclamar?","robots":{"index":"index","follow":"follow","max-snippet":"max-snippet:-1","max-image-preview":"max-image-preview:large","max-video-preview":"max-video-preview:-1"},"canonical":"https:\/\/www.reclamador.es\/blog\/denuncias-residencias-ancianos\/","og_locale":"es_ES","og_type":"article","og_title":"Denuncias a residencias de ancianos \u00bfcu\u00e1ndo es posible?","og_description":"Las denuncias a residencias de ancianos han crecido \u00faltimamente. \u00bfC\u00f3mo saber si se ha cometido una negligencia y qu\u00e9 se puede reclamar?","og_url":"https:\/\/www.reclamador.es\/blog\/denuncias-residencias-ancianos\/","og_site_name":"Rebeldes con causa, el blog de reclamador.es","article_publisher":"https:\/\/www.facebook.com\/reclamador.es","article_published_time":"2020-11-18T09:30:19+00:00","article_modified_time":"2023-10-18T08:42:22+00:00","og_image":[{"width":1920,"height":1280,"url":"https:\/\/i0.wp.com\/www.reclamador.es\/blog\/wp-content\/uploads\/2018\/07\/residencias-ancianos.jpg?fit=1920%2C1280&ssl=1","type":"image\/jpeg"}],"author":"Equipo reclamador","twitter_card":"summary_large_image","twitter_creator":"@reclamador","twitter_site":"@reclamador","twitter_misc":{"Escrito por":"Equipo reclamador","Tiempo de lectura":"2 minutos"},"schema":{"@context":"https:\/\/schema.org","@graph":[{"@type":"Article","@id":"https:\/\/www.reclamador.es\/blog\/denuncias-residencias-ancianos\/#article","isPartOf":{"@id":"https:\/\/www.reclamador.es\/blog\/denuncias-residencias-ancianos\/"},"author":{"name":"Equipo reclamador","@id":"https:\/\/www.reclamador.es\/blog\/#\/schema\/person\/1ed83eef8b6566cb5e4c812d9bc5c4bf"},"headline":"Negligencias en residencias de la tercera edad: \u00bfqu\u00e9 es reclamable?","datePublished":"2020-11-18T09:30:19+00:00","dateModified":"2023-10-18T08:42:22+00:00","mainEntityOfPage":{"@id":"https:\/\/www.reclamador.es\/blog\/denuncias-residencias-ancianos\/"},"wordCount":489,"publisher":{"@id":"https:\/\/www.reclamador.es\/blog\/#organization"},"image":{"@id":"https:\/\/www.reclamador.es\/blog\/denuncias-residencias-ancianos\/#primaryimage"},"thumbnailUrl":"https:\/\/i0.wp.com\/www.reclamador.es\/blog\/wp-content\/uploads\/2018\/07\/residencias-ancianos.jpg?fit=1920%2C1280&ssl=1","keywords":["indemnizaci\u00f3n"],"articleSection":["Consejos legales"],"inLanguage":"es"},{"@type":"WebPage","@id":"https:\/\/www.reclamador.es\/blog\/denuncias-residencias-ancianos\/","url":"https:\/\/www.reclamador.es\/blog\/denuncias-residencias-ancianos\/","name":"Denuncias a residencias de ancianos \u00bfcu\u00e1ndo es posible?","isPartOf":{"@id":"https:\/\/www.reclamador.es\/blog\/#website"},"primaryImageOfPage":{"@id":"https:\/\/www.reclamador.es\/blog\/denuncias-residencias-ancianos\/#primaryimage"},"image":{"@id":"https:\/\/www.reclamador.es\/blog\/denuncias-residencias-ancianos\/#primaryimage"},"thumbnailUrl":"https:\/\/i0.wp.com\/www.reclamador.es\/blog\/wp-content\/uploads\/2018\/07\/residencias-ancianos.jpg?fit=1920%2C1280&ssl=1","datePublished":"2020-11-18T09:30:19+00:00","dateModified":"2023-10-18T08:42:22+00:00","description":"Las denuncias a residencias de ancianos han crecido \u00faltimamente. \u00bfC\u00f3mo saber si se ha cometido una negligencia y qu\u00e9 se puede reclamar?","breadcrumb":{"@id":"https:\/\/www.reclamador.es\/blog\/denuncias-residencias-ancianos\/#breadcrumb"},"inLanguage":"es","potentialAction":[{"@type":"ReadAction","target":["https:\/\/www.reclamador.es\/blog\/denuncias-residencias-ancianos\/"]}]},{"@type":"ImageObject","inLanguage":"es","@id":"https:\/\/www.reclamador.es\/blog\/denuncias-residencias-ancianos\/#primaryimage","url":"https:\/\/i0.wp.com\/www.reclamador.es\/blog\/wp-content\/uploads\/2018\/07\/residencias-ancianos.jpg?fit=1920%2C1280&ssl=1","contentUrl":"https:\/\/i0.wp.com\/www.reclamador.es\/blog\/wp-content\/uploads\/2018\/07\/residencias-ancianos.jpg?fit=1920%2C1280&ssl=1","width":1920,"height":1280,"caption":"Denuncias a residencias de ancianos: \u00bfC\u00f3mo reclamar una negligencia?"},{"@type":"BreadcrumbList","@id":"https:\/\/www.reclamador.es\/blog\/denuncias-residencias-ancianos\/#breadcrumb","itemListElement":[{"@type":"ListItem","position":1,"name":"Portada","item":"https:\/\/www.reclamador.es\/blog\/"},{"@type":"ListItem","position":2,"name":"Negligencias en residencias de la tercera edad: \u00bfqu\u00e9 es reclamable?"}]},{"@type":"WebSite","@id":"https:\/\/www.reclamador.es\/blog\/#website","url":"https:\/\/www.reclamador.es\/blog\/","name":"Rebeldes con causa, el blog de reclamador.es","description":"Noticias, entrevistas y consejos sobre reclamaciones","publisher":{"@id":"https:\/\/www.reclamador.es\/blog\/#organization"},"potentialAction":[{"@type":"SearchAction","target":{"@type":"EntryPoint","urlTemplate":"https:\/\/www.reclamador.es\/blog\/?s={search_term_string}"},"query-input":{"@type":"PropertyValueSpecification","valueRequired":true,"valueName":"search_term_string"}}],"inLanguage":"es"},{"@type":"Organization","@id":"https:\/\/www.reclamador.es\/blog\/#organization","name":"reclamador.es","url":"https:\/\/www.reclamador.es\/blog\/","logo":{"@type":"ImageObject","inLanguage":"es","@id":"https:\/\/www.reclamador.es\/blog\/#\/schema\/logo\/image\/","url":"https:\/\/i0.wp.com\/www.reclamador.es\/blog\/wp-content\/uploads\/2020\/01\/logo-reclamador.png?fit=1200%2C144&ssl=1","contentUrl":"https:\/\/i0.wp.com\/www.reclamador.es\/blog\/wp-content\/uploads\/2020\/01\/logo-reclamador.png?fit=1200%2C144&ssl=1","width":1200,"height":144,"caption":"reclamador.es"},"image":{"@id":"https:\/\/www.reclamador.es\/blog\/#\/schema\/logo\/image\/"},"sameAs":["https:\/\/www.facebook.com\/reclamador.es","https:\/\/x.com\/reclamador","https:\/\/www.instagram.com\/reclamador.es\/","https:\/\/www.linkedin.com\/company\/reclamador-es","https:\/\/www.youtube.com\/user\/Reclamadores"]},{"@type":"Person","@id":"https:\/\/www.reclamador.es\/blog\/#\/schema\/person\/1ed83eef8b6566cb5e4c812d9bc5c4bf","name":"Equipo reclamador","image":{"@type":"ImageObject","inLanguage":"es","@id":"https:\/\/secure.gravatar.com\/avatar\/6442ecdc2c4472c600c113f34d340feca47107d6aa4f42f1e3e75a2a8e28a760?s=96&d=mm&r=g","url":"https:\/\/secure.gravatar.com\/avatar\/6442ecdc2c4472c600c113f34d340feca47107d6aa4f42f1e3e75a2a8e28a760?s=96&d=mm&r=g","contentUrl":"https:\/\/secure.gravatar.com\/avatar\/6442ecdc2c4472c600c113f34d340feca47107d6aa4f42f1e3e75a2a8e28a760?s=96&d=mm&r=g","caption":"Equipo reclamador"},"description":"Las personas que hacen posible reclamador.es","url":"https:\/\/www.reclamador.es\/blog\/author\/administrador\/"}]}},"jetpack_featured_media_url":"https:\/\/i0.wp.com\/www.reclamador.es\/blog\/wp-content\/uploads\/2018\/07\/residencias-ancianos.jpg?fit=1920%2C1280&ssl=1","jetpack-related-posts":[{"id":21915,"url":"https:\/\/www.reclamador.es\/blog\/maltratos-en-residencias-geriatricas\/","url_meta":{"origin":18828,"position":0},"title":"Maltratos en residencias de mayores: esto es lo que hay que hacer para reclamar","author":"Equipo reclamador","date":"21 mayo, 2019","format":false,"excerpt":"S\u00ed. Se trata de una situaci\u00f3n dif\u00edcil de detectar y, quiz\u00e1, tambi\u00e9n de probar, pero ello no debe ser impedimento para proteger los derechos de los seres queridos que viven en una residencia de la tercera edad. Peri\u00f3dicamente, los medios de comunicaci\u00f3n se hacen eco de casos de maltratos en\u2026","rel":"","context":"En \u00abConsejos legales\u00bb","block_context":{"text":"Consejos legales","link":"https:\/\/www.reclamador.es\/blog\/consejos\/"},"img":{"alt_text":"reclamaciones a residencias de mayores por maltratos","src":"https:\/\/i0.wp.com\/www.reclamador.es\/blog\/wp-content\/uploads\/2019\/05\/maltratos-en-residencias-de-ancianos-fotopixabay-ai-generated-.jpg?fit=1200%2C630&ssl=1&resize=350%2C200","width":350,"height":200,"srcset":"https:\/\/i0.wp.com\/www.reclamador.es\/blog\/wp-content\/uploads\/2019\/05\/maltratos-en-residencias-de-ancianos-fotopixabay-ai-generated-.jpg?fit=1200%2C630&ssl=1&resize=350%2C200 1x, https:\/\/i0.wp.com\/www.reclamador.es\/blog\/wp-content\/uploads\/2019\/05\/maltratos-en-residencias-de-ancianos-fotopixabay-ai-generated-.jpg?fit=1200%2C630&ssl=1&resize=525%2C300 1.5x, https:\/\/i0.wp.com\/www.reclamador.es\/blog\/wp-content\/uploads\/2019\/05\/maltratos-en-residencias-de-ancianos-fotopixabay-ai-generated-.jpg?fit=1200%2C630&ssl=1&resize=700%2C400 2x, https:\/\/i0.wp.com\/www.reclamador.es\/blog\/wp-content\/uploads\/2019\/05\/maltratos-en-residencias-de-ancianos-fotopixabay-ai-generated-.jpg?fit=1200%2C630&ssl=1&resize=1050%2C600 3x"},"classes":[]},{"id":16961,"url":"https:\/\/www.reclamador.es\/blog\/indemnizacion-retraso-de-una-ambulancia\/","url_meta":{"origin":18828,"position":1},"title":"\u00bfSe puede reclamar una indemnizaci\u00f3n por el retraso de una ambulancia?","author":"Equipo reclamador","date":"5 febrero, 2021","format":false,"excerpt":"Se produce una emergencia m\u00e9dica e inmediatamente llamamos al 061 o al 112 para pedir una ambulancia. La r\u00e1pida intervenci\u00f3n del servicio sanitario salva vidas cada d\u00eda en todos los rincones de nuestro pa\u00eds, pero \u00bfcu\u00e1ntas veces no te han contado que llamaron a una ambulancia y tard\u00f3 demasiado en\u2026","rel":"","context":"En \u00abConsejos legales\u00bb","block_context":{"text":"Consejos legales","link":"https:\/\/www.reclamador.es\/blog\/consejos\/"},"img":{"alt_text":"retraso-ambulancia-reclamador","src":"https:\/\/i0.wp.com\/www.reclamador.es\/blog\/wp-content\/uploads\/2018\/02\/retraso-ambulancia-reclamador.jpg?fit=1200%2C800&ssl=1&resize=350%2C200","width":350,"height":200,"srcset":"https:\/\/i0.wp.com\/www.reclamador.es\/blog\/wp-content\/uploads\/2018\/02\/retraso-ambulancia-reclamador.jpg?fit=1200%2C800&ssl=1&resize=350%2C200 1x, https:\/\/i0.wp.com\/www.reclamador.es\/blog\/wp-content\/uploads\/2018\/02\/retraso-ambulancia-reclamador.jpg?fit=1200%2C800&ssl=1&resize=525%2C300 1.5x, https:\/\/i0.wp.com\/www.reclamador.es\/blog\/wp-content\/uploads\/2018\/02\/retraso-ambulancia-reclamador.jpg?fit=1200%2C800&ssl=1&resize=700%2C400 2x, https:\/\/i0.wp.com\/www.reclamador.es\/blog\/wp-content\/uploads\/2018\/02\/retraso-ambulancia-reclamador.jpg?fit=1200%2C800&ssl=1&resize=1050%2C600 3x"},"classes":[]},{"id":20044,"url":"https:\/\/www.reclamador.es\/blog\/indemnizacion-por-coma-quien-puede-reclamar\/","url_meta":{"origin":18828,"position":2},"title":"Familiar en coma: \u00bfqui\u00e9n puede reclamar la indemnizaci\u00f3n por negligencia m\u00e9dica?","author":"Equipo reclamador","date":"4 diciembre, 2020","format":false,"excerpt":"Estar en coma se puede definir como un estado de profunda inconsciencia. A esta grave situaci\u00f3n, el paciente puede llegar como consecuencia de un fuerte traumatismo o bien como una derivaci\u00f3n de otra enfermedad. Sea cual sea el caso que da lugar al estado de coma, se trata de una\u2026","rel":"","context":"En \u00abConsejos legales\u00bb","block_context":{"text":"Consejos legales","link":"https:\/\/www.reclamador.es\/blog\/consejos\/"},"img":{"alt_text":"Indemnizaci\u00f3n por coma: \u00bfC\u00f3mo reclamar y a qui\u00e9n?","src":"https:\/\/i0.wp.com\/www.reclamador.es\/blog\/wp-content\/uploads\/2020\/12\/entrada-hospital.jpg?fit=1200%2C800&ssl=1&resize=350%2C200","width":350,"height":200,"srcset":"https:\/\/i0.wp.com\/www.reclamador.es\/blog\/wp-content\/uploads\/2020\/12\/entrada-hospital.jpg?fit=1200%2C800&ssl=1&resize=350%2C200 1x, https:\/\/i0.wp.com\/www.reclamador.es\/blog\/wp-content\/uploads\/2020\/12\/entrada-hospital.jpg?fit=1200%2C800&ssl=1&resize=525%2C300 1.5x, https:\/\/i0.wp.com\/www.reclamador.es\/blog\/wp-content\/uploads\/2020\/12\/entrada-hospital.jpg?fit=1200%2C800&ssl=1&resize=700%2C400 2x, https:\/\/i0.wp.com\/www.reclamador.es\/blog\/wp-content\/uploads\/2020\/12\/entrada-hospital.jpg?fit=1200%2C800&ssl=1&resize=1050%2C600 3x"},"classes":[]},{"id":8649,"url":"https:\/\/www.reclamador.es\/blog\/negligencias-medicas-mas-frecuentes\/","url_meta":{"origin":18828,"position":3},"title":"Las 10 negligencias m\u00e9dicas m\u00e1s frecuentes","author":"Equipo reclamador","date":"2 agosto, 2021","format":false,"excerpt":"*Contenido modificado mayo 2025 El \u00e1mbito de la salud es uno de los m\u00e1s sensibles e importantes en nuestras vidas. Por eso, los protocolos son tan estrictos en cuanto a los m\u00e9todos y pr\u00e1cticas m\u00e9dicas. Pero, a veces ,pueden fallar, y se pueden producir negligencias m\u00e9dicas que pueden llegar a\u2026","rel":"","context":"En \u00abConsejos legales\u00bb","block_context":{"text":"Consejos legales","link":"https:\/\/www.reclamador.es\/blog\/consejos\/"},"img":{"alt_text":"","src":"https:\/\/i0.wp.com\/www.reclamador.es\/blog\/wp-content\/uploads\/2017\/06\/GettyImages-687652532.jpg?fit=1200%2C800&ssl=1&resize=350%2C200","width":350,"height":200,"srcset":"https:\/\/i0.wp.com\/www.reclamador.es\/blog\/wp-content\/uploads\/2017\/06\/GettyImages-687652532.jpg?fit=1200%2C800&ssl=1&resize=350%2C200 1x, https:\/\/i0.wp.com\/www.reclamador.es\/blog\/wp-content\/uploads\/2017\/06\/GettyImages-687652532.jpg?fit=1200%2C800&ssl=1&resize=525%2C300 1.5x, https:\/\/i0.wp.com\/www.reclamador.es\/blog\/wp-content\/uploads\/2017\/06\/GettyImages-687652532.jpg?fit=1200%2C800&ssl=1&resize=700%2C400 2x, https:\/\/i0.wp.com\/www.reclamador.es\/blog\/wp-content\/uploads\/2017\/06\/GettyImages-687652532.jpg?fit=1200%2C800&ssl=1&resize=1050%2C600 3x"},"classes":[]},{"id":18812,"url":"https:\/\/www.reclamador.es\/blog\/negligencias-enfermeria\/","url_meta":{"origin":18828,"position":4},"title":"Errores en la medicaci\u00f3n o equipamiento mal utilizado: negligencias de enfermer\u00eda","author":"Equipo reclamador","date":"12 julio, 2018","format":false,"excerpt":"Espa\u00f1a cerr\u00f3 2017 con 299.824 enfermeros colegiados, habiendo 6,43 profesionales de la enfermer\u00eda por cada 1.000 habitantes en nuestro pa\u00eds, seg\u00fan datos del INE. Muchas y muy importantes son sus funciones. Entre ellas, funciones delegadas de los m\u00e9dicos, como son la administraci\u00f3n de la medicaci\u00f3n a los pacientes, extracci\u00f3n de\u2026","rel":"","context":"En \u00abConsejos legales\u00bb","block_context":{"text":"Consejos legales","link":"https:\/\/www.reclamador.es\/blog\/consejos\/"},"img":{"alt_text":"enfermeras lav\u00e1ndose las manos tras negligencia","src":"https:\/\/i0.wp.com\/www.reclamador.es\/blog\/wp-content\/uploads\/2018\/07\/negligencias-enfermeria.jpg?fit=1200%2C800&ssl=1&resize=350%2C200","width":350,"height":200,"srcset":"https:\/\/i0.wp.com\/www.reclamador.es\/blog\/wp-content\/uploads\/2018\/07\/negligencias-enfermeria.jpg?fit=1200%2C800&ssl=1&resize=350%2C200 1x, https:\/\/i0.wp.com\/www.reclamador.es\/blog\/wp-content\/uploads\/2018\/07\/negligencias-enfermeria.jpg?fit=1200%2C800&ssl=1&resize=525%2C300 1.5x, https:\/\/i0.wp.com\/www.reclamador.es\/blog\/wp-content\/uploads\/2018\/07\/negligencias-enfermeria.jpg?fit=1200%2C800&ssl=1&resize=700%2C400 2x, https:\/\/i0.wp.com\/www.reclamador.es\/blog\/wp-content\/uploads\/2018\/07\/negligencias-enfermeria.jpg?fit=1200%2C800&ssl=1&resize=1050%2C600 3x"},"classes":[]},{"id":35841,"url":"https:\/\/www.reclamador.es\/blog\/conclusiones-abogado-tjue-devolver-cantidades-phishing-bancario\/","url_meta":{"origin":18828,"position":5},"title":"\u00bfPuede un banco negarse a devolver el importe de una operaci\u00f3n no autorizada alegando negligencia grave del cliente?","author":"Leticia Grande","date":"7 abril, 2026","format":false,"excerpt":"\u00bfPuede un banco negarse a devolver el importe de una operaci\u00f3n no autorizada alegando negligencia grave del cliente? Esta es la cuesti\u00f3n que se plante\u00f3 al TJUE (Tribunal de Justicia de la Uni\u00f3n Europea) a ra\u00edz de un caso de una consumidora de Polonia que fue v\u00edctima de phishing. Esta\u2026","rel":"","context":"En \u00abNoticias y actualidad\u00bb","block_context":{"text":"Noticias y actualidad","link":"https:\/\/www.reclamador.es\/blog\/noticias\/"},"img":{"alt_text":"reclamaciones de phishing bancario - a la espera de sentencia del TJUE","src":"https:\/\/i0.wp.com\/www.reclamador.es\/blog\/wp-content\/uploads\/2026\/04\/abogado-UE-banco-no-puede-negarse-a-devolver-dinero-sustraido-phishing.jpg?fit=1200%2C630&ssl=1&resize=350%2C200","width":350,"height":200,"srcset":"https:\/\/i0.wp.com\/www.reclamador.es\/blog\/wp-content\/uploads\/2026\/04\/abogado-UE-banco-no-puede-negarse-a-devolver-dinero-sustraido-phishing.jpg?fit=1200%2C630&ssl=1&resize=350%2C200 1x, https:\/\/i0.wp.com\/www.reclamador.es\/blog\/wp-content\/uploads\/2026\/04\/abogado-UE-banco-no-puede-negarse-a-devolver-dinero-sustraido-phishing.jpg?fit=1200%2C630&ssl=1&resize=525%2C300 1.5x, https:\/\/i0.wp.com\/www.reclamador.es\/blog\/wp-content\/uploads\/2026\/04\/abogado-UE-banco-no-puede-negarse-a-devolver-dinero-sustraido-phishing.jpg?fit=1200%2C630&ssl=1&resize=700%2C400 2x, https:\/\/i0.wp.com\/www.reclamador.es\/blog\/wp-content\/uploads\/2026\/04\/abogado-UE-banco-no-puede-negarse-a-devolver-dinero-sustraido-phishing.jpg?fit=1200%2C630&ssl=1&resize=1050%2C600 3x"},"classes":[]}],"jetpack_sharing_enabled":true,"_links":{"self":[{"href":"https:\/\/www.reclamador.es\/blog\/wp-json\/wp\/v2\/posts\/18828","targetHints":{"allow":["GET"]}}],"collection":[{"href":"https:\/\/www.reclamador.es\/blog\/wp-json\/wp\/v2\/posts"}],"about":[{"href":"https:\/\/www.reclamador.es\/blog\/wp-json\/wp\/v2\/types\/post"}],"author":[{"embeddable":true,"href":"https:\/\/www.reclamador.es\/blog\/wp-json\/wp\/v2\/users\/1"}],"replies":[{"embeddable":true,"href":"https:\/\/www.reclamador.es\/blog\/wp-json\/wp\/v2\/comments?post=18828"}],"version-history":[{"count":18,"href":"https:\/\/www.reclamador.es\/blog\/wp-json\/wp\/v2\/posts\/18828\/revisions"}],"predecessor-version":[{"id":31494,"href":"https:\/\/www.reclamador.es\/blog\/wp-json\/wp\/v2\/posts\/18828\/revisions\/31494"}],"wp:featuredmedia":[{"embeddable":true,"href":"https:\/\/www.reclamador.es\/blog\/wp-json\/wp\/v2\/media\/27650"}],"wp:attachment":[{"href":"https:\/\/www.reclamador.es\/blog\/wp-json\/wp\/v2\/media?parent=18828"}],"wp:term":[{"taxonomy":"category","embeddable":true,"href":"https:\/\/www.reclamador.es\/blog\/wp-json\/wp\/v2\/categories?post=18828"},{"taxonomy":"post_tag","embeddable":true,"href":"https:\/\/www.reclamador.es\/blog\/wp-json\/wp\/v2\/tags?post=18828"}],"curies":[{"name":"wp","href":"https:\/\/api.w.org\/{rel}","templated":true}]}}