{"id":18699,"date":"2020-06-22T10:00:32","date_gmt":"2020-06-22T08:00:32","guid":{"rendered":"https:\/\/www.reclamador.es\/blog\/?p=18699"},"modified":"2024-06-07T11:04:14","modified_gmt":"2024-06-07T09:04:14","slug":"supremo-rechaza-coeficiente-itp","status":"publish","type":"post","link":"https:\/\/www.reclamador.es\/blog\/supremo-rechaza-coeficiente-itp\/","title":{"rendered":"El Supremo rechaza el coeficiente para calcular el ITP"},"content":{"rendered":"<div class=\"ttr_start\"><\/div>\n\n<div class=\"kk-star-ratings kksr-auto kksr-align-right kksr-valign-top\"\n    data-payload='{&quot;align&quot;:&quot;right&quot;,&quot;id&quot;:&quot;18699&quot;,&quot;slug&quot;:&quot;default&quot;,&quot;valign&quot;:&quot;top&quot;,&quot;ignore&quot;:&quot;&quot;,&quot;reference&quot;:&quot;auto&quot;,&quot;class&quot;:&quot;&quot;,&quot;count&quot;:&quot;2&quot;,&quot;legendonly&quot;:&quot;&quot;,&quot;readonly&quot;:&quot;&quot;,&quot;score&quot;:&quot;4.5&quot;,&quot;starsonly&quot;:&quot;&quot;,&quot;best&quot;:&quot;5&quot;,&quot;gap&quot;:&quot;3&quot;,&quot;greet&quot;:&quot;Valora este art\u00edculo&quot;,&quot;legend&quot;:&quot;4.5\\\/5 - (2 votos)&quot;,&quot;size&quot;:&quot;20&quot;,&quot;title&quot;:&quot;El Supremo rechaza el coeficiente para calcular el ITP&quot;,&quot;width&quot;:&quot;102&quot;,&quot;_legend&quot;:&quot;{score}\\\/{best} - ({count} {votes})&quot;,&quot;font_factor&quot;:&quot;1.25&quot;}'>\n            \n<div class=\"kksr-stars\">\n    \n<div class=\"kksr-stars-inactive\">\n            <div class=\"kksr-star\" data-star=\"1\" style=\"padding-right: 3px\">\n            \n\n<div class=\"kksr-icon\" style=\"width: 20px; height: 20px;\"><\/div>\n        <\/div>\n            <div class=\"kksr-star\" data-star=\"2\" style=\"padding-right: 3px\">\n            \n\n<div class=\"kksr-icon\" style=\"width: 20px; height: 20px;\"><\/div>\n        <\/div>\n            <div class=\"kksr-star\" data-star=\"3\" style=\"padding-right: 3px\">\n            \n\n<div class=\"kksr-icon\" style=\"width: 20px; height: 20px;\"><\/div>\n        <\/div>\n            <div class=\"kksr-star\" data-star=\"4\" style=\"padding-right: 3px\">\n            \n\n<div class=\"kksr-icon\" style=\"width: 20px; height: 20px;\"><\/div>\n        <\/div>\n            <div class=\"kksr-star\" data-star=\"5\" style=\"padding-right: 3px\">\n            \n\n<div class=\"kksr-icon\" style=\"width: 20px; height: 20px;\"><\/div>\n        <\/div>\n    <\/div>\n    \n<div class=\"kksr-stars-active\" style=\"width: 102px;\">\n            <div class=\"kksr-star\" style=\"padding-right: 3px\">\n            \n\n<div class=\"kksr-icon\" style=\"width: 20px; height: 20px;\"><\/div>\n        <\/div>\n            <div class=\"kksr-star\" style=\"padding-right: 3px\">\n            \n\n<div class=\"kksr-icon\" style=\"width: 20px; height: 20px;\"><\/div>\n        <\/div>\n            <div class=\"kksr-star\" style=\"padding-right: 3px\">\n            \n\n<div class=\"kksr-icon\" style=\"width: 20px; height: 20px;\"><\/div>\n        <\/div>\n            <div class=\"kksr-star\" style=\"padding-right: 3px\">\n            \n\n<div class=\"kksr-icon\" style=\"width: 20px; height: 20px;\"><\/div>\n        <\/div>\n            <div class=\"kksr-star\" style=\"padding-right: 3px\">\n            \n\n<div class=\"kksr-icon\" style=\"width: 20px; height: 20px;\"><\/div>\n        <\/div>\n    <\/div>\n<\/div>\n                \n\n<div class=\"kksr-legend\" style=\"font-size: 16px;\">\n            4.5\/5 - (2 votos)    <\/div>\n    <\/div>\n<figure id=\"attachment_27486\" aria-describedby=\"caption-attachment-27486\" style=\"width: 1920px\" class=\"wp-caption aligncenter\"><img data-recalc-dims=\"1\" loading=\"lazy\" decoding=\"async\" class=\"wp-image-27486 size-full\" src=\"https:\/\/i0.wp.com\/www.reclamador.es\/blog\/wp-content\/uploads\/2018\/06\/impuestos-sucesiones.jpg?resize=1920%2C1280&#038;ssl=1\" alt=\"El TS ha desmontado en varias sentencias el m\u00e9todo utilizado por las comunidades aut\u00f3nomas para calcular el ITP \" width=\"1920\" height=\"1280\" srcset=\"https:\/\/i0.wp.com\/www.reclamador.es\/blog\/wp-content\/uploads\/2018\/06\/impuestos-sucesiones.jpg?w=1920&amp;ssl=1 1920w, https:\/\/i0.wp.com\/www.reclamador.es\/blog\/wp-content\/uploads\/2018\/06\/impuestos-sucesiones.jpg?resize=800%2C533&amp;ssl=1 800w, https:\/\/i0.wp.com\/www.reclamador.es\/blog\/wp-content\/uploads\/2018\/06\/impuestos-sucesiones.jpg?resize=150%2C100&amp;ssl=1 150w, https:\/\/i0.wp.com\/www.reclamador.es\/blog\/wp-content\/uploads\/2018\/06\/impuestos-sucesiones.jpg?resize=768%2C512&amp;ssl=1 768w, https:\/\/i0.wp.com\/www.reclamador.es\/blog\/wp-content\/uploads\/2018\/06\/impuestos-sucesiones.jpg?resize=1536%2C1024&amp;ssl=1 1536w\" sizes=\"auto, (max-width: 1000px) 100vw, 1000px\" \/><figcaption id=\"caption-attachment-27486\" class=\"wp-caption-text\"><em> El TS ha desmontado en varias sentencias el m\u00e9todo utilizado por las comunidades aut\u00f3nomas para calcular el ITP <\/em><\/figcaption><\/figure>\n<p><span style=\"font-weight: 400;\">El coeficiente para calcular el ITP <\/span><strong><a href=\"https:\/\/www.reclamador.es\/blog\/guia-impuesto-transmisiones-patrimoniales\/\">(Impuesto sobre Transmisiones Patrimoniales (ITP)<\/a><\/strong><span style=\"font-weight: 400;\">, ha sido rechazado por el Tribunal Supremo. As\u00ed, la Sala III de lo Contencioso-Administrativo del <a href=\"https:\/\/www.poderjudicial.es\/cgpj\/es\/Poder-Judicial\/Tribunal-Supremo\/\">Tribunal Supremo (TS)<\/a> ha desmontado recientemente en varias sentencias el m\u00e9todo utilizado por las comunidades aut\u00f3nomas para calcular el ITP. Este <\/span>grava la compraventa de un inmueble <b>y cuyo pago debe ser asumido por el comprador de la vivienda<\/b><span style=\"font-weight: 400;\">.<\/span><\/p>\n<p><span style=\"font-weight: 400;\">El TS afirma que la manera en la que se ven\u00eda comprobando el valor real de un inmueble mediante la multiplicaci\u00f3n del valor catastral por un coeficiente <\/span><b><i>\u201cno es id\u00f3neo ni adecuado\". <\/i><\/b>A\u00f1ade que<b><i> \"salvo que se complemente con una comprobaci\u00f3n directa por parte de la Administraci\u00f3n del inmueble concreto sometido a valoraci\u00f3n\"<\/i><\/b><i><span style=\"font-weight: 400;\">.<\/span><\/i><\/p>\n<h2><strong>Promociones <i>El Pocero<\/i><\/strong><\/h2>\n<p><span style=\"font-weight: 400;\">El tribunal ha fijado esta doctrina en cuatro sentencias dictadas en los \u00faltimos d\u00edas. En ellas, examinaba los recursos de la Junta de Castilla-La Mancha, que pretend\u00edan aumentar el valor declarado por cuatro contribuyentes para liquidar el ITP de las viviendas comprados en 2012 a la inmobiliaria del Banco Santander en Sese\u00f1a (Toledo), una vez que la entidad de adjudicase los inmuebles que formaban parte de las promociones de <\/span><i><span style=\"font-weight: 400;\">El Pocero<\/span><\/i><span style=\"font-weight: 400;\">.<\/span><\/p>\n<p><span style=\"font-weight: 400;\">De esta manera, los ciudadanos castellano-manchegos declararon como valor el precio fijado en la escritura por la compra. Este valor iba desde los 65.000 a los 82.000 euros. Sin embargo, la Consejer\u00eda de Hacienda lo elev\u00f3 desde los 120.000 a los 130.000 euros. \u00bfC\u00f3mo? <\/span><b>Aplicando la comprobaci\u00f3n se\u00f1alada en el art\u00edculo 57.1.b de la Ley General Tributaria<\/b><span style=\"font-weight: 400;\">.<\/span><b> Es decir, multiplicando el valor catastral del inmueble por el coeficiente del municipio <\/b><span style=\"font-weight: 400;\">establecido en una orden de la comunidad aut\u00f3noma. El Tribunal Supremo de Justicia de Castilla-La Mancha daba entonces la raz\u00f3n a los contribuyentes, tirando por tierra lo que la Hacienda auton\u00f3mica hab\u00eda dictado.<\/span><\/p>\n<h6 style=\"text-align: center;\"><a href=\"https:\/\/www.reclamador.es\/blog\/guia-impuesto-transmisiones-patrimoniales\/\"><strong>Gu\u00eda del Impuesto de Transmisiones Patrimoniales<\/strong><\/a><\/h6>\n<p><span style=\"font-weight: 400;\">En \u00a0resumen, el Tribunal Supremo establece que <\/span><i><span style=\"font-weight: 400;\">\u201cel m\u00e9todo de comprobaci\u00f3n consistente en la estimaci\u00f3n por <\/span><\/i><b><i>referencia a valores catastrales<\/i><\/b><i><span style=\"font-weight: 400;\">, multiplicados por \u00edndices o coeficientes (art\u00edculo 57.1.b) de la Ley General Tributaria) no es id\u00f3neo,<\/span><\/i><b><i> por su generalidad y falta de relaci\u00f3n con el bien concreto<\/i><\/b><i><span style=\"font-weight: 400;\"> de cuya estimaci\u00f3n se trata, para la valoraci\u00f3n de bienes inmuebles en aquellos impuestos en que la base imponible viene determinada legalmente por su valor real, salvo que tal m\u00e9todo se complemente con la realizaci\u00f3n de una actividad estrictamente comprobadora directamente relacionada con el inmueble singular que se someta a aval\u00fao\u201d<\/span><\/i><span style=\"font-weight: 400;\">.<\/span><\/p>\n<p><span style=\"font-weight: 400;\">A\u00f1ade, adem\u00e1s, que la aplicaci\u00f3n de ese m\u00e9todo de comprobaci\u00f3n <\/span><i><span style=\"font-weight: 400;\">\u201cno dota a la Administraci\u00f3n de una <\/span><\/i><b><i>presunci\u00f3n reforzada de veracidad <\/i><\/b><i><span style=\"font-weight: 400;\">y acierto de los valores incluidos en los coeficientes, figuren en disposiciones generales o no\u201d, as\u00ed como que \u201cla aplicaci\u00f3n de tal m\u00e9todo para rectificar el valor declarado por el contribuyente exige que la Administraci\u00f3n exprese motivadamente las razones por las que, a su juicio, tal <\/span><\/i><b><i>valor declarado no se corresponde con el valor real<\/i><\/b><i><span style=\"font-weight: 400;\">, sin que baste para justificar el inicio de la comprobaci\u00f3n la mera discordancia con los valores o coeficientes generales publicados por los que se multiplica el valor catastral\u201d.<\/span><\/i><\/p>\n<p><span style=\"font-weight: 400;\">Por \u00faltimo, deja claro a qui\u00e9n corresponde la carga de la prueba en este terreno: <em>\u201cel interesado no est\u00e1 legalmente obligado a acreditar que el valor que figura en la declaraci\u00f3n o autoliquidaci\u00f3n del impuesto coincide con el valor real, siendo la Administraci\u00f3n la que debe probar esa falta de coincidencia\u201d.<\/em><\/span><\/p>\n<p style=\"text-align: left;\">Si te ha parecido interesante este contenido, \u00a1comp\u00e1rtelo en tus redes!<\/p>\n<div class=\"ttr_end\"><\/div>","protected":false},"excerpt":{"rendered":"<p>El coeficiente para calcular el ITP (Impuesto sobre Transmisiones Patrimoniales (ITP), ha sido rechazado por el Tribunal Supremo. As\u00ed, la Sala III de lo Contencioso-Administrativo del Tribunal Supremo (TS) ha desmontado recientemente en varias sentencias el m\u00e9todo utilizado por las comunidades aut\u00f3nomas para calcular el ITP. Este grava la compraventa de un inmueble y cuyo [&hellip;]<\/p>\n","protected":false},"author":1,"featured_media":27486,"comment_status":"closed","ping_status":"open","sticky":false,"template":"","format":"standard","meta":{"_acf_changed":false,"_genesis_hide_title":false,"_genesis_hide_breadcrumbs":false,"_genesis_hide_singular_image":false,"_genesis_hide_footer_widgets":false,"_genesis_custom_body_class":"","_genesis_custom_post_class":"","_genesis_layout":"","_jetpack_newsletter_access":"","_jetpack_dont_email_post_to_subs":false,"_jetpack_newsletter_tier_id":0,"_jetpack_memberships_contains_paywalled_content":false,"_jetpack_memberships_contains_paid_content":false,"footnotes":""},"categories":[392],"tags":[701],"class_list":{"0":"post-18699","1":"post","2":"type-post","3":"status-publish","4":"format-standard","5":"has-post-thumbnail","7":"category-noticias","8":"tag-plusvalia-municipal","9":"entry"},"acf":[],"yoast_head":"<!-- This site is optimized with the Yoast SEO plugin v27.4 - https:\/\/yoast.com\/product\/yoast-seo-wordpress\/ -->\n<title>El coeficiente para calcular el ITP, rechazado por el Supremo<\/title>\n<meta name=\"description\" content=\"El Tribunal Supremo rechaza el coeficiente para calcular el Impuesto sobre Transmisiones Patrimoniales (ITP). Te lo explicamos a continuaci\u00f3n\" \/>\n<meta name=\"robots\" content=\"index, follow, max-snippet:-1, max-image-preview:large, max-video-preview:-1\" \/>\n<link rel=\"canonical\" href=\"https:\/\/www.reclamador.es\/blog\/supremo-rechaza-coeficiente-itp\/\" \/>\n<meta property=\"og:locale\" content=\"es_ES\" \/>\n<meta property=\"og:type\" content=\"article\" \/>\n<meta property=\"og:title\" content=\"El coeficiente para calcular el ITP, rechazado por el Supremo\" \/>\n<meta property=\"og:description\" content=\"El Tribunal Supremo rechaza el coeficiente para calcular el Impuesto sobre Transmisiones Patrimoniales (ITP). Te lo explicamos a continuaci\u00f3n\" \/>\n<meta property=\"og:url\" content=\"https:\/\/www.reclamador.es\/blog\/supremo-rechaza-coeficiente-itp\/\" \/>\n<meta property=\"og:site_name\" content=\"Rebeldes con causa, el blog de reclamador.es\" \/>\n<meta property=\"article:publisher\" content=\"https:\/\/www.facebook.com\/reclamador.es\" \/>\n<meta property=\"article:published_time\" content=\"2020-06-22T08:00:32+00:00\" \/>\n<meta property=\"article:modified_time\" content=\"2024-06-07T09:04:14+00:00\" \/>\n<meta property=\"og:image\" content=\"https:\/\/www.reclamador.es\/blog\/wp-content\/uploads\/2018\/06\/impuestos-sucesiones.jpg\" \/>\n\t<meta property=\"og:image:width\" content=\"1920\" \/>\n\t<meta property=\"og:image:height\" content=\"1280\" \/>\n\t<meta property=\"og:image:type\" content=\"image\/jpeg\" \/>\n<meta name=\"author\" content=\"Equipo reclamador\" \/>\n<meta name=\"twitter:card\" content=\"summary_large_image\" \/>\n<meta name=\"twitter:creator\" content=\"@reclamador\" \/>\n<meta name=\"twitter:site\" content=\"@reclamador\" \/>\n<meta name=\"twitter:label1\" content=\"Escrito por\" \/>\n\t<meta name=\"twitter:data1\" content=\"Equipo reclamador\" \/>\n\t<meta name=\"twitter:label2\" content=\"Tiempo de lectura\" \/>\n\t<meta name=\"twitter:data2\" content=\"4 minutos\" \/>\n<script type=\"application\/ld+json\" class=\"yoast-schema-graph\">{\"@context\":\"https:\\\/\\\/schema.org\",\"@graph\":[{\"@type\":\"Article\",\"@id\":\"https:\\\/\\\/www.reclamador.es\\\/blog\\\/supremo-rechaza-coeficiente-itp\\\/#article\",\"isPartOf\":{\"@id\":\"https:\\\/\\\/www.reclamador.es\\\/blog\\\/supremo-rechaza-coeficiente-itp\\\/\"},\"author\":{\"name\":\"Equipo reclamador\",\"@id\":\"https:\\\/\\\/www.reclamador.es\\\/blog\\\/#\\\/schema\\\/person\\\/1ed83eef8b6566cb5e4c812d9bc5c4bf\"},\"headline\":\"El Supremo rechaza el coeficiente para calcular el ITP\",\"datePublished\":\"2020-06-22T08:00:32+00:00\",\"dateModified\":\"2024-06-07T09:04:14+00:00\",\"mainEntityOfPage\":{\"@id\":\"https:\\\/\\\/www.reclamador.es\\\/blog\\\/supremo-rechaza-coeficiente-itp\\\/\"},\"wordCount\":644,\"publisher\":{\"@id\":\"https:\\\/\\\/www.reclamador.es\\\/blog\\\/#organization\"},\"image\":{\"@id\":\"https:\\\/\\\/www.reclamador.es\\\/blog\\\/supremo-rechaza-coeficiente-itp\\\/#primaryimage\"},\"thumbnailUrl\":\"https:\\\/\\\/i0.wp.com\\\/www.reclamador.es\\\/blog\\\/wp-content\\\/uploads\\\/2018\\\/06\\\/impuestos-sucesiones.jpg?fit=1920%2C1280&ssl=1\",\"keywords\":[\"plusval\u00eda municipal\"],\"articleSection\":[\"Noticias y actualidad\"],\"inLanguage\":\"es\"},{\"@type\":\"WebPage\",\"@id\":\"https:\\\/\\\/www.reclamador.es\\\/blog\\\/supremo-rechaza-coeficiente-itp\\\/\",\"url\":\"https:\\\/\\\/www.reclamador.es\\\/blog\\\/supremo-rechaza-coeficiente-itp\\\/\",\"name\":\"El coeficiente para calcular el ITP, rechazado por el Supremo\",\"isPartOf\":{\"@id\":\"https:\\\/\\\/www.reclamador.es\\\/blog\\\/#website\"},\"primaryImageOfPage\":{\"@id\":\"https:\\\/\\\/www.reclamador.es\\\/blog\\\/supremo-rechaza-coeficiente-itp\\\/#primaryimage\"},\"image\":{\"@id\":\"https:\\\/\\\/www.reclamador.es\\\/blog\\\/supremo-rechaza-coeficiente-itp\\\/#primaryimage\"},\"thumbnailUrl\":\"https:\\\/\\\/i0.wp.com\\\/www.reclamador.es\\\/blog\\\/wp-content\\\/uploads\\\/2018\\\/06\\\/impuestos-sucesiones.jpg?fit=1920%2C1280&ssl=1\",\"datePublished\":\"2020-06-22T08:00:32+00:00\",\"dateModified\":\"2024-06-07T09:04:14+00:00\",\"description\":\"El Tribunal Supremo rechaza el coeficiente para calcular el Impuesto sobre Transmisiones Patrimoniales (ITP). Te lo explicamos a continuaci\u00f3n\",\"breadcrumb\":{\"@id\":\"https:\\\/\\\/www.reclamador.es\\\/blog\\\/supremo-rechaza-coeficiente-itp\\\/#breadcrumb\"},\"inLanguage\":\"es\",\"potentialAction\":[{\"@type\":\"ReadAction\",\"target\":[\"https:\\\/\\\/www.reclamador.es\\\/blog\\\/supremo-rechaza-coeficiente-itp\\\/\"]}]},{\"@type\":\"ImageObject\",\"inLanguage\":\"es\",\"@id\":\"https:\\\/\\\/www.reclamador.es\\\/blog\\\/supremo-rechaza-coeficiente-itp\\\/#primaryimage\",\"url\":\"https:\\\/\\\/i0.wp.com\\\/www.reclamador.es\\\/blog\\\/wp-content\\\/uploads\\\/2018\\\/06\\\/impuestos-sucesiones.jpg?fit=1920%2C1280&ssl=1\",\"contentUrl\":\"https:\\\/\\\/i0.wp.com\\\/www.reclamador.es\\\/blog\\\/wp-content\\\/uploads\\\/2018\\\/06\\\/impuestos-sucesiones.jpg?fit=1920%2C1280&ssl=1\",\"width\":1920,\"height\":1280,\"caption\":\"El TS ha desmontado en varias sentencias el m\u00e9todo utilizado por las comunidades aut\u00f3nomas para calcular el ITP\"},{\"@type\":\"BreadcrumbList\",\"@id\":\"https:\\\/\\\/www.reclamador.es\\\/blog\\\/supremo-rechaza-coeficiente-itp\\\/#breadcrumb\",\"itemListElement\":[{\"@type\":\"ListItem\",\"position\":1,\"name\":\"Portada\",\"item\":\"https:\\\/\\\/www.reclamador.es\\\/blog\\\/\"},{\"@type\":\"ListItem\",\"position\":2,\"name\":\"El Supremo rechaza el coeficiente para calcular el ITP\"}]},{\"@type\":\"WebSite\",\"@id\":\"https:\\\/\\\/www.reclamador.es\\\/blog\\\/#website\",\"url\":\"https:\\\/\\\/www.reclamador.es\\\/blog\\\/\",\"name\":\"Rebeldes con causa, el blog de reclamador.es\",\"description\":\"Noticias, entrevistas y consejos sobre reclamaciones\",\"publisher\":{\"@id\":\"https:\\\/\\\/www.reclamador.es\\\/blog\\\/#organization\"},\"potentialAction\":[{\"@type\":\"SearchAction\",\"target\":{\"@type\":\"EntryPoint\",\"urlTemplate\":\"https:\\\/\\\/www.reclamador.es\\\/blog\\\/?s={search_term_string}\"},\"query-input\":{\"@type\":\"PropertyValueSpecification\",\"valueRequired\":true,\"valueName\":\"search_term_string\"}}],\"inLanguage\":\"es\"},{\"@type\":\"Organization\",\"@id\":\"https:\\\/\\\/www.reclamador.es\\\/blog\\\/#organization\",\"name\":\"reclamador.es\",\"url\":\"https:\\\/\\\/www.reclamador.es\\\/blog\\\/\",\"logo\":{\"@type\":\"ImageObject\",\"inLanguage\":\"es\",\"@id\":\"https:\\\/\\\/www.reclamador.es\\\/blog\\\/#\\\/schema\\\/logo\\\/image\\\/\",\"url\":\"https:\\\/\\\/i0.wp.com\\\/www.reclamador.es\\\/blog\\\/wp-content\\\/uploads\\\/2020\\\/01\\\/logo-reclamador.png?fit=1200%2C144&ssl=1\",\"contentUrl\":\"https:\\\/\\\/i0.wp.com\\\/www.reclamador.es\\\/blog\\\/wp-content\\\/uploads\\\/2020\\\/01\\\/logo-reclamador.png?fit=1200%2C144&ssl=1\",\"width\":1200,\"height\":144,\"caption\":\"reclamador.es\"},\"image\":{\"@id\":\"https:\\\/\\\/www.reclamador.es\\\/blog\\\/#\\\/schema\\\/logo\\\/image\\\/\"},\"sameAs\":[\"https:\\\/\\\/www.facebook.com\\\/reclamador.es\",\"https:\\\/\\\/x.com\\\/reclamador\",\"https:\\\/\\\/www.instagram.com\\\/reclamador.es\\\/\",\"https:\\\/\\\/www.linkedin.com\\\/company\\\/reclamador-es\",\"https:\\\/\\\/www.youtube.com\\\/user\\\/Reclamadores\"]},{\"@type\":\"Person\",\"@id\":\"https:\\\/\\\/www.reclamador.es\\\/blog\\\/#\\\/schema\\\/person\\\/1ed83eef8b6566cb5e4c812d9bc5c4bf\",\"name\":\"Equipo reclamador\",\"image\":{\"@type\":\"ImageObject\",\"inLanguage\":\"es\",\"@id\":\"https:\\\/\\\/secure.gravatar.com\\\/avatar\\\/6442ecdc2c4472c600c113f34d340feca47107d6aa4f42f1e3e75a2a8e28a760?s=96&d=mm&r=g\",\"url\":\"https:\\\/\\\/secure.gravatar.com\\\/avatar\\\/6442ecdc2c4472c600c113f34d340feca47107d6aa4f42f1e3e75a2a8e28a760?s=96&d=mm&r=g\",\"contentUrl\":\"https:\\\/\\\/secure.gravatar.com\\\/avatar\\\/6442ecdc2c4472c600c113f34d340feca47107d6aa4f42f1e3e75a2a8e28a760?s=96&d=mm&r=g\",\"caption\":\"Equipo reclamador\"},\"description\":\"Las personas que hacen posible reclamador.es\",\"url\":\"https:\\\/\\\/www.reclamador.es\\\/blog\\\/author\\\/administrador\\\/\"}]}<\/script>\n<!-- \/ Yoast SEO plugin. -->","yoast_head_json":{"title":"El coeficiente para calcular el ITP, rechazado por el Supremo","description":"El Tribunal Supremo rechaza el coeficiente para calcular el Impuesto sobre Transmisiones Patrimoniales (ITP). Te lo explicamos a continuaci\u00f3n","robots":{"index":"index","follow":"follow","max-snippet":"max-snippet:-1","max-image-preview":"max-image-preview:large","max-video-preview":"max-video-preview:-1"},"canonical":"https:\/\/www.reclamador.es\/blog\/supremo-rechaza-coeficiente-itp\/","og_locale":"es_ES","og_type":"article","og_title":"El coeficiente para calcular el ITP, rechazado por el Supremo","og_description":"El Tribunal Supremo rechaza el coeficiente para calcular el Impuesto sobre Transmisiones Patrimoniales (ITP). Te lo explicamos a continuaci\u00f3n","og_url":"https:\/\/www.reclamador.es\/blog\/supremo-rechaza-coeficiente-itp\/","og_site_name":"Rebeldes con causa, el blog de reclamador.es","article_publisher":"https:\/\/www.facebook.com\/reclamador.es","article_published_time":"2020-06-22T08:00:32+00:00","article_modified_time":"2024-06-07T09:04:14+00:00","og_image":[{"width":1920,"height":1280,"url":"https:\/\/www.reclamador.es\/blog\/wp-content\/uploads\/2018\/06\/impuestos-sucesiones.jpg","type":"image\/jpeg"}],"author":"Equipo reclamador","twitter_card":"summary_large_image","twitter_creator":"@reclamador","twitter_site":"@reclamador","twitter_misc":{"Escrito por":"Equipo reclamador","Tiempo de lectura":"4 minutos"},"schema":{"@context":"https:\/\/schema.org","@graph":[{"@type":"Article","@id":"https:\/\/www.reclamador.es\/blog\/supremo-rechaza-coeficiente-itp\/#article","isPartOf":{"@id":"https:\/\/www.reclamador.es\/blog\/supremo-rechaza-coeficiente-itp\/"},"author":{"name":"Equipo reclamador","@id":"https:\/\/www.reclamador.es\/blog\/#\/schema\/person\/1ed83eef8b6566cb5e4c812d9bc5c4bf"},"headline":"El Supremo rechaza el coeficiente para calcular el ITP","datePublished":"2020-06-22T08:00:32+00:00","dateModified":"2024-06-07T09:04:14+00:00","mainEntityOfPage":{"@id":"https:\/\/www.reclamador.es\/blog\/supremo-rechaza-coeficiente-itp\/"},"wordCount":644,"publisher":{"@id":"https:\/\/www.reclamador.es\/blog\/#organization"},"image":{"@id":"https:\/\/www.reclamador.es\/blog\/supremo-rechaza-coeficiente-itp\/#primaryimage"},"thumbnailUrl":"https:\/\/i0.wp.com\/www.reclamador.es\/blog\/wp-content\/uploads\/2018\/06\/impuestos-sucesiones.jpg?fit=1920%2C1280&ssl=1","keywords":["plusval\u00eda municipal"],"articleSection":["Noticias y actualidad"],"inLanguage":"es"},{"@type":"WebPage","@id":"https:\/\/www.reclamador.es\/blog\/supremo-rechaza-coeficiente-itp\/","url":"https:\/\/www.reclamador.es\/blog\/supremo-rechaza-coeficiente-itp\/","name":"El coeficiente para calcular el ITP, rechazado por el Supremo","isPartOf":{"@id":"https:\/\/www.reclamador.es\/blog\/#website"},"primaryImageOfPage":{"@id":"https:\/\/www.reclamador.es\/blog\/supremo-rechaza-coeficiente-itp\/#primaryimage"},"image":{"@id":"https:\/\/www.reclamador.es\/blog\/supremo-rechaza-coeficiente-itp\/#primaryimage"},"thumbnailUrl":"https:\/\/i0.wp.com\/www.reclamador.es\/blog\/wp-content\/uploads\/2018\/06\/impuestos-sucesiones.jpg?fit=1920%2C1280&ssl=1","datePublished":"2020-06-22T08:00:32+00:00","dateModified":"2024-06-07T09:04:14+00:00","description":"El Tribunal Supremo rechaza el coeficiente para calcular el Impuesto sobre Transmisiones Patrimoniales (ITP). Te lo explicamos a continuaci\u00f3n","breadcrumb":{"@id":"https:\/\/www.reclamador.es\/blog\/supremo-rechaza-coeficiente-itp\/#breadcrumb"},"inLanguage":"es","potentialAction":[{"@type":"ReadAction","target":["https:\/\/www.reclamador.es\/blog\/supremo-rechaza-coeficiente-itp\/"]}]},{"@type":"ImageObject","inLanguage":"es","@id":"https:\/\/www.reclamador.es\/blog\/supremo-rechaza-coeficiente-itp\/#primaryimage","url":"https:\/\/i0.wp.com\/www.reclamador.es\/blog\/wp-content\/uploads\/2018\/06\/impuestos-sucesiones.jpg?fit=1920%2C1280&ssl=1","contentUrl":"https:\/\/i0.wp.com\/www.reclamador.es\/blog\/wp-content\/uploads\/2018\/06\/impuestos-sucesiones.jpg?fit=1920%2C1280&ssl=1","width":1920,"height":1280,"caption":"El TS ha desmontado en varias sentencias el m\u00e9todo utilizado por las comunidades aut\u00f3nomas para calcular el ITP"},{"@type":"BreadcrumbList","@id":"https:\/\/www.reclamador.es\/blog\/supremo-rechaza-coeficiente-itp\/#breadcrumb","itemListElement":[{"@type":"ListItem","position":1,"name":"Portada","item":"https:\/\/www.reclamador.es\/blog\/"},{"@type":"ListItem","position":2,"name":"El Supremo rechaza el coeficiente para calcular el ITP"}]},{"@type":"WebSite","@id":"https:\/\/www.reclamador.es\/blog\/#website","url":"https:\/\/www.reclamador.es\/blog\/","name":"Rebeldes con causa, el blog de reclamador.es","description":"Noticias, entrevistas y consejos sobre reclamaciones","publisher":{"@id":"https:\/\/www.reclamador.es\/blog\/#organization"},"potentialAction":[{"@type":"SearchAction","target":{"@type":"EntryPoint","urlTemplate":"https:\/\/www.reclamador.es\/blog\/?s={search_term_string}"},"query-input":{"@type":"PropertyValueSpecification","valueRequired":true,"valueName":"search_term_string"}}],"inLanguage":"es"},{"@type":"Organization","@id":"https:\/\/www.reclamador.es\/blog\/#organization","name":"reclamador.es","url":"https:\/\/www.reclamador.es\/blog\/","logo":{"@type":"ImageObject","inLanguage":"es","@id":"https:\/\/www.reclamador.es\/blog\/#\/schema\/logo\/image\/","url":"https:\/\/i0.wp.com\/www.reclamador.es\/blog\/wp-content\/uploads\/2020\/01\/logo-reclamador.png?fit=1200%2C144&ssl=1","contentUrl":"https:\/\/i0.wp.com\/www.reclamador.es\/blog\/wp-content\/uploads\/2020\/01\/logo-reclamador.png?fit=1200%2C144&ssl=1","width":1200,"height":144,"caption":"reclamador.es"},"image":{"@id":"https:\/\/www.reclamador.es\/blog\/#\/schema\/logo\/image\/"},"sameAs":["https:\/\/www.facebook.com\/reclamador.es","https:\/\/x.com\/reclamador","https:\/\/www.instagram.com\/reclamador.es\/","https:\/\/www.linkedin.com\/company\/reclamador-es","https:\/\/www.youtube.com\/user\/Reclamadores"]},{"@type":"Person","@id":"https:\/\/www.reclamador.es\/blog\/#\/schema\/person\/1ed83eef8b6566cb5e4c812d9bc5c4bf","name":"Equipo reclamador","image":{"@type":"ImageObject","inLanguage":"es","@id":"https:\/\/secure.gravatar.com\/avatar\/6442ecdc2c4472c600c113f34d340feca47107d6aa4f42f1e3e75a2a8e28a760?s=96&d=mm&r=g","url":"https:\/\/secure.gravatar.com\/avatar\/6442ecdc2c4472c600c113f34d340feca47107d6aa4f42f1e3e75a2a8e28a760?s=96&d=mm&r=g","contentUrl":"https:\/\/secure.gravatar.com\/avatar\/6442ecdc2c4472c600c113f34d340feca47107d6aa4f42f1e3e75a2a8e28a760?s=96&d=mm&r=g","caption":"Equipo reclamador"},"description":"Las personas que hacen posible reclamador.es","url":"https:\/\/www.reclamador.es\/blog\/author\/administrador\/"}]}},"jetpack_featured_media_url":"https:\/\/i0.wp.com\/www.reclamador.es\/blog\/wp-content\/uploads\/2018\/06\/impuestos-sucesiones.jpg?fit=1920%2C1280&ssl=1","jetpack-related-posts":[{"id":17739,"url":"https:\/\/www.reclamador.es\/blog\/guia-impuesto-transmisiones-patrimoniales\/","url_meta":{"origin":18699,"position":0},"title":"Gu\u00eda del Impuesto de Transmisiones Patrimoniales","author":"Equipo reclamador","date":"24 agosto, 2021","format":false,"excerpt":"*Actualizado abril 2023 Compra de vivienda de segunda mano, adquisici\u00f3n de veh\u00edculos usados, compras de art\u00edculos en Wallapop, Vibbo\u2026 Estos son varios supuestos en los que se debe, o deber\u00eda, pagar el Impuesto de Transmisiones Patrimoniales (\u00a0ITP). Y decimos deber\u00eda porque es raro encontrarnos con casos en los que las\u2026","rel":"","context":"En \u00abConsejos legales\u00bb","block_context":{"text":"Consejos legales","link":"https:\/\/www.reclamador.es\/blog\/consejos\/"},"img":{"alt_text":"Gu\u00eda del impuesto de transmisiones patrimoniales","src":"https:\/\/i0.wp.com\/www.reclamador.es\/blog\/wp-content\/uploads\/2021\/08\/Guia-del-impuesto-de-transmisiones-patrimoniales.jpg?fit=1200%2C675&ssl=1&resize=350%2C200","width":350,"height":200,"srcset":"https:\/\/i0.wp.com\/www.reclamador.es\/blog\/wp-content\/uploads\/2021\/08\/Guia-del-impuesto-de-transmisiones-patrimoniales.jpg?fit=1200%2C675&ssl=1&resize=350%2C200 1x, https:\/\/i0.wp.com\/www.reclamador.es\/blog\/wp-content\/uploads\/2021\/08\/Guia-del-impuesto-de-transmisiones-patrimoniales.jpg?fit=1200%2C675&ssl=1&resize=525%2C300 1.5x, https:\/\/i0.wp.com\/www.reclamador.es\/blog\/wp-content\/uploads\/2021\/08\/Guia-del-impuesto-de-transmisiones-patrimoniales.jpg?fit=1200%2C675&ssl=1&resize=700%2C400 2x, https:\/\/i0.wp.com\/www.reclamador.es\/blog\/wp-content\/uploads\/2021\/08\/Guia-del-impuesto-de-transmisiones-patrimoniales.jpg?fit=1200%2C675&ssl=1&resize=1050%2C600 3x"},"classes":[]},{"id":21580,"url":"https:\/\/www.reclamador.es\/blog\/obligacion-pago-itp-deduccion-alquiler-madrid\/","url_meta":{"origin":18699,"position":1},"title":"El ITP puede dejar sin deducci\u00f3n por alquiler a miles de j\u00f3venes en Madrid","author":"Equipo reclamador","date":"10 abril, 2019","format":false,"excerpt":"La campa\u00f1a de la Renta 2018 viene con una gran sorpresa para los menores de 35 a\u00f1os que viven de alquiler en la Comunidad de Madrid - Unos 78.500 contribuyentes, seg\u00fan varias estimaciones publicadas en prensa-. El \u00faltimo mes de 2018, la comunidad gobernada por \u00c1ngel Garrido aprob\u00f3 un Decreto\u2026","rel":"","context":"En \u00abNoticias y actualidad\u00bb","block_context":{"text":"Noticias y actualidad","link":"https:\/\/www.reclamador.es\/blog\/noticias\/"},"img":{"alt_text":"ITP comunidad de madrid","src":"https:\/\/i0.wp.com\/www.reclamador.es\/blog\/wp-content\/uploads\/2019\/04\/ITP-Madrid-reclamador.jpg?fit=1198%2C630&ssl=1&resize=350%2C200","width":350,"height":200,"srcset":"https:\/\/i0.wp.com\/www.reclamador.es\/blog\/wp-content\/uploads\/2019\/04\/ITP-Madrid-reclamador.jpg?fit=1198%2C630&ssl=1&resize=350%2C200 1x, https:\/\/i0.wp.com\/www.reclamador.es\/blog\/wp-content\/uploads\/2019\/04\/ITP-Madrid-reclamador.jpg?fit=1198%2C630&ssl=1&resize=525%2C300 1.5x, https:\/\/i0.wp.com\/www.reclamador.es\/blog\/wp-content\/uploads\/2019\/04\/ITP-Madrid-reclamador.jpg?fit=1198%2C630&ssl=1&resize=700%2C400 2x, https:\/\/i0.wp.com\/www.reclamador.es\/blog\/wp-content\/uploads\/2019\/04\/ITP-Madrid-reclamador.jpg?fit=1198%2C630&ssl=1&resize=1050%2C600 3x"},"classes":[]},{"id":17543,"url":"https:\/\/www.reclamador.es\/blog\/provision-de-fondos-hipoteca\/","url_meta":{"origin":18699,"position":2},"title":"No te olvides de la provisi\u00f3n de fondos cuando pidas una hipoteca","author":"Equipo reclamador","date":"22 marzo, 2018","format":false,"excerpt":"Si est\u00e1s interesado en comprar una vivienda, o hace no demasiado que adquiriste tu casa pidiendo para ello una hipoteca, seguro que has o\u00eddo hablar de la provisi\u00f3n de fondos, pero \u00bfen qu\u00e9 se basa el banco para calcular esos conceptos? \u00bfqu\u00e9 pasa si sobra dinero de esa cantidad depositada?\u2026","rel":"","context":"En \u00abConsejos legales\u00bb","block_context":{"text":"Consejos legales","link":"https:\/\/www.reclamador.es\/blog\/consejos\/"},"img":{"alt_text":"provision fondos hipoteca reclamador","src":"https:\/\/i0.wp.com\/www.reclamador.es\/blog\/wp-content\/uploads\/2018\/03\/provision-de-fondos-hipoteca-reclamador.jpg?fit=1200%2C800&ssl=1&resize=350%2C200","width":350,"height":200,"srcset":"https:\/\/i0.wp.com\/www.reclamador.es\/blog\/wp-content\/uploads\/2018\/03\/provision-de-fondos-hipoteca-reclamador.jpg?fit=1200%2C800&ssl=1&resize=350%2C200 1x, https:\/\/i0.wp.com\/www.reclamador.es\/blog\/wp-content\/uploads\/2018\/03\/provision-de-fondos-hipoteca-reclamador.jpg?fit=1200%2C800&ssl=1&resize=525%2C300 1.5x, https:\/\/i0.wp.com\/www.reclamador.es\/blog\/wp-content\/uploads\/2018\/03\/provision-de-fondos-hipoteca-reclamador.jpg?fit=1200%2C800&ssl=1&resize=700%2C400 2x, https:\/\/i0.wp.com\/www.reclamador.es\/blog\/wp-content\/uploads\/2018\/03\/provision-de-fondos-hipoteca-reclamador.jpg?fit=1200%2C800&ssl=1&resize=1050%2C600 3x"},"classes":[]},{"id":33314,"url":"https:\/\/www.reclamador.es\/blog\/cuanto-hay-que-ahorrar-para-la-entrada-de-una-vivienda\/","url_meta":{"origin":18699,"position":3},"title":"\u00bfCu\u00e1nto hay que ahorrar para la entrada de una vivienda?","author":"Equipo reclamador","date":"19 noviembre, 2024","format":false,"excerpt":"Si est\u00e1s pensando en comprar una vivienda, especialmente si se trata de tu primera casa, seguro que son muchas las dudas que te asaltan, pues una de las primeras decisiones que debes tomar es qu\u00e9 vivienda te puedes comprar. Seguro que ya sabes que, para adquirir tu nuevo hogar debes\u2026","rel":"","context":"En \u00abConsejos legales\u00bb","block_context":{"text":"Consejos legales","link":"https:\/\/www.reclamador.es\/blog\/consejos\/"},"img":{"alt_text":"Cu\u00e1nto hay que ahorrar para la entrada de una vivienda","src":"https:\/\/i0.wp.com\/www.reclamador.es\/blog\/wp-content\/uploads\/2024\/11\/cuanto-hay-que-ahorrar-para-la-entrada-de-una-vivienda-1200x630-1.jpg?fit=1200%2C630&ssl=1&resize=350%2C200","width":350,"height":200,"srcset":"https:\/\/i0.wp.com\/www.reclamador.es\/blog\/wp-content\/uploads\/2024\/11\/cuanto-hay-que-ahorrar-para-la-entrada-de-una-vivienda-1200x630-1.jpg?fit=1200%2C630&ssl=1&resize=350%2C200 1x, https:\/\/i0.wp.com\/www.reclamador.es\/blog\/wp-content\/uploads\/2024\/11\/cuanto-hay-que-ahorrar-para-la-entrada-de-una-vivienda-1200x630-1.jpg?fit=1200%2C630&ssl=1&resize=525%2C300 1.5x, https:\/\/i0.wp.com\/www.reclamador.es\/blog\/wp-content\/uploads\/2024\/11\/cuanto-hay-que-ahorrar-para-la-entrada-de-una-vivienda-1200x630-1.jpg?fit=1200%2C630&ssl=1&resize=700%2C400 2x, https:\/\/i0.wp.com\/www.reclamador.es\/blog\/wp-content\/uploads\/2024\/11\/cuanto-hay-que-ahorrar-para-la-entrada-de-una-vivienda-1200x630-1.jpg?fit=1200%2C630&ssl=1&resize=1050%2C600 3x"},"classes":[]},{"id":25414,"url":"https:\/\/www.reclamador.es\/blog\/analisis-sentencia-tribunal-supremo-plusvalia-municipal\/","url_meta":{"origin":18699,"position":4},"title":"Sentencia del Tribunal Supremo sobre plusval\u00eda municipal: todo sigue como estaba","author":"Equipo reclamador","date":"28 mayo, 2020","format":false,"excerpt":"Novedades agosto 2025: Si pagaste la plusval\u00eda municipal en fecha posterior al 9 de noviembre de 2021 es de aplicaci\u00f3n la nueva regulaci\u00f3n, por lo que no hay fundamentaci\u00f3n para reclamar con base en la nulidad del anterior m\u00e9todo de c\u00e1lculo. A d\u00eda de hoy, son muy pocos los casos\u2026","rel":"","context":"En \u00abNoticias y actualidad\u00bb","block_context":{"text":"Noticias y actualidad","link":"https:\/\/www.reclamador.es\/blog\/noticias\/"},"img":{"alt_text":"ultimas noticias impuesto plusvalia municipal","src":"https:\/\/i0.wp.com\/www.reclamador.es\/blog\/wp-content\/uploads\/2020\/05\/sentencia-plusvalia-constitucional-ai-generated-8866846_1280.jpg?fit=1200%2C600&ssl=1&resize=350%2C200","width":350,"height":200,"srcset":"https:\/\/i0.wp.com\/www.reclamador.es\/blog\/wp-content\/uploads\/2020\/05\/sentencia-plusvalia-constitucional-ai-generated-8866846_1280.jpg?fit=1200%2C600&ssl=1&resize=350%2C200 1x, https:\/\/i0.wp.com\/www.reclamador.es\/blog\/wp-content\/uploads\/2020\/05\/sentencia-plusvalia-constitucional-ai-generated-8866846_1280.jpg?fit=1200%2C600&ssl=1&resize=525%2C300 1.5x, https:\/\/i0.wp.com\/www.reclamador.es\/blog\/wp-content\/uploads\/2020\/05\/sentencia-plusvalia-constitucional-ai-generated-8866846_1280.jpg?fit=1200%2C600&ssl=1&resize=700%2C400 2x, https:\/\/i0.wp.com\/www.reclamador.es\/blog\/wp-content\/uploads\/2020\/05\/sentencia-plusvalia-constitucional-ai-generated-8866846_1280.jpg?fit=1200%2C600&ssl=1&resize=1050%2C600 3x"},"classes":[]},{"id":27806,"url":"https:\/\/www.reclamador.es\/blog\/analisis-sentencia-del-constitucional-sobre-plusvalia-municipal\/","url_meta":{"origin":18699,"position":5},"title":"Preguntas y respuestas tras la sentencia del Constitucional sobre plusval\u00eda municipal","author":"Equipo reclamador","date":"3 noviembre, 2021","format":false,"excerpt":"*Actualizado a fecha agosto 2025 Actualizaci\u00f3n 2025: Si pagaste la plusval\u00eda municipal en fecha posterior al 9 de noviembre de 2021 es de aplicaci\u00f3n la nueva regulaci\u00f3n, por lo que no hay fundamentaci\u00f3n para reclamar con base en la nulidad del anterior m\u00e9todo de c\u00e1lculo. A d\u00eda de hoy, son\u2026","rel":"","context":"En \u00abNoticias y actualidad\u00bb","block_context":{"text":"Noticias y actualidad","link":"https:\/\/www.reclamador.es\/blog\/noticias\/"},"img":{"alt_text":"Preguntas y respuestas sobre plusval\u00eda municipal","src":"https:\/\/i0.wp.com\/www.reclamador.es\/blog\/wp-content\/uploads\/2021\/11\/Preguntas-y-respuestas-sobre-plusvalia-municipal.jpg?fit=1200%2C675&ssl=1&resize=350%2C200","width":350,"height":200,"srcset":"https:\/\/i0.wp.com\/www.reclamador.es\/blog\/wp-content\/uploads\/2021\/11\/Preguntas-y-respuestas-sobre-plusvalia-municipal.jpg?fit=1200%2C675&ssl=1&resize=350%2C200 1x, https:\/\/i0.wp.com\/www.reclamador.es\/blog\/wp-content\/uploads\/2021\/11\/Preguntas-y-respuestas-sobre-plusvalia-municipal.jpg?fit=1200%2C675&ssl=1&resize=525%2C300 1.5x, https:\/\/i0.wp.com\/www.reclamador.es\/blog\/wp-content\/uploads\/2021\/11\/Preguntas-y-respuestas-sobre-plusvalia-municipal.jpg?fit=1200%2C675&ssl=1&resize=700%2C400 2x, https:\/\/i0.wp.com\/www.reclamador.es\/blog\/wp-content\/uploads\/2021\/11\/Preguntas-y-respuestas-sobre-plusvalia-municipal.jpg?fit=1200%2C675&ssl=1&resize=1050%2C600 3x"},"classes":[]}],"jetpack_sharing_enabled":true,"_links":{"self":[{"href":"https:\/\/www.reclamador.es\/blog\/wp-json\/wp\/v2\/posts\/18699","targetHints":{"allow":["GET"]}}],"collection":[{"href":"https:\/\/www.reclamador.es\/blog\/wp-json\/wp\/v2\/posts"}],"about":[{"href":"https:\/\/www.reclamador.es\/blog\/wp-json\/wp\/v2\/types\/post"}],"author":[{"embeddable":true,"href":"https:\/\/www.reclamador.es\/blog\/wp-json\/wp\/v2\/users\/1"}],"replies":[{"embeddable":true,"href":"https:\/\/www.reclamador.es\/blog\/wp-json\/wp\/v2\/comments?post=18699"}],"version-history":[{"count":21,"href":"https:\/\/www.reclamador.es\/blog\/wp-json\/wp\/v2\/posts\/18699\/revisions"}],"predecessor-version":[{"id":32474,"href":"https:\/\/www.reclamador.es\/blog\/wp-json\/wp\/v2\/posts\/18699\/revisions\/32474"}],"wp:featuredmedia":[{"embeddable":true,"href":"https:\/\/www.reclamador.es\/blog\/wp-json\/wp\/v2\/media\/27486"}],"wp:attachment":[{"href":"https:\/\/www.reclamador.es\/blog\/wp-json\/wp\/v2\/media?parent=18699"}],"wp:term":[{"taxonomy":"category","embeddable":true,"href":"https:\/\/www.reclamador.es\/blog\/wp-json\/wp\/v2\/categories?post=18699"},{"taxonomy":"post_tag","embeddable":true,"href":"https:\/\/www.reclamador.es\/blog\/wp-json\/wp\/v2\/tags?post=18699"}],"curies":[{"name":"wp","href":"https:\/\/api.w.org\/{rel}","templated":true}]}}