{"id":18629,"date":"2018-06-20T10:00:39","date_gmt":"2018-06-20T08:00:39","guid":{"rendered":"https:\/\/www.reclamador.es\/blog\/?p=18629"},"modified":"2025-01-09T16:06:06","modified_gmt":"2025-01-09T15:06:06","slug":"entrevista-aerolineas-lidia","status":"publish","type":"post","link":"https:\/\/www.reclamador.es\/blog\/entrevista-aerolineas-lidia\/","title":{"rendered":"Entrevista a Lidia: Un caso real de reclamaci\u00f3n a aerol\u00ednea"},"content":{"rendered":"<div class=\"ttr_start\"><\/div>\n\n<div class=\"kk-star-ratings kksr-auto kksr-align-right kksr-valign-top\"\n    data-payload='{&quot;align&quot;:&quot;right&quot;,&quot;id&quot;:&quot;18629&quot;,&quot;slug&quot;:&quot;default&quot;,&quot;valign&quot;:&quot;top&quot;,&quot;ignore&quot;:&quot;&quot;,&quot;reference&quot;:&quot;auto&quot;,&quot;class&quot;:&quot;&quot;,&quot;count&quot;:&quot;3&quot;,&quot;legendonly&quot;:&quot;&quot;,&quot;readonly&quot;:&quot;&quot;,&quot;score&quot;:&quot;4&quot;,&quot;starsonly&quot;:&quot;&quot;,&quot;best&quot;:&quot;5&quot;,&quot;gap&quot;:&quot;3&quot;,&quot;greet&quot;:&quot;Valora este art\u00edculo&quot;,&quot;legend&quot;:&quot;4\\\/5 - (3 votos)&quot;,&quot;size&quot;:&quot;20&quot;,&quot;title&quot;:&quot;Entrevista a Lidia: Un caso real de reclamaci\u00f3n a aerol\u00ednea&quot;,&quot;width&quot;:&quot;90.5&quot;,&quot;_legend&quot;:&quot;{score}\\\/{best} - ({count} {votes})&quot;,&quot;font_factor&quot;:&quot;1.25&quot;}'>\n            \n<div class=\"kksr-stars\">\n    \n<div class=\"kksr-stars-inactive\">\n            <div class=\"kksr-star\" data-star=\"1\" style=\"padding-right: 3px\">\n            \n\n<div class=\"kksr-icon\" style=\"width: 20px; height: 20px;\"><\/div>\n        <\/div>\n            <div class=\"kksr-star\" data-star=\"2\" style=\"padding-right: 3px\">\n            \n\n<div class=\"kksr-icon\" style=\"width: 20px; height: 20px;\"><\/div>\n        <\/div>\n            <div class=\"kksr-star\" data-star=\"3\" style=\"padding-right: 3px\">\n            \n\n<div class=\"kksr-icon\" style=\"width: 20px; height: 20px;\"><\/div>\n        <\/div>\n            <div class=\"kksr-star\" data-star=\"4\" style=\"padding-right: 3px\">\n            \n\n<div class=\"kksr-icon\" style=\"width: 20px; height: 20px;\"><\/div>\n        <\/div>\n            <div class=\"kksr-star\" data-star=\"5\" style=\"padding-right: 3px\">\n            \n\n<div class=\"kksr-icon\" style=\"width: 20px; height: 20px;\"><\/div>\n        <\/div>\n    <\/div>\n    \n<div class=\"kksr-stars-active\" style=\"width: 90.5px;\">\n            <div class=\"kksr-star\" style=\"padding-right: 3px\">\n            \n\n<div class=\"kksr-icon\" style=\"width: 20px; height: 20px;\"><\/div>\n        <\/div>\n            <div class=\"kksr-star\" style=\"padding-right: 3px\">\n            \n\n<div class=\"kksr-icon\" style=\"width: 20px; height: 20px;\"><\/div>\n        <\/div>\n            <div class=\"kksr-star\" style=\"padding-right: 3px\">\n            \n\n<div class=\"kksr-icon\" style=\"width: 20px; height: 20px;\"><\/div>\n        <\/div>\n            <div class=\"kksr-star\" style=\"padding-right: 3px\">\n            \n\n<div class=\"kksr-icon\" style=\"width: 20px; height: 20px;\"><\/div>\n        <\/div>\n            <div class=\"kksr-star\" style=\"padding-right: 3px\">\n            \n\n<div class=\"kksr-icon\" style=\"width: 20px; height: 20px;\"><\/div>\n        <\/div>\n    <\/div>\n<\/div>\n                \n\n<div class=\"kksr-legend\" style=\"font-size: 16px;\">\n            4\/5 - (3 votos)    <\/div>\n    <\/div>\n<figure id=\"attachment_23625\" aria-describedby=\"caption-attachment-23625\" style=\"width: 1200px\" class=\"wp-caption aligncenter\"><img data-recalc-dims=\"1\" loading=\"lazy\" decoding=\"async\" class=\"wp-image-23625 size-full\" title=\"caso real reclamaci\u00f3n a aerol\u00edneas\" src=\"https:\/\/i0.wp.com\/www.reclamador.es\/blog\/wp-content\/uploads\/2018\/06\/people-2588650_1280-1.jpg?resize=1200%2C628&#038;ssl=1\" alt=\"Lidia, reclamadora de aerol\u00edneas\" width=\"1200\" height=\"628\" srcset=\"https:\/\/i0.wp.com\/www.reclamador.es\/blog\/wp-content\/uploads\/2018\/06\/people-2588650_1280-1.jpg?w=1200&amp;ssl=1 1200w, https:\/\/i0.wp.com\/www.reclamador.es\/blog\/wp-content\/uploads\/2018\/06\/people-2588650_1280-1.jpg?resize=150%2C79&amp;ssl=1 150w, https:\/\/i0.wp.com\/www.reclamador.es\/blog\/wp-content\/uploads\/2018\/06\/people-2588650_1280-1.jpg?resize=300%2C157&amp;ssl=1 300w, https:\/\/i0.wp.com\/www.reclamador.es\/blog\/wp-content\/uploads\/2018\/06\/people-2588650_1280-1.jpg?resize=768%2C402&amp;ssl=1 768w, https:\/\/i0.wp.com\/www.reclamador.es\/blog\/wp-content\/uploads\/2018\/06\/people-2588650_1280-1.jpg?resize=1024%2C536&amp;ssl=1 1024w\" sizes=\"auto, (max-width: 1000px) 100vw, 1000px\" \/><figcaption id=\"caption-attachment-23625\" class=\"wp-caption-text\"><em>Caso real reclamaci\u00f3n a aerol\u00edneas: Lidia ha obtenido 250 euros como indemnizaci\u00f3n con reclamador.es.<\/em><\/figcaption><\/figure>\n<p>El Alto Comisionado de la ONU para los Refugiados (<a href=\"https:\/\/www.acnur.org\/\" target=\"_blank\" rel=\"noopener noreferrer\">ACNUR<\/a>) estima que actualmente\u00a0hay en el mundo 25,4 millones de refugiados,\u00a040 millones de desplazados internos\u00a0y 3,1 millones de solicitantes de asilo, lo que hacen un total de m\u00e1s de 68 millones las personas que se han visto obligadas a abandonar sus hogares. Y la cifra no para de aumentar. Est\u00e1 de plena actualidad la necesidad de abordar soluciones integrales y dar un giro en ese sentido hacia una pol\u00edtica m\u00e1s humana que comparta la responsabilidad de proteger los derechos de todas las personas que llegan a otro continente buscando una vida mejor y m\u00e1s segura.<\/p>\n<p>Pero mientras eso sucede, hay personas que aportan su granito de arena ayudando a los refugiados y desplazados, como es el caso de nuestra entrevistada esta semana. Lidia (Barcelona, 1986), es una de esas personas que <strong>\"trata de\u00a0estar involucrada en la defensa de los derechos humanos\u201d<\/strong>, como ella misma nos indica, motivo por el cu\u00e1l viaj\u00f3 a Bruselas y tuvo un incidente en su vuelo de regreso a Espa\u00f1a. Aprovechando que hoy es el <strong>D\u00eda Internacional de los Refugiados<\/strong> vamos a conocer un poco m\u00e1s a esta profesional, licenciada en Humanidades y Comunicaci\u00f3n Audiovisual y que actualmente \u00a0trabaja en turismo.<\/p>\n<h2><strong>Vamos con un caso real reclamaci\u00f3n a aerol\u00edneas<\/strong><\/h2>\n<h3>Hola Lidia, cu\u00e9ntanos, \u00bfc\u00f3mo empez\u00f3 todo?<\/h3>\n<p>Viaj\u00e9 a Bruselas porque colaboro, como activista independiente, con dos casos legales de personas j\u00f3venes refugiadas. B\u00e1sicamente, deb\u00eda viajar a Bruselas para dar soporte al caso legal de un joven de 20 a\u00f1os de Siria (refugiado) cuya solicitud de asilo en Bruselas hab\u00eda sido rechazada. \u00c9l hab\u00eda sido enviado a un centro de detenci\u00f3n en Bruselas durante 3 meses, pendiente de ser enviado a otro pa\u00eds europeo, y mi objetivo era visitarlo y ayudar con el proceso legal.<\/p>\n<h3>\u00bfEra un viaje de corta duraci\u00f3n entonces?<\/h3>\n<p>S\u00ed. Ese era el objetivo. Un viaje expr\u00e9s de 4 d\u00edas y 3 noches. Pero el d\u00eda en que llegu\u00e9 a Bruselas recib\u00ed un mensaje de Vueling inform\u00e1ndome de un cambio en mi vuelo de vuelta, donde se me avisaba que este saldr\u00eda unas cu\u00e1ntas horas m\u00e1s tarde de lo previsto.<\/p>\n<p>Como estuve trabajando y <strong>no recib\u00ed por parte de <a href=\"https:\/\/www.reclamador.es\/aerolineas\/vueling\/\">Vueling<\/a> ninguna nueva notificaci\u00f3n, deduje que todo segu\u00eda igual<\/strong> y el d\u00eda de la vuelta fui al aeropuerto con tiempo suficiente para comer ah\u00ed. Primero fui a las pantallas donde anuncian vuelos para saber mi puerta de embarque ya que no ten\u00eda que facturar, y <strong>mi sorpresa fue no ver ning\u00fan vuelo a la hora que se me hab\u00eda notificado que ser\u00eda la nueva salida del vuelo<\/strong>.<\/p>\n<p>Me qued\u00e9 extra\u00f1ada pero pens\u00e9 que quiz\u00e1s finalmente se hab\u00eda anulado el vuelo. Fui a la agencia <em>Aviapartner<\/em> en el aeropuerto de Bruselas y me dijeron que el vuelo en cuesti\u00f3n ya hab\u00eda aterrizado en Barcelona.<strong> \u00a1Y yo no daba cr\u00e9dito!<\/strong><\/p>\n<h3>\u00bfY qu\u00e9 hiciste entonces? \u00a1Vaya jarro de agua fr\u00eda recibir la noticia de que tu vuelo ya ha despegado sin ti!<\/h3>\n<p>Habl\u00e9 con la azafata de <em>Aviapartner<\/em> durante un rato y me dijo que <strong>era dif\u00edcil probar que no hab\u00eda recibido la notificaci\u00f3n sobre la vuelta de ese vuelo a la hora original de salida<\/strong>. Se ve que hab\u00eda habido una huelga de controladores a\u00e9reos que finalmente hab\u00eda sido suspendida y mi vuelo hab\u00eda vuelto\u00a0al horario original de salida, pero a m\u00ed no me comunicaron nada.<\/p>\n<h3>\u00bfY te facilitaron vuelo para volver a Espa\u00f1a?<\/h3>\n<p>La azafata fue amable pero no me dio opci\u00f3n a un vuelo gratuito de vuelta, entre otras cosas, porque ese d\u00eda con las compa\u00f1\u00edas de Vueling y Ryanair no hab\u00eda programados vuelos de vuelta a Barcelona. <strong>Yo quer\u00eda volver ese mismo d\u00eda ya que no ten\u00eda d\u00f3nde dormir<\/strong>. As\u00ed que fui a la agencia de viajes del aeropuerto para ver si pod\u00eda comprar algo para ese d\u00eda. Pero nada, s\u00f3lo un vuelo de 500 euros y con escalas de muchas horas.<\/p>\n<h3>\u00bfPusiste alguna reclamaci\u00f3n por tu cuenta?<\/h3>\n<p>S\u00ed, por supuesto. Viendo que la azafata no me solucionar\u00eda el problema, le ped\u00ed d\u00f3nde pod\u00eda poner una reclamaci\u00f3n a mi vuelta y me dio una direcci\u00f3n electr\u00f3nica.<\/p>\n<h3>\u00bfC\u00f3mo volviste finalmente?<\/h3>\n<p>Acab\u00e9 comprando un vuelo de 100 euros con Ryanair para el d\u00eda siguiente por la tarde y reservando una noche m\u00e1s en un hostal en el centro de Bruselas. Adem\u00e1s, claro, de pagar una comida y una cena extras con las que no contaba. <strong>Todo corr\u00eda de mi bolsillo, de modo que me dolieron bastante esos extras.<\/strong><\/p>\n<blockquote><p>Di con\u00a0reclamador.es, les pregunt\u00e9 y me dieron una respuesta afirmativa: llevar\u00edan mi reclamaci\u00f3n. \u00a1Me alegr\u00f3 tanto!<\/p><\/blockquote>\n<h3>\u200b\u200b\u200b\u00bfMiraste otras opciones aparte de nosotros para reclamar?\u200b<\/h3>\n<p>S\u00ed, cuando llegu\u00e9 a Barcelona. Con las facturas en mano de todo lo que tuve que consumir\/reservar extra debido a la ineficaz comunicaci\u00f3n de Vueling, rellen\u00e9 el formulario de reclamaci\u00f3n de su p\u00e1gina (en su web una incidencia como la m\u00eda no estaba contemplada) pero acab\u00e9 recibiendo <strong>una respuesta negativa sobre una posible compensaci\u00f3n econ\u00f3mica al cabo de poco tiempo, a pesar de las gotas y facturas adjuntadas y de la larga explicaci\u00f3n que les hice sobre lo que pas\u00f3 con mi vuelo<\/strong>.<\/p>\n<p>Inconforme, mir\u00e9 una cu\u00e1ntas webs de reclamaci\u00f3n a compa\u00f1\u00edas a\u00e9reas, pero las que consult\u00e9 no realizaban reclamaciones de este tipo. S\u00f3lo realizaban reclamaciones para compensaciones grandes e incidencias m\u00e1s claras que la m\u00eda. Finalmente di con\u00a0reclamador.es, les pregunt\u00e9 y me dieron una respuesta afirmativa: <strong>llevar\u00edan mi reclamaci\u00f3n. \u00a1Me alegr\u00f3 tanto!<\/strong><\/p>\n<h3>\u200bCaso real reclamaci\u00f3n a aerol\u00edneas:\u00bfcu\u00e1l ha sido tu mejor momento durante la reclamaci\u00f3n \u200b y por qu\u00e9?<\/h3>\n<p>Seguramente fue que, al menos, reclamador.es aceptara el caso. <strong>Me alegr\u00f3 tener, al menos, la oportunidad para demostrar que el incidente con el vuelo\u00a0no fue culpa m\u00eda\u00a0<\/strong>y tener la opci\u00f3n de recuperar un dinero que no deber\u00eda haber gastado de mi bolsillo.<\/p>\n<h6 style=\"text-align: center;\"><strong><a href=\"https:\/\/www.reclamador.es\/ayuda\/aerolineas\/guia-para-empezar-a-reclamar-a-una-aerolinea\/\">Gu\u00eda para empezar a reclamar a una aerol\u00ednea<\/a><\/strong><\/h6>\n<h3>\u00bfConfiabas en ganar?<\/h3>\n<p>No lo ten\u00eda claro, pero el equipo legal de reclamador.es parec\u00eda optimista, y con experiencia en casos as\u00ed, de modo que estaba a la expectativa. Me ten\u00edan que indemnizar con 250 euros s\u00ed o s\u00ed.<\/p>\n<h3>\u200bDef\u00edne a reclamador.es en pocas palabras<\/h3>\n<p>Ayuda legal justa.<\/p>\n<h3>\u200b\u00bfUn consejo para otros usuarios que est\u00e9n en un lugar similar al tuyo?<\/h3>\n<p>Conoce tus derechos es el mejor consejo que podr\u00eda dar. Adem\u00e1s de guardar todas las facturas y de hacer fotos de todo lo que pueda servir para hacer valer vuestros derechos como usuarios de cualquier tipo de servicio.<\/p>\n<p>Muchas gracias Lidia y enhorabuena por tu fant\u00e1stica labor ayudando fundamentalmente a mujeres y ni\u00f1os que son los m\u00e1s desprotegidos en esta situaci\u00f3n.<\/p>\n<p>Si te ha parecido interesante esta entrevista con un caso real reclamaci\u00f3n a aerol\u00edneas, comp\u00e1rtela.<\/p>\n<div class=\"ttr_end\"><\/div>","protected":false},"excerpt":{"rendered":"<p>El Alto Comisionado de la ONU para los Refugiados (ACNUR) estima que actualmente\u00a0hay en el mundo 25,4 millones de refugiados,\u00a040 millones de desplazados internos\u00a0y 3,1 millones de solicitantes de asilo, lo que hacen un total de m\u00e1s de 68 millones las personas que se han visto obligadas a abandonar sus hogares. Y la cifra no [&hellip;]<\/p>\n","protected":false},"author":3,"featured_media":23624,"comment_status":"closed","ping_status":"open","sticky":false,"template":"","format":"standard","meta":{"_acf_changed":false,"_genesis_hide_title":false,"_genesis_hide_breadcrumbs":false,"_genesis_hide_singular_image":false,"_genesis_hide_footer_widgets":false,"_genesis_custom_body_class":"","_genesis_custom_post_class":"","_genesis_layout":"","_jetpack_newsletter_access":"","_jetpack_dont_email_post_to_subs":false,"_jetpack_newsletter_tier_id":0,"_jetpack_memberships_contains_paywalled_content":false,"_jetpack_memberships_contains_paid_content":false,"footnotes":""},"categories":[396],"tags":[380,765,255],"class_list":{"0":"post-18629","1":"post","2":"type-post","3":"status-publish","4":"format-standard","5":"has-post-thumbnail","7":"category-reclamadores","8":"tag-aerolineas","9":"tag-entrevista","10":"tag-indemnizacion","11":"entry"},"acf":[],"yoast_head":"<!-- This site is optimized with the Yoast SEO plugin v27.4 - https:\/\/yoast.com\/product\/yoast-seo-wordpress\/ -->\n<title>Caso real reclamaci\u00f3n a aerol\u00edneas: entrevista a Lidia<\/title>\n<meta name=\"description\" content=\"Caso real reclamaci\u00f3n a aerol\u00edneas: Lidia, clienta de reclamador.es, tuvo la oportunidad de conseguir su indemnizaci\u00f3n de la aerol\u00ednea.\" \/>\n<meta name=\"robots\" content=\"index, follow, max-snippet:-1, max-image-preview:large, max-video-preview:-1\" \/>\n<link rel=\"canonical\" href=\"https:\/\/www.reclamador.es\/blog\/entrevista-aerolineas-lidia\/\" \/>\n<meta property=\"og:locale\" content=\"es_ES\" \/>\n<meta property=\"og:type\" content=\"article\" \/>\n<meta property=\"og:title\" content=\"Caso real reclamaci\u00f3n a aerol\u00edneas: entrevista a Lidia\" \/>\n<meta property=\"og:description\" content=\"Caso real reclamaci\u00f3n a aerol\u00edneas: Lidia, clienta de reclamador.es, tuvo la oportunidad de conseguir su indemnizaci\u00f3n de la aerol\u00ednea.\" \/>\n<meta property=\"og:url\" content=\"https:\/\/www.reclamador.es\/blog\/entrevista-aerolineas-lidia\/\" \/>\n<meta property=\"og:site_name\" content=\"Rebeldes con causa, el blog de reclamador.es\" \/>\n<meta property=\"article:publisher\" content=\"https:\/\/www.facebook.com\/reclamador.es\" \/>\n<meta property=\"article:published_time\" content=\"2018-06-20T08:00:39+00:00\" \/>\n<meta property=\"article:modified_time\" content=\"2025-01-09T15:06:06+00:00\" \/>\n<meta property=\"og:image\" content=\"https:\/\/www.reclamador.es\/blog\/wp-content\/uploads\/2018\/06\/people-2588650_1280_destacada.jpg\" \/>\n\t<meta property=\"og:image:width\" content=\"800\" \/>\n\t<meta property=\"og:image:height\" content=\"419\" \/>\n\t<meta property=\"og:image:type\" content=\"image\/jpeg\" \/>\n<meta name=\"author\" content=\"Cristina Naveda\" \/>\n<meta name=\"twitter:card\" content=\"summary_large_image\" \/>\n<meta name=\"twitter:creator\" content=\"@reclamador\" \/>\n<meta name=\"twitter:site\" content=\"@reclamador\" \/>\n<meta name=\"twitter:label1\" content=\"Escrito por\" \/>\n\t<meta name=\"twitter:data1\" content=\"Cristina Naveda\" \/>\n\t<meta name=\"twitter:label2\" content=\"Tiempo de lectura\" \/>\n\t<meta name=\"twitter:data2\" content=\"6 minutos\" \/>\n<script type=\"application\/ld+json\" class=\"yoast-schema-graph\">{\"@context\":\"https:\\\/\\\/schema.org\",\"@graph\":[{\"@type\":\"Article\",\"@id\":\"https:\\\/\\\/www.reclamador.es\\\/blog\\\/entrevista-aerolineas-lidia\\\/#article\",\"isPartOf\":{\"@id\":\"https:\\\/\\\/www.reclamador.es\\\/blog\\\/entrevista-aerolineas-lidia\\\/\"},\"author\":{\"name\":\"Cristina Naveda\",\"@id\":\"https:\\\/\\\/www.reclamador.es\\\/blog\\\/#\\\/schema\\\/person\\\/c446a02b3fcf1607a8a2139c36fbe583\"},\"headline\":\"Entrevista a Lidia: Un caso real de reclamaci\u00f3n a aerol\u00ednea\",\"datePublished\":\"2018-06-20T08:00:39+00:00\",\"dateModified\":\"2025-01-09T15:06:06+00:00\",\"mainEntityOfPage\":{\"@id\":\"https:\\\/\\\/www.reclamador.es\\\/blog\\\/entrevista-aerolineas-lidia\\\/\"},\"wordCount\":1254,\"publisher\":{\"@id\":\"https:\\\/\\\/www.reclamador.es\\\/blog\\\/#organization\"},\"image\":{\"@id\":\"https:\\\/\\\/www.reclamador.es\\\/blog\\\/entrevista-aerolineas-lidia\\\/#primaryimage\"},\"thumbnailUrl\":\"https:\\\/\\\/i0.wp.com\\\/www.reclamador.es\\\/blog\\\/wp-content\\\/uploads\\\/2018\\\/06\\\/people-2588650_1280_destacada.jpg?fit=800%2C419&ssl=1\",\"keywords\":[\"aerol\u00edneas\",\"entrevista\",\"indemnizaci\u00f3n\"],\"articleSection\":[\"Conoce todo lo que sucede en reclamador.es\"],\"inLanguage\":\"es\"},{\"@type\":\"WebPage\",\"@id\":\"https:\\\/\\\/www.reclamador.es\\\/blog\\\/entrevista-aerolineas-lidia\\\/\",\"url\":\"https:\\\/\\\/www.reclamador.es\\\/blog\\\/entrevista-aerolineas-lidia\\\/\",\"name\":\"Caso real reclamaci\u00f3n a aerol\u00edneas: entrevista a Lidia\",\"isPartOf\":{\"@id\":\"https:\\\/\\\/www.reclamador.es\\\/blog\\\/#website\"},\"primaryImageOfPage\":{\"@id\":\"https:\\\/\\\/www.reclamador.es\\\/blog\\\/entrevista-aerolineas-lidia\\\/#primaryimage\"},\"image\":{\"@id\":\"https:\\\/\\\/www.reclamador.es\\\/blog\\\/entrevista-aerolineas-lidia\\\/#primaryimage\"},\"thumbnailUrl\":\"https:\\\/\\\/i0.wp.com\\\/www.reclamador.es\\\/blog\\\/wp-content\\\/uploads\\\/2018\\\/06\\\/people-2588650_1280_destacada.jpg?fit=800%2C419&ssl=1\",\"datePublished\":\"2018-06-20T08:00:39+00:00\",\"dateModified\":\"2025-01-09T15:06:06+00:00\",\"description\":\"Caso real reclamaci\u00f3n a aerol\u00edneas: Lidia, clienta de reclamador.es, tuvo la oportunidad de conseguir su indemnizaci\u00f3n de la aerol\u00ednea.\",\"breadcrumb\":{\"@id\":\"https:\\\/\\\/www.reclamador.es\\\/blog\\\/entrevista-aerolineas-lidia\\\/#breadcrumb\"},\"inLanguage\":\"es\",\"potentialAction\":[{\"@type\":\"ReadAction\",\"target\":[\"https:\\\/\\\/www.reclamador.es\\\/blog\\\/entrevista-aerolineas-lidia\\\/\"]}]},{\"@type\":\"ImageObject\",\"inLanguage\":\"es\",\"@id\":\"https:\\\/\\\/www.reclamador.es\\\/blog\\\/entrevista-aerolineas-lidia\\\/#primaryimage\",\"url\":\"https:\\\/\\\/i0.wp.com\\\/www.reclamador.es\\\/blog\\\/wp-content\\\/uploads\\\/2018\\\/06\\\/people-2588650_1280_destacada.jpg?fit=800%2C419&ssl=1\",\"contentUrl\":\"https:\\\/\\\/i0.wp.com\\\/www.reclamador.es\\\/blog\\\/wp-content\\\/uploads\\\/2018\\\/06\\\/people-2588650_1280_destacada.jpg?fit=800%2C419&ssl=1\",\"width\":800,\"height\":419,\"caption\":\"Lidia, reclamadora de aerol\u00edneas\"},{\"@type\":\"BreadcrumbList\",\"@id\":\"https:\\\/\\\/www.reclamador.es\\\/blog\\\/entrevista-aerolineas-lidia\\\/#breadcrumb\",\"itemListElement\":[{\"@type\":\"ListItem\",\"position\":1,\"name\":\"Portada\",\"item\":\"https:\\\/\\\/www.reclamador.es\\\/blog\\\/\"},{\"@type\":\"ListItem\",\"position\":2,\"name\":\"Entrevista a Lidia: Un caso real de reclamaci\u00f3n a aerol\u00ednea\"}]},{\"@type\":\"WebSite\",\"@id\":\"https:\\\/\\\/www.reclamador.es\\\/blog\\\/#website\",\"url\":\"https:\\\/\\\/www.reclamador.es\\\/blog\\\/\",\"name\":\"Rebeldes con causa, el blog de reclamador.es\",\"description\":\"Noticias, entrevistas y consejos sobre reclamaciones\",\"publisher\":{\"@id\":\"https:\\\/\\\/www.reclamador.es\\\/blog\\\/#organization\"},\"potentialAction\":[{\"@type\":\"SearchAction\",\"target\":{\"@type\":\"EntryPoint\",\"urlTemplate\":\"https:\\\/\\\/www.reclamador.es\\\/blog\\\/?s={search_term_string}\"},\"query-input\":{\"@type\":\"PropertyValueSpecification\",\"valueRequired\":true,\"valueName\":\"search_term_string\"}}],\"inLanguage\":\"es\"},{\"@type\":\"Organization\",\"@id\":\"https:\\\/\\\/www.reclamador.es\\\/blog\\\/#organization\",\"name\":\"reclamador.es\",\"url\":\"https:\\\/\\\/www.reclamador.es\\\/blog\\\/\",\"logo\":{\"@type\":\"ImageObject\",\"inLanguage\":\"es\",\"@id\":\"https:\\\/\\\/www.reclamador.es\\\/blog\\\/#\\\/schema\\\/logo\\\/image\\\/\",\"url\":\"https:\\\/\\\/i0.wp.com\\\/www.reclamador.es\\\/blog\\\/wp-content\\\/uploads\\\/2020\\\/01\\\/logo-reclamador.png?fit=1200%2C144&ssl=1\",\"contentUrl\":\"https:\\\/\\\/i0.wp.com\\\/www.reclamador.es\\\/blog\\\/wp-content\\\/uploads\\\/2020\\\/01\\\/logo-reclamador.png?fit=1200%2C144&ssl=1\",\"width\":1200,\"height\":144,\"caption\":\"reclamador.es\"},\"image\":{\"@id\":\"https:\\\/\\\/www.reclamador.es\\\/blog\\\/#\\\/schema\\\/logo\\\/image\\\/\"},\"sameAs\":[\"https:\\\/\\\/www.facebook.com\\\/reclamador.es\",\"https:\\\/\\\/x.com\\\/reclamador\",\"https:\\\/\\\/www.instagram.com\\\/reclamador.es\\\/\",\"https:\\\/\\\/www.linkedin.com\\\/company\\\/reclamador-es\",\"https:\\\/\\\/www.youtube.com\\\/user\\\/Reclamadores\"]},{\"@type\":\"Person\",\"@id\":\"https:\\\/\\\/www.reclamador.es\\\/blog\\\/#\\\/schema\\\/person\\\/c446a02b3fcf1607a8a2139c36fbe583\",\"name\":\"Cristina Naveda\",\"image\":{\"@type\":\"ImageObject\",\"inLanguage\":\"es\",\"@id\":\"https:\\\/\\\/secure.gravatar.com\\\/avatar\\\/1df04000ab560ffd4824a3ce70f826eb8bd6a9bfc6cc9097a363e6cd67f07ec0?s=96&d=mm&r=g\",\"url\":\"https:\\\/\\\/secure.gravatar.com\\\/avatar\\\/1df04000ab560ffd4824a3ce70f826eb8bd6a9bfc6cc9097a363e6cd67f07ec0?s=96&d=mm&r=g\",\"contentUrl\":\"https:\\\/\\\/secure.gravatar.com\\\/avatar\\\/1df04000ab560ffd4824a3ce70f826eb8bd6a9bfc6cc9097a363e6cd67f07ec0?s=96&d=mm&r=g\",\"caption\":\"Cristina Naveda\"},\"description\":\"Me encanta unir la informaci\u00f3n con las personas. Me esfuerzo para que reclamador haga bien esa uni\u00f3n desde el equipo de comunicaci\u00f3n.\",\"url\":\"https:\\\/\\\/www.reclamador.es\\\/blog\\\/author\\\/cristina\\\/\"}]}<\/script>\n<!-- \/ Yoast SEO plugin. -->","yoast_head_json":{"title":"Caso real reclamaci\u00f3n a aerol\u00edneas: entrevista a Lidia","description":"Caso real reclamaci\u00f3n a aerol\u00edneas: Lidia, clienta de reclamador.es, tuvo la oportunidad de conseguir su indemnizaci\u00f3n de la aerol\u00ednea.","robots":{"index":"index","follow":"follow","max-snippet":"max-snippet:-1","max-image-preview":"max-image-preview:large","max-video-preview":"max-video-preview:-1"},"canonical":"https:\/\/www.reclamador.es\/blog\/entrevista-aerolineas-lidia\/","og_locale":"es_ES","og_type":"article","og_title":"Caso real reclamaci\u00f3n a aerol\u00edneas: entrevista a Lidia","og_description":"Caso real reclamaci\u00f3n a aerol\u00edneas: Lidia, clienta de reclamador.es, tuvo la oportunidad de conseguir su indemnizaci\u00f3n de la aerol\u00ednea.","og_url":"https:\/\/www.reclamador.es\/blog\/entrevista-aerolineas-lidia\/","og_site_name":"Rebeldes con causa, el blog de reclamador.es","article_publisher":"https:\/\/www.facebook.com\/reclamador.es","article_published_time":"2018-06-20T08:00:39+00:00","article_modified_time":"2025-01-09T15:06:06+00:00","og_image":[{"width":800,"height":419,"url":"https:\/\/www.reclamador.es\/blog\/wp-content\/uploads\/2018\/06\/people-2588650_1280_destacada.jpg","type":"image\/jpeg"}],"author":"Cristina Naveda","twitter_card":"summary_large_image","twitter_creator":"@reclamador","twitter_site":"@reclamador","twitter_misc":{"Escrito por":"Cristina Naveda","Tiempo de lectura":"6 minutos"},"schema":{"@context":"https:\/\/schema.org","@graph":[{"@type":"Article","@id":"https:\/\/www.reclamador.es\/blog\/entrevista-aerolineas-lidia\/#article","isPartOf":{"@id":"https:\/\/www.reclamador.es\/blog\/entrevista-aerolineas-lidia\/"},"author":{"name":"Cristina Naveda","@id":"https:\/\/www.reclamador.es\/blog\/#\/schema\/person\/c446a02b3fcf1607a8a2139c36fbe583"},"headline":"Entrevista a Lidia: Un caso real de reclamaci\u00f3n a aerol\u00ednea","datePublished":"2018-06-20T08:00:39+00:00","dateModified":"2025-01-09T15:06:06+00:00","mainEntityOfPage":{"@id":"https:\/\/www.reclamador.es\/blog\/entrevista-aerolineas-lidia\/"},"wordCount":1254,"publisher":{"@id":"https:\/\/www.reclamador.es\/blog\/#organization"},"image":{"@id":"https:\/\/www.reclamador.es\/blog\/entrevista-aerolineas-lidia\/#primaryimage"},"thumbnailUrl":"https:\/\/i0.wp.com\/www.reclamador.es\/blog\/wp-content\/uploads\/2018\/06\/people-2588650_1280_destacada.jpg?fit=800%2C419&ssl=1","keywords":["aerol\u00edneas","entrevista","indemnizaci\u00f3n"],"articleSection":["Conoce todo lo que sucede en reclamador.es"],"inLanguage":"es"},{"@type":"WebPage","@id":"https:\/\/www.reclamador.es\/blog\/entrevista-aerolineas-lidia\/","url":"https:\/\/www.reclamador.es\/blog\/entrevista-aerolineas-lidia\/","name":"Caso real reclamaci\u00f3n a aerol\u00edneas: entrevista a Lidia","isPartOf":{"@id":"https:\/\/www.reclamador.es\/blog\/#website"},"primaryImageOfPage":{"@id":"https:\/\/www.reclamador.es\/blog\/entrevista-aerolineas-lidia\/#primaryimage"},"image":{"@id":"https:\/\/www.reclamador.es\/blog\/entrevista-aerolineas-lidia\/#primaryimage"},"thumbnailUrl":"https:\/\/i0.wp.com\/www.reclamador.es\/blog\/wp-content\/uploads\/2018\/06\/people-2588650_1280_destacada.jpg?fit=800%2C419&ssl=1","datePublished":"2018-06-20T08:00:39+00:00","dateModified":"2025-01-09T15:06:06+00:00","description":"Caso real reclamaci\u00f3n a aerol\u00edneas: Lidia, clienta de reclamador.es, tuvo la oportunidad de conseguir su indemnizaci\u00f3n de la aerol\u00ednea.","breadcrumb":{"@id":"https:\/\/www.reclamador.es\/blog\/entrevista-aerolineas-lidia\/#breadcrumb"},"inLanguage":"es","potentialAction":[{"@type":"ReadAction","target":["https:\/\/www.reclamador.es\/blog\/entrevista-aerolineas-lidia\/"]}]},{"@type":"ImageObject","inLanguage":"es","@id":"https:\/\/www.reclamador.es\/blog\/entrevista-aerolineas-lidia\/#primaryimage","url":"https:\/\/i0.wp.com\/www.reclamador.es\/blog\/wp-content\/uploads\/2018\/06\/people-2588650_1280_destacada.jpg?fit=800%2C419&ssl=1","contentUrl":"https:\/\/i0.wp.com\/www.reclamador.es\/blog\/wp-content\/uploads\/2018\/06\/people-2588650_1280_destacada.jpg?fit=800%2C419&ssl=1","width":800,"height":419,"caption":"Lidia, reclamadora de aerol\u00edneas"},{"@type":"BreadcrumbList","@id":"https:\/\/www.reclamador.es\/blog\/entrevista-aerolineas-lidia\/#breadcrumb","itemListElement":[{"@type":"ListItem","position":1,"name":"Portada","item":"https:\/\/www.reclamador.es\/blog\/"},{"@type":"ListItem","position":2,"name":"Entrevista a Lidia: Un caso real de reclamaci\u00f3n a aerol\u00ednea"}]},{"@type":"WebSite","@id":"https:\/\/www.reclamador.es\/blog\/#website","url":"https:\/\/www.reclamador.es\/blog\/","name":"Rebeldes con causa, el blog de reclamador.es","description":"Noticias, entrevistas y consejos sobre reclamaciones","publisher":{"@id":"https:\/\/www.reclamador.es\/blog\/#organization"},"potentialAction":[{"@type":"SearchAction","target":{"@type":"EntryPoint","urlTemplate":"https:\/\/www.reclamador.es\/blog\/?s={search_term_string}"},"query-input":{"@type":"PropertyValueSpecification","valueRequired":true,"valueName":"search_term_string"}}],"inLanguage":"es"},{"@type":"Organization","@id":"https:\/\/www.reclamador.es\/blog\/#organization","name":"reclamador.es","url":"https:\/\/www.reclamador.es\/blog\/","logo":{"@type":"ImageObject","inLanguage":"es","@id":"https:\/\/www.reclamador.es\/blog\/#\/schema\/logo\/image\/","url":"https:\/\/i0.wp.com\/www.reclamador.es\/blog\/wp-content\/uploads\/2020\/01\/logo-reclamador.png?fit=1200%2C144&ssl=1","contentUrl":"https:\/\/i0.wp.com\/www.reclamador.es\/blog\/wp-content\/uploads\/2020\/01\/logo-reclamador.png?fit=1200%2C144&ssl=1","width":1200,"height":144,"caption":"reclamador.es"},"image":{"@id":"https:\/\/www.reclamador.es\/blog\/#\/schema\/logo\/image\/"},"sameAs":["https:\/\/www.facebook.com\/reclamador.es","https:\/\/x.com\/reclamador","https:\/\/www.instagram.com\/reclamador.es\/","https:\/\/www.linkedin.com\/company\/reclamador-es","https:\/\/www.youtube.com\/user\/Reclamadores"]},{"@type":"Person","@id":"https:\/\/www.reclamador.es\/blog\/#\/schema\/person\/c446a02b3fcf1607a8a2139c36fbe583","name":"Cristina Naveda","image":{"@type":"ImageObject","inLanguage":"es","@id":"https:\/\/secure.gravatar.com\/avatar\/1df04000ab560ffd4824a3ce70f826eb8bd6a9bfc6cc9097a363e6cd67f07ec0?s=96&d=mm&r=g","url":"https:\/\/secure.gravatar.com\/avatar\/1df04000ab560ffd4824a3ce70f826eb8bd6a9bfc6cc9097a363e6cd67f07ec0?s=96&d=mm&r=g","contentUrl":"https:\/\/secure.gravatar.com\/avatar\/1df04000ab560ffd4824a3ce70f826eb8bd6a9bfc6cc9097a363e6cd67f07ec0?s=96&d=mm&r=g","caption":"Cristina Naveda"},"description":"Me encanta unir la informaci\u00f3n con las personas. Me esfuerzo para que reclamador haga bien esa uni\u00f3n desde el equipo de comunicaci\u00f3n.","url":"https:\/\/www.reclamador.es\/blog\/author\/cristina\/"}]}},"jetpack_featured_media_url":"https:\/\/i0.wp.com\/www.reclamador.es\/blog\/wp-content\/uploads\/2018\/06\/people-2588650_1280_destacada.jpg?fit=800%2C419&ssl=1","jetpack-related-posts":[{"id":16589,"url":"https:\/\/www.reclamador.es\/blog\/entrevista-aerolineas-anibal\/","url_meta":{"origin":18629,"position":0},"title":"\u201cSi todo el mundo reclamara terminar\u00edamos con una gran cantidad de atropellos en todos los servicios\u201d","author":"Cristina Naveda","date":"24 enero, 2018","format":false,"excerpt":"Como cada semana, hoy entrevistamos a uno de nuestros clientes para conocer m\u00e1s a fondo su historia as\u00ed como los motivos que le llevaron a reclamar a trav\u00e9s de nosotros. Esto es, un caso real de reclamaci\u00f3n a Ryanair. Conoceremos a: An\u00edbal\u00a0Gonz\u00e1lez-Arintero Lugar de nacimiento: Le\u00f3n Edad: 34 a\u00f1os Profesi\u00f3n:\u2026","rel":"","context":"En \u00abConoce todo lo que sucede en reclamador.es\u00bb","block_context":{"text":"Conoce todo lo que sucede en reclamador.es","link":"https:\/\/www.reclamador.es\/blog\/reclamadores\/"},"img":{"alt_text":"","src":"https:\/\/i0.wp.com\/www.reclamador.es\/blog\/wp-content\/uploads\/2018\/01\/anibal-reclamador.png?fit=1200%2C800&ssl=1&resize=350%2C200","width":350,"height":200,"srcset":"https:\/\/i0.wp.com\/www.reclamador.es\/blog\/wp-content\/uploads\/2018\/01\/anibal-reclamador.png?fit=1200%2C800&ssl=1&resize=350%2C200 1x, https:\/\/i0.wp.com\/www.reclamador.es\/blog\/wp-content\/uploads\/2018\/01\/anibal-reclamador.png?fit=1200%2C800&ssl=1&resize=525%2C300 1.5x, https:\/\/i0.wp.com\/www.reclamador.es\/blog\/wp-content\/uploads\/2018\/01\/anibal-reclamador.png?fit=1200%2C800&ssl=1&resize=700%2C400 2x, https:\/\/i0.wp.com\/www.reclamador.es\/blog\/wp-content\/uploads\/2018\/01\/anibal-reclamador.png?fit=1200%2C800&ssl=1&resize=1050%2C600 3x"},"classes":[]},{"id":32099,"url":"https:\/\/www.reclamador.es\/blog\/entrevistacristian-reclamador-de-aerolineas\/","url_meta":{"origin":18629,"position":1},"title":"Cristian, reclamador de aerol\u00edneas: \u201cEstoy muy satisfecho. Con el m\u00ednimo esfuerzo por mi parte y sin pagar nada por adelantado he conseguido ganar una reclamaci\u00f3n\u201d","author":"Cristina Naveda","date":"14 marzo, 2024","format":false,"excerpt":"Hoy entrevistamos a Cristian Tapia (C\u00e1diz, 1995) por una cancelaci\u00f3n que sufri\u00f3 en un vuelo en 2018. Cristian nos cuenta que vive en un pueblo de Barcelona, trabaja como auxiliar contable y en su tiempo libre le gusta crear contenido para Youtube y Tiktok, donde tiene dos canales en crecimiento\u2026","rel":"","context":"En \u00abConoce todo lo que sucede en reclamador.es\u00bb","block_context":{"text":"Conoce todo lo que sucede en reclamador.es","link":"https:\/\/www.reclamador.es\/blog\/reclamadores\/"},"img":{"alt_text":"reclamar a aerol\u00edneas - caso real","src":"https:\/\/i0.wp.com\/www.reclamador.es\/blog\/wp-content\/uploads\/2024\/03\/entrevista-cliente-aerolineas-Cristian-1200x630-3.jpg?fit=1200%2C630&ssl=1&resize=350%2C200","width":350,"height":200,"srcset":"https:\/\/i0.wp.com\/www.reclamador.es\/blog\/wp-content\/uploads\/2024\/03\/entrevista-cliente-aerolineas-Cristian-1200x630-3.jpg?fit=1200%2C630&ssl=1&resize=350%2C200 1x, https:\/\/i0.wp.com\/www.reclamador.es\/blog\/wp-content\/uploads\/2024\/03\/entrevista-cliente-aerolineas-Cristian-1200x630-3.jpg?fit=1200%2C630&ssl=1&resize=525%2C300 1.5x, https:\/\/i0.wp.com\/www.reclamador.es\/blog\/wp-content\/uploads\/2024\/03\/entrevista-cliente-aerolineas-Cristian-1200x630-3.jpg?fit=1200%2C630&ssl=1&resize=700%2C400 2x, https:\/\/i0.wp.com\/www.reclamador.es\/blog\/wp-content\/uploads\/2024\/03\/entrevista-cliente-aerolineas-Cristian-1200x630-3.jpg?fit=1200%2C630&ssl=1&resize=1050%2C600 3x"},"classes":[]},{"id":31276,"url":"https:\/\/www.reclamador.es\/blog\/entrevista-cliente-aerolineas-urbano-caso-ganado\/","url_meta":{"origin":18629,"position":2},"title":"\u00abMe gust\u00f3 mucho el email que me mand\u00f3 reclamador.es cuando inici\u00e9 mi reclamaci\u00f3n diciendo que iban a \u201cpelear por mis derechos\u201d\u00bb","author":"Cristina Naveda","date":"16 agosto, 2023","format":false,"excerpt":"Hola Urbano, cu\u00e9ntanos tu historia con la cancelaci\u00f3n con TAP. \u00bfViajabas solo?\u00a0 \u00a1Hola! Pues todo esto pas\u00f3 porque yo ten\u00eda un viaje planeado con un amigo para ir a Lisboa en mayo del a\u00f1o pasado. \u00cdbamos a ver a su prima que estaba pasando el a\u00f1o de Erasmus all\u00ed y\u2026","rel":"","context":"En \u00abConoce todo lo que sucede en reclamador.es\u00bb","block_context":{"text":"Conoce todo lo que sucede en reclamador.es","link":"https:\/\/www.reclamador.es\/blog\/reclamadores\/"},"img":{"alt_text":"entrevista real cliente aerolineas reclamador","src":"https:\/\/i0.wp.com\/www.reclamador.es\/blog\/wp-content\/uploads\/2023\/08\/entrevista-cliente-aerolineas-Urbano-Navarro-1200x630-1.jpg?fit=1200%2C630&ssl=1&resize=350%2C200","width":350,"height":200,"srcset":"https:\/\/i0.wp.com\/www.reclamador.es\/blog\/wp-content\/uploads\/2023\/08\/entrevista-cliente-aerolineas-Urbano-Navarro-1200x630-1.jpg?fit=1200%2C630&ssl=1&resize=350%2C200 1x, https:\/\/i0.wp.com\/www.reclamador.es\/blog\/wp-content\/uploads\/2023\/08\/entrevista-cliente-aerolineas-Urbano-Navarro-1200x630-1.jpg?fit=1200%2C630&ssl=1&resize=525%2C300 1.5x, https:\/\/i0.wp.com\/www.reclamador.es\/blog\/wp-content\/uploads\/2023\/08\/entrevista-cliente-aerolineas-Urbano-Navarro-1200x630-1.jpg?fit=1200%2C630&ssl=1&resize=700%2C400 2x, https:\/\/i0.wp.com\/www.reclamador.es\/blog\/wp-content\/uploads\/2023\/08\/entrevista-cliente-aerolineas-Urbano-Navarro-1200x630-1.jpg?fit=1200%2C630&ssl=1&resize=1050%2C600 3x"},"classes":[]},{"id":16639,"url":"https:\/\/www.reclamador.es\/blog\/entrevista-aerolineas-noemi-estrada\/","url_meta":{"origin":18629,"position":3},"title":"\"Reclam\u00e9 directamente a Air Europa y a\u00fan estoy esperando que me contesten\u2026\u201d","author":"Cristina Naveda","date":"3 enero, 2018","format":false,"excerpt":"Esta semana charlamos con\u00a0Noemi Estrada (54 a\u00f1os, Barcelona) para conocer c\u00f3mo han sido sus tres reclamaciones a\u00e9reas gestionadas a trav\u00e9s de nosotros: ha reclamado problemas en sus vuelos con Air Europa, vueling y Norwegian. Esta broker inmobiliaria adora viajar y hoy nos cuenta sus m\u00faltiples periplos con las aerol\u00edneas y\u2026","rel":"","context":"En \u00abConoce todo lo que sucede en reclamador.es\u00bb","block_context":{"text":"Conoce todo lo que sucede en reclamador.es","link":"https:\/\/www.reclamador.es\/blog\/reclamadores\/"},"img":{"alt_text":"","src":"https:\/\/i0.wp.com\/www.reclamador.es\/blog\/wp-content\/uploads\/2018\/01\/noemiestrada1200-min.png?fit=1200%2C800&ssl=1&resize=350%2C200","width":350,"height":200,"srcset":"https:\/\/i0.wp.com\/www.reclamador.es\/blog\/wp-content\/uploads\/2018\/01\/noemiestrada1200-min.png?fit=1200%2C800&ssl=1&resize=350%2C200 1x, https:\/\/i0.wp.com\/www.reclamador.es\/blog\/wp-content\/uploads\/2018\/01\/noemiestrada1200-min.png?fit=1200%2C800&ssl=1&resize=525%2C300 1.5x, https:\/\/i0.wp.com\/www.reclamador.es\/blog\/wp-content\/uploads\/2018\/01\/noemiestrada1200-min.png?fit=1200%2C800&ssl=1&resize=700%2C400 2x, https:\/\/i0.wp.com\/www.reclamador.es\/blog\/wp-content\/uploads\/2018\/01\/noemiestrada1200-min.png?fit=1200%2C800&ssl=1&resize=1050%2C600 3x"},"classes":[]},{"id":33594,"url":"https:\/\/www.reclamador.es\/blog\/entrevista-ruben-reclamador-de-aerolineas-retraso\/","url_meta":{"origin":18629,"position":4},"title":"Rub\u00e9n, reclamador de aerol\u00edneas: \"Me han mantenido informado en todo momento y han sido \u00e1giles y efectivos en su respuesta\"","author":"Cristina Naveda","date":"13 enero, 2025","format":false,"excerpt":"Hoy tenemos el placer de charlar con Rub\u00e9n Figueras (Barcelona, 1964). Abogado en ejercicio, a sus 60 a\u00f1os, nos cuenta que dedica su tiempo libre a \u201ccomer bien\u201d, a escaparse a casas rurales y a descansar junto a sus seres queridos. Ha conseguido, de la mano del equipo legal de\u2026","rel":"","context":"En \u00abConoce todo lo que sucede en reclamador.es\u00bb","block_context":{"text":"Conoce todo lo que sucede en reclamador.es","link":"https:\/\/www.reclamador.es\/blog\/reclamadores\/"},"img":{"alt_text":"entrevista a reclamador de aerolineas por retraso de vuelo","src":"https:\/\/i0.wp.com\/www.reclamador.es\/blog\/wp-content\/uploads\/2025\/01\/entrevista-cliente-aerolineas-Ruben-Figueras-1200x630-1.jpg?fit=1200%2C630&ssl=1&resize=350%2C200","width":350,"height":200,"srcset":"https:\/\/i0.wp.com\/www.reclamador.es\/blog\/wp-content\/uploads\/2025\/01\/entrevista-cliente-aerolineas-Ruben-Figueras-1200x630-1.jpg?fit=1200%2C630&ssl=1&resize=350%2C200 1x, https:\/\/i0.wp.com\/www.reclamador.es\/blog\/wp-content\/uploads\/2025\/01\/entrevista-cliente-aerolineas-Ruben-Figueras-1200x630-1.jpg?fit=1200%2C630&ssl=1&resize=525%2C300 1.5x, https:\/\/i0.wp.com\/www.reclamador.es\/blog\/wp-content\/uploads\/2025\/01\/entrevista-cliente-aerolineas-Ruben-Figueras-1200x630-1.jpg?fit=1200%2C630&ssl=1&resize=700%2C400 2x, https:\/\/i0.wp.com\/www.reclamador.es\/blog\/wp-content\/uploads\/2025\/01\/entrevista-cliente-aerolineas-Ruben-Figueras-1200x630-1.jpg?fit=1200%2C630&ssl=1&resize=1050%2C600 3x"},"classes":[]},{"id":33731,"url":"https:\/\/www.reclamador.es\/blog\/entrevista-clienta-reclamadora-de-vueling-con-reclamador\/","url_meta":{"origin":18629,"position":5},"title":"Camilla Ribeiro, reclamadora de aerol\u00edneas: \u201cLa plataforma reclamador.es es muy completa y funciona muy bien\u201d","author":"Cristina Naveda","date":"20 febrero, 2025","format":false,"excerpt":"Hoy hemos hablado con Camilla Ribeiro (Brasil, 1996), una de nuestras clientas reclamadoras de aerol\u00edneas. Camilla nos cuenta que teletrabaja para una empresa de ingenier\u00eda y energ\u00edas y que tiene la costumbre de viajar mucho. Vive en Tenerife y tiene una segunda residencia en Asturias. Entrevista a reclamadora de Vueling\u2026","rel":"","context":"En \u00abConoce todo lo que sucede en reclamador.es\u00bb","block_context":{"text":"Conoce todo lo que sucede en reclamador.es","link":"https:\/\/www.reclamador.es\/blog\/reclamadores\/"},"img":{"alt_text":"vuelo cancelado reclamador de vueling","src":"https:\/\/i0.wp.com\/www.reclamador.es\/blog\/wp-content\/uploads\/2025\/02\/entrevista-cliente-aerolineas-Camilla-Ribeiro-1200x630-1.jpg?fit=1200%2C630&ssl=1&resize=350%2C200","width":350,"height":200,"srcset":"https:\/\/i0.wp.com\/www.reclamador.es\/blog\/wp-content\/uploads\/2025\/02\/entrevista-cliente-aerolineas-Camilla-Ribeiro-1200x630-1.jpg?fit=1200%2C630&ssl=1&resize=350%2C200 1x, https:\/\/i0.wp.com\/www.reclamador.es\/blog\/wp-content\/uploads\/2025\/02\/entrevista-cliente-aerolineas-Camilla-Ribeiro-1200x630-1.jpg?fit=1200%2C630&ssl=1&resize=525%2C300 1.5x, https:\/\/i0.wp.com\/www.reclamador.es\/blog\/wp-content\/uploads\/2025\/02\/entrevista-cliente-aerolineas-Camilla-Ribeiro-1200x630-1.jpg?fit=1200%2C630&ssl=1&resize=700%2C400 2x, https:\/\/i0.wp.com\/www.reclamador.es\/blog\/wp-content\/uploads\/2025\/02\/entrevista-cliente-aerolineas-Camilla-Ribeiro-1200x630-1.jpg?fit=1200%2C630&ssl=1&resize=1050%2C600 3x"},"classes":[]}],"jetpack_sharing_enabled":true,"_links":{"self":[{"href":"https:\/\/www.reclamador.es\/blog\/wp-json\/wp\/v2\/posts\/18629","targetHints":{"allow":["GET"]}}],"collection":[{"href":"https:\/\/www.reclamador.es\/blog\/wp-json\/wp\/v2\/posts"}],"about":[{"href":"https:\/\/www.reclamador.es\/blog\/wp-json\/wp\/v2\/types\/post"}],"author":[{"embeddable":true,"href":"https:\/\/www.reclamador.es\/blog\/wp-json\/wp\/v2\/users\/3"}],"replies":[{"embeddable":true,"href":"https:\/\/www.reclamador.es\/blog\/wp-json\/wp\/v2\/comments?post=18629"}],"version-history":[{"count":21,"href":"https:\/\/www.reclamador.es\/blog\/wp-json\/wp\/v2\/posts\/18629\/revisions"}],"predecessor-version":[{"id":33581,"href":"https:\/\/www.reclamador.es\/blog\/wp-json\/wp\/v2\/posts\/18629\/revisions\/33581"}],"wp:featuredmedia":[{"embeddable":true,"href":"https:\/\/www.reclamador.es\/blog\/wp-json\/wp\/v2\/media\/23624"}],"wp:attachment":[{"href":"https:\/\/www.reclamador.es\/blog\/wp-json\/wp\/v2\/media?parent=18629"}],"wp:term":[{"taxonomy":"category","embeddable":true,"href":"https:\/\/www.reclamador.es\/blog\/wp-json\/wp\/v2\/categories?post=18629"},{"taxonomy":"post_tag","embeddable":true,"href":"https:\/\/www.reclamador.es\/blog\/wp-json\/wp\/v2\/tags?post=18629"}],"curies":[{"name":"wp","href":"https:\/\/api.w.org\/{rel}","templated":true}]}}