{"id":18488,"date":"2020-06-17T10:00:00","date_gmt":"2020-06-17T08:00:00","guid":{"rendered":"https:\/\/www.reclamador.es\/blog\/?p=18488"},"modified":"2024-03-18T11:16:19","modified_gmt":"2024-03-18T10:16:19","slug":"problemas-injerto-capilar","status":"publish","type":"post","link":"https:\/\/www.reclamador.es\/blog\/problemas-injerto-capilar\/","title":{"rendered":"Injerto capilar: estos son los tres problemas principales"},"content":{"rendered":"<div class=\"ttr_start\"><\/div>\n\n<div class=\"kk-star-ratings kksr-auto kksr-align-right kksr-valign-top\"\n    data-payload='{&quot;align&quot;:&quot;right&quot;,&quot;id&quot;:&quot;18488&quot;,&quot;slug&quot;:&quot;default&quot;,&quot;valign&quot;:&quot;top&quot;,&quot;ignore&quot;:&quot;&quot;,&quot;reference&quot;:&quot;auto&quot;,&quot;class&quot;:&quot;&quot;,&quot;count&quot;:&quot;7&quot;,&quot;legendonly&quot;:&quot;&quot;,&quot;readonly&quot;:&quot;&quot;,&quot;score&quot;:&quot;3.9&quot;,&quot;starsonly&quot;:&quot;&quot;,&quot;best&quot;:&quot;5&quot;,&quot;gap&quot;:&quot;3&quot;,&quot;greet&quot;:&quot;Valora este art\u00edculo&quot;,&quot;legend&quot;:&quot;3.9\\\/5 - (7 votos)&quot;,&quot;size&quot;:&quot;20&quot;,&quot;title&quot;:&quot;Injerto capilar: estos son los tres problemas principales&quot;,&quot;width&quot;:&quot;88.2&quot;,&quot;_legend&quot;:&quot;{score}\\\/{best} - ({count} {votes})&quot;,&quot;font_factor&quot;:&quot;1.25&quot;}'>\n            \n<div class=\"kksr-stars\">\n    \n<div class=\"kksr-stars-inactive\">\n            <div class=\"kksr-star\" data-star=\"1\" style=\"padding-right: 3px\">\n            \n\n<div class=\"kksr-icon\" style=\"width: 20px; height: 20px;\"><\/div>\n        <\/div>\n            <div class=\"kksr-star\" data-star=\"2\" style=\"padding-right: 3px\">\n            \n\n<div class=\"kksr-icon\" style=\"width: 20px; height: 20px;\"><\/div>\n        <\/div>\n            <div class=\"kksr-star\" data-star=\"3\" style=\"padding-right: 3px\">\n            \n\n<div class=\"kksr-icon\" style=\"width: 20px; height: 20px;\"><\/div>\n        <\/div>\n            <div class=\"kksr-star\" data-star=\"4\" style=\"padding-right: 3px\">\n            \n\n<div class=\"kksr-icon\" style=\"width: 20px; height: 20px;\"><\/div>\n        <\/div>\n            <div class=\"kksr-star\" data-star=\"5\" style=\"padding-right: 3px\">\n            \n\n<div class=\"kksr-icon\" style=\"width: 20px; height: 20px;\"><\/div>\n        <\/div>\n    <\/div>\n    \n<div class=\"kksr-stars-active\" style=\"width: 88.2px;\">\n            <div class=\"kksr-star\" style=\"padding-right: 3px\">\n            \n\n<div class=\"kksr-icon\" style=\"width: 20px; height: 20px;\"><\/div>\n        <\/div>\n            <div class=\"kksr-star\" style=\"padding-right: 3px\">\n            \n\n<div class=\"kksr-icon\" style=\"width: 20px; height: 20px;\"><\/div>\n        <\/div>\n            <div class=\"kksr-star\" style=\"padding-right: 3px\">\n            \n\n<div class=\"kksr-icon\" style=\"width: 20px; height: 20px;\"><\/div>\n        <\/div>\n            <div class=\"kksr-star\" style=\"padding-right: 3px\">\n            \n\n<div class=\"kksr-icon\" style=\"width: 20px; height: 20px;\"><\/div>\n        <\/div>\n            <div class=\"kksr-star\" style=\"padding-right: 3px\">\n            \n\n<div class=\"kksr-icon\" style=\"width: 20px; height: 20px;\"><\/div>\n        <\/div>\n    <\/div>\n<\/div>\n                \n\n<div class=\"kksr-legend\" style=\"font-size: 16px;\">\n            3.9\/5 - (7 votos)    <\/div>\n    <\/div>\n<figure id=\"attachment_27427\" aria-describedby=\"caption-attachment-27427\" style=\"width: 1920px\" class=\"wp-caption aligncenter\"><img data-recalc-dims=\"1\" loading=\"lazy\" decoding=\"async\" class=\"size-full wp-image-27427\" src=\"https:\/\/i0.wp.com\/www.reclamador.es\/blog\/wp-content\/uploads\/2018\/06\/doctor-medico-paciente.jpg?resize=1920%2C1280&#038;ssl=1\" alt=\"Cicatrices muy visibles, el problema com\u00fan a muchas intervenciones de cirug\u00eda est\u00e9tica como el injerto capital\" width=\"1920\" height=\"1280\" srcset=\"https:\/\/i0.wp.com\/www.reclamador.es\/blog\/wp-content\/uploads\/2018\/06\/doctor-medico-paciente.jpg?w=1920&amp;ssl=1 1920w, https:\/\/i0.wp.com\/www.reclamador.es\/blog\/wp-content\/uploads\/2018\/06\/doctor-medico-paciente.jpg?resize=800%2C533&amp;ssl=1 800w, https:\/\/i0.wp.com\/www.reclamador.es\/blog\/wp-content\/uploads\/2018\/06\/doctor-medico-paciente.jpg?resize=150%2C100&amp;ssl=1 150w, https:\/\/i0.wp.com\/www.reclamador.es\/blog\/wp-content\/uploads\/2018\/06\/doctor-medico-paciente.jpg?resize=768%2C512&amp;ssl=1 768w, https:\/\/i0.wp.com\/www.reclamador.es\/blog\/wp-content\/uploads\/2018\/06\/doctor-medico-paciente.jpg?resize=1536%2C1024&amp;ssl=1 1536w\" sizes=\"auto, (max-width: 1000px) 100vw, 1000px\" \/><figcaption id=\"caption-attachment-27427\" class=\"wp-caption-text\"><em>Injerto <span style=\"font-weight: 400;\">capilar <\/span>y cicatrices muy visibles, el problema com\u00fan a muchas de estas intervenciones de cirug\u00eda est\u00e9tica<\/em><\/figcaption><\/figure>\n<p><span style=\"font-weight: 400;\">El injerto capilar, tratamiento para combatir la alopecia, aument\u00f3 en el mundo un 60% solo en 2016, \u00faltimo periodo del que se conocen cifras, seg\u00fan International Society of Hair Restoration Surgery. Espa\u00f1a no se ha quedado atr\u00e1s. Cada vez es m\u00e1s habitual encontrarnos con anuncios en prensa, televisi\u00f3n e Internet con promociones para un injerto capilar. Muchos de los habitantes de nuestro pa\u00eds deciden, incluso, traspasar nuestras fronteras para realizarse este tratamiento. Concretamente, <strong>Turqu\u00eda es el pa\u00eds m\u00e1s demandado por los espa\u00f1oles para un tratamiento o injerto capilar<\/strong>. Pese al ahorro del precio, seg\u00fan la Sociedad Espa\u00f1ola de Cirug\u00eda Pl\u00e1stica, Reparadora y Est\u00e9tica<\/span><span style=\"font-weight: 400;\">,\u00a0 acudir a un pa\u00eds extranjero para este tratamiento puede llevar aparejados grandes riesgos, a\u00f1adidos a los que comentaremos a continuaci\u00f3n.<\/span><\/p>\n<h2><strong>Problemas de un injerto capilar<\/strong><\/h2>\n<h3><b>1. Menos pelo del esperado<\/b><\/h3>\n<p><span style=\"font-weight: 400;\">Se trata de uno de los problemas comunes de los injertos capilares. La mayor\u00eda de cl\u00ednicas ofrecen un <strong>presupuesto en funci\u00f3n del n\u00famero de fol\u00edculos que se trasplantar\u00e1n<\/strong>. Si se acord\u00f3 una determinada cantidad de fol\u00edculos y el especialista incluye un n\u00famero claramente menor (nunca es una cifra concreta), el paciente podr\u00eda renegociar el presupuesto.<\/span><\/p>\n<h3><b>2. Cicatrices muy visibles<\/b><\/h3>\n<p><span style=\"font-weight: 400;\">Este es un problema com\u00fan a muchas intervenciones de cirug\u00eda est\u00e9tica. Tras la realizaci\u00f3n de la intervenci\u00f3n quir\u00fargica (un injerto capilar puede suponer hasta 9 horas de quir\u00f3fano) es posible que queden cicatrices que poco a poco se ir\u00e1n disimulando. Si esto no ocurre, o si el injerto capilar provoca grandes y visibles cicatrices, se podr\u00eda reclamar.<\/span><\/p>\n<p><span style=\"font-weight: 400;\">Hay que tener en cuenta que <strong>este tratamiento se considera satisfactorio<\/strong>\u00a0y no se realiza por un problema m\u00e9dico. El injerto capilar se contrata con un resultado concreto. Si este no se obtiene, tras la intervenci\u00f3n y habiendo llevado a cabo correctamente las pautas indicadas por los profesionales de la salud, el paciente podr\u00eda <strong>reclamar la negligencia m\u00e9dica sufrida.<\/strong><\/span><\/p>\n<h6 style=\"text-align: center;\"><a href=\"https:\/\/www.reclamador.es\/blog\/problemas-frecuentes-cirugia-plastica\/\"><strong>Los problemas habituales de la cirug\u00eda pl\u00e1stica<\/strong><\/a><\/h6>\n<h3><b>3. Resultados poco naturales<\/b><\/h3>\n<p><span style=\"font-weight: 400;\"><em>\u201cEsta persona se ha hecho un implante de pelo\u201d<\/em>. Una de las m\u00e1ximas preocupaciones de los pacientes que deciden realizarse <strong>este tratamiento es que no quede natural<\/strong>, por ejemplo porque el pelo comienza en la parte media o trasera del cuero cabelludo.<\/span><\/p>\n<p><span style=\"font-weight: 400;\">Pese a que las diferencias entre el antes y el despu\u00e9s del tratamiento son claramente visibles, lo cierto es que en ocasiones nos encontramos que ese pelo, pasado el tiempo, sigue sin parecer propio. Como se\u00f1al\u00e1bamos, si tras la completa recuperaci\u00f3n el aspecto final no es el esperado, se puede <strong>pedir una indemnizaci\u00f3n<\/strong>. Para ello, tanto en esta situaci\u00f3n, como en cualquiera de las anteriores, es fundamental la valoraci\u00f3n de un <strong>perito m\u00e9dico experto en dermatolog\u00eda<\/strong>, para que analice los resultados del tratamiento y, junto con un abogado experto en negligencias m\u00e9dicas, estudien una futura reclamaci\u00f3n.<\/span><\/p>\n<h6 style=\"text-align: center;\"><strong><a href=\"https:\/\/www.reclamador.es\/blog\/abogado-negligencias-medicas\/\">Conoce a los abogados expertos en negligencias m\u00e9dicas de reclamador.es<\/a><\/strong><\/h6>\n<h2><b>Otros problemas de un injerto capilar<\/b><\/h2>\n<p><span style=\"font-weight: 400;\">Ante este tipo de intervenciones, muchos interesados no tienen en cuenta que se trata igualmente de un tratamiento m\u00e9dico que, como es el caso del trasplante de pelo, lleva aparejado numerosas horas de quir\u00f3fano y un proceso de recuperaci\u00f3n. Este proceso puede dar lugar a: inflamaci\u00f3n, picor, infecciones, etc\u00e9tera.\u00a0<\/span><\/p>\n<p><span style=\"font-weight: 400;\">Por tanto, no debemos obviar los <strong>riesgos de este tratamiento ni los derechos<\/strong> que, como paciente, se adquieren al firmar el contrato por el que se acuerda la realizaci\u00f3n de un tratamiento y unos resultados.<\/span><\/p>\n<h6 style=\"text-align: center;\"><strong><a href=\"https:\/\/www.reclamador.es\/blog\/derechos-de-los-pacientes\/\">Principales derechos de los pacientes<\/a><\/strong><span style=\"font-weight: 400;\">\u00a0<\/span><\/h6>\n<div class=\"ttr_end\"><\/div>","protected":false},"excerpt":{"rendered":"<p>El injerto capilar, tratamiento para combatir la alopecia, aument\u00f3 en el mundo un 60% solo en 2016, \u00faltimo periodo del que se conocen cifras, seg\u00fan International Society of Hair Restoration Surgery. Espa\u00f1a no se ha quedado atr\u00e1s. Cada vez es m\u00e1s habitual encontrarnos con anuncios en prensa, televisi\u00f3n e Internet con promociones para un injerto [&hellip;]<\/p>\n","protected":false},"author":1,"featured_media":27427,"comment_status":"closed","ping_status":"open","sticky":false,"template":"","format":"standard","meta":{"_acf_changed":false,"_genesis_hide_title":false,"_genesis_hide_breadcrumbs":false,"_genesis_hide_singular_image":false,"_genesis_hide_footer_widgets":false,"_genesis_custom_body_class":"","_genesis_custom_post_class":"","_genesis_layout":"","_jetpack_newsletter_access":"","_jetpack_dont_email_post_to_subs":false,"_jetpack_newsletter_tier_id":0,"_jetpack_memberships_contains_paywalled_content":false,"_jetpack_memberships_contains_paid_content":false,"footnotes":""},"categories":[393],"tags":[690,289],"class_list":{"0":"post-18488","1":"post","2":"type-post","3":"status-publish","4":"format-standard","5":"has-post-thumbnail","7":"category-consejos","8":"tag-negligencias","9":"tag-reclamacion","10":"entry"},"acf":[],"yoast_head":"<!-- This site is optimized with the Yoast SEO plugin v27.4 - https:\/\/yoast.com\/product\/yoast-seo-wordpress\/ -->\n<title>Injerto capilar: cicatrices o resultado no natural, principales problemas<\/title>\n<meta name=\"description\" content=\"El tratamiento de injerto capilar es cada vez m\u00e1s demandado pero el trasplante de pelo puede ocasionar problemas. \u00bfCu\u00e1ndo reclamar?\" \/>\n<meta name=\"robots\" content=\"index, follow, max-snippet:-1, max-image-preview:large, max-video-preview:-1\" \/>\n<link rel=\"canonical\" href=\"https:\/\/www.reclamador.es\/blog\/problemas-injerto-capilar\/\" \/>\n<meta property=\"og:locale\" content=\"es_ES\" \/>\n<meta property=\"og:type\" content=\"article\" \/>\n<meta property=\"og:title\" content=\"Injerto capilar: cicatrices o resultado no natural, principales problemas\" \/>\n<meta property=\"og:description\" content=\"El tratamiento de injerto capilar es cada vez m\u00e1s demandado pero el trasplante de pelo puede ocasionar problemas. \u00bfCu\u00e1ndo reclamar?\" \/>\n<meta property=\"og:url\" content=\"https:\/\/www.reclamador.es\/blog\/problemas-injerto-capilar\/\" \/>\n<meta property=\"og:site_name\" content=\"Rebeldes con causa, el blog de reclamador.es\" \/>\n<meta property=\"article:publisher\" content=\"https:\/\/www.facebook.com\/reclamador.es\" \/>\n<meta property=\"article:published_time\" content=\"2020-06-17T08:00:00+00:00\" \/>\n<meta property=\"article:modified_time\" content=\"2024-03-18T10:16:19+00:00\" \/>\n<meta property=\"og:image\" content=\"https:\/\/www.reclamador.es\/blog\/wp-content\/uploads\/2018\/06\/doctor-medico-paciente.jpg\" \/>\n\t<meta property=\"og:image:width\" content=\"1920\" \/>\n\t<meta property=\"og:image:height\" content=\"1280\" \/>\n\t<meta property=\"og:image:type\" content=\"image\/jpeg\" \/>\n<meta name=\"author\" content=\"Equipo reclamador\" \/>\n<meta name=\"twitter:card\" content=\"summary_large_image\" \/>\n<meta name=\"twitter:creator\" content=\"@reclamador\" \/>\n<meta name=\"twitter:site\" content=\"@reclamador\" \/>\n<meta name=\"twitter:label1\" content=\"Escrito por\" \/>\n\t<meta name=\"twitter:data1\" content=\"Equipo reclamador\" \/>\n\t<meta name=\"twitter:label2\" content=\"Tiempo de lectura\" \/>\n\t<meta name=\"twitter:data2\" content=\"4 minutos\" \/>\n<script type=\"application\/ld+json\" class=\"yoast-schema-graph\">{\"@context\":\"https:\\\/\\\/schema.org\",\"@graph\":[{\"@type\":\"Article\",\"@id\":\"https:\\\/\\\/www.reclamador.es\\\/blog\\\/problemas-injerto-capilar\\\/#article\",\"isPartOf\":{\"@id\":\"https:\\\/\\\/www.reclamador.es\\\/blog\\\/problemas-injerto-capilar\\\/\"},\"author\":{\"name\":\"Equipo reclamador\",\"@id\":\"https:\\\/\\\/www.reclamador.es\\\/blog\\\/#\\\/schema\\\/person\\\/1ed83eef8b6566cb5e4c812d9bc5c4bf\"},\"headline\":\"Injerto capilar: estos son los tres problemas principales\",\"datePublished\":\"2020-06-17T08:00:00+00:00\",\"dateModified\":\"2024-03-18T10:16:19+00:00\",\"mainEntityOfPage\":{\"@id\":\"https:\\\/\\\/www.reclamador.es\\\/blog\\\/problemas-injerto-capilar\\\/\"},\"wordCount\":653,\"publisher\":{\"@id\":\"https:\\\/\\\/www.reclamador.es\\\/blog\\\/#organization\"},\"image\":{\"@id\":\"https:\\\/\\\/www.reclamador.es\\\/blog\\\/problemas-injerto-capilar\\\/#primaryimage\"},\"thumbnailUrl\":\"https:\\\/\\\/i0.wp.com\\\/www.reclamador.es\\\/blog\\\/wp-content\\\/uploads\\\/2018\\\/06\\\/doctor-medico-paciente.jpg?fit=1920%2C1280&ssl=1\",\"keywords\":[\"negligencias\",\"reclamaci\u00f3n\"],\"articleSection\":[\"Consejos legales\"],\"inLanguage\":\"es\"},{\"@type\":\"WebPage\",\"@id\":\"https:\\\/\\\/www.reclamador.es\\\/blog\\\/problemas-injerto-capilar\\\/\",\"url\":\"https:\\\/\\\/www.reclamador.es\\\/blog\\\/problemas-injerto-capilar\\\/\",\"name\":\"Injerto capilar: cicatrices o resultado no natural, principales problemas\",\"isPartOf\":{\"@id\":\"https:\\\/\\\/www.reclamador.es\\\/blog\\\/#website\"},\"primaryImageOfPage\":{\"@id\":\"https:\\\/\\\/www.reclamador.es\\\/blog\\\/problemas-injerto-capilar\\\/#primaryimage\"},\"image\":{\"@id\":\"https:\\\/\\\/www.reclamador.es\\\/blog\\\/problemas-injerto-capilar\\\/#primaryimage\"},\"thumbnailUrl\":\"https:\\\/\\\/i0.wp.com\\\/www.reclamador.es\\\/blog\\\/wp-content\\\/uploads\\\/2018\\\/06\\\/doctor-medico-paciente.jpg?fit=1920%2C1280&ssl=1\",\"datePublished\":\"2020-06-17T08:00:00+00:00\",\"dateModified\":\"2024-03-18T10:16:19+00:00\",\"description\":\"El tratamiento de injerto capilar es cada vez m\u00e1s demandado pero el trasplante de pelo puede ocasionar problemas. \u00bfCu\u00e1ndo reclamar?\",\"breadcrumb\":{\"@id\":\"https:\\\/\\\/www.reclamador.es\\\/blog\\\/problemas-injerto-capilar\\\/#breadcrumb\"},\"inLanguage\":\"es\",\"potentialAction\":[{\"@type\":\"ReadAction\",\"target\":[\"https:\\\/\\\/www.reclamador.es\\\/blog\\\/problemas-injerto-capilar\\\/\"]}]},{\"@type\":\"ImageObject\",\"inLanguage\":\"es\",\"@id\":\"https:\\\/\\\/www.reclamador.es\\\/blog\\\/problemas-injerto-capilar\\\/#primaryimage\",\"url\":\"https:\\\/\\\/i0.wp.com\\\/www.reclamador.es\\\/blog\\\/wp-content\\\/uploads\\\/2018\\\/06\\\/doctor-medico-paciente.jpg?fit=1920%2C1280&ssl=1\",\"contentUrl\":\"https:\\\/\\\/i0.wp.com\\\/www.reclamador.es\\\/blog\\\/wp-content\\\/uploads\\\/2018\\\/06\\\/doctor-medico-paciente.jpg?fit=1920%2C1280&ssl=1\",\"width\":1920,\"height\":1280,\"caption\":\"Cicatrices muy visibles, el problema com\u00fan a muchas intervenciones de cirug\u00eda est\u00e9tica como el injerto capital\"},{\"@type\":\"BreadcrumbList\",\"@id\":\"https:\\\/\\\/www.reclamador.es\\\/blog\\\/problemas-injerto-capilar\\\/#breadcrumb\",\"itemListElement\":[{\"@type\":\"ListItem\",\"position\":1,\"name\":\"Portada\",\"item\":\"https:\\\/\\\/www.reclamador.es\\\/blog\\\/\"},{\"@type\":\"ListItem\",\"position\":2,\"name\":\"Injerto capilar: estos son los tres problemas principales\"}]},{\"@type\":\"WebSite\",\"@id\":\"https:\\\/\\\/www.reclamador.es\\\/blog\\\/#website\",\"url\":\"https:\\\/\\\/www.reclamador.es\\\/blog\\\/\",\"name\":\"Rebeldes con causa, el blog de reclamador.es\",\"description\":\"Noticias, entrevistas y consejos sobre reclamaciones\",\"publisher\":{\"@id\":\"https:\\\/\\\/www.reclamador.es\\\/blog\\\/#organization\"},\"potentialAction\":[{\"@type\":\"SearchAction\",\"target\":{\"@type\":\"EntryPoint\",\"urlTemplate\":\"https:\\\/\\\/www.reclamador.es\\\/blog\\\/?s={search_term_string}\"},\"query-input\":{\"@type\":\"PropertyValueSpecification\",\"valueRequired\":true,\"valueName\":\"search_term_string\"}}],\"inLanguage\":\"es\"},{\"@type\":\"Organization\",\"@id\":\"https:\\\/\\\/www.reclamador.es\\\/blog\\\/#organization\",\"name\":\"reclamador.es\",\"url\":\"https:\\\/\\\/www.reclamador.es\\\/blog\\\/\",\"logo\":{\"@type\":\"ImageObject\",\"inLanguage\":\"es\",\"@id\":\"https:\\\/\\\/www.reclamador.es\\\/blog\\\/#\\\/schema\\\/logo\\\/image\\\/\",\"url\":\"https:\\\/\\\/i0.wp.com\\\/www.reclamador.es\\\/blog\\\/wp-content\\\/uploads\\\/2020\\\/01\\\/logo-reclamador.png?fit=1200%2C144&ssl=1\",\"contentUrl\":\"https:\\\/\\\/i0.wp.com\\\/www.reclamador.es\\\/blog\\\/wp-content\\\/uploads\\\/2020\\\/01\\\/logo-reclamador.png?fit=1200%2C144&ssl=1\",\"width\":1200,\"height\":144,\"caption\":\"reclamador.es\"},\"image\":{\"@id\":\"https:\\\/\\\/www.reclamador.es\\\/blog\\\/#\\\/schema\\\/logo\\\/image\\\/\"},\"sameAs\":[\"https:\\\/\\\/www.facebook.com\\\/reclamador.es\",\"https:\\\/\\\/x.com\\\/reclamador\",\"https:\\\/\\\/www.instagram.com\\\/reclamador.es\\\/\",\"https:\\\/\\\/www.linkedin.com\\\/company\\\/reclamador-es\",\"https:\\\/\\\/www.youtube.com\\\/user\\\/Reclamadores\"]},{\"@type\":\"Person\",\"@id\":\"https:\\\/\\\/www.reclamador.es\\\/blog\\\/#\\\/schema\\\/person\\\/1ed83eef8b6566cb5e4c812d9bc5c4bf\",\"name\":\"Equipo reclamador\",\"image\":{\"@type\":\"ImageObject\",\"inLanguage\":\"es\",\"@id\":\"https:\\\/\\\/secure.gravatar.com\\\/avatar\\\/6442ecdc2c4472c600c113f34d340feca47107d6aa4f42f1e3e75a2a8e28a760?s=96&d=mm&r=g\",\"url\":\"https:\\\/\\\/secure.gravatar.com\\\/avatar\\\/6442ecdc2c4472c600c113f34d340feca47107d6aa4f42f1e3e75a2a8e28a760?s=96&d=mm&r=g\",\"contentUrl\":\"https:\\\/\\\/secure.gravatar.com\\\/avatar\\\/6442ecdc2c4472c600c113f34d340feca47107d6aa4f42f1e3e75a2a8e28a760?s=96&d=mm&r=g\",\"caption\":\"Equipo reclamador\"},\"description\":\"Las personas que hacen posible reclamador.es\",\"url\":\"https:\\\/\\\/www.reclamador.es\\\/blog\\\/author\\\/administrador\\\/\"}]}<\/script>\n<!-- \/ Yoast SEO plugin. -->","yoast_head_json":{"title":"Injerto capilar: cicatrices o resultado no natural, principales problemas","description":"El tratamiento de injerto capilar es cada vez m\u00e1s demandado pero el trasplante de pelo puede ocasionar problemas. \u00bfCu\u00e1ndo reclamar?","robots":{"index":"index","follow":"follow","max-snippet":"max-snippet:-1","max-image-preview":"max-image-preview:large","max-video-preview":"max-video-preview:-1"},"canonical":"https:\/\/www.reclamador.es\/blog\/problemas-injerto-capilar\/","og_locale":"es_ES","og_type":"article","og_title":"Injerto capilar: cicatrices o resultado no natural, principales problemas","og_description":"El tratamiento de injerto capilar es cada vez m\u00e1s demandado pero el trasplante de pelo puede ocasionar problemas. \u00bfCu\u00e1ndo reclamar?","og_url":"https:\/\/www.reclamador.es\/blog\/problemas-injerto-capilar\/","og_site_name":"Rebeldes con causa, el blog de reclamador.es","article_publisher":"https:\/\/www.facebook.com\/reclamador.es","article_published_time":"2020-06-17T08:00:00+00:00","article_modified_time":"2024-03-18T10:16:19+00:00","og_image":[{"width":1920,"height":1280,"url":"https:\/\/www.reclamador.es\/blog\/wp-content\/uploads\/2018\/06\/doctor-medico-paciente.jpg","type":"image\/jpeg"}],"author":"Equipo reclamador","twitter_card":"summary_large_image","twitter_creator":"@reclamador","twitter_site":"@reclamador","twitter_misc":{"Escrito por":"Equipo reclamador","Tiempo de lectura":"4 minutos"},"schema":{"@context":"https:\/\/schema.org","@graph":[{"@type":"Article","@id":"https:\/\/www.reclamador.es\/blog\/problemas-injerto-capilar\/#article","isPartOf":{"@id":"https:\/\/www.reclamador.es\/blog\/problemas-injerto-capilar\/"},"author":{"name":"Equipo reclamador","@id":"https:\/\/www.reclamador.es\/blog\/#\/schema\/person\/1ed83eef8b6566cb5e4c812d9bc5c4bf"},"headline":"Injerto capilar: estos son los tres problemas principales","datePublished":"2020-06-17T08:00:00+00:00","dateModified":"2024-03-18T10:16:19+00:00","mainEntityOfPage":{"@id":"https:\/\/www.reclamador.es\/blog\/problemas-injerto-capilar\/"},"wordCount":653,"publisher":{"@id":"https:\/\/www.reclamador.es\/blog\/#organization"},"image":{"@id":"https:\/\/www.reclamador.es\/blog\/problemas-injerto-capilar\/#primaryimage"},"thumbnailUrl":"https:\/\/i0.wp.com\/www.reclamador.es\/blog\/wp-content\/uploads\/2018\/06\/doctor-medico-paciente.jpg?fit=1920%2C1280&ssl=1","keywords":["negligencias","reclamaci\u00f3n"],"articleSection":["Consejos legales"],"inLanguage":"es"},{"@type":"WebPage","@id":"https:\/\/www.reclamador.es\/blog\/problemas-injerto-capilar\/","url":"https:\/\/www.reclamador.es\/blog\/problemas-injerto-capilar\/","name":"Injerto capilar: cicatrices o resultado no natural, principales problemas","isPartOf":{"@id":"https:\/\/www.reclamador.es\/blog\/#website"},"primaryImageOfPage":{"@id":"https:\/\/www.reclamador.es\/blog\/problemas-injerto-capilar\/#primaryimage"},"image":{"@id":"https:\/\/www.reclamador.es\/blog\/problemas-injerto-capilar\/#primaryimage"},"thumbnailUrl":"https:\/\/i0.wp.com\/www.reclamador.es\/blog\/wp-content\/uploads\/2018\/06\/doctor-medico-paciente.jpg?fit=1920%2C1280&ssl=1","datePublished":"2020-06-17T08:00:00+00:00","dateModified":"2024-03-18T10:16:19+00:00","description":"El tratamiento de injerto capilar es cada vez m\u00e1s demandado pero el trasplante de pelo puede ocasionar problemas. \u00bfCu\u00e1ndo reclamar?","breadcrumb":{"@id":"https:\/\/www.reclamador.es\/blog\/problemas-injerto-capilar\/#breadcrumb"},"inLanguage":"es","potentialAction":[{"@type":"ReadAction","target":["https:\/\/www.reclamador.es\/blog\/problemas-injerto-capilar\/"]}]},{"@type":"ImageObject","inLanguage":"es","@id":"https:\/\/www.reclamador.es\/blog\/problemas-injerto-capilar\/#primaryimage","url":"https:\/\/i0.wp.com\/www.reclamador.es\/blog\/wp-content\/uploads\/2018\/06\/doctor-medico-paciente.jpg?fit=1920%2C1280&ssl=1","contentUrl":"https:\/\/i0.wp.com\/www.reclamador.es\/blog\/wp-content\/uploads\/2018\/06\/doctor-medico-paciente.jpg?fit=1920%2C1280&ssl=1","width":1920,"height":1280,"caption":"Cicatrices muy visibles, el problema com\u00fan a muchas intervenciones de cirug\u00eda est\u00e9tica como el injerto capital"},{"@type":"BreadcrumbList","@id":"https:\/\/www.reclamador.es\/blog\/problemas-injerto-capilar\/#breadcrumb","itemListElement":[{"@type":"ListItem","position":1,"name":"Portada","item":"https:\/\/www.reclamador.es\/blog\/"},{"@type":"ListItem","position":2,"name":"Injerto capilar: estos son los tres problemas principales"}]},{"@type":"WebSite","@id":"https:\/\/www.reclamador.es\/blog\/#website","url":"https:\/\/www.reclamador.es\/blog\/","name":"Rebeldes con causa, el blog de reclamador.es","description":"Noticias, entrevistas y consejos sobre reclamaciones","publisher":{"@id":"https:\/\/www.reclamador.es\/blog\/#organization"},"potentialAction":[{"@type":"SearchAction","target":{"@type":"EntryPoint","urlTemplate":"https:\/\/www.reclamador.es\/blog\/?s={search_term_string}"},"query-input":{"@type":"PropertyValueSpecification","valueRequired":true,"valueName":"search_term_string"}}],"inLanguage":"es"},{"@type":"Organization","@id":"https:\/\/www.reclamador.es\/blog\/#organization","name":"reclamador.es","url":"https:\/\/www.reclamador.es\/blog\/","logo":{"@type":"ImageObject","inLanguage":"es","@id":"https:\/\/www.reclamador.es\/blog\/#\/schema\/logo\/image\/","url":"https:\/\/i0.wp.com\/www.reclamador.es\/blog\/wp-content\/uploads\/2020\/01\/logo-reclamador.png?fit=1200%2C144&ssl=1","contentUrl":"https:\/\/i0.wp.com\/www.reclamador.es\/blog\/wp-content\/uploads\/2020\/01\/logo-reclamador.png?fit=1200%2C144&ssl=1","width":1200,"height":144,"caption":"reclamador.es"},"image":{"@id":"https:\/\/www.reclamador.es\/blog\/#\/schema\/logo\/image\/"},"sameAs":["https:\/\/www.facebook.com\/reclamador.es","https:\/\/x.com\/reclamador","https:\/\/www.instagram.com\/reclamador.es\/","https:\/\/www.linkedin.com\/company\/reclamador-es","https:\/\/www.youtube.com\/user\/Reclamadores"]},{"@type":"Person","@id":"https:\/\/www.reclamador.es\/blog\/#\/schema\/person\/1ed83eef8b6566cb5e4c812d9bc5c4bf","name":"Equipo reclamador","image":{"@type":"ImageObject","inLanguage":"es","@id":"https:\/\/secure.gravatar.com\/avatar\/6442ecdc2c4472c600c113f34d340feca47107d6aa4f42f1e3e75a2a8e28a760?s=96&d=mm&r=g","url":"https:\/\/secure.gravatar.com\/avatar\/6442ecdc2c4472c600c113f34d340feca47107d6aa4f42f1e3e75a2a8e28a760?s=96&d=mm&r=g","contentUrl":"https:\/\/secure.gravatar.com\/avatar\/6442ecdc2c4472c600c113f34d340feca47107d6aa4f42f1e3e75a2a8e28a760?s=96&d=mm&r=g","caption":"Equipo reclamador"},"description":"Las personas que hacen posible reclamador.es","url":"https:\/\/www.reclamador.es\/blog\/author\/administrador\/"}]}},"jetpack_featured_media_url":"https:\/\/i0.wp.com\/www.reclamador.es\/blog\/wp-content\/uploads\/2018\/06\/doctor-medico-paciente.jpg?fit=1920%2C1280&ssl=1","jetpack-related-posts":[{"id":21630,"url":"https:\/\/www.reclamador.es\/blog\/injerto-capilar-turquia\/","url_meta":{"origin":18488,"position":0},"title":"Ponerse pelo: \u00bfEspa\u00f1a o Turqu\u00eda? El problema a la hora de posibles reclamaciones","author":"Equipo reclamador","date":"12 abril, 2019","format":false,"excerpt":"El turismo sanitario en Turqu\u00eda est\u00e1 de moda. Junto a su indudable atractivo hist\u00f3rico y cultural, se suma desde hace unos a\u00f1os la proliferaci\u00f3n de cl\u00ednicas dedicadas al injerto capilar en Turqu\u00eda. Los grandes touroperadores ofrecen paquetes en los que adem\u00e1s de vuelo, hotel y visitas a lugares emblem\u00e1ticos se\u2026","rel":"","context":"En \u00abConsejos legales\u00bb","block_context":{"text":"Consejos legales","link":"https:\/\/www.reclamador.es\/blog\/consejos\/"},"img":{"alt_text":"lampara de quirofano - trasplante capilar","src":"https:\/\/i0.wp.com\/www.reclamador.es\/blog\/wp-content\/uploads\/2019\/04\/operacion-trasplante-de-pelo-espana-vs-turquia.jpg?fit=1200%2C630&ssl=1&resize=350%2C200","width":350,"height":200,"srcset":"https:\/\/i0.wp.com\/www.reclamador.es\/blog\/wp-content\/uploads\/2019\/04\/operacion-trasplante-de-pelo-espana-vs-turquia.jpg?fit=1200%2C630&ssl=1&resize=350%2C200 1x, https:\/\/i0.wp.com\/www.reclamador.es\/blog\/wp-content\/uploads\/2019\/04\/operacion-trasplante-de-pelo-espana-vs-turquia.jpg?fit=1200%2C630&ssl=1&resize=525%2C300 1.5x, https:\/\/i0.wp.com\/www.reclamador.es\/blog\/wp-content\/uploads\/2019\/04\/operacion-trasplante-de-pelo-espana-vs-turquia.jpg?fit=1200%2C630&ssl=1&resize=700%2C400 2x, https:\/\/i0.wp.com\/www.reclamador.es\/blog\/wp-content\/uploads\/2019\/04\/operacion-trasplante-de-pelo-espana-vs-turquia.jpg?fit=1200%2C630&ssl=1&resize=1050%2C600 3x"},"classes":[]},{"id":18991,"url":"https:\/\/www.reclamador.es\/blog\/problemas-anestesia-reclamar-negligencia\/","url_meta":{"origin":18488,"position":1},"title":"\u00bfSon reclamables los problemas de salud derivados de la anestesia?","author":"Equipo reclamador","date":"16 julio, 2020","format":false,"excerpt":"Los problemas derivados de la anestesia preocupan a las personas que se someten a una intervenci\u00f3n donde es necesario no estar conscientes. Hasta ahora, en reclamador.es hemos tratado diferentes tipos de negligencias m\u00e9dicas a las que puedes enfrentarte, explicando qu\u00e9 son, cu\u00e1ndo se producen y en qu\u00e9 casos se podr\u00eda\u2026","rel":"","context":"En \u00abConsejos legales\u00bb","block_context":{"text":"Consejos legales","link":"https:\/\/www.reclamador.es\/blog\/consejos\/"},"img":{"alt_text":"Problemas de la anestesia: c\u00f3mo reclamar una indemnizaci\u00f3n","src":"https:\/\/i0.wp.com\/www.reclamador.es\/blog\/wp-content\/uploads\/2020\/07\/hospital-2.jpg?fit=1200%2C800&ssl=1&resize=350%2C200","width":350,"height":200,"srcset":"https:\/\/i0.wp.com\/www.reclamador.es\/blog\/wp-content\/uploads\/2020\/07\/hospital-2.jpg?fit=1200%2C800&ssl=1&resize=350%2C200 1x, https:\/\/i0.wp.com\/www.reclamador.es\/blog\/wp-content\/uploads\/2020\/07\/hospital-2.jpg?fit=1200%2C800&ssl=1&resize=525%2C300 1.5x, https:\/\/i0.wp.com\/www.reclamador.es\/blog\/wp-content\/uploads\/2020\/07\/hospital-2.jpg?fit=1200%2C800&ssl=1&resize=700%2C400 2x, https:\/\/i0.wp.com\/www.reclamador.es\/blog\/wp-content\/uploads\/2020\/07\/hospital-2.jpg?fit=1200%2C800&ssl=1&resize=1050%2C600 3x"},"classes":[]},{"id":21442,"url":"https:\/\/www.reclamador.es\/blog\/transfusion-sangre-riesgos-transmitir-enfermedades\/","url_meta":{"origin":18488,"position":2},"title":"\u00bfQu\u00e9 enfermedades se pueden transmitir en una transfusi\u00f3n de sangre?","author":"Equipo reclamador","date":"26 marzo, 2019","format":false,"excerpt":"*Contenido actualizado mayo 2025 S\u00ed, lo sabemos. Las t\u00e9cnicas m\u00e9dico-sanitarias han avanzado lo suficiente y las transfusiones de sangre son muy seguras en nuestro pa\u00eds. Pero esto no quiere decir que el riesgo sea 0. Es decir, siguen d\u00e1ndose casos de transmisi\u00f3n de enfermedades por transfusi\u00f3n de sangre. Por eso,\u2026","rel":"","context":"En \u00abConsejos legales\u00bb","block_context":{"text":"Consejos legales","link":"https:\/\/www.reclamador.es\/blog\/consejos\/"},"img":{"alt_text":"transfusi\u00f3n de sangre reclamador","src":"https:\/\/i0.wp.com\/www.reclamador.es\/blog\/wp-content\/uploads\/2019\/03\/transfusion-de-sangre-riesgos-reclamar-indemnizacion.jpg?fit=1200%2C799&ssl=1&resize=350%2C200","width":350,"height":200,"srcset":"https:\/\/i0.wp.com\/www.reclamador.es\/blog\/wp-content\/uploads\/2019\/03\/transfusion-de-sangre-riesgos-reclamar-indemnizacion.jpg?fit=1200%2C799&ssl=1&resize=350%2C200 1x, https:\/\/i0.wp.com\/www.reclamador.es\/blog\/wp-content\/uploads\/2019\/03\/transfusion-de-sangre-riesgos-reclamar-indemnizacion.jpg?fit=1200%2C799&ssl=1&resize=525%2C300 1.5x, https:\/\/i0.wp.com\/www.reclamador.es\/blog\/wp-content\/uploads\/2019\/03\/transfusion-de-sangre-riesgos-reclamar-indemnizacion.jpg?fit=1200%2C799&ssl=1&resize=700%2C400 2x, https:\/\/i0.wp.com\/www.reclamador.es\/blog\/wp-content\/uploads\/2019\/03\/transfusion-de-sangre-riesgos-reclamar-indemnizacion.jpg?fit=1200%2C799&ssl=1&resize=1050%2C600 3x"},"classes":[]},{"id":19628,"url":"https:\/\/www.reclamador.es\/blog\/reclamar-ortodoncia-dentista\/","url_meta":{"origin":18488,"position":3},"title":"Mal resultado de ortodoncia: \u00bfcu\u00e1ndo se puede reclamar?","author":"Equipo reclamador","date":"28 septiembre, 2018","format":false,"excerpt":"Con el tratamiento de ortodoncia se diagnostican y corrigen los problemas en la forma y posici\u00f3n de los dientes. Un tratamiento que es evaluado y llevado a cabo, habitualmente, por un ortodoncista.\u00a0 En reclamador.es vamos a explicarte qu\u00e9 puedes hacer si el resultado final de la ortodoncia no es el\u2026","rel":"","context":"En \u00abConsejos legales\u00bb","block_context":{"text":"Consejos legales","link":"https:\/\/www.reclamador.es\/blog\/consejos\/"},"img":{"alt_text":"negligencias dentales - mal resultado de ortodoncia","src":"https:\/\/i0.wp.com\/www.reclamador.es\/blog\/wp-content\/uploads\/2018\/09\/mal-resultado-de-la-ortodoncia.jpg?fit=1200%2C693&ssl=1&resize=350%2C200","width":350,"height":200,"srcset":"https:\/\/i0.wp.com\/www.reclamador.es\/blog\/wp-content\/uploads\/2018\/09\/mal-resultado-de-la-ortodoncia.jpg?fit=1200%2C693&ssl=1&resize=350%2C200 1x, https:\/\/i0.wp.com\/www.reclamador.es\/blog\/wp-content\/uploads\/2018\/09\/mal-resultado-de-la-ortodoncia.jpg?fit=1200%2C693&ssl=1&resize=525%2C300 1.5x, https:\/\/i0.wp.com\/www.reclamador.es\/blog\/wp-content\/uploads\/2018\/09\/mal-resultado-de-la-ortodoncia.jpg?fit=1200%2C693&ssl=1&resize=700%2C400 2x, https:\/\/i0.wp.com\/www.reclamador.es\/blog\/wp-content\/uploads\/2018\/09\/mal-resultado-de-la-ortodoncia.jpg?fit=1200%2C693&ssl=1&resize=1050%2C600 3x"},"classes":[]},{"id":18410,"url":"https:\/\/www.reclamador.es\/blog\/problemas-frecuentes-cirugia-plastica\/","url_meta":{"origin":18488,"position":4},"title":"Los 5 problemas m\u00e1s frecuentes de la cirug\u00eda pl\u00e1stica","author":"Esperanza Palacio","date":"1 marzo, 2021","format":false,"excerpt":"Aumento de pecho, liposucci\u00f3n y abdominoplastia, estas son las tres intervenciones de cirug\u00eda pl\u00e1stica m\u00e1s demandadas en Espa\u00f1a, seg\u00fan la Sociedad Espa\u00f1ola de Cirug\u00eda Pl\u00e1stica, Reparadora y Est\u00e9tica (SECPRE). Y casi el 17% de las intervenciones de cirug\u00eda est\u00e9tica que se realizan en nuestro pa\u00eds son para corregir intervenciones anteriores,\u2026","rel":"","context":"En \u00abConsejos legales\u00bb","block_context":{"text":"Consejos legales","link":"https:\/\/www.reclamador.es\/blog\/consejos\/"},"img":{"alt_text":"problemas cirug\u00eda pl\u00e1stica reclamador","src":"https:\/\/i0.wp.com\/www.reclamador.es\/blog\/wp-content\/uploads\/2018\/06\/problemas-cirug%C3%ADa-pl%C3%A1stica.jpg?fit=1200%2C791&ssl=1&resize=350%2C200","width":350,"height":200,"srcset":"https:\/\/i0.wp.com\/www.reclamador.es\/blog\/wp-content\/uploads\/2018\/06\/problemas-cirug%C3%ADa-pl%C3%A1stica.jpg?fit=1200%2C791&ssl=1&resize=350%2C200 1x, https:\/\/i0.wp.com\/www.reclamador.es\/blog\/wp-content\/uploads\/2018\/06\/problemas-cirug%C3%ADa-pl%C3%A1stica.jpg?fit=1200%2C791&ssl=1&resize=525%2C300 1.5x, https:\/\/i0.wp.com\/www.reclamador.es\/blog\/wp-content\/uploads\/2018\/06\/problemas-cirug%C3%ADa-pl%C3%A1stica.jpg?fit=1200%2C791&ssl=1&resize=700%2C400 2x, https:\/\/i0.wp.com\/www.reclamador.es\/blog\/wp-content\/uploads\/2018\/06\/problemas-cirug%C3%ADa-pl%C3%A1stica.jpg?fit=1200%2C791&ssl=1&resize=1050%2C600 3x"},"classes":[]},{"id":9394,"url":"https:\/\/www.reclamador.es\/blog\/reclamar-cirugia-estetica\/","url_meta":{"origin":18488,"position":5},"title":"\u00bfSe puede reclamar una intervenci\u00f3n de cirug\u00eda est\u00e9tica?","author":"Equipo reclamador","date":"24 septiembre, 2021","format":false,"excerpt":"Si bien Estados Unidos y Brasil son los pa\u00edses con m\u00e1s intervenciones de cirug\u00eda est\u00e9tica del mundo, Espa\u00f1a es tambi\u00e9n uno de los que m\u00e1s operaciones de este tipo realiza, con unas 447.000 intervenciones de cirug\u00eda est\u00e9tica al a\u00f1o, seg\u00fan la Sociedad Espa\u00f1ola de Cirug\u00eda Est\u00e9tica. Aunque en la mayor\u00eda\u2026","rel":"","context":"En \u00abConsejos legales\u00bb","block_context":{"text":"Consejos legales","link":"https:\/\/www.reclamador.es\/blog\/consejos\/"},"img":{"alt_text":"quir\u00f3fano - medicos cirugia estetica","src":"https:\/\/i0.wp.com\/www.reclamador.es\/blog\/wp-content\/uploads\/2019\/09\/reclamar-por-cirugia-estetica.jpg?fit=1200%2C630&ssl=1&resize=350%2C200","width":350,"height":200,"srcset":"https:\/\/i0.wp.com\/www.reclamador.es\/blog\/wp-content\/uploads\/2019\/09\/reclamar-por-cirugia-estetica.jpg?fit=1200%2C630&ssl=1&resize=350%2C200 1x, https:\/\/i0.wp.com\/www.reclamador.es\/blog\/wp-content\/uploads\/2019\/09\/reclamar-por-cirugia-estetica.jpg?fit=1200%2C630&ssl=1&resize=525%2C300 1.5x, https:\/\/i0.wp.com\/www.reclamador.es\/blog\/wp-content\/uploads\/2019\/09\/reclamar-por-cirugia-estetica.jpg?fit=1200%2C630&ssl=1&resize=700%2C400 2x, https:\/\/i0.wp.com\/www.reclamador.es\/blog\/wp-content\/uploads\/2019\/09\/reclamar-por-cirugia-estetica.jpg?fit=1200%2C630&ssl=1&resize=1050%2C600 3x"},"classes":[]}],"jetpack_sharing_enabled":true,"_links":{"self":[{"href":"https:\/\/www.reclamador.es\/blog\/wp-json\/wp\/v2\/posts\/18488","targetHints":{"allow":["GET"]}}],"collection":[{"href":"https:\/\/www.reclamador.es\/blog\/wp-json\/wp\/v2\/posts"}],"about":[{"href":"https:\/\/www.reclamador.es\/blog\/wp-json\/wp\/v2\/types\/post"}],"author":[{"embeddable":true,"href":"https:\/\/www.reclamador.es\/blog\/wp-json\/wp\/v2\/users\/1"}],"replies":[{"embeddable":true,"href":"https:\/\/www.reclamador.es\/blog\/wp-json\/wp\/v2\/comments?post=18488"}],"version-history":[{"count":26,"href":"https:\/\/www.reclamador.es\/blog\/wp-json\/wp\/v2\/posts\/18488\/revisions"}],"predecessor-version":[{"id":32113,"href":"https:\/\/www.reclamador.es\/blog\/wp-json\/wp\/v2\/posts\/18488\/revisions\/32113"}],"wp:featuredmedia":[{"embeddable":true,"href":"https:\/\/www.reclamador.es\/blog\/wp-json\/wp\/v2\/media\/27427"}],"wp:attachment":[{"href":"https:\/\/www.reclamador.es\/blog\/wp-json\/wp\/v2\/media?parent=18488"}],"wp:term":[{"taxonomy":"category","embeddable":true,"href":"https:\/\/www.reclamador.es\/blog\/wp-json\/wp\/v2\/categories?post=18488"},{"taxonomy":"post_tag","embeddable":true,"href":"https:\/\/www.reclamador.es\/blog\/wp-json\/wp\/v2\/tags?post=18488"}],"curies":[{"name":"wp","href":"https:\/\/api.w.org\/{rel}","templated":true}]}}