{"id":18420,"date":"2018-06-27T09:58:12","date_gmt":"2018-06-27T07:58:12","guid":{"rendered":"https:\/\/www.reclamador.es\/blog\/?p=18420"},"modified":"2024-05-28T16:26:33","modified_gmt":"2024-05-28T14:26:33","slug":"entrevista-laboral-abdou","status":"publish","type":"post","link":"https:\/\/www.reclamador.es\/blog\/entrevista-laboral-abdou\/","title":{"rendered":"\u201cMe chantajearon para no pagarme la indemnizaci\u00f3n, pero no me daban miedo\u201d"},"content":{"rendered":"<div class=\"ttr_start\"><\/div>\n\n<div class=\"kk-star-ratings kksr-auto kksr-align-right kksr-valign-top\"\n    data-payload='{&quot;align&quot;:&quot;right&quot;,&quot;id&quot;:&quot;18420&quot;,&quot;slug&quot;:&quot;default&quot;,&quot;valign&quot;:&quot;top&quot;,&quot;ignore&quot;:&quot;&quot;,&quot;reference&quot;:&quot;auto&quot;,&quot;class&quot;:&quot;&quot;,&quot;count&quot;:&quot;5&quot;,&quot;legendonly&quot;:&quot;&quot;,&quot;readonly&quot;:&quot;&quot;,&quot;score&quot;:&quot;5&quot;,&quot;starsonly&quot;:&quot;&quot;,&quot;best&quot;:&quot;5&quot;,&quot;gap&quot;:&quot;3&quot;,&quot;greet&quot;:&quot;Valora este art\u00edculo&quot;,&quot;legend&quot;:&quot;5\\\/5 - (5 votos)&quot;,&quot;size&quot;:&quot;20&quot;,&quot;title&quot;:&quot;\u201cMe chantajearon para no pagarme la indemnizaci\u00f3n, pero no me daban miedo\u201d&quot;,&quot;width&quot;:&quot;113.5&quot;,&quot;_legend&quot;:&quot;{score}\\\/{best} - ({count} {votes})&quot;,&quot;font_factor&quot;:&quot;1.25&quot;}'>\n            \n<div class=\"kksr-stars\">\n    \n<div class=\"kksr-stars-inactive\">\n            <div class=\"kksr-star\" data-star=\"1\" style=\"padding-right: 3px\">\n            \n\n<div class=\"kksr-icon\" style=\"width: 20px; height: 20px;\"><\/div>\n        <\/div>\n            <div class=\"kksr-star\" data-star=\"2\" style=\"padding-right: 3px\">\n            \n\n<div class=\"kksr-icon\" style=\"width: 20px; height: 20px;\"><\/div>\n        <\/div>\n            <div class=\"kksr-star\" data-star=\"3\" style=\"padding-right: 3px\">\n            \n\n<div class=\"kksr-icon\" style=\"width: 20px; height: 20px;\"><\/div>\n        <\/div>\n            <div class=\"kksr-star\" data-star=\"4\" style=\"padding-right: 3px\">\n            \n\n<div class=\"kksr-icon\" style=\"width: 20px; height: 20px;\"><\/div>\n        <\/div>\n            <div class=\"kksr-star\" data-star=\"5\" style=\"padding-right: 3px\">\n            \n\n<div class=\"kksr-icon\" style=\"width: 20px; height: 20px;\"><\/div>\n        <\/div>\n    <\/div>\n    \n<div class=\"kksr-stars-active\" style=\"width: 113.5px;\">\n            <div class=\"kksr-star\" style=\"padding-right: 3px\">\n            \n\n<div class=\"kksr-icon\" style=\"width: 20px; height: 20px;\"><\/div>\n        <\/div>\n            <div class=\"kksr-star\" style=\"padding-right: 3px\">\n            \n\n<div class=\"kksr-icon\" style=\"width: 20px; height: 20px;\"><\/div>\n        <\/div>\n            <div class=\"kksr-star\" style=\"padding-right: 3px\">\n            \n\n<div class=\"kksr-icon\" style=\"width: 20px; height: 20px;\"><\/div>\n        <\/div>\n            <div class=\"kksr-star\" style=\"padding-right: 3px\">\n            \n\n<div class=\"kksr-icon\" style=\"width: 20px; height: 20px;\"><\/div>\n        <\/div>\n            <div class=\"kksr-star\" style=\"padding-right: 3px\">\n            \n\n<div class=\"kksr-icon\" style=\"width: 20px; height: 20px;\"><\/div>\n        <\/div>\n    <\/div>\n<\/div>\n                \n\n<div class=\"kksr-legend\" style=\"font-size: 16px;\">\n            5\/5 - (5 votos)    <\/div>\n    <\/div>\n<figure id=\"attachment_18421\" aria-describedby=\"caption-attachment-18421\" style=\"width: 1200px\" class=\"wp-caption aligncenter\"><img data-recalc-dims=\"1\" loading=\"lazy\" decoding=\"async\" class=\"wp-image-18421 size-full\" title=\"caso real reclamaci\u00f3n laboral abogados reclamador.es\" src=\"https:\/\/i0.wp.com\/www.reclamador.es\/blog\/wp-content\/uploads\/2018\/06\/abdou1200-min.png?resize=1200%2C800&#038;ssl=1\" alt=\"caso real reclamaci\u00f3n laboral\" width=\"1200\" height=\"800\" srcset=\"https:\/\/i0.wp.com\/www.reclamador.es\/blog\/wp-content\/uploads\/2018\/06\/abdou1200-min.png?w=1200&amp;ssl=1 1200w, https:\/\/i0.wp.com\/www.reclamador.es\/blog\/wp-content\/uploads\/2018\/06\/abdou1200-min.png?resize=150%2C100&amp;ssl=1 150w, https:\/\/i0.wp.com\/www.reclamador.es\/blog\/wp-content\/uploads\/2018\/06\/abdou1200-min.png?resize=300%2C200&amp;ssl=1 300w, https:\/\/i0.wp.com\/www.reclamador.es\/blog\/wp-content\/uploads\/2018\/06\/abdou1200-min.png?resize=768%2C512&amp;ssl=1 768w, https:\/\/i0.wp.com\/www.reclamador.es\/blog\/wp-content\/uploads\/2018\/06\/abdou1200-min.png?resize=1024%2C683&amp;ssl=1 1024w\" sizes=\"auto, (max-width: 1000px) 100vw, 1000px\" \/><figcaption id=\"caption-attachment-18421\" class=\"wp-caption-text\"><em>Caso real reclamaci\u00f3n laboral: Abdou ha reclamado su problema laboral con reclamador.es tras haber sido despedido por la Embajada de Mali.<\/em><\/figcaption><\/figure>\n<p><span style=\"color: #000000;\"><span style=\"font-weight: 400;\">Os traemos un nuevo caso real de reclamaci\u00f3n laboral: Chantajes y muchas conductas de acoso laboral. Nuestro entrevistado esta semana ha pasado por todo este trato degradante en los \u00faltimos meses como ch\u00f3fer de la Embajada de Mali en Espa\u00f1a, donde finalmente fue despedido, no sin antes luchar y exigir sus derechos. Tratar de salir de una espiral de abusos de este tipo no es nada f\u00e1cil; por eso Abdou, como se llama nuestro cliente, se puso en contacto con nosotros para reclamar su caso y hacer justicia. En un despido improcedente o nulo derivado de la vulneraci\u00f3n de derechos del trabajador, un <\/span><a href=\"https:\/\/www.reclamador.es\/blog\/abogado-laboralista\/\"><span style=\"font-weight: 400;\">abogado laboralista es clave<\/span><\/a><span style=\"font-weight: 400;\">.<\/span><\/span><\/p>\n<p><span style=\"font-weight: 400; color: #000000;\">Abdou Ciss\u00e9 (Mali, 1988) lleg\u00f3 a Espa\u00f1a en 2004. Trabaj\u00f3 como mozo y empleado de almac\u00e9n y\u00a0posteriormente como ch\u00f3fer en la Embajada de Mali durante m\u00e1s de 6 a\u00f1os, con un contrato indefinido. <\/span><\/p>\n<p><span style=\"font-weight: 400; color: #000000;\">Nuestro entrevistado, que tiene nacionalidad espa\u00f1ola, vio c\u00f3mo le bajaron el sueldo en 2016 de forma repentina por decisi\u00f3n unilateral de su empleador, motivo por el cual decidi\u00f3 reclamar con nosotros y hoy lo conocemos:<\/span><\/p>\n<h2><strong>Caso real de reclamaci\u00f3n laboral: entrevista a Abdou<\/strong><\/h2>\n<h3><span style=\"color: #000000;\"><b>Hola Abdou, lo primero, \u00bfpor qu\u00e9 empez\u00f3 tu periplo reclamando?<\/b><\/span><\/h3>\n<p><span style=\"font-weight: 400; color: #000000;\">Hola, gracias a vosotros por ayudarme. Todo empez\u00f3 con una bajada de sueldo sin ning\u00fan aviso ni explicaci\u00f3n y con la denegaci\u00f3n de las vacaciones correspondientes tras mi matrimonio. De repente, de un mes a otro, las condiciones de trabajo fueron yendo a peor: trabajaba m\u00e1s de 60 horas semanales cuando en mi contrato ven\u00edan estipuladas 30 horas, realizaba funciones que no se correspond\u00edan a las de ch\u00f3fer, tales como funciones administrativas, entre otras, adem\u00e1s de recibir un trato degradante por parte del embajador de forma constante y todo ello teniendo en cuenta que mi salario era muy inferior al que ven\u00eda percibiendo con anterioridad.<\/span><\/p>\n<h3><span style=\"color: #000000;\"><b>\u00bfCu\u00e1ndo empezaste a trabajar en la embajada y d<\/b><b>e cu\u00e1nto fue la bajada de sueldo?<\/b><\/span><\/h3>\n<p><span style=\"color: #000000;\">En 2011 fue mi contrato inicial.<\/span><\/p>\n<p><span style=\"font-weight: 400; color: #000000;\">Me quitaron 610 euros mensuales de mi n\u00f3mina sin justificaci\u00f3n, sin avisarme. Y cuando quise hablar con mi empleador, empezaron las mentiras.<\/span><\/p>\n<h3><span style=\"color: #000000;\"><b>\u00bfPor qu\u00e9 crees que pas\u00f3?<\/b><\/span><\/h3>\n<p><span style=\"color: #000000;\">Tengo claro que es porque hubo un cambio de embajador y el nuevo baj\u00f3 mi salario porque quiso, sin darme ninguna explicaci\u00f3n. Adem\u00e1s de mi caso, otras cuatro personas se vieron afectadas por el mismo motivo. Con el dinero del recorte que nos hicieron, se aument\u00f3 el sueldo a otros trabajadores, y se contrataron a familiares y amigos del nuevo embajador. Y hay testigos de todo esto.<\/span><\/p>\n<p><span style=\"color: #000000;\">Asimismo, se vulneraron otros derechos que ten\u00eda como trabajador, tales como disfrute de vacaciones, disfrute de 15 d\u00edas de permiso retribuido por matrimonio, etc.<\/span><\/p>\n<h3><span style=\"color: #000000;\"><b>\u00bfIntentaste reclamar por tu cuenta?<\/b><\/span><\/h3>\n<p><span style=\"color: #000000;\">S\u00ed, sab\u00eda que pod\u00eda reclamar pero no sab\u00eda c\u00f3mo. Empec\u00e9 reclamando amistosamente a la embajada mediante burofax, pero no me daban soluci\u00f3n alguna, sino todo lo contrario, el ambiente de trabajo se volv\u00eda cada vez m\u00e1s tenso.<\/span><\/p>\n<p><span style=\"color: #000000;\">Hab\u00eda muchos trabajadores que sab\u00edan todo lo que estaba pasando, pero no quer\u00edan decir nada, porque ten\u00edan (y tienen) miedo.<\/span><\/p>\n<h3><span style=\"color: #000000;\"><b>\u00bfY c\u00f3mo nos conociste?<\/b><\/span><\/h3>\n<p><span style=\"font-weight: 400; color: #000000;\">Empec\u00e9 a buscar e investigar en Google d\u00f3nde reclamar mi salario. Complet\u00e9 con mis datos personales el formulario en reclamador.es y Lidia, una de vuestras compa\u00f1eras, me contact\u00f3 enseguida para explicarme cu\u00e1les eran mis derechos y qu\u00e9 pod\u00edais hacer por m\u00ed.<\/span><\/p>\n<figure id=\"attachment_18425\" aria-describedby=\"caption-attachment-18425\" style=\"width: 679px\" class=\"wp-caption aligncenter\"><img data-recalc-dims=\"1\" loading=\"lazy\" decoding=\"async\" class=\"size-full wp-image-18425\" src=\"https:\/\/i0.wp.com\/www.reclamador.es\/blog\/wp-content\/uploads\/2018\/06\/image_67155713.jpg?resize=679%2C800&#038;ssl=1\" alt=\"\" width=\"679\" height=\"800\" srcset=\"https:\/\/i0.wp.com\/www.reclamador.es\/blog\/wp-content\/uploads\/2018\/06\/image_67155713.jpg?w=679&amp;ssl=1 679w, https:\/\/i0.wp.com\/www.reclamador.es\/blog\/wp-content\/uploads\/2018\/06\/image_67155713.jpg?resize=127%2C150&amp;ssl=1 127w, https:\/\/i0.wp.com\/www.reclamador.es\/blog\/wp-content\/uploads\/2018\/06\/image_67155713.jpg?resize=255%2C300&amp;ssl=1 255w\" sizes=\"auto, (max-width: 679px) 100vw, 679px\" \/><figcaption id=\"caption-attachment-18425\" class=\"wp-caption-text\"><span style=\"color: #000000;\"><em>\"Abdou es uno de los clientes m\u00e1s fuertes que ha pasado por la compa\u00f1\u00eda\", seg\u00fan Lidia Calatayud, especialista en derecho laboral en reclamador.es que ha llevado su caso.<\/em><\/span><\/figcaption><\/figure>\n<h3><span style=\"color: #000000;\"><b>\u00bfC\u00f3mo te has sentido durante todo proceso? Es un mal trago lo mires por donde lo mires&#8230;<\/b><\/span><\/h3>\n<p><span style=\"font-weight: 400; color: #000000;\">No ha sido f\u00e1cil, <strong>he estado de baja por ansiedad,<\/strong> <strong>pero yo voy a ir hasta el final.<\/strong>\u00a0Nos enfrentamos a alguien con inmunidad diplom\u00e1tica, pero todo se va a decidir en los tribunales y conf\u00edo en que se har\u00e1 justicia, ya que tengo mi caso muy bien documentado y con pruebas de lo sucedido.<\/span><\/p>\n<h3><span style=\"color: #000000;\"><b>Hablando de justicia, \u00bfconf\u00edas en la espa\u00f1ola?<\/b><\/span><\/h3>\n<p><span style=\"color: #000000;\">S\u00ed, plenamente. En la de Mali, en cambio, no. Lamentablemente, en Mali no hay ning\u00fan control y domina la corrupci\u00f3n.<\/span><\/p>\n<h3><span style=\"color: #000000;\"><b>Caso real de reclamaci\u00f3n laboral: \u00bfY la reclamaci\u00f3n con nosotros qu\u00e9 te ha parecido?<\/b><\/span><\/h3>\n<p><span style=\"color: #000000;\"><span style=\"font-weight: 400;\">Hac\u00e9is muy f\u00e1cil el proceso de reclamar, rellen\u00e9 mis datos en la web y enseguida me llamasteis. No puedo decir nada negativo de vosotros. <\/span><b>Hemos ido paso a paso y en este camino me he sentido arropado y protegido.<\/b><span style=\"font-weight: 400;\"> Estoy contento porque por Internet el proceso ha sido muy r\u00e1pido, lo \u00fanico que tarda en llegar es la fecha del juicio. Pero con vosotros estoy muy tranquilo.<\/span><\/span><\/p>\n<blockquote><p><span style=\"color: #000000;\"><b>Se trata de uno de los clientes m\u00e1s fuertes que ha pasado por reclamador.es. Es un ejemplo a seguir, ya que nunca ha pensado en abandonar.<\/b><\/span><\/p><\/blockquote>\n<h2><span style=\"color: #000000;\">Ahora hablaremos la abogada, especialista en derecho laboral en reclamador.es, que ha llevado el caso de Abdou desde el principio.<\/span><\/h2>\n<h3><span style=\"color: #000000;\"> \u00bfC\u00f3mo es Abdou?<\/span><\/h3>\n<p><span style=\"color: #000000;\"><span style=\"font-weight: 400;\">Es uno de los clientes m\u00e1s fuertes que ha pasado por la compa\u00f1\u00eda. A pesar de las circunstancias que le rodeaban, <\/span><b>es un ejemplo a seguir, ya que nunca ha pensado en abandonar el proceso ni en tirar la toalla<\/b>. L<\/span><span style=\"color: #000000;\"><span style=\"font-weight: 400;\">as pruebas que nos ha aportado son la mayor garant\u00eda de que vamos a hacer justicia y de que vamos a conseguir que se reconozcan sus derechos como trabajador as\u00ed como que se le indemnice por todos los perjuicios sufridos.<\/span><\/span><\/p>\n<h3><span style=\"color: #000000;\"><b>\u00bfQu\u00e9 ha sido lo m\u00e1s sorprendente del caso de Abdou?<\/b><\/span><\/h3>\n<p><span style=\"color: #000000;\"><span style=\"font-weight: 400;\">Que al acudir al acto de juicio, el embajador no se present\u00f3 al mismo, pero s\u00ed lo hicieron sus representantes, quienes propon\u00edan resolver la controversia alcanzando un acuerdo, as\u00ed que suspendimos la vista con intenci\u00f3n de lograr el acuerdo que propon\u00edan. <\/span><b>Pero dicho acuerdo se reduc\u00eda a acusar<\/b><span style=\"font-weight: 400;\"> a Abdou de falsa identidad y ofrecer una \u201csalida elegante\u201d consistente en que Abdou causase baja voluntaria en la embajada a cambio de no desplegar acciones penales contra \u00e9l por el asunto de la falsa identidad. De este modo se ahorrar\u00edan el pago de cualquier tipo de indemnizaci\u00f3n por despido y \u00e9l no hubiera tenido derecho a paro. <\/span><\/span><\/p>\n<p><span style=\"font-weight: 400; color: #000000;\">Sab\u00edamos que se trataba de una treta para que nos ech\u00e1ramos atr\u00e1s y no reclam\u00e1ramos. Pero no lo hicimos; al contrario, presentamos una nueva demanda, puesto que le suspendieron de empleo repentinamente y sin alegar motivo alguno, y finalmente lo despidieron por motivos disciplinarios.<\/span><\/p>\n<h3><span style=\"color: #000000;\">\u00bfQu\u00e9 pas\u00f3 mientras tanto?<\/span><\/h3>\n<p><span style=\"font-weight: 400; color: #000000;\">Hasta entonces, Abdou iba al trabajo tranquilo y firme, <strong>y contaba con todo nuestro apoyo.<\/strong><\/span><\/p>\n<p><span style=\"font-weight: 400; color: #000000;\"><strong>Tras el despido, procedimos, a impugnarlo por considerarlo nulo, entendiendo que no fue sino<\/strong> un reproche a la anterior demanda presentada, lo cual vulnera de forma flagrante el derecho fundamental a la tutela judicial efectiva recogido en nuestra Constituci\u00f3n.<\/span><\/p>\n<blockquote><p><b><i>Todo se va a decidir en los tribunales y conf\u00edo en que se har\u00e1 justicia<\/i><\/b><\/p><\/blockquote>\n<h3><span style=\"color: #000000;\"><b>\u00bfC\u00f3mo te sentiste t\u00fa Abdou? \u00bfTen\u00edas miedo en aquel momento?<\/b><\/span><\/h3>\n<p><span style=\"font-weight: 400; color: #000000;\">Al principio me sent\u00ed algo impotente, de ver que tras tantos a\u00f1os prestando servicio para la embajada, el cambio de embajador pudiera dar un vuelco tan repentino a mi carrera. <strong>S\u00e9 que nos enfrentamos a alguien con inmunidad diplom\u00e1tica pero eso no me asusta<\/strong>. Me acusaron de falsa identidad y me chantajearon para causar baja voluntaria pero estoy tranquilo porque tengo toda la documentaci\u00f3n en regla desde que vine a Espa\u00f1a, tengo mi familia aqu\u00ed formada y he encontrado trabajo sin problema despu\u00e9s del despido de la embajada, as\u00ed que no tengo nada que temer en cuanto a las falsas acusaciones.<\/span><\/p>\n<h3><span style=\"color: #000000;\">\u00bfEn qu\u00e9 punto est\u00e1 el caso ahora?<\/span><\/h3>\n<p><span style=\"font-weight: 400; color: #000000;\">Estamos a la espera de que los jueces se pronuncien en relaci\u00f3n a cada una de nuestras peticiones, esperando obtener un resultado favorable y lograr la justicia para Abdou.<\/span><\/p>\n<p><span style=\"color: #000000;\">Muchas gracias a los dos por habernos contado y hecho part\u00edcipes de esta historia a la que hoy damos voz. Te deseamos mucha suerte Abdou en la recta final de tu reclamaci\u00f3n.<\/span><\/p>\n<p>Si te ha parecido interesante este caso real de reclamaci\u00f3n laboral, comp\u00e1rtela en redes sociales.<\/p>\n<div class=\"ttr_end\"><\/div>","protected":false},"excerpt":{"rendered":"<p>Os traemos un nuevo caso real de reclamaci\u00f3n laboral: Chantajes y muchas conductas de acoso laboral. Nuestro entrevistado esta semana ha pasado por todo este trato degradante en los \u00faltimos meses como ch\u00f3fer de la Embajada de Mali en Espa\u00f1a, donde finalmente fue despedido, no sin antes luchar y exigir sus derechos. Tratar de salir [&hellip;]<\/p>\n","protected":false},"author":3,"featured_media":18421,"comment_status":"closed","ping_status":"open","sticky":false,"template":"","format":"standard","meta":{"_acf_changed":false,"_genesis_hide_title":false,"_genesis_hide_breadcrumbs":false,"_genesis_hide_singular_image":false,"_genesis_hide_footer_widgets":false,"_genesis_custom_body_class":"","_genesis_custom_post_class":"","_genesis_layout":"","_jetpack_newsletter_access":"","_jetpack_dont_email_post_to_subs":false,"_jetpack_newsletter_tier_id":0,"_jetpack_memberships_contains_paywalled_content":false,"_jetpack_memberships_contains_paid_content":false,"footnotes":""},"categories":[396],"tags":[765,255,289],"class_list":{"0":"post-18420","1":"post","2":"type-post","3":"status-publish","4":"format-standard","5":"has-post-thumbnail","7":"category-reclamadores","8":"tag-entrevista","9":"tag-indemnizacion","10":"tag-reclamacion","11":"entry"},"acf":[],"yoast_head":"<!-- This site is optimized with the Yoast SEO plugin v27.4 - https:\/\/yoast.com\/product\/yoast-seo-wordpress\/ -->\n<title>Caso real de reclamaci\u00f3n laboral: entrevista a Abdou<\/title>\n<meta name=\"description\" content=\"Caso real de reclamaci\u00f3n laboral: Conoce la historia de Abdou, que ha reclamado con reclamador.es su despido como empleado en una embajada.\" \/>\n<meta name=\"robots\" content=\"index, follow, max-snippet:-1, max-image-preview:large, max-video-preview:-1\" \/>\n<link rel=\"canonical\" href=\"https:\/\/www.reclamador.es\/blog\/entrevista-laboral-abdou\/\" \/>\n<meta property=\"og:locale\" content=\"es_ES\" \/>\n<meta property=\"og:type\" content=\"article\" \/>\n<meta property=\"og:title\" content=\"Caso real de reclamaci\u00f3n laboral: entrevista a Abdou\" \/>\n<meta property=\"og:description\" content=\"Caso real de reclamaci\u00f3n laboral: Conoce la historia de Abdou, que ha reclamado con reclamador.es su despido como empleado en una embajada.\" \/>\n<meta property=\"og:url\" content=\"https:\/\/www.reclamador.es\/blog\/entrevista-laboral-abdou\/\" \/>\n<meta property=\"og:site_name\" content=\"Rebeldes con causa, el blog de reclamador.es\" \/>\n<meta property=\"article:publisher\" content=\"https:\/\/www.facebook.com\/reclamador.es\" \/>\n<meta property=\"article:published_time\" content=\"2018-06-27T07:58:12+00:00\" \/>\n<meta property=\"article:modified_time\" content=\"2024-05-28T14:26:33+00:00\" \/>\n<meta property=\"og:image\" content=\"https:\/\/www.reclamador.es\/blog\/wp-content\/uploads\/2018\/06\/abdou1200-min.png\" \/>\n\t<meta property=\"og:image:width\" content=\"1200\" \/>\n\t<meta property=\"og:image:height\" content=\"800\" \/>\n\t<meta property=\"og:image:type\" content=\"image\/png\" \/>\n<meta name=\"author\" content=\"Cristina Naveda\" \/>\n<meta name=\"twitter:card\" content=\"summary_large_image\" \/>\n<meta name=\"twitter:creator\" content=\"@reclamador\" \/>\n<meta name=\"twitter:site\" content=\"@reclamador\" \/>\n<meta name=\"twitter:label1\" content=\"Escrito por\" \/>\n\t<meta name=\"twitter:data1\" content=\"Cristina Naveda\" \/>\n\t<meta name=\"twitter:label2\" content=\"Tiempo de lectura\" \/>\n\t<meta name=\"twitter:data2\" content=\"7 minutos\" \/>\n<script type=\"application\/ld+json\" class=\"yoast-schema-graph\">{\"@context\":\"https:\\\/\\\/schema.org\",\"@graph\":[{\"@type\":\"Article\",\"@id\":\"https:\\\/\\\/www.reclamador.es\\\/blog\\\/entrevista-laboral-abdou\\\/#article\",\"isPartOf\":{\"@id\":\"https:\\\/\\\/www.reclamador.es\\\/blog\\\/entrevista-laboral-abdou\\\/\"},\"author\":{\"name\":\"Cristina Naveda\",\"@id\":\"https:\\\/\\\/www.reclamador.es\\\/blog\\\/#\\\/schema\\\/person\\\/c446a02b3fcf1607a8a2139c36fbe583\"},\"headline\":\"\u201cMe chantajearon para no pagarme la indemnizaci\u00f3n, pero no me daban miedo\u201d\",\"datePublished\":\"2018-06-27T07:58:12+00:00\",\"dateModified\":\"2024-05-28T14:26:33+00:00\",\"mainEntityOfPage\":{\"@id\":\"https:\\\/\\\/www.reclamador.es\\\/blog\\\/entrevista-laboral-abdou\\\/\"},\"wordCount\":1449,\"publisher\":{\"@id\":\"https:\\\/\\\/www.reclamador.es\\\/blog\\\/#organization\"},\"image\":{\"@id\":\"https:\\\/\\\/www.reclamador.es\\\/blog\\\/entrevista-laboral-abdou\\\/#primaryimage\"},\"thumbnailUrl\":\"https:\\\/\\\/i0.wp.com\\\/www.reclamador.es\\\/blog\\\/wp-content\\\/uploads\\\/2018\\\/06\\\/abdou1200-min.png?fit=1200%2C800&ssl=1\",\"keywords\":[\"entrevista\",\"indemnizaci\u00f3n\",\"reclamaci\u00f3n\"],\"articleSection\":[\"Conoce todo lo que sucede en reclamador.es\"],\"inLanguage\":\"es\"},{\"@type\":\"WebPage\",\"@id\":\"https:\\\/\\\/www.reclamador.es\\\/blog\\\/entrevista-laboral-abdou\\\/\",\"url\":\"https:\\\/\\\/www.reclamador.es\\\/blog\\\/entrevista-laboral-abdou\\\/\",\"name\":\"Caso real de reclamaci\u00f3n laboral: entrevista a Abdou\",\"isPartOf\":{\"@id\":\"https:\\\/\\\/www.reclamador.es\\\/blog\\\/#website\"},\"primaryImageOfPage\":{\"@id\":\"https:\\\/\\\/www.reclamador.es\\\/blog\\\/entrevista-laboral-abdou\\\/#primaryimage\"},\"image\":{\"@id\":\"https:\\\/\\\/www.reclamador.es\\\/blog\\\/entrevista-laboral-abdou\\\/#primaryimage\"},\"thumbnailUrl\":\"https:\\\/\\\/i0.wp.com\\\/www.reclamador.es\\\/blog\\\/wp-content\\\/uploads\\\/2018\\\/06\\\/abdou1200-min.png?fit=1200%2C800&ssl=1\",\"datePublished\":\"2018-06-27T07:58:12+00:00\",\"dateModified\":\"2024-05-28T14:26:33+00:00\",\"description\":\"Caso real de reclamaci\u00f3n laboral: Conoce la historia de Abdou, que ha reclamado con reclamador.es su despido como empleado en una embajada.\",\"breadcrumb\":{\"@id\":\"https:\\\/\\\/www.reclamador.es\\\/blog\\\/entrevista-laboral-abdou\\\/#breadcrumb\"},\"inLanguage\":\"es\",\"potentialAction\":[{\"@type\":\"ReadAction\",\"target\":[\"https:\\\/\\\/www.reclamador.es\\\/blog\\\/entrevista-laboral-abdou\\\/\"]}]},{\"@type\":\"ImageObject\",\"inLanguage\":\"es\",\"@id\":\"https:\\\/\\\/www.reclamador.es\\\/blog\\\/entrevista-laboral-abdou\\\/#primaryimage\",\"url\":\"https:\\\/\\\/i0.wp.com\\\/www.reclamador.es\\\/blog\\\/wp-content\\\/uploads\\\/2018\\\/06\\\/abdou1200-min.png?fit=1200%2C800&ssl=1\",\"contentUrl\":\"https:\\\/\\\/i0.wp.com\\\/www.reclamador.es\\\/blog\\\/wp-content\\\/uploads\\\/2018\\\/06\\\/abdou1200-min.png?fit=1200%2C800&ssl=1\",\"width\":1200,\"height\":800,\"caption\":\"Abdou\"},{\"@type\":\"BreadcrumbList\",\"@id\":\"https:\\\/\\\/www.reclamador.es\\\/blog\\\/entrevista-laboral-abdou\\\/#breadcrumb\",\"itemListElement\":[{\"@type\":\"ListItem\",\"position\":1,\"name\":\"Portada\",\"item\":\"https:\\\/\\\/www.reclamador.es\\\/blog\\\/\"},{\"@type\":\"ListItem\",\"position\":2,\"name\":\"\u201cMe chantajearon para no pagarme la indemnizaci\u00f3n, pero no me daban miedo\u201d\"}]},{\"@type\":\"WebSite\",\"@id\":\"https:\\\/\\\/www.reclamador.es\\\/blog\\\/#website\",\"url\":\"https:\\\/\\\/www.reclamador.es\\\/blog\\\/\",\"name\":\"Rebeldes con causa, el blog de reclamador.es\",\"description\":\"Noticias, entrevistas y consejos sobre reclamaciones\",\"publisher\":{\"@id\":\"https:\\\/\\\/www.reclamador.es\\\/blog\\\/#organization\"},\"potentialAction\":[{\"@type\":\"SearchAction\",\"target\":{\"@type\":\"EntryPoint\",\"urlTemplate\":\"https:\\\/\\\/www.reclamador.es\\\/blog\\\/?s={search_term_string}\"},\"query-input\":{\"@type\":\"PropertyValueSpecification\",\"valueRequired\":true,\"valueName\":\"search_term_string\"}}],\"inLanguage\":\"es\"},{\"@type\":\"Organization\",\"@id\":\"https:\\\/\\\/www.reclamador.es\\\/blog\\\/#organization\",\"name\":\"reclamador.es\",\"url\":\"https:\\\/\\\/www.reclamador.es\\\/blog\\\/\",\"logo\":{\"@type\":\"ImageObject\",\"inLanguage\":\"es\",\"@id\":\"https:\\\/\\\/www.reclamador.es\\\/blog\\\/#\\\/schema\\\/logo\\\/image\\\/\",\"url\":\"https:\\\/\\\/i0.wp.com\\\/www.reclamador.es\\\/blog\\\/wp-content\\\/uploads\\\/2020\\\/01\\\/logo-reclamador.png?fit=1200%2C144&ssl=1\",\"contentUrl\":\"https:\\\/\\\/i0.wp.com\\\/www.reclamador.es\\\/blog\\\/wp-content\\\/uploads\\\/2020\\\/01\\\/logo-reclamador.png?fit=1200%2C144&ssl=1\",\"width\":1200,\"height\":144,\"caption\":\"reclamador.es\"},\"image\":{\"@id\":\"https:\\\/\\\/www.reclamador.es\\\/blog\\\/#\\\/schema\\\/logo\\\/image\\\/\"},\"sameAs\":[\"https:\\\/\\\/www.facebook.com\\\/reclamador.es\",\"https:\\\/\\\/x.com\\\/reclamador\",\"https:\\\/\\\/www.instagram.com\\\/reclamador.es\\\/\",\"https:\\\/\\\/www.linkedin.com\\\/company\\\/reclamador-es\",\"https:\\\/\\\/www.youtube.com\\\/user\\\/Reclamadores\"]},{\"@type\":\"Person\",\"@id\":\"https:\\\/\\\/www.reclamador.es\\\/blog\\\/#\\\/schema\\\/person\\\/c446a02b3fcf1607a8a2139c36fbe583\",\"name\":\"Cristina Naveda\",\"image\":{\"@type\":\"ImageObject\",\"inLanguage\":\"es\",\"@id\":\"https:\\\/\\\/secure.gravatar.com\\\/avatar\\\/1df04000ab560ffd4824a3ce70f826eb8bd6a9bfc6cc9097a363e6cd67f07ec0?s=96&d=mm&r=g\",\"url\":\"https:\\\/\\\/secure.gravatar.com\\\/avatar\\\/1df04000ab560ffd4824a3ce70f826eb8bd6a9bfc6cc9097a363e6cd67f07ec0?s=96&d=mm&r=g\",\"contentUrl\":\"https:\\\/\\\/secure.gravatar.com\\\/avatar\\\/1df04000ab560ffd4824a3ce70f826eb8bd6a9bfc6cc9097a363e6cd67f07ec0?s=96&d=mm&r=g\",\"caption\":\"Cristina Naveda\"},\"description\":\"Me encanta unir la informaci\u00f3n con las personas. Me esfuerzo para que reclamador haga bien esa uni\u00f3n desde el equipo de comunicaci\u00f3n.\",\"url\":\"https:\\\/\\\/www.reclamador.es\\\/blog\\\/author\\\/cristina\\\/\"}]}<\/script>\n<!-- \/ Yoast SEO plugin. -->","yoast_head_json":{"title":"Caso real de reclamaci\u00f3n laboral: entrevista a Abdou","description":"Caso real de reclamaci\u00f3n laboral: Conoce la historia de Abdou, que ha reclamado con reclamador.es su despido como empleado en una embajada.","robots":{"index":"index","follow":"follow","max-snippet":"max-snippet:-1","max-image-preview":"max-image-preview:large","max-video-preview":"max-video-preview:-1"},"canonical":"https:\/\/www.reclamador.es\/blog\/entrevista-laboral-abdou\/","og_locale":"es_ES","og_type":"article","og_title":"Caso real de reclamaci\u00f3n laboral: entrevista a Abdou","og_description":"Caso real de reclamaci\u00f3n laboral: Conoce la historia de Abdou, que ha reclamado con reclamador.es su despido como empleado en una embajada.","og_url":"https:\/\/www.reclamador.es\/blog\/entrevista-laboral-abdou\/","og_site_name":"Rebeldes con causa, el blog de reclamador.es","article_publisher":"https:\/\/www.facebook.com\/reclamador.es","article_published_time":"2018-06-27T07:58:12+00:00","article_modified_time":"2024-05-28T14:26:33+00:00","og_image":[{"width":1200,"height":800,"url":"https:\/\/www.reclamador.es\/blog\/wp-content\/uploads\/2018\/06\/abdou1200-min.png","type":"image\/png"}],"author":"Cristina Naveda","twitter_card":"summary_large_image","twitter_creator":"@reclamador","twitter_site":"@reclamador","twitter_misc":{"Escrito por":"Cristina Naveda","Tiempo de lectura":"7 minutos"},"schema":{"@context":"https:\/\/schema.org","@graph":[{"@type":"Article","@id":"https:\/\/www.reclamador.es\/blog\/entrevista-laboral-abdou\/#article","isPartOf":{"@id":"https:\/\/www.reclamador.es\/blog\/entrevista-laboral-abdou\/"},"author":{"name":"Cristina Naveda","@id":"https:\/\/www.reclamador.es\/blog\/#\/schema\/person\/c446a02b3fcf1607a8a2139c36fbe583"},"headline":"\u201cMe chantajearon para no pagarme la indemnizaci\u00f3n, pero no me daban miedo\u201d","datePublished":"2018-06-27T07:58:12+00:00","dateModified":"2024-05-28T14:26:33+00:00","mainEntityOfPage":{"@id":"https:\/\/www.reclamador.es\/blog\/entrevista-laboral-abdou\/"},"wordCount":1449,"publisher":{"@id":"https:\/\/www.reclamador.es\/blog\/#organization"},"image":{"@id":"https:\/\/www.reclamador.es\/blog\/entrevista-laboral-abdou\/#primaryimage"},"thumbnailUrl":"https:\/\/i0.wp.com\/www.reclamador.es\/blog\/wp-content\/uploads\/2018\/06\/abdou1200-min.png?fit=1200%2C800&ssl=1","keywords":["entrevista","indemnizaci\u00f3n","reclamaci\u00f3n"],"articleSection":["Conoce todo lo que sucede en reclamador.es"],"inLanguage":"es"},{"@type":"WebPage","@id":"https:\/\/www.reclamador.es\/blog\/entrevista-laboral-abdou\/","url":"https:\/\/www.reclamador.es\/blog\/entrevista-laboral-abdou\/","name":"Caso real de reclamaci\u00f3n laboral: entrevista a Abdou","isPartOf":{"@id":"https:\/\/www.reclamador.es\/blog\/#website"},"primaryImageOfPage":{"@id":"https:\/\/www.reclamador.es\/blog\/entrevista-laboral-abdou\/#primaryimage"},"image":{"@id":"https:\/\/www.reclamador.es\/blog\/entrevista-laboral-abdou\/#primaryimage"},"thumbnailUrl":"https:\/\/i0.wp.com\/www.reclamador.es\/blog\/wp-content\/uploads\/2018\/06\/abdou1200-min.png?fit=1200%2C800&ssl=1","datePublished":"2018-06-27T07:58:12+00:00","dateModified":"2024-05-28T14:26:33+00:00","description":"Caso real de reclamaci\u00f3n laboral: Conoce la historia de Abdou, que ha reclamado con reclamador.es su despido como empleado en una embajada.","breadcrumb":{"@id":"https:\/\/www.reclamador.es\/blog\/entrevista-laboral-abdou\/#breadcrumb"},"inLanguage":"es","potentialAction":[{"@type":"ReadAction","target":["https:\/\/www.reclamador.es\/blog\/entrevista-laboral-abdou\/"]}]},{"@type":"ImageObject","inLanguage":"es","@id":"https:\/\/www.reclamador.es\/blog\/entrevista-laboral-abdou\/#primaryimage","url":"https:\/\/i0.wp.com\/www.reclamador.es\/blog\/wp-content\/uploads\/2018\/06\/abdou1200-min.png?fit=1200%2C800&ssl=1","contentUrl":"https:\/\/i0.wp.com\/www.reclamador.es\/blog\/wp-content\/uploads\/2018\/06\/abdou1200-min.png?fit=1200%2C800&ssl=1","width":1200,"height":800,"caption":"Abdou"},{"@type":"BreadcrumbList","@id":"https:\/\/www.reclamador.es\/blog\/entrevista-laboral-abdou\/#breadcrumb","itemListElement":[{"@type":"ListItem","position":1,"name":"Portada","item":"https:\/\/www.reclamador.es\/blog\/"},{"@type":"ListItem","position":2,"name":"\u201cMe chantajearon para no pagarme la indemnizaci\u00f3n, pero no me daban miedo\u201d"}]},{"@type":"WebSite","@id":"https:\/\/www.reclamador.es\/blog\/#website","url":"https:\/\/www.reclamador.es\/blog\/","name":"Rebeldes con causa, el blog de reclamador.es","description":"Noticias, entrevistas y consejos sobre reclamaciones","publisher":{"@id":"https:\/\/www.reclamador.es\/blog\/#organization"},"potentialAction":[{"@type":"SearchAction","target":{"@type":"EntryPoint","urlTemplate":"https:\/\/www.reclamador.es\/blog\/?s={search_term_string}"},"query-input":{"@type":"PropertyValueSpecification","valueRequired":true,"valueName":"search_term_string"}}],"inLanguage":"es"},{"@type":"Organization","@id":"https:\/\/www.reclamador.es\/blog\/#organization","name":"reclamador.es","url":"https:\/\/www.reclamador.es\/blog\/","logo":{"@type":"ImageObject","inLanguage":"es","@id":"https:\/\/www.reclamador.es\/blog\/#\/schema\/logo\/image\/","url":"https:\/\/i0.wp.com\/www.reclamador.es\/blog\/wp-content\/uploads\/2020\/01\/logo-reclamador.png?fit=1200%2C144&ssl=1","contentUrl":"https:\/\/i0.wp.com\/www.reclamador.es\/blog\/wp-content\/uploads\/2020\/01\/logo-reclamador.png?fit=1200%2C144&ssl=1","width":1200,"height":144,"caption":"reclamador.es"},"image":{"@id":"https:\/\/www.reclamador.es\/blog\/#\/schema\/logo\/image\/"},"sameAs":["https:\/\/www.facebook.com\/reclamador.es","https:\/\/x.com\/reclamador","https:\/\/www.instagram.com\/reclamador.es\/","https:\/\/www.linkedin.com\/company\/reclamador-es","https:\/\/www.youtube.com\/user\/Reclamadores"]},{"@type":"Person","@id":"https:\/\/www.reclamador.es\/blog\/#\/schema\/person\/c446a02b3fcf1607a8a2139c36fbe583","name":"Cristina Naveda","image":{"@type":"ImageObject","inLanguage":"es","@id":"https:\/\/secure.gravatar.com\/avatar\/1df04000ab560ffd4824a3ce70f826eb8bd6a9bfc6cc9097a363e6cd67f07ec0?s=96&d=mm&r=g","url":"https:\/\/secure.gravatar.com\/avatar\/1df04000ab560ffd4824a3ce70f826eb8bd6a9bfc6cc9097a363e6cd67f07ec0?s=96&d=mm&r=g","contentUrl":"https:\/\/secure.gravatar.com\/avatar\/1df04000ab560ffd4824a3ce70f826eb8bd6a9bfc6cc9097a363e6cd67f07ec0?s=96&d=mm&r=g","caption":"Cristina Naveda"},"description":"Me encanta unir la informaci\u00f3n con las personas. Me esfuerzo para que reclamador haga bien esa uni\u00f3n desde el equipo de comunicaci\u00f3n.","url":"https:\/\/www.reclamador.es\/blog\/author\/cristina\/"}]}},"jetpack_featured_media_url":"https:\/\/i0.wp.com\/www.reclamador.es\/blog\/wp-content\/uploads\/2018\/06\/abdou1200-min.png?fit=1200%2C800&ssl=1","jetpack-related-posts":[{"id":6697,"url":"https:\/\/www.reclamador.es\/blog\/requisitos-para-hacer-una-reclamacion-laboral\/","url_meta":{"origin":18420,"position":0},"title":"Requisitos para tramitar una reclamaci\u00f3n laboral con \u00e9xito","author":"Equipo reclamador","date":"11 junio, 2021","format":false,"excerpt":"En el mundo laboral son muchos los casos que ocurren que no se ajustan a los derechos que tienes como trabajador. Tantos como trabajadores hay. Muchas son las historias que nos llegan d\u00eda a d\u00eda, y a todas ellas intentamos dar asesoramiento a trav\u00e9s de nuestra web.\u00a0 \u00bfQu\u00e9 requisitos tiene\u2026","rel":"","context":"En \u00abConsejos legales\u00bb","block_context":{"text":"Consejos legales","link":"https:\/\/www.reclamador.es\/blog\/consejos\/"},"img":{"alt_text":"c\u00f3mo debe ser una reclamaci\u00f3n laboral","src":"https:\/\/i0.wp.com\/www.reclamador.es\/blog\/wp-content\/uploads\/2017\/03\/reclamacion-laboral-abogados-reclamador.jpg?fit=1200%2C675&ssl=1&resize=350%2C200","width":350,"height":200,"srcset":"https:\/\/i0.wp.com\/www.reclamador.es\/blog\/wp-content\/uploads\/2017\/03\/reclamacion-laboral-abogados-reclamador.jpg?fit=1200%2C675&ssl=1&resize=350%2C200 1x, https:\/\/i0.wp.com\/www.reclamador.es\/blog\/wp-content\/uploads\/2017\/03\/reclamacion-laboral-abogados-reclamador.jpg?fit=1200%2C675&ssl=1&resize=525%2C300 1.5x, https:\/\/i0.wp.com\/www.reclamador.es\/blog\/wp-content\/uploads\/2017\/03\/reclamacion-laboral-abogados-reclamador.jpg?fit=1200%2C675&ssl=1&resize=700%2C400 2x, https:\/\/i0.wp.com\/www.reclamador.es\/blog\/wp-content\/uploads\/2017\/03\/reclamacion-laboral-abogados-reclamador.jpg?fit=1200%2C675&ssl=1&resize=1050%2C600 3x"},"classes":[]},{"id":15768,"url":"https:\/\/www.reclamador.es\/blog\/entrevista-laboral-edgar-derechos\/","url_meta":{"origin":18420,"position":1},"title":"Edgar: \u201cPor el simple hecho de no conocer mis derechos fui despedido cuando ped\u00ed mis vacaciones\u201d","author":"Cristina Naveda","date":"4 octubre, 2017","format":false,"excerpt":"Entrevistamos a Edgar Armando, empleado de hogar despedido por reivindicar sus vacaciones y unas condiciones laborales dignas. Su testimonio es un claro ejemplo de la vulneraci\u00f3n de derechos laborales que sufren muchas personas en la actualidad. Edgar empez\u00f3 a trabajar en una familia en Zaragoza en octubre de 2015. Todo\u2026","rel":"","context":"En \u00abConoce todo lo que sucede en reclamador.es\u00bb","block_context":{"text":"Conoce todo lo que sucede en reclamador.es","link":"https:\/\/www.reclamador.es\/blog\/reclamadores\/"},"img":{"alt_text":"","src":"https:\/\/i0.wp.com\/www.reclamador.es\/blog\/wp-content\/uploads\/2017\/10\/edgar-armando-reclamador.jpg?fit=1200%2C800&ssl=1&resize=350%2C200","width":350,"height":200,"srcset":"https:\/\/i0.wp.com\/www.reclamador.es\/blog\/wp-content\/uploads\/2017\/10\/edgar-armando-reclamador.jpg?fit=1200%2C800&ssl=1&resize=350%2C200 1x, https:\/\/i0.wp.com\/www.reclamador.es\/blog\/wp-content\/uploads\/2017\/10\/edgar-armando-reclamador.jpg?fit=1200%2C800&ssl=1&resize=525%2C300 1.5x, https:\/\/i0.wp.com\/www.reclamador.es\/blog\/wp-content\/uploads\/2017\/10\/edgar-armando-reclamador.jpg?fit=1200%2C800&ssl=1&resize=700%2C400 2x, https:\/\/i0.wp.com\/www.reclamador.es\/blog\/wp-content\/uploads\/2017\/10\/edgar-armando-reclamador.jpg?fit=1200%2C800&ssl=1&resize=1050%2C600 3x"},"classes":[]},{"id":20142,"url":"https:\/\/www.reclamador.es\/blog\/despido-por-whatsapp\/","url_meta":{"origin":18420,"position":2},"title":"Despido por WhatsApp: \u00bfes legal?","author":"Equipo reclamador","date":"27 mayo, 2021","format":false,"excerpt":"Si cualquier situaci\u00f3n de despido es complicada, que lo comuniquen por WhatsApp (o cualquier otra aplicaci\u00f3n de mensajer\u00eda instant\u00e1nea) supone una doble inseguridad. Primero, por quedarte sin trabajo y, segundo, por desconocer si esa forma de comunicaci\u00f3n del despido es acorde a la ley. Es aqu\u00ed cuando el trabajador se\u2026","rel":"","context":"En \u00abConsejos legales\u00bb","block_context":{"text":"Consejos legales","link":"https:\/\/www.reclamador.es\/blog\/consejos\/"},"img":{"alt_text":"despido por whatsapp","src":"https:\/\/i0.wp.com\/www.reclamador.es\/blog\/wp-content\/uploads\/2018\/11\/despido-por-whatsapp-reclamador.jpg?fit=1200%2C800&ssl=1&resize=350%2C200","width":350,"height":200,"srcset":"https:\/\/i0.wp.com\/www.reclamador.es\/blog\/wp-content\/uploads\/2018\/11\/despido-por-whatsapp-reclamador.jpg?fit=1200%2C800&ssl=1&resize=350%2C200 1x, https:\/\/i0.wp.com\/www.reclamador.es\/blog\/wp-content\/uploads\/2018\/11\/despido-por-whatsapp-reclamador.jpg?fit=1200%2C800&ssl=1&resize=525%2C300 1.5x, https:\/\/i0.wp.com\/www.reclamador.es\/blog\/wp-content\/uploads\/2018\/11\/despido-por-whatsapp-reclamador.jpg?fit=1200%2C800&ssl=1&resize=700%2C400 2x, https:\/\/i0.wp.com\/www.reclamador.es\/blog\/wp-content\/uploads\/2018\/11\/despido-por-whatsapp-reclamador.jpg?fit=1200%2C800&ssl=1&resize=1050%2C600 3x"},"classes":[]},{"id":8439,"url":"https:\/\/www.reclamador.es\/blog\/que-hacer-cuando-me-despiden\/","url_meta":{"origin":18420,"position":3},"title":"\u00bfQu\u00e9 hacer ante un despido?","author":"Equipo reclamador","date":"4 junio, 2024","format":false,"excerpt":"*Actualizado en mayo 2025 Un despido no es una situaci\u00f3n agradable. Puede que te encuentres en un primer momento desorientado y sin saber c\u00f3mo reaccionar ante esta situaci\u00f3n. Por eso, queremos darte las claves para saber qu\u00e9 hacer cuando te despiden.\u00a0 \u00bfQu\u00e9 hacer cuando te despiden? \u00bfMe han despedido, qu\u00e9\u2026","rel":"","context":"En \u00abConsejos legales\u00bb","block_context":{"text":"Consejos legales","link":"https:\/\/www.reclamador.es\/blog\/consejos\/"},"img":{"alt_text":"que hacer en un despido","src":"https:\/\/i0.wp.com\/www.reclamador.es\/blog\/wp-content\/uploads\/2017\/06\/que-hacer-en-un-despido.jpg?fit=1200%2C803&ssl=1&resize=350%2C200","width":350,"height":200,"srcset":"https:\/\/i0.wp.com\/www.reclamador.es\/blog\/wp-content\/uploads\/2017\/06\/que-hacer-en-un-despido.jpg?fit=1200%2C803&ssl=1&resize=350%2C200 1x, https:\/\/i0.wp.com\/www.reclamador.es\/blog\/wp-content\/uploads\/2017\/06\/que-hacer-en-un-despido.jpg?fit=1200%2C803&ssl=1&resize=525%2C300 1.5x, https:\/\/i0.wp.com\/www.reclamador.es\/blog\/wp-content\/uploads\/2017\/06\/que-hacer-en-un-despido.jpg?fit=1200%2C803&ssl=1&resize=700%2C400 2x, https:\/\/i0.wp.com\/www.reclamador.es\/blog\/wp-content\/uploads\/2017\/06\/que-hacer-en-un-despido.jpg?fit=1200%2C803&ssl=1&resize=1050%2C600 3x"},"classes":[]},{"id":17404,"url":"https:\/\/www.reclamador.es\/blog\/mi-empresa-no-me-paga\/","url_meta":{"origin":18420,"position":4},"title":"Mi empresa no me paga: \u00bfqu\u00e9 puedo hacer?","author":"Equipo reclamador","date":"9 marzo, 2022","format":false,"excerpt":"mi empresa no me paga, \u00bfahora qu\u00e9 hago?","rel":"","context":"En \u00abConsejos legales\u00bb","block_context":{"text":"Consejos legales","link":"https:\/\/www.reclamador.es\/blog\/consejos\/"},"img":{"alt_text":"mi empresa no me paga, \u00bfahora qu\u00e9 hago?","src":"https:\/\/i0.wp.com\/www.reclamador.es\/blog\/wp-content\/uploads\/2020\/03\/mi-empresa-no-me-paga.jpg?fit=1200%2C675&ssl=1&resize=350%2C200","width":350,"height":200,"srcset":"https:\/\/i0.wp.com\/www.reclamador.es\/blog\/wp-content\/uploads\/2020\/03\/mi-empresa-no-me-paga.jpg?fit=1200%2C675&ssl=1&resize=350%2C200 1x, https:\/\/i0.wp.com\/www.reclamador.es\/blog\/wp-content\/uploads\/2020\/03\/mi-empresa-no-me-paga.jpg?fit=1200%2C675&ssl=1&resize=525%2C300 1.5x, https:\/\/i0.wp.com\/www.reclamador.es\/blog\/wp-content\/uploads\/2020\/03\/mi-empresa-no-me-paga.jpg?fit=1200%2C675&ssl=1&resize=700%2C400 2x, https:\/\/i0.wp.com\/www.reclamador.es\/blog\/wp-content\/uploads\/2020\/03\/mi-empresa-no-me-paga.jpg?fit=1200%2C675&ssl=1&resize=1050%2C600 3x"},"classes":[]},{"id":19121,"url":"https:\/\/www.reclamador.es\/blog\/finalizacion-contrato-temporal-que-corresponde\/","url_meta":{"origin":18420,"position":5},"title":"Finalizaci\u00f3n de un contrato temporal: \u00bfqu\u00e9 me corresponde?","author":"Equipo reclamador","date":"31 agosto, 2018","format":false,"excerpt":"*Contenido actualizado mayo 2025 Con la actual normativa laboral, en Espa\u00f1a en 2025 \u00fanicamente se pueden realizar dos tipos de contrato temporal: contrato temporal de sustituci\u00f3n y el contrato temporal por circunstancias de la producci\u00f3n (muy usado en verano o campa\u00f1as). Pero pese a que se intenta primar el contrato\u2026","rel":"","context":"En \u00abConsejos legales\u00bb","block_context":{"text":"Consejos legales","link":"https:\/\/www.reclamador.es\/blog\/consejos\/"},"img":{"alt_text":"Fin contrato temporal: finiquito e indemnizaci\u00f3n","src":"https:\/\/i0.wp.com\/www.reclamador.es\/blog\/wp-content\/uploads\/2018\/08\/finiquito-indemnzacion-fin-contrato-temporal.jpg?fit=1200%2C630&ssl=1&resize=350%2C200","width":350,"height":200,"srcset":"https:\/\/i0.wp.com\/www.reclamador.es\/blog\/wp-content\/uploads\/2018\/08\/finiquito-indemnzacion-fin-contrato-temporal.jpg?fit=1200%2C630&ssl=1&resize=350%2C200 1x, https:\/\/i0.wp.com\/www.reclamador.es\/blog\/wp-content\/uploads\/2018\/08\/finiquito-indemnzacion-fin-contrato-temporal.jpg?fit=1200%2C630&ssl=1&resize=525%2C300 1.5x, https:\/\/i0.wp.com\/www.reclamador.es\/blog\/wp-content\/uploads\/2018\/08\/finiquito-indemnzacion-fin-contrato-temporal.jpg?fit=1200%2C630&ssl=1&resize=700%2C400 2x, https:\/\/i0.wp.com\/www.reclamador.es\/blog\/wp-content\/uploads\/2018\/08\/finiquito-indemnzacion-fin-contrato-temporal.jpg?fit=1200%2C630&ssl=1&resize=1050%2C600 3x"},"classes":[]}],"jetpack_sharing_enabled":true,"_links":{"self":[{"href":"https:\/\/www.reclamador.es\/blog\/wp-json\/wp\/v2\/posts\/18420","targetHints":{"allow":["GET"]}}],"collection":[{"href":"https:\/\/www.reclamador.es\/blog\/wp-json\/wp\/v2\/posts"}],"about":[{"href":"https:\/\/www.reclamador.es\/blog\/wp-json\/wp\/v2\/types\/post"}],"author":[{"embeddable":true,"href":"https:\/\/www.reclamador.es\/blog\/wp-json\/wp\/v2\/users\/3"}],"replies":[{"embeddable":true,"href":"https:\/\/www.reclamador.es\/blog\/wp-json\/wp\/v2\/comments?post=18420"}],"version-history":[{"count":35,"href":"https:\/\/www.reclamador.es\/blog\/wp-json\/wp\/v2\/posts\/18420\/revisions"}],"predecessor-version":[{"id":32381,"href":"https:\/\/www.reclamador.es\/blog\/wp-json\/wp\/v2\/posts\/18420\/revisions\/32381"}],"wp:featuredmedia":[{"embeddable":true,"href":"https:\/\/www.reclamador.es\/blog\/wp-json\/wp\/v2\/media\/18421"}],"wp:attachment":[{"href":"https:\/\/www.reclamador.es\/blog\/wp-json\/wp\/v2\/media?parent=18420"}],"wp:term":[{"taxonomy":"category","embeddable":true,"href":"https:\/\/www.reclamador.es\/blog\/wp-json\/wp\/v2\/categories?post=18420"},{"taxonomy":"post_tag","embeddable":true,"href":"https:\/\/www.reclamador.es\/blog\/wp-json\/wp\/v2\/tags?post=18420"}],"curies":[{"name":"wp","href":"https:\/\/api.w.org\/{rel}","templated":true}]}}