{"id":18354,"date":"2018-05-30T12:17:48","date_gmt":"2018-05-30T10:17:48","guid":{"rendered":"https:\/\/www.reclamador.es\/blog\/?p=18354"},"modified":"2022-11-25T13:40:43","modified_gmt":"2022-11-25T12:40:43","slug":"modificar-sistema-de-costas","status":"publish","type":"post","link":"https:\/\/www.reclamador.es\/blog\/modificar-sistema-de-costas\/","title":{"rendered":"reclamador.es pide que se modifique el actual sistema de costas"},"content":{"rendered":"<div class=\"ttr_start\"><\/div>\n\n<div class=\"kk-star-ratings kksr-auto kksr-align-right kksr-valign-top\"\n    data-payload='{&quot;align&quot;:&quot;right&quot;,&quot;id&quot;:&quot;18354&quot;,&quot;slug&quot;:&quot;default&quot;,&quot;valign&quot;:&quot;top&quot;,&quot;ignore&quot;:&quot;&quot;,&quot;reference&quot;:&quot;auto&quot;,&quot;class&quot;:&quot;&quot;,&quot;count&quot;:&quot;3&quot;,&quot;legendonly&quot;:&quot;&quot;,&quot;readonly&quot;:&quot;&quot;,&quot;score&quot;:&quot;5&quot;,&quot;starsonly&quot;:&quot;&quot;,&quot;best&quot;:&quot;5&quot;,&quot;gap&quot;:&quot;3&quot;,&quot;greet&quot;:&quot;Valora este art\u00edculo&quot;,&quot;legend&quot;:&quot;5\\\/5 - (3 votos)&quot;,&quot;size&quot;:&quot;20&quot;,&quot;title&quot;:&quot;reclamador.es pide que se modifique el actual sistema de costas&quot;,&quot;width&quot;:&quot;113.5&quot;,&quot;_legend&quot;:&quot;{score}\\\/{best} - ({count} {votes})&quot;,&quot;font_factor&quot;:&quot;1.25&quot;}'>\n            \n<div class=\"kksr-stars\">\n    \n<div class=\"kksr-stars-inactive\">\n            <div class=\"kksr-star\" data-star=\"1\" style=\"padding-right: 3px\">\n            \n\n<div class=\"kksr-icon\" style=\"width: 20px; height: 20px;\"><\/div>\n        <\/div>\n            <div class=\"kksr-star\" data-star=\"2\" style=\"padding-right: 3px\">\n            \n\n<div class=\"kksr-icon\" style=\"width: 20px; height: 20px;\"><\/div>\n        <\/div>\n            <div class=\"kksr-star\" data-star=\"3\" style=\"padding-right: 3px\">\n            \n\n<div class=\"kksr-icon\" style=\"width: 20px; height: 20px;\"><\/div>\n        <\/div>\n            <div class=\"kksr-star\" data-star=\"4\" style=\"padding-right: 3px\">\n            \n\n<div class=\"kksr-icon\" style=\"width: 20px; height: 20px;\"><\/div>\n        <\/div>\n            <div class=\"kksr-star\" data-star=\"5\" style=\"padding-right: 3px\">\n            \n\n<div class=\"kksr-icon\" style=\"width: 20px; height: 20px;\"><\/div>\n        <\/div>\n    <\/div>\n    \n<div class=\"kksr-stars-active\" style=\"width: 113.5px;\">\n            <div class=\"kksr-star\" style=\"padding-right: 3px\">\n            \n\n<div class=\"kksr-icon\" style=\"width: 20px; height: 20px;\"><\/div>\n        <\/div>\n            <div class=\"kksr-star\" style=\"padding-right: 3px\">\n            \n\n<div class=\"kksr-icon\" style=\"width: 20px; height: 20px;\"><\/div>\n        <\/div>\n            <div class=\"kksr-star\" style=\"padding-right: 3px\">\n            \n\n<div class=\"kksr-icon\" style=\"width: 20px; height: 20px;\"><\/div>\n        <\/div>\n            <div class=\"kksr-star\" style=\"padding-right: 3px\">\n            \n\n<div class=\"kksr-icon\" style=\"width: 20px; height: 20px;\"><\/div>\n        <\/div>\n            <div class=\"kksr-star\" style=\"padding-right: 3px\">\n            \n\n<div class=\"kksr-icon\" style=\"width: 20px; height: 20px;\"><\/div>\n        <\/div>\n    <\/div>\n<\/div>\n                \n\n<div class=\"kksr-legend\" style=\"font-size: 16px;\">\n            5\/5 - (3 votos)    <\/div>\n    <\/div>\n<figure id=\"attachment_18365\" aria-describedby=\"caption-attachment-18365\" style=\"width: 1194px\" class=\"wp-caption aligncenter\"><img data-recalc-dims=\"1\" loading=\"lazy\" decoding=\"async\" class=\"size-full wp-image-18365\" src=\"https:\/\/i0.wp.com\/www.reclamador.es\/blog\/wp-content\/uploads\/2018\/05\/MINISTERIO-DE-JUSTICIA-reclamador.jpg?resize=1194%2C800&#038;ssl=1\" alt=\"modificaci\u00f3n sistema de costas reclamador\" width=\"1194\" height=\"800\" srcset=\"https:\/\/i0.wp.com\/www.reclamador.es\/blog\/wp-content\/uploads\/2018\/05\/MINISTERIO-DE-JUSTICIA-reclamador.jpg?w=1194&amp;ssl=1 1194w, https:\/\/i0.wp.com\/www.reclamador.es\/blog\/wp-content\/uploads\/2018\/05\/MINISTERIO-DE-JUSTICIA-reclamador.jpg?resize=150%2C101&amp;ssl=1 150w, https:\/\/i0.wp.com\/www.reclamador.es\/blog\/wp-content\/uploads\/2018\/05\/MINISTERIO-DE-JUSTICIA-reclamador.jpg?resize=300%2C201&amp;ssl=1 300w, https:\/\/i0.wp.com\/www.reclamador.es\/blog\/wp-content\/uploads\/2018\/05\/MINISTERIO-DE-JUSTICIA-reclamador.jpg?resize=768%2C515&amp;ssl=1 768w, https:\/\/i0.wp.com\/www.reclamador.es\/blog\/wp-content\/uploads\/2018\/05\/MINISTERIO-DE-JUSTICIA-reclamador.jpg?resize=1024%2C686&amp;ssl=1 1024w\" sizes=\"auto, (max-width: 1000px) 100vw, 1000px\" \/><figcaption id=\"caption-attachment-18365\" class=\"wp-caption-text\"><em>Sede del Ministerio de Justicia. Fuente Confilegal<\/em><\/figcaption><\/figure>\n<h6 style=\"text-align: center;\"><strong><a href=\"https:\/\/www.reclamador.es\/ayuda\/usuarios\/tributacion-costas-procesales\/\">Actualizaci\u00f3n 2021: tributaci\u00f3n de las costas procesales<\/a><\/strong><\/h6>\n<p>En reclamador.es pedimos que se<strong>\u00a0<\/strong>modifique el actual sistema de costas, para que<strong> en cualquier juicio y por cualquier cuant\u00eda, la aerol\u00ednea pague las costas del procedimiento, facilitando la resoluci\u00f3n prejudicial de los conflictos, como ocurre en los conflictos entre aerol\u00edneas y clientes, donde la cantidad media reclamada es de 455 euros <\/strong>Esta petici\u00f3n se la hemos<strong>\u00a0<\/strong>trasladado al Ministerio de Justicia. La falta de obligaci\u00f3n del pago de las costas fomenta estrategias que evitan los acuerdos prejudiciales por parte las principales compa\u00f1\u00edas a\u00e9reas que operan en Espa\u00f1a obligando a judicializar los procesos. Esto supone retrasos en la resoluci\u00f3n de conflictos e importantes costes para la administraci\u00f3n. Concretamente, este hecho <strong>le ha costado al sistema judicial m\u00e1s de 55 millones de euros<\/strong>, solo con las reclamaciones que reclamador.es ha tramitado en el sector a\u00e9reo desde 2012.<\/p>\n<p>Adem\u00e1s del ahorro que implicar\u00eda para el sistema judicial espa\u00f1ol, debemos recalcar la <strong>diferencia de tiempo que supondr\u00eda este sistema llegado el momento del cobro de las indemnizaciones<\/strong>. Un consumidor europeo tarda en cobrar en este tipo de casos una media de 160 d\u00edas. Uno espa\u00f1ol m\u00e1s del doble, 328 de media. En casos judicializados, <strong>el tiempo en recibir la indemnizaci\u00f3n aumenta a los 598 d\u00edas<\/strong> de media.<\/p>\n<h2><strong>Propuesta de reclamador.es para modificar el sistema de costas<\/strong><\/h2>\n<p>Por esto, luchamos para que se reforme la actual normativa y se implante un sistema de costas para el perdedor en juicios de causas de cuant\u00edas inferiores a 2.000 euros, la inmensa mayor\u00eda de casos, lo que evitar\u00eda saturar los juzgados y proteger los derechos de los consumidores.<\/p>\n<p>En reclamador.es hemos propuesto al Ministerio de Justicia dos alternativas al respecto para <strong>modificar el art\u00edculo 32 de la Ley de Enjuiciamiento Civil:<\/strong><\/p>\n<ol>\n<li><span style=\"font-weight: 400;\">La primera de ellas se basa en a\u00f1adir un sexto apartado al art\u00edculo 32, se\u00f1alando concretamente <\/span><i><span style=\"font-weight: 400;\">\u201cCuando el demandante tenga la condici\u00f3n de consumidor o usuario y siempre que haya reclamado con car\u00e1cter previo a la v\u00eda judicial civil de forma fehaciente y justificada, de la eventual condena en costas de la parte contraria se incluir\u00e1n los derechos y honorarios de abogados y procuradores si intervinieron, siempre que se estimasen \u00edntegramente sus pretensiones\u201c. <\/span><\/i><\/li>\n<li><span style=\"font-weight: 400;\">Otra de las propuestas es modificar el art\u00edculo 32.5 de esta normativa con la siguiente redacci\u00f3n \u201c<\/span><i><span style=\"font-weight: 400;\">Cuando la intervenci\u00f3n de abogado y procurador no sea preceptiva, de la eventual condena en costas de la parte contraria a la que se hubiese servido de dichos profesionales se excluir\u00e1n los derechos y honorarios devengados por los mismos, salvo que el tribunal aprecie temeridad en la conducta del condenado en costas <\/span><\/i><i><span style=\"font-weight: 400;\">o que el demandante tenga la condici\u00f3n de consumidor y haya reclamado previamente al ejercicio de la acci\u00f3n judicial <\/span><\/i><i><span style=\"font-weight: 400;\">o que el domicilio de la parte representada y defendida est\u00e9 en lugar distinto a aquel en que se ha tramitado el juicio\u201d.<\/span><\/i><\/li>\n<\/ol>\n<h2><strong>En el 9% de los casos las aerol\u00edneas facilitan la resoluci\u00f3n prejudicial <\/strong><\/h2>\n<p>Si para proteger los derechos de los pasajeros a\u00e9reos se utilizara, como ocurre en el resto de Europa, el acuerdo prejudicial, el ahorro ser\u00eda considerable para el sistema judicial espa\u00f1ol. Por ejemplo, si las reclamaciones a aerol\u00edneas se hubieran realizado con la tasa de mediaci\u00f3n alemana, el gasto no hubiera superado los <strong>23 millones de euros<\/strong>, mientras que, \u00fanicamente los procedimientos iniciados por reclamador.es en relaci\u00f3n al transporte a\u00e9reo, que son el 14% de todas las demandas mercantiles en Espa\u00f1a, suponen actualmente <strong>55 millones de euros.<\/strong><\/p>\n<p>Del total de las reclamaciones a\u00e9reas que hemos gestionado, solo en el 9% de los casos se ha llegado a un acuerdo prejudicial, el resto, es decir, el 91% de las reclamaciones a aerol\u00edneas, llegan a la v\u00eda judicial.<\/p>\n<h6 style=\"text-align: center;\"><strong>Estas cifras muestran que el sistema judicial espa\u00f1ol se podr\u00eda haber ahorrado m\u00e1s 32 millones de euros si las aerol\u00edneas hubieran resuelto los conflictos extrajudicialmente, con un sistema de mediaci\u00f3n similar al europeo y con un operativa que siempre condene en costas al perdedor en v\u00eda judicial.<\/strong><\/h6>\n<p>Nuestra compa\u00f1\u00eda <strong>hace siempre uso de la v\u00eda extrajudicial,<\/strong> enviando en todos los casos un e-mail certificado, equivalente al burofax, para intentar la resoluci\u00f3n en v\u00eda amistosa. La realidad es que las compa\u00f1\u00edas se niegan a llegar a un acuerdo en esta v\u00eda, lo que dilata en tiempo y coste el procedimiento. Llegado el momento del procedimiento judicial, muchas compa\u00f1\u00edas optan por pactar y que no se produzca la vista.<\/p>\n<p>En reclamador.es te ayudamos a conseguir tu indemnizaci\u00f3n por retraso, cancelaci\u00f3n u overbooking. Tambi\u00e9n te ayudaremos a recuperar tu dinero en caso de incidencias con el equipaje.<\/p>\n<h2 style=\"text-align: center;\"><strong><a class=\"button-lead\" href=\"https:\/\/www.reclamador.es\/aerolineas\/\">\u00bfHas sufrido un problema en un vuelo? Consulta con un abogado<\/a><\/strong><\/h2>\n<p>Si te ha parecido interesante esta noticia, comp\u00e1rtela en tus redes \ud83d\ude42<\/p>\n<div class=\"ttr_end\"><\/div>","protected":false},"excerpt":{"rendered":"<p>Actualizaci\u00f3n 2021: tributaci\u00f3n de las costas procesales En reclamador.es pedimos que se\u00a0modifique el actual sistema de costas, para que en cualquier juicio y por cualquier cuant\u00eda, la aerol\u00ednea pague las costas del procedimiento, facilitando la resoluci\u00f3n prejudicial de los conflictos, como ocurre en los conflictos entre aerol\u00edneas y clientes, donde la cantidad media reclamada es [&hellip;]<\/p>\n","protected":false},"author":1,"featured_media":18365,"comment_status":"closed","ping_status":"open","sticky":false,"template":"","format":"standard","meta":{"_acf_changed":false,"_genesis_hide_title":false,"_genesis_hide_breadcrumbs":false,"_genesis_hide_singular_image":false,"_genesis_hide_footer_widgets":false,"_genesis_custom_body_class":"","_genesis_custom_post_class":"","_genesis_layout":"","_jetpack_newsletter_access":"","_jetpack_dont_email_post_to_subs":false,"_jetpack_newsletter_tier_id":0,"_jetpack_memberships_contains_paywalled_content":false,"_jetpack_memberships_contains_paid_content":false,"footnotes":""},"categories":[392],"tags":[380,648],"class_list":{"0":"post-18354","1":"post","2":"type-post","3":"status-publish","4":"format-standard","5":"has-post-thumbnail","7":"category-noticias","8":"tag-aerolineas","9":"tag-branding","10":"entry"},"acf":[],"yoast_head":"<!-- This site is optimized with the Yoast SEO plugin v27.4 - https:\/\/yoast.com\/product\/yoast-seo-wordpress\/ -->\n<title>La Justicia se ahorrar\u00eda 32 millones si se modificara el sistema de costas<\/title>\n<meta name=\"description\" content=\"En reclamador.es hemos pedido al Ministerio de Justicia que se modifique el sistema de costas, lo que ahorrar\u00eda 32 millones de \u20ac al sistema judicial.\" \/>\n<meta name=\"robots\" content=\"index, follow, max-snippet:-1, max-image-preview:large, max-video-preview:-1\" \/>\n<link rel=\"canonical\" href=\"https:\/\/www.reclamador.es\/blog\/modificar-sistema-de-costas\/\" \/>\n<meta property=\"og:locale\" content=\"es_ES\" \/>\n<meta property=\"og:type\" content=\"article\" \/>\n<meta property=\"og:title\" content=\"La Justicia se ahorrar\u00eda 32 millones si se modificara el sistema de costas\" \/>\n<meta property=\"og:description\" content=\"En reclamador.es hemos pedido al Ministerio de Justicia que se modifique el sistema de costas, lo que ahorrar\u00eda 32 millones de \u20ac al sistema judicial.\" \/>\n<meta property=\"og:url\" content=\"https:\/\/www.reclamador.es\/blog\/modificar-sistema-de-costas\/\" \/>\n<meta property=\"og:site_name\" content=\"Rebeldes con causa, el blog de reclamador.es\" \/>\n<meta property=\"article:publisher\" content=\"https:\/\/www.facebook.com\/reclamador.es\" \/>\n<meta property=\"article:published_time\" content=\"2018-05-30T10:17:48+00:00\" \/>\n<meta property=\"article:modified_time\" content=\"2022-11-25T12:40:43+00:00\" \/>\n<meta property=\"og:image\" content=\"https:\/\/i0.wp.com\/www.reclamador.es\/blog\/wp-content\/uploads\/2018\/05\/MINISTERIO-DE-JUSTICIA-reclamador.jpg?fit=1194%2C800&ssl=1\" \/>\n\t<meta property=\"og:image:width\" content=\"1194\" \/>\n\t<meta property=\"og:image:height\" content=\"800\" \/>\n\t<meta property=\"og:image:type\" content=\"image\/jpeg\" \/>\n<meta name=\"author\" content=\"Equipo reclamador\" \/>\n<meta name=\"twitter:card\" content=\"summary_large_image\" \/>\n<meta name=\"twitter:creator\" content=\"@reclamador\" \/>\n<meta name=\"twitter:site\" content=\"@reclamador\" \/>\n<meta name=\"twitter:label1\" content=\"Escrito por\" \/>\n\t<meta name=\"twitter:data1\" content=\"Equipo reclamador\" \/>\n\t<meta name=\"twitter:label2\" content=\"Tiempo de lectura\" \/>\n\t<meta name=\"twitter:data2\" content=\"4 minutos\" \/>\n<script type=\"application\/ld+json\" class=\"yoast-schema-graph\">{\"@context\":\"https:\\\/\\\/schema.org\",\"@graph\":[{\"@type\":\"Article\",\"@id\":\"https:\\\/\\\/www.reclamador.es\\\/blog\\\/modificar-sistema-de-costas\\\/#article\",\"isPartOf\":{\"@id\":\"https:\\\/\\\/www.reclamador.es\\\/blog\\\/modificar-sistema-de-costas\\\/\"},\"author\":{\"name\":\"Equipo reclamador\",\"@id\":\"https:\\\/\\\/www.reclamador.es\\\/blog\\\/#\\\/schema\\\/person\\\/1ed83eef8b6566cb5e4c812d9bc5c4bf\"},\"headline\":\"reclamador.es pide que se modifique el actual sistema de costas\",\"datePublished\":\"2018-05-30T10:17:48+00:00\",\"dateModified\":\"2022-11-25T12:40:43+00:00\",\"mainEntityOfPage\":{\"@id\":\"https:\\\/\\\/www.reclamador.es\\\/blog\\\/modificar-sistema-de-costas\\\/\"},\"wordCount\":861,\"publisher\":{\"@id\":\"https:\\\/\\\/www.reclamador.es\\\/blog\\\/#organization\"},\"image\":{\"@id\":\"https:\\\/\\\/www.reclamador.es\\\/blog\\\/modificar-sistema-de-costas\\\/#primaryimage\"},\"thumbnailUrl\":\"https:\\\/\\\/i0.wp.com\\\/www.reclamador.es\\\/blog\\\/wp-content\\\/uploads\\\/2018\\\/05\\\/MINISTERIO-DE-JUSTICIA-reclamador.jpg?fit=1194%2C800&ssl=1\",\"keywords\":[\"aerol\u00edneas\",\"branding\"],\"articleSection\":[\"Noticias y actualidad\"],\"inLanguage\":\"es\"},{\"@type\":\"WebPage\",\"@id\":\"https:\\\/\\\/www.reclamador.es\\\/blog\\\/modificar-sistema-de-costas\\\/\",\"url\":\"https:\\\/\\\/www.reclamador.es\\\/blog\\\/modificar-sistema-de-costas\\\/\",\"name\":\"La Justicia se ahorrar\u00eda 32 millones si se modificara el sistema de costas\",\"isPartOf\":{\"@id\":\"https:\\\/\\\/www.reclamador.es\\\/blog\\\/#website\"},\"primaryImageOfPage\":{\"@id\":\"https:\\\/\\\/www.reclamador.es\\\/blog\\\/modificar-sistema-de-costas\\\/#primaryimage\"},\"image\":{\"@id\":\"https:\\\/\\\/www.reclamador.es\\\/blog\\\/modificar-sistema-de-costas\\\/#primaryimage\"},\"thumbnailUrl\":\"https:\\\/\\\/i0.wp.com\\\/www.reclamador.es\\\/blog\\\/wp-content\\\/uploads\\\/2018\\\/05\\\/MINISTERIO-DE-JUSTICIA-reclamador.jpg?fit=1194%2C800&ssl=1\",\"datePublished\":\"2018-05-30T10:17:48+00:00\",\"dateModified\":\"2022-11-25T12:40:43+00:00\",\"description\":\"En reclamador.es hemos pedido al Ministerio de Justicia que se modifique el sistema de costas, lo que ahorrar\u00eda 32 millones de \u20ac al sistema judicial.\",\"breadcrumb\":{\"@id\":\"https:\\\/\\\/www.reclamador.es\\\/blog\\\/modificar-sistema-de-costas\\\/#breadcrumb\"},\"inLanguage\":\"es\",\"potentialAction\":[{\"@type\":\"ReadAction\",\"target\":[\"https:\\\/\\\/www.reclamador.es\\\/blog\\\/modificar-sistema-de-costas\\\/\"]}]},{\"@type\":\"ImageObject\",\"inLanguage\":\"es\",\"@id\":\"https:\\\/\\\/www.reclamador.es\\\/blog\\\/modificar-sistema-de-costas\\\/#primaryimage\",\"url\":\"https:\\\/\\\/i0.wp.com\\\/www.reclamador.es\\\/blog\\\/wp-content\\\/uploads\\\/2018\\\/05\\\/MINISTERIO-DE-JUSTICIA-reclamador.jpg?fit=1194%2C800&ssl=1\",\"contentUrl\":\"https:\\\/\\\/i0.wp.com\\\/www.reclamador.es\\\/blog\\\/wp-content\\\/uploads\\\/2018\\\/05\\\/MINISTERIO-DE-JUSTICIA-reclamador.jpg?fit=1194%2C800&ssl=1\",\"width\":1194,\"height\":800,\"caption\":\"Sede del Ministerio de Justicia. Fuente Confilegal\"},{\"@type\":\"BreadcrumbList\",\"@id\":\"https:\\\/\\\/www.reclamador.es\\\/blog\\\/modificar-sistema-de-costas\\\/#breadcrumb\",\"itemListElement\":[{\"@type\":\"ListItem\",\"position\":1,\"name\":\"Portada\",\"item\":\"https:\\\/\\\/www.reclamador.es\\\/blog\\\/\"},{\"@type\":\"ListItem\",\"position\":2,\"name\":\"reclamador.es pide que se modifique el actual sistema de costas\"}]},{\"@type\":\"WebSite\",\"@id\":\"https:\\\/\\\/www.reclamador.es\\\/blog\\\/#website\",\"url\":\"https:\\\/\\\/www.reclamador.es\\\/blog\\\/\",\"name\":\"Rebeldes con causa, el blog de reclamador.es\",\"description\":\"Noticias, entrevistas y consejos sobre reclamaciones\",\"publisher\":{\"@id\":\"https:\\\/\\\/www.reclamador.es\\\/blog\\\/#organization\"},\"potentialAction\":[{\"@type\":\"SearchAction\",\"target\":{\"@type\":\"EntryPoint\",\"urlTemplate\":\"https:\\\/\\\/www.reclamador.es\\\/blog\\\/?s={search_term_string}\"},\"query-input\":{\"@type\":\"PropertyValueSpecification\",\"valueRequired\":true,\"valueName\":\"search_term_string\"}}],\"inLanguage\":\"es\"},{\"@type\":\"Organization\",\"@id\":\"https:\\\/\\\/www.reclamador.es\\\/blog\\\/#organization\",\"name\":\"reclamador.es\",\"url\":\"https:\\\/\\\/www.reclamador.es\\\/blog\\\/\",\"logo\":{\"@type\":\"ImageObject\",\"inLanguage\":\"es\",\"@id\":\"https:\\\/\\\/www.reclamador.es\\\/blog\\\/#\\\/schema\\\/logo\\\/image\\\/\",\"url\":\"https:\\\/\\\/i0.wp.com\\\/www.reclamador.es\\\/blog\\\/wp-content\\\/uploads\\\/2020\\\/01\\\/logo-reclamador.png?fit=1200%2C144&ssl=1\",\"contentUrl\":\"https:\\\/\\\/i0.wp.com\\\/www.reclamador.es\\\/blog\\\/wp-content\\\/uploads\\\/2020\\\/01\\\/logo-reclamador.png?fit=1200%2C144&ssl=1\",\"width\":1200,\"height\":144,\"caption\":\"reclamador.es\"},\"image\":{\"@id\":\"https:\\\/\\\/www.reclamador.es\\\/blog\\\/#\\\/schema\\\/logo\\\/image\\\/\"},\"sameAs\":[\"https:\\\/\\\/www.facebook.com\\\/reclamador.es\",\"https:\\\/\\\/x.com\\\/reclamador\",\"https:\\\/\\\/www.instagram.com\\\/reclamador.es\\\/\",\"https:\\\/\\\/www.linkedin.com\\\/company\\\/reclamador-es\",\"https:\\\/\\\/www.youtube.com\\\/user\\\/Reclamadores\"]},{\"@type\":\"Person\",\"@id\":\"https:\\\/\\\/www.reclamador.es\\\/blog\\\/#\\\/schema\\\/person\\\/1ed83eef8b6566cb5e4c812d9bc5c4bf\",\"name\":\"Equipo reclamador\",\"image\":{\"@type\":\"ImageObject\",\"inLanguage\":\"es\",\"@id\":\"https:\\\/\\\/secure.gravatar.com\\\/avatar\\\/6442ecdc2c4472c600c113f34d340feca47107d6aa4f42f1e3e75a2a8e28a760?s=96&d=mm&r=g\",\"url\":\"https:\\\/\\\/secure.gravatar.com\\\/avatar\\\/6442ecdc2c4472c600c113f34d340feca47107d6aa4f42f1e3e75a2a8e28a760?s=96&d=mm&r=g\",\"contentUrl\":\"https:\\\/\\\/secure.gravatar.com\\\/avatar\\\/6442ecdc2c4472c600c113f34d340feca47107d6aa4f42f1e3e75a2a8e28a760?s=96&d=mm&r=g\",\"caption\":\"Equipo reclamador\"},\"description\":\"Las personas que hacen posible reclamador.es\",\"url\":\"https:\\\/\\\/www.reclamador.es\\\/blog\\\/author\\\/administrador\\\/\"}]}<\/script>\n<!-- \/ Yoast SEO plugin. -->","yoast_head_json":{"title":"La Justicia se ahorrar\u00eda 32 millones si se modificara el sistema de costas","description":"En reclamador.es hemos pedido al Ministerio de Justicia que se modifique el sistema de costas, lo que ahorrar\u00eda 32 millones de \u20ac al sistema judicial.","robots":{"index":"index","follow":"follow","max-snippet":"max-snippet:-1","max-image-preview":"max-image-preview:large","max-video-preview":"max-video-preview:-1"},"canonical":"https:\/\/www.reclamador.es\/blog\/modificar-sistema-de-costas\/","og_locale":"es_ES","og_type":"article","og_title":"La Justicia se ahorrar\u00eda 32 millones si se modificara el sistema de costas","og_description":"En reclamador.es hemos pedido al Ministerio de Justicia que se modifique el sistema de costas, lo que ahorrar\u00eda 32 millones de \u20ac al sistema judicial.","og_url":"https:\/\/www.reclamador.es\/blog\/modificar-sistema-de-costas\/","og_site_name":"Rebeldes con causa, el blog de reclamador.es","article_publisher":"https:\/\/www.facebook.com\/reclamador.es","article_published_time":"2018-05-30T10:17:48+00:00","article_modified_time":"2022-11-25T12:40:43+00:00","og_image":[{"width":1194,"height":800,"url":"https:\/\/i0.wp.com\/www.reclamador.es\/blog\/wp-content\/uploads\/2018\/05\/MINISTERIO-DE-JUSTICIA-reclamador.jpg?fit=1194%2C800&ssl=1","type":"image\/jpeg"}],"author":"Equipo reclamador","twitter_card":"summary_large_image","twitter_creator":"@reclamador","twitter_site":"@reclamador","twitter_misc":{"Escrito por":"Equipo reclamador","Tiempo de lectura":"4 minutos"},"schema":{"@context":"https:\/\/schema.org","@graph":[{"@type":"Article","@id":"https:\/\/www.reclamador.es\/blog\/modificar-sistema-de-costas\/#article","isPartOf":{"@id":"https:\/\/www.reclamador.es\/blog\/modificar-sistema-de-costas\/"},"author":{"name":"Equipo reclamador","@id":"https:\/\/www.reclamador.es\/blog\/#\/schema\/person\/1ed83eef8b6566cb5e4c812d9bc5c4bf"},"headline":"reclamador.es pide que se modifique el actual sistema de costas","datePublished":"2018-05-30T10:17:48+00:00","dateModified":"2022-11-25T12:40:43+00:00","mainEntityOfPage":{"@id":"https:\/\/www.reclamador.es\/blog\/modificar-sistema-de-costas\/"},"wordCount":861,"publisher":{"@id":"https:\/\/www.reclamador.es\/blog\/#organization"},"image":{"@id":"https:\/\/www.reclamador.es\/blog\/modificar-sistema-de-costas\/#primaryimage"},"thumbnailUrl":"https:\/\/i0.wp.com\/www.reclamador.es\/blog\/wp-content\/uploads\/2018\/05\/MINISTERIO-DE-JUSTICIA-reclamador.jpg?fit=1194%2C800&ssl=1","keywords":["aerol\u00edneas","branding"],"articleSection":["Noticias y actualidad"],"inLanguage":"es"},{"@type":"WebPage","@id":"https:\/\/www.reclamador.es\/blog\/modificar-sistema-de-costas\/","url":"https:\/\/www.reclamador.es\/blog\/modificar-sistema-de-costas\/","name":"La Justicia se ahorrar\u00eda 32 millones si se modificara el sistema de costas","isPartOf":{"@id":"https:\/\/www.reclamador.es\/blog\/#website"},"primaryImageOfPage":{"@id":"https:\/\/www.reclamador.es\/blog\/modificar-sistema-de-costas\/#primaryimage"},"image":{"@id":"https:\/\/www.reclamador.es\/blog\/modificar-sistema-de-costas\/#primaryimage"},"thumbnailUrl":"https:\/\/i0.wp.com\/www.reclamador.es\/blog\/wp-content\/uploads\/2018\/05\/MINISTERIO-DE-JUSTICIA-reclamador.jpg?fit=1194%2C800&ssl=1","datePublished":"2018-05-30T10:17:48+00:00","dateModified":"2022-11-25T12:40:43+00:00","description":"En reclamador.es hemos pedido al Ministerio de Justicia que se modifique el sistema de costas, lo que ahorrar\u00eda 32 millones de \u20ac al sistema judicial.","breadcrumb":{"@id":"https:\/\/www.reclamador.es\/blog\/modificar-sistema-de-costas\/#breadcrumb"},"inLanguage":"es","potentialAction":[{"@type":"ReadAction","target":["https:\/\/www.reclamador.es\/blog\/modificar-sistema-de-costas\/"]}]},{"@type":"ImageObject","inLanguage":"es","@id":"https:\/\/www.reclamador.es\/blog\/modificar-sistema-de-costas\/#primaryimage","url":"https:\/\/i0.wp.com\/www.reclamador.es\/blog\/wp-content\/uploads\/2018\/05\/MINISTERIO-DE-JUSTICIA-reclamador.jpg?fit=1194%2C800&ssl=1","contentUrl":"https:\/\/i0.wp.com\/www.reclamador.es\/blog\/wp-content\/uploads\/2018\/05\/MINISTERIO-DE-JUSTICIA-reclamador.jpg?fit=1194%2C800&ssl=1","width":1194,"height":800,"caption":"Sede del Ministerio de Justicia. Fuente Confilegal"},{"@type":"BreadcrumbList","@id":"https:\/\/www.reclamador.es\/blog\/modificar-sistema-de-costas\/#breadcrumb","itemListElement":[{"@type":"ListItem","position":1,"name":"Portada","item":"https:\/\/www.reclamador.es\/blog\/"},{"@type":"ListItem","position":2,"name":"reclamador.es pide que se modifique el actual sistema de costas"}]},{"@type":"WebSite","@id":"https:\/\/www.reclamador.es\/blog\/#website","url":"https:\/\/www.reclamador.es\/blog\/","name":"Rebeldes con causa, el blog de reclamador.es","description":"Noticias, entrevistas y consejos sobre reclamaciones","publisher":{"@id":"https:\/\/www.reclamador.es\/blog\/#organization"},"potentialAction":[{"@type":"SearchAction","target":{"@type":"EntryPoint","urlTemplate":"https:\/\/www.reclamador.es\/blog\/?s={search_term_string}"},"query-input":{"@type":"PropertyValueSpecification","valueRequired":true,"valueName":"search_term_string"}}],"inLanguage":"es"},{"@type":"Organization","@id":"https:\/\/www.reclamador.es\/blog\/#organization","name":"reclamador.es","url":"https:\/\/www.reclamador.es\/blog\/","logo":{"@type":"ImageObject","inLanguage":"es","@id":"https:\/\/www.reclamador.es\/blog\/#\/schema\/logo\/image\/","url":"https:\/\/i0.wp.com\/www.reclamador.es\/blog\/wp-content\/uploads\/2020\/01\/logo-reclamador.png?fit=1200%2C144&ssl=1","contentUrl":"https:\/\/i0.wp.com\/www.reclamador.es\/blog\/wp-content\/uploads\/2020\/01\/logo-reclamador.png?fit=1200%2C144&ssl=1","width":1200,"height":144,"caption":"reclamador.es"},"image":{"@id":"https:\/\/www.reclamador.es\/blog\/#\/schema\/logo\/image\/"},"sameAs":["https:\/\/www.facebook.com\/reclamador.es","https:\/\/x.com\/reclamador","https:\/\/www.instagram.com\/reclamador.es\/","https:\/\/www.linkedin.com\/company\/reclamador-es","https:\/\/www.youtube.com\/user\/Reclamadores"]},{"@type":"Person","@id":"https:\/\/www.reclamador.es\/blog\/#\/schema\/person\/1ed83eef8b6566cb5e4c812d9bc5c4bf","name":"Equipo reclamador","image":{"@type":"ImageObject","inLanguage":"es","@id":"https:\/\/secure.gravatar.com\/avatar\/6442ecdc2c4472c600c113f34d340feca47107d6aa4f42f1e3e75a2a8e28a760?s=96&d=mm&r=g","url":"https:\/\/secure.gravatar.com\/avatar\/6442ecdc2c4472c600c113f34d340feca47107d6aa4f42f1e3e75a2a8e28a760?s=96&d=mm&r=g","contentUrl":"https:\/\/secure.gravatar.com\/avatar\/6442ecdc2c4472c600c113f34d340feca47107d6aa4f42f1e3e75a2a8e28a760?s=96&d=mm&r=g","caption":"Equipo reclamador"},"description":"Las personas que hacen posible reclamador.es","url":"https:\/\/www.reclamador.es\/blog\/author\/administrador\/"}]}},"jetpack_featured_media_url":"https:\/\/i0.wp.com\/www.reclamador.es\/blog\/wp-content\/uploads\/2018\/05\/MINISTERIO-DE-JUSTICIA-reclamador.jpg?fit=1194%2C800&ssl=1","jetpack-related-posts":[{"id":6071,"url":"https:\/\/www.reclamador.es\/blog\/modificar-sistema-costas\/","url_meta":{"origin":18354,"position":0},"title":"\u00bfModificar el sistema de costas judiciales? \u00bfPara beneficiar a qui\u00e9n?","author":"Pablo Rabanal","date":"16 febrero, 2017","format":false,"excerpt":"El Consejo General de la Abogac\u00eda Espa\u00f1ola (CGAE, \u00f3rgano que agrupa a los colegios de abogados de toda Espa\u00f1a) realiz\u00f3 unas declaraciones la semana pasada en las que suger\u00eda que era partidaria de modificar el sistema de costas judiciales en el \u00e1mbito civil (donde se dirimen, entre otros temas, todas\u2026","rel":"","context":"En \u00abNoticias y actualidad\u00bb","block_context":{"text":"Noticias y actualidad","link":"https:\/\/www.reclamador.es\/blog\/noticias\/"},"img":{"alt_text":"tribuna costas judiciales - pablo rabanal","src":"https:\/\/i0.wp.com\/www.reclamador.es\/blog\/wp-content\/uploads\/2017\/02\/justice-626461_1280.jpg?fit=1200%2C630&ssl=1&resize=350%2C200","width":350,"height":200,"srcset":"https:\/\/i0.wp.com\/www.reclamador.es\/blog\/wp-content\/uploads\/2017\/02\/justice-626461_1280.jpg?fit=1200%2C630&ssl=1&resize=350%2C200 1x, https:\/\/i0.wp.com\/www.reclamador.es\/blog\/wp-content\/uploads\/2017\/02\/justice-626461_1280.jpg?fit=1200%2C630&ssl=1&resize=525%2C300 1.5x, https:\/\/i0.wp.com\/www.reclamador.es\/blog\/wp-content\/uploads\/2017\/02\/justice-626461_1280.jpg?fit=1200%2C630&ssl=1&resize=700%2C400 2x, https:\/\/i0.wp.com\/www.reclamador.es\/blog\/wp-content\/uploads\/2017\/02\/justice-626461_1280.jpg?fit=1200%2C630&ssl=1&resize=1050%2C600 3x"},"classes":[]},{"id":20303,"url":"https:\/\/www.reclamador.es\/blog\/pablo-rabanal-comision-justicia-del-senado\/","url_meta":{"origin":18354,"position":1},"title":"reclamador.es presenta en la Comisi\u00f3n de Justicia del Senado la realidad de los consumidores en los juzgados","author":"Equipo reclamador","date":"27 noviembre, 2018","format":false,"excerpt":"Pablo Rabanal, CEO de reclamador.es, present\u00f3 ayer, 26 de noviembre, en la Comisi\u00f3n de Justicia del Senado las reivindicaciones de nuestra compa\u00f1\u00eda respecto a las mejoras que debe asumir la justicia espa\u00f1ola para adaptarse a los cambios que demanda la sociedad. Esta ponencia se enmarc\u00f3 dentro de la presentaci\u00f3n de\u2026","rel":"","context":"En \u00abConoce todo lo que sucede en reclamador.es\u00bb","block_context":{"text":"Conoce todo lo que sucede en reclamador.es","link":"https:\/\/www.reclamador.es\/blog\/reclamadores\/"},"img":{"alt_text":"","src":"https:\/\/i0.wp.com\/www.reclamador.es\/blog\/wp-content\/uploads\/2018\/11\/reclamador.es-en-el-senado.jpg?fit=1200%2C637&ssl=1&resize=350%2C200","width":350,"height":200,"srcset":"https:\/\/i0.wp.com\/www.reclamador.es\/blog\/wp-content\/uploads\/2018\/11\/reclamador.es-en-el-senado.jpg?fit=1200%2C637&ssl=1&resize=350%2C200 1x, https:\/\/i0.wp.com\/www.reclamador.es\/blog\/wp-content\/uploads\/2018\/11\/reclamador.es-en-el-senado.jpg?fit=1200%2C637&ssl=1&resize=525%2C300 1.5x, https:\/\/i0.wp.com\/www.reclamador.es\/blog\/wp-content\/uploads\/2018\/11\/reclamador.es-en-el-senado.jpg?fit=1200%2C637&ssl=1&resize=700%2C400 2x, https:\/\/i0.wp.com\/www.reclamador.es\/blog\/wp-content\/uploads\/2018\/11\/reclamador.es-en-el-senado.jpg?fit=1200%2C637&ssl=1&resize=1050%2C600 3x"},"classes":[]},{"id":31967,"url":"https:\/\/www.reclamador.es\/blog\/aerolineas-low-cost-seguras\/","url_meta":{"origin":18354,"position":2},"title":"Las aerol\u00edneas low cost m\u00e1s seguras para viajar en 2024","author":"Alicia Ria\u00f1o","date":"8 febrero, 2024","format":false,"excerpt":"Ya lo escribi\u00f3 Gloria Fuertes: \"Viajar es un placer\". Cada a\u00f1o, millones de personas viajan para descubrir nuevos rincones, culturas, gastronom\u00eda... Y uno de los medios de transporte favorito, y m\u00e1s cuando se trata de un trayecto de ciento o miles de kil\u00f3metros, es el avi\u00f3n. Gracias a las compa\u00f1\u00edas\u2026","rel":"","context":"En \u00abNoticias y actualidad\u00bb","block_context":{"text":"Noticias y actualidad","link":"https:\/\/www.reclamador.es\/blog\/noticias\/"},"img":{"alt_text":"listado aerol\u00edneas low cost m\u00e1s seguras","src":"https:\/\/i0.wp.com\/www.reclamador.es\/blog\/wp-content\/uploads\/2024\/02\/aerolineas-low-cost-seguras-1200x630-1.jpg?fit=1200%2C630&ssl=1&resize=350%2C200","width":350,"height":200,"srcset":"https:\/\/i0.wp.com\/www.reclamador.es\/blog\/wp-content\/uploads\/2024\/02\/aerolineas-low-cost-seguras-1200x630-1.jpg?fit=1200%2C630&ssl=1&resize=350%2C200 1x, https:\/\/i0.wp.com\/www.reclamador.es\/blog\/wp-content\/uploads\/2024\/02\/aerolineas-low-cost-seguras-1200x630-1.jpg?fit=1200%2C630&ssl=1&resize=525%2C300 1.5x, https:\/\/i0.wp.com\/www.reclamador.es\/blog\/wp-content\/uploads\/2024\/02\/aerolineas-low-cost-seguras-1200x630-1.jpg?fit=1200%2C630&ssl=1&resize=700%2C400 2x, https:\/\/i0.wp.com\/www.reclamador.es\/blog\/wp-content\/uploads\/2024\/02\/aerolineas-low-cost-seguras-1200x630-1.jpg?fit=1200%2C630&ssl=1&resize=1050%2C600 3x"},"classes":[]},{"id":8606,"url":"https:\/\/www.reclamador.es\/blog\/costes-extras-aerolineas-ryanair-eleccion-asiento\/","url_meta":{"origin":18354,"position":3},"title":"\u00bfEs Ryanair la \u00fanica aerol\u00ednea que te cobra por viajar al lado de tu acompa\u00f1ante?","author":"Equipo reclamador","date":"20 junio, 2017","format":false,"excerpt":"Si quieres viajar con tu familia o amigos (en la misma reserva) en un vuelo de Ryanair, o pagas asiento o el sistema os asignar\u00e1 asientos separados.\u00a0Esta nueva pol\u00edtica supuestamente se ha implantado porque los usuarios de esta aerol\u00ednea no hacen mucho uso de la reserva de asientos anticipada y\u2026","rel":"","context":"En \u00abNoticias y actualidad\u00bb","block_context":{"text":"Noticias y actualidad","link":"https:\/\/www.reclamador.es\/blog\/noticias\/"},"img":{"alt_text":"","src":"https:\/\/i0.wp.com\/www.reclamador.es\/blog\/wp-content\/uploads\/2017\/06\/ryanair-new-boeing-sky-interiors-2.jpg?fit=1200%2C800&ssl=1&resize=350%2C200","width":350,"height":200,"srcset":"https:\/\/i0.wp.com\/www.reclamador.es\/blog\/wp-content\/uploads\/2017\/06\/ryanair-new-boeing-sky-interiors-2.jpg?fit=1200%2C800&ssl=1&resize=350%2C200 1x, https:\/\/i0.wp.com\/www.reclamador.es\/blog\/wp-content\/uploads\/2017\/06\/ryanair-new-boeing-sky-interiors-2.jpg?fit=1200%2C800&ssl=1&resize=525%2C300 1.5x, https:\/\/i0.wp.com\/www.reclamador.es\/blog\/wp-content\/uploads\/2017\/06\/ryanair-new-boeing-sky-interiors-2.jpg?fit=1200%2C800&ssl=1&resize=700%2C400 2x, https:\/\/i0.wp.com\/www.reclamador.es\/blog\/wp-content\/uploads\/2017\/06\/ryanair-new-boeing-sky-interiors-2.jpg?fit=1200%2C800&ssl=1&resize=1050%2C600 3x"},"classes":[]},{"id":31928,"url":"https:\/\/www.reclamador.es\/blog\/ranking-aerolineas-mas-reclamadas-2023\/","url_meta":{"origin":18354,"position":4},"title":"Ranking aerol\u00edneas m\u00e1s reclamadas en 2023: Vueling a la cabeza","author":"Equipo reclamador","date":"30 enero, 2024","format":false,"excerpt":"Como cada a\u00f1o, en reclamador.es hemos preparado el ranking de las aerol\u00edneas m\u00e1s reclamadas por los viajeros, para conocer cu\u00e1les son las compa\u00f1\u00edas a\u00e9reas que m\u00e1s incidencias sufren cada a\u00f1o. Seg\u00fan nuestros datos, m\u00e1s de 39.000 personas han reclamado a 184 compa\u00f1\u00edas a\u00e9reas a lo largo de 2023. Las reclamaciones\u2026","rel":"","context":"En \u00abNoticias y actualidad\u00bb","block_context":{"text":"Noticias y actualidad","link":"https:\/\/www.reclamador.es\/blog\/noticias\/"},"img":{"alt_text":"","src":"https:\/\/i0.wp.com\/www.reclamador.es\/blog\/wp-content\/uploads\/2024\/01\/plane-2605014_1280.jpg?fit=1200%2C630&ssl=1&resize=350%2C200","width":350,"height":200,"srcset":"https:\/\/i0.wp.com\/www.reclamador.es\/blog\/wp-content\/uploads\/2024\/01\/plane-2605014_1280.jpg?fit=1200%2C630&ssl=1&resize=350%2C200 1x, https:\/\/i0.wp.com\/www.reclamador.es\/blog\/wp-content\/uploads\/2024\/01\/plane-2605014_1280.jpg?fit=1200%2C630&ssl=1&resize=525%2C300 1.5x, https:\/\/i0.wp.com\/www.reclamador.es\/blog\/wp-content\/uploads\/2024\/01\/plane-2605014_1280.jpg?fit=1200%2C630&ssl=1&resize=700%2C400 2x, https:\/\/i0.wp.com\/www.reclamador.es\/blog\/wp-content\/uploads\/2024\/01\/plane-2605014_1280.jpg?fit=1200%2C630&ssl=1&resize=1050%2C600 3x"},"classes":[]},{"id":31540,"url":"https:\/\/www.reclamador.es\/blog\/novedades-cobro-equipaje-mano\/","url_meta":{"origin":18354,"position":5},"title":"Novedades sobre las pol\u00edticas de cobro de equipaje de mano de las aerol\u00edneas","author":"Alicia Ria\u00f1o","date":"20 octubre, 2023","format":false,"excerpt":"Seguro que has escuchado o le\u00eddo en los \u00faltimos d\u00edas cantidad de informaci\u00f3n sobre un pronunciamiento en Europa sobre las pol\u00edticas de cobro de equipaje de mano de las aerol\u00edneas. En reclamador.es hemos analizado la situaci\u00f3n y te explicamos de manera muy f\u00e1cil qu\u00e9 ha pasado y c\u00f3mo te afecta\u2026","rel":"","context":"En \u00abNoticias y actualidad\u00bb","block_context":{"text":"Noticias y actualidad","link":"https:\/\/www.reclamador.es\/blog\/noticias\/"},"img":{"alt_text":"cobro de equipaje de mano","src":"https:\/\/i0.wp.com\/www.reclamador.es\/blog\/wp-content\/uploads\/2023\/10\/cobro-de-equipaje-de-mano.jpg?fit=1200%2C797&ssl=1&resize=350%2C200","width":350,"height":200,"srcset":"https:\/\/i0.wp.com\/www.reclamador.es\/blog\/wp-content\/uploads\/2023\/10\/cobro-de-equipaje-de-mano.jpg?fit=1200%2C797&ssl=1&resize=350%2C200 1x, https:\/\/i0.wp.com\/www.reclamador.es\/blog\/wp-content\/uploads\/2023\/10\/cobro-de-equipaje-de-mano.jpg?fit=1200%2C797&ssl=1&resize=525%2C300 1.5x, https:\/\/i0.wp.com\/www.reclamador.es\/blog\/wp-content\/uploads\/2023\/10\/cobro-de-equipaje-de-mano.jpg?fit=1200%2C797&ssl=1&resize=700%2C400 2x, https:\/\/i0.wp.com\/www.reclamador.es\/blog\/wp-content\/uploads\/2023\/10\/cobro-de-equipaje-de-mano.jpg?fit=1200%2C797&ssl=1&resize=1050%2C600 3x"},"classes":[]}],"jetpack_sharing_enabled":true,"_links":{"self":[{"href":"https:\/\/www.reclamador.es\/blog\/wp-json\/wp\/v2\/posts\/18354","targetHints":{"allow":["GET"]}}],"collection":[{"href":"https:\/\/www.reclamador.es\/blog\/wp-json\/wp\/v2\/posts"}],"about":[{"href":"https:\/\/www.reclamador.es\/blog\/wp-json\/wp\/v2\/types\/post"}],"author":[{"embeddable":true,"href":"https:\/\/www.reclamador.es\/blog\/wp-json\/wp\/v2\/users\/1"}],"replies":[{"embeddable":true,"href":"https:\/\/www.reclamador.es\/blog\/wp-json\/wp\/v2\/comments?post=18354"}],"version-history":[{"count":9,"href":"https:\/\/www.reclamador.es\/blog\/wp-json\/wp\/v2\/posts\/18354\/revisions"}],"predecessor-version":[{"id":26681,"href":"https:\/\/www.reclamador.es\/blog\/wp-json\/wp\/v2\/posts\/18354\/revisions\/26681"}],"wp:featuredmedia":[{"embeddable":true,"href":"https:\/\/www.reclamador.es\/blog\/wp-json\/wp\/v2\/media\/18365"}],"wp:attachment":[{"href":"https:\/\/www.reclamador.es\/blog\/wp-json\/wp\/v2\/media?parent=18354"}],"wp:term":[{"taxonomy":"category","embeddable":true,"href":"https:\/\/www.reclamador.es\/blog\/wp-json\/wp\/v2\/categories?post=18354"},{"taxonomy":"post_tag","embeddable":true,"href":"https:\/\/www.reclamador.es\/blog\/wp-json\/wp\/v2\/tags?post=18354"}],"curies":[{"name":"wp","href":"https:\/\/api.w.org\/{rel}","templated":true}]}}