{"id":1827,"date":"2025-06-12T12:32:00","date_gmt":"2025-06-12T10:32:00","guid":{"rendered":"https:\/\/www.reclamador.es\/blog\/?p=1827"},"modified":"2025-10-10T10:52:57","modified_gmt":"2025-10-10T08:52:57","slug":"lista-aerolineas-prohibidas-en-la-ue","status":"publish","type":"post","link":"https:\/\/www.reclamador.es\/blog\/lista-aerolineas-prohibidas-en-la-ue\/","title":{"rendered":"\u00bfQu\u00e9 aerol\u00edneas est\u00e1n prohibidas en la Uni\u00f3n Europea?"},"content":{"rendered":"<div class=\"ttr_start\"><\/div>\n\n<div class=\"kk-star-ratings kksr-auto kksr-align-right kksr-valign-top\"\n    data-payload='{&quot;align&quot;:&quot;right&quot;,&quot;id&quot;:&quot;1827&quot;,&quot;slug&quot;:&quot;default&quot;,&quot;valign&quot;:&quot;top&quot;,&quot;ignore&quot;:&quot;&quot;,&quot;reference&quot;:&quot;auto&quot;,&quot;class&quot;:&quot;&quot;,&quot;count&quot;:&quot;4&quot;,&quot;legendonly&quot;:&quot;&quot;,&quot;readonly&quot;:&quot;&quot;,&quot;score&quot;:&quot;5&quot;,&quot;starsonly&quot;:&quot;&quot;,&quot;best&quot;:&quot;5&quot;,&quot;gap&quot;:&quot;3&quot;,&quot;greet&quot;:&quot;Valora este art\u00edculo&quot;,&quot;legend&quot;:&quot;5\\\/5 - (4 votos)&quot;,&quot;size&quot;:&quot;20&quot;,&quot;title&quot;:&quot;\u00bfQu\u00e9 aerol\u00edneas est\u00e1n prohibidas en la Uni\u00f3n Europea?&quot;,&quot;width&quot;:&quot;113.5&quot;,&quot;_legend&quot;:&quot;{score}\\\/{best} - ({count} {votes})&quot;,&quot;font_factor&quot;:&quot;1.25&quot;}'>\n            \n<div class=\"kksr-stars\">\n    \n<div class=\"kksr-stars-inactive\">\n            <div class=\"kksr-star\" data-star=\"1\" style=\"padding-right: 3px\">\n            \n\n<div class=\"kksr-icon\" style=\"width: 20px; height: 20px;\"><\/div>\n        <\/div>\n            <div class=\"kksr-star\" data-star=\"2\" style=\"padding-right: 3px\">\n            \n\n<div class=\"kksr-icon\" style=\"width: 20px; height: 20px;\"><\/div>\n        <\/div>\n            <div class=\"kksr-star\" data-star=\"3\" style=\"padding-right: 3px\">\n            \n\n<div class=\"kksr-icon\" style=\"width: 20px; height: 20px;\"><\/div>\n        <\/div>\n            <div class=\"kksr-star\" data-star=\"4\" style=\"padding-right: 3px\">\n            \n\n<div class=\"kksr-icon\" style=\"width: 20px; height: 20px;\"><\/div>\n        <\/div>\n            <div class=\"kksr-star\" data-star=\"5\" style=\"padding-right: 3px\">\n            \n\n<div class=\"kksr-icon\" style=\"width: 20px; height: 20px;\"><\/div>\n        <\/div>\n    <\/div>\n    \n<div class=\"kksr-stars-active\" style=\"width: 113.5px;\">\n            <div class=\"kksr-star\" style=\"padding-right: 3px\">\n            \n\n<div class=\"kksr-icon\" style=\"width: 20px; height: 20px;\"><\/div>\n        <\/div>\n            <div class=\"kksr-star\" style=\"padding-right: 3px\">\n            \n\n<div class=\"kksr-icon\" style=\"width: 20px; height: 20px;\"><\/div>\n        <\/div>\n            <div class=\"kksr-star\" style=\"padding-right: 3px\">\n            \n\n<div class=\"kksr-icon\" style=\"width: 20px; height: 20px;\"><\/div>\n        <\/div>\n            <div class=\"kksr-star\" style=\"padding-right: 3px\">\n            \n\n<div class=\"kksr-icon\" style=\"width: 20px; height: 20px;\"><\/div>\n        <\/div>\n            <div class=\"kksr-star\" style=\"padding-right: 3px\">\n            \n\n<div class=\"kksr-icon\" style=\"width: 20px; height: 20px;\"><\/div>\n        <\/div>\n    <\/div>\n<\/div>\n                \n\n<div class=\"kksr-legend\" style=\"font-size: 16px;\">\n            5\/5 - (4 votos)    <\/div>\n    <\/div>\n<figure id=\"attachment_33222\" aria-describedby=\"caption-attachment-33222\" style=\"width: 1200px\" class=\"wp-caption aligncenter\"><img data-recalc-dims=\"1\" loading=\"lazy\" decoding=\"async\" class=\"size-full wp-image-33222\" src=\"https:\/\/i0.wp.com\/www.reclamador.es\/blog\/wp-content\/uploads\/2019\/05\/aerolineas-prohibidas-en-la-union-europea-1200x630-1.jpg?resize=1200%2C630&#038;ssl=1\" alt=\"Listado de aerol\u00edneas prohibidas en la Uni\u00f3n Europea\" width=\"1200\" height=\"630\" srcset=\"https:\/\/i0.wp.com\/www.reclamador.es\/blog\/wp-content\/uploads\/2019\/05\/aerolineas-prohibidas-en-la-union-europea-1200x630-1.jpg?w=1200&amp;ssl=1 1200w, https:\/\/i0.wp.com\/www.reclamador.es\/blog\/wp-content\/uploads\/2019\/05\/aerolineas-prohibidas-en-la-union-europea-1200x630-1.jpg?resize=800%2C420&amp;ssl=1 800w, https:\/\/i0.wp.com\/www.reclamador.es\/blog\/wp-content\/uploads\/2019\/05\/aerolineas-prohibidas-en-la-union-europea-1200x630-1.jpg?resize=150%2C79&amp;ssl=1 150w, https:\/\/i0.wp.com\/www.reclamador.es\/blog\/wp-content\/uploads\/2019\/05\/aerolineas-prohibidas-en-la-union-europea-1200x630-1.jpg?resize=768%2C403&amp;ssl=1 768w\" sizes=\"auto, (max-width: 1000px) 100vw, 1000px\" \/><figcaption id=\"caption-attachment-33222\" class=\"wp-caption-text\"><em>Listado de aerol\u00edneas prohibidas en la Uni\u00f3n Europea<\/em><\/figcaption><\/figure>\n<p><span style=\"font-weight: 400;\">Si por algo se quiere caracterizar la Uni\u00f3n Europea en cuanto a transporte a\u00e9reo se refiere es, sin duda, a conformarse como un espacio de seguridad para los pasajeros. <\/span><span style=\"font-weight: 400;\">Es por ello que no todas las aerol\u00edneas constituidas como tal pueden operar dentro del espacio a\u00e9reo europeo ni en sus <a href=\"https:\/\/www.reclamador.es\/aerolineas\/aeropuertos\/\">aeropuertos<\/a>. Aunque existe una pol\u00edtica de \u201ccielos abiertos\u201d, por la cual cualquier aerol\u00ednea europea puede volar a cualquier punto de Europa sin restricci\u00f3n, para las no comunitarias tienen que firmarse convenios bilaterales con cada pa\u00eds de la Uni\u00f3n que establecer\u00e1 las rutas que pueden realizar.<\/span><\/p>\n<p><span style=\"font-weight: 400;\">Para ello, crean una lista de aerol\u00edneas prohibidas en la Uni\u00f3n Europea y aunque no puedan operar en los estados de la UE, s\u00ed pueden hacerlo en sus respectivos pa\u00edses y en otros. <\/span><\/p>\n<p><span style=\"font-weight: 400;\">Recuerda que si tienes que hacer una <\/span><a href=\"https:\/\/www.reclamador.es\/aerolineas\/\"><span style=\"font-weight: 400;\">reclamaci\u00f3n de vuelo<\/span><\/a><span style=\"font-weight: 400;\">, y la incidencia ha sido con alguna de estas aerol\u00edneas, lo m\u00e1s probable es que te quedes sin la compensaci\u00f3n que te corresponde.<\/span><\/p>\n<h2><strong>Listado de aerol\u00edneas prohibidas en la Uni\u00f3n Europea<\/strong><\/h2>\n<h3><strong>Aerol\u00edneas de Europa cuya explotaci\u00f3n est\u00e1 prohibida en la UE<\/strong><\/h3>\n<ul>\n<li>Aurora Airlines (SHU)<\/li>\n<li>Aviacompany TUP)<\/li>\n<li>Izhavia (IZA)<\/li>\n<li>Joint Stock Company Aircompany Yakutia (SYL)<\/li>\n<li>Rusjet (RSJ)<\/li>\n<li>UVT Aero (UVT)<\/li>\n<li>JSC Siberia Airlines (SBI)<\/li>\n<li>JSC Smartavia Airline (AUL)<\/li>\n<li>JSC Iraero Airlines (IAE)<\/li>\n<li>JSC Ural Airlines (SVR)<\/li>\n<li>JSC Alrosa Air Company (DRU)<\/li>\n<li>NordStar Airlines (TYA)<\/li>\n<li>Rusline (RLU)<\/li>\n<li>JSC Yamal Airlines (LLM)<\/li>\n<li>LLC Nord Wind (NWS)<\/li>\n<li>LLC Aircompany Ikar (KAR)<\/li>\n<li>LTD I Fly (RSY)<\/li>\n<li>Pobeda Airlines (PBD)<\/li>\n<li>Aeroflot Russian Airlines (AFL)<\/li>\n<li>Rossiya Airlines (SDM)<\/li>\n<li>Utair Aviation (UTA)<\/li>\n<\/ul>\n<h3><strong>Aerol\u00edneas africanas cuya explotaci\u00f3n est\u00e1 prohibida en la UE<\/strong><\/h3>\n<ul>\n<li>Air Zimbabwe (AZW)<\/li>\n<li>Aerojet (TEJ)<\/li>\n<li>Guicanco<\/li>\n<li>Air Jet (MBC)<\/li>\n<li>Bestflya Aircraft Management<\/li>\n<li>Heliang<\/li>\n<li>SJL<\/li>\n<li>Sonair (SOR)<\/li>\n<li>Canadian Airways Congo (TWC)<\/li>\n<li>Equaflight (EKA)<\/li>\n<li>Equajet (EKJ)<\/li>\n<li>Trans Air Congo (TSG)<\/li>\n<li>Soci\u00e9t\u00e9 Nouvelle Air Congo<\/li>\n<li>AB Business<\/li>\n<li>Air Fast Congo<\/li>\n<li>Air Kasai<\/li>\n<li>Air Katanga<\/li>\n<li>Busy Bee Congo<\/li>\n<li>Compagnie Africaine d&#8217;Aviation (DBP)<\/li>\n<li>Congo Airways (COG)<\/li>\n<li>Goma Express<\/li>\n<li>Kin Avia<\/li>\n<li>Malu Aviation<\/li>\n<li>Serve Air Cargo<\/li>\n<li>Swala Aviation<\/li>\n<li>Tracep Congo Aviation<\/li>\n<li>Daallo Airlines (DAO)<\/li>\n<li>Ceiba Intercontinental\u00a0 (CEL)<\/li>\n<li>Cronos Airlines<\/li>\n<li>Eritrean Airlines (ERT)<\/li>\n<li>Nasair Eritrea (NAS)<\/li>\n<li>Afriqiyah Airways (AAW)<\/li>\n<li>Air Libya (TLR)<\/li>\n<li>Al Maha\u00a0Airways<\/li>\n<li>Berniq Airways (BNL)<\/li>\n<li>Buraq Air (BRQ)<\/li>\n<li>Global Air Transport (GAK)<\/li>\n<li>Hala Airlines (HTP)<\/li>\n<li>Libyan Wings Airlines (LWA)<\/li>\n<li>Libyan Airlines (LAA)<\/li>\n<li>STP Airways (STP)<\/li>\n<li>Alfa Airlines SD (AAJ)<\/li>\n<li>Badr Airlines (BDR)<\/li>\n<li>Blue Bird Aviation (BLB)<\/li>\n<li>Eldinder Aviation (DND)<\/li>\n<li>Green Flag Aviation (GNF)<\/li>\n<li>Helejetic Air (HJT)<\/li>\n<li>Kata Air Transport (KTV)<\/li>\n<li>Kush Aviation (KUH)<\/li>\n<li>Nova Airways (NOV)<\/li>\n<li>Sudan Airways (SUD)<\/li>\n<li>Sun Air (SNR)<\/li>\n<li>Tarco Air (TRQ)<\/li>\n<\/ul>\n<h3><strong>Aerol\u00edneas de Am\u00e9rica cuya explotaci\u00f3n est\u00e1 prohibida en la UE<\/strong><\/h3>\n<ul>\n<li>Avior Airlines (ROI)<\/li>\n<li>Blue Wing Airlines (BWI)<\/li>\n<\/ul>\n<h3><strong>Aerol\u00edneas asi\u00e1ticas cuya explotaci\u00f3n est\u00e1 prohibida en la UE<\/strong><\/h3>\n<ul>\n<li>Aero Nomad Airlines (ANK)<\/li>\n<li>Aerostan (BSC)<\/li>\n<li>Air Company Air KG (KGC)<\/li>\n<li>Air Company Moalem Aviation (AMA)<\/li>\n<li>Avia Traffic Company (AVJ)<\/li>\n<li>Central Asian Aviation Services (KAS)<\/li>\n<li>Flysky Airlines (FSQ)<\/li>\n<li>Global 8 Airlines<\/li>\n<li>Heli Sky (HAC)<\/li>\n<li>Sky Jet (SJL)<\/li>\n<li>Kap.KG Aircompany (KGS)<\/li>\n<li>Mac.KG Airlines (MSK)<\/li>\n<li>Sky KG Airlines (KGK)<\/li>\n<li>Sapsan Airline (KGB)<\/li>\n<li>Trans Caravan KG (TCK)<\/li>\n<li>Tez Jet (TEX)<\/li>\n<li>Ir\u00e1n Aseman Airlines (IRV)<\/li>\n<li>Fly Baghdad (FBA)<\/li>\n<li>Iraqi Airways (IAW)<\/li>\n<li>Ariana Afghan Airlines (AFG)<\/li>\n<li>Kam Air (KMF)<\/li>\n<li>Air Dilijans (NGT)<\/li>\n<li>Armenian Airlines (AAG)<\/li>\n<li>Armenia Airways (AMW)<\/li>\n<li>Armenian Helicopters (KAV)<\/li>\n<li>Fly Arna (ACY)<\/li>\n<li>Flyone Armenia (FIE)<\/li>\n<li>Novair (NAI)<\/li>\n<li>Shirak Avia (SHS)<\/li>\n<li>Skyball<\/li>\n<li>Air Dynasty<\/li>\n<li>Altitude Air Nepal<\/li>\n<li>Buddha Air (BHA)<\/li>\n<li>Fishtail Air<\/li>\n<li>Summit Air<\/li>\n<li>Heli Everest<\/li>\n<li>Himalaya Airlines (HIM)<\/li>\n<li>Kailash Helicopter Services<\/li>\n<li>Makalu Air<\/li>\n<li>Manang Air PVT<\/li>\n<li>Mountain Helicopters<\/li>\n<li>Prabhu Helicopters<\/li>\n<li>Nepal Airlines Corporation (RNA)<\/li>\n<li>Saurya Airlines<\/li>\n<li>Shree Airlines<\/li>\n<li>Simryk Air<\/li>\n<li>Simryk Airlines (RMK)<\/li>\n<li>Sita Air<\/li>\n<li>Tara Air<\/li>\n<li>Yeti Airlines (NYT)<\/li>\n<\/ul>\n<h6 style=\"text-align: center;\"><strong><a href=\"https:\/\/transport.ec.europa.eu\/document\/download\/3195fabb-7575-4db9-85b9-ec5a77b481aa_es?filename=air-safety-list-2023-11-30_es.pdf\" target=\"_blank\" rel=\"noopener\">Listado oficial 3\/06\/2025<\/a> de aerol\u00edneas prohibidas en la UE<\/strong><\/h6>\n<h2><b>\u00bfCu\u00e1les son los criterios que sigue la Uni\u00f3n Europea para declarar como prohibida a una aerol\u00ednea?<\/b><\/h2>\n<p><span style=\"font-weight: 400;\">La Uni\u00f3n Europea cuenta con un Comit\u00e9 de expertos que pertenecen a la Agencia Europea de Seguridad A\u00e9rea (EASA) que, con las inspecciones a las aeronaves deciden si incluir o no a las aerol\u00edneas en esta lista. Adem\u00e1s, tambi\u00e9n verifica el funcionamiento de las propias aerol\u00edneas.<\/span><\/p>\n<p><span style=\"font-weight: 400;\">La Comisi\u00f3n Europea informa que <em>\"El Reglamento (UE) n.\u00ba 452\/2014 de la Comisi\u00f3n exige que todos los operadores de terceros pa\u00edses est\u00e9n en posesi\u00f3n de una autorizaci\u00f3n \u00abParte-TCO\u00bb de la Agencia de la Uni\u00f3n Europea para la Seguridad A\u00e9rea (AESA) antes de efectuar un vuelo comercial desde o hacia la Uni\u00f3n, o dentro de ella.\"<\/em><\/span><\/p>\n<h2><b>\u00bfEs posible hacer una reclamaci\u00f3n a alguna de estas aerol\u00edneas?<\/b><\/h2>\n<p><span style=\"font-weight: 400;\">Normalmente, <strong>con este tipo de aerol\u00edneas no es posible la contrataci\u00f3n por internet o, incluso, a trav\u00e9s de agencias de viajes, pudiendo ser adquiridos los vuelos directamente con las propias compa\u00f1\u00edas<\/strong>. <\/span><\/p>\n<p><span style=\"font-weight: 400;\">Y como te hemos comentado anteriormente, si te ves afectado por un <a href=\"https:\/\/www.reclamador.es\/aerolineas\/retraso-vuelo\/\">retraso de vuelo<\/a>, <a href=\"https:\/\/www.reclamador.es\/aerolineas\/cancelacion-vuelo\/\">cancelaci\u00f3n<\/a> u <a href=\"https:\/\/www.reclamador.es\/aerolineas\/overbooking\/\">overbooking<\/a> con alguna de estas compa\u00f1\u00edas <strong>la reclamaci\u00f3n va a ser muy complicada. Son aerol\u00edneas que no tienen ni sede ni bienes en Espa\u00f1a<\/strong>, por lo que aunque el juzgado emita la sentencia, no tiene capacidad de embargar a la compa\u00f1\u00eda.<\/span><\/p>\n<p><span style=\"font-weight: 400;\">Nuestro consejo es que, en la medida de lo posible, evites viajar con alguna de estas aerol\u00edneas, ya que no cumplen con los est\u00e1ndares de seguridad europeos. Y recuerda que si tienes una incidencia con cualquier otra compa\u00f1\u00eda que no est\u00e9 prohibida en la Uni\u00f3n Europea, podemos ayudarte.<\/span><\/p>\n<p style=\"text-align: center;\">\n<div class=\"ttr_end\"><\/div>","protected":false},"excerpt":{"rendered":"<p>Si por algo se quiere caracterizar la Uni\u00f3n Europea en cuanto a transporte a\u00e9reo se refiere es, sin duda, a conformarse como un espacio de seguridad para los pasajeros. Es por ello que no todas las aerol\u00edneas constituidas como tal pueden operar dentro del espacio a\u00e9reo europeo ni en sus aeropuertos. Aunque existe una pol\u00edtica [&hellip;]<\/p>\n","protected":false},"author":28,"featured_media":33222,"comment_status":"open","ping_status":"open","sticky":false,"template":"","format":"standard","meta":{"_acf_changed":false,"_genesis_hide_title":false,"_genesis_hide_breadcrumbs":false,"_genesis_hide_singular_image":false,"_genesis_hide_footer_widgets":false,"_genesis_custom_body_class":"","_genesis_custom_post_class":"","_genesis_layout":"","_jetpack_newsletter_access":"","_jetpack_dont_email_post_to_subs":false,"_jetpack_newsletter_tier_id":0,"_jetpack_memberships_contains_paywalled_content":false,"_jetpack_memberships_contains_paid_content":false,"footnotes":""},"categories":[393],"tags":[380],"class_list":{"0":"post-1827","1":"post","2":"type-post","3":"status-publish","4":"format-standard","5":"has-post-thumbnail","7":"category-consejos","8":"tag-aerolineas","9":"entry"},"acf":[],"yoast_head":"<!-- This site is optimized with the Yoast SEO plugin v27.4 - https:\/\/yoast.com\/product\/yoast-seo-wordpress\/ -->\n<title>\u00bfQu\u00e9 aerol\u00edneas est\u00e1n prohibidas en la UE? listado 2025<\/title>\n<meta name=\"description\" content=\"La Uni\u00f3n Europea publica una lista de las aerol\u00edneas prohibidas en este territorio. Descubre cuales son y por qu\u00e9 est\u00e1n vetadas.\" \/>\n<meta name=\"robots\" content=\"index, follow, max-snippet:-1, max-image-preview:large, max-video-preview:-1\" \/>\n<link rel=\"canonical\" href=\"https:\/\/www.reclamador.es\/blog\/lista-aerolineas-prohibidas-en-la-ue\/\" \/>\n<meta property=\"og:locale\" content=\"es_ES\" \/>\n<meta property=\"og:type\" content=\"article\" \/>\n<meta property=\"og:title\" content=\"\u00bfQu\u00e9 aerol\u00edneas est\u00e1n prohibidas en la UE? listado 2025\" \/>\n<meta property=\"og:description\" content=\"La Uni\u00f3n Europea publica una lista de las aerol\u00edneas prohibidas en este territorio. Descubre cuales son y por qu\u00e9 est\u00e1n vetadas.\" \/>\n<meta property=\"og:url\" content=\"https:\/\/www.reclamador.es\/blog\/lista-aerolineas-prohibidas-en-la-ue\/\" \/>\n<meta property=\"og:site_name\" content=\"Rebeldes con causa, el blog de reclamador.es\" \/>\n<meta property=\"article:publisher\" content=\"https:\/\/www.facebook.com\/reclamador.es\" \/>\n<meta property=\"article:published_time\" content=\"2025-06-12T10:32:00+00:00\" \/>\n<meta property=\"article:modified_time\" content=\"2025-10-10T08:52:57+00:00\" \/>\n<meta property=\"og:image\" content=\"https:\/\/www.reclamador.es\/blog\/wp-content\/uploads\/2019\/05\/aerolineas-prohibidas-en-la-union-europea-1200x630-1.jpg\" \/>\n\t<meta property=\"og:image:width\" content=\"1200\" \/>\n\t<meta property=\"og:image:height\" content=\"630\" \/>\n\t<meta property=\"og:image:type\" content=\"image\/jpeg\" \/>\n<meta name=\"author\" content=\"Alicia Ria\u00f1o\" \/>\n<meta name=\"twitter:card\" content=\"summary_large_image\" \/>\n<meta name=\"twitter:creator\" content=\"@reclamador\" \/>\n<meta name=\"twitter:site\" content=\"@reclamador\" \/>\n<meta name=\"twitter:label1\" content=\"Escrito por\" \/>\n\t<meta name=\"twitter:data1\" content=\"Alicia Ria\u00f1o\" \/>\n\t<meta name=\"twitter:label2\" content=\"Tiempo de lectura\" \/>\n\t<meta name=\"twitter:data2\" content=\"5 minutos\" \/>\n<script type=\"application\/ld+json\" class=\"yoast-schema-graph\">{\"@context\":\"https:\\\/\\\/schema.org\",\"@graph\":[{\"@type\":\"Article\",\"@id\":\"https:\\\/\\\/www.reclamador.es\\\/blog\\\/lista-aerolineas-prohibidas-en-la-ue\\\/#article\",\"isPartOf\":{\"@id\":\"https:\\\/\\\/www.reclamador.es\\\/blog\\\/lista-aerolineas-prohibidas-en-la-ue\\\/\"},\"author\":{\"name\":\"Alicia Ria\u00f1o\",\"@id\":\"https:\\\/\\\/www.reclamador.es\\\/blog\\\/#\\\/schema\\\/person\\\/2a9d121a6362255b8129c6fda9caffd5\"},\"headline\":\"\u00bfQu\u00e9 aerol\u00edneas est\u00e1n prohibidas en la Uni\u00f3n Europea?\",\"datePublished\":\"2025-06-12T10:32:00+00:00\",\"dateModified\":\"2025-10-10T08:52:57+00:00\",\"mainEntityOfPage\":{\"@id\":\"https:\\\/\\\/www.reclamador.es\\\/blog\\\/lista-aerolineas-prohibidas-en-la-ue\\\/\"},\"wordCount\":951,\"commentCount\":0,\"publisher\":{\"@id\":\"https:\\\/\\\/www.reclamador.es\\\/blog\\\/#organization\"},\"image\":{\"@id\":\"https:\\\/\\\/www.reclamador.es\\\/blog\\\/lista-aerolineas-prohibidas-en-la-ue\\\/#primaryimage\"},\"thumbnailUrl\":\"https:\\\/\\\/i0.wp.com\\\/www.reclamador.es\\\/blog\\\/wp-content\\\/uploads\\\/2019\\\/05\\\/aerolineas-prohibidas-en-la-union-europea-1200x630-1.jpg?fit=1200%2C630&ssl=1\",\"keywords\":[\"aerol\u00edneas\"],\"articleSection\":[\"Consejos legales\"],\"inLanguage\":\"es\",\"potentialAction\":[{\"@type\":\"CommentAction\",\"name\":\"Comment\",\"target\":[\"https:\\\/\\\/www.reclamador.es\\\/blog\\\/lista-aerolineas-prohibidas-en-la-ue\\\/#respond\"]}]},{\"@type\":\"WebPage\",\"@id\":\"https:\\\/\\\/www.reclamador.es\\\/blog\\\/lista-aerolineas-prohibidas-en-la-ue\\\/\",\"url\":\"https:\\\/\\\/www.reclamador.es\\\/blog\\\/lista-aerolineas-prohibidas-en-la-ue\\\/\",\"name\":\"\u00bfQu\u00e9 aerol\u00edneas est\u00e1n prohibidas en la UE? listado 2025\",\"isPartOf\":{\"@id\":\"https:\\\/\\\/www.reclamador.es\\\/blog\\\/#website\"},\"primaryImageOfPage\":{\"@id\":\"https:\\\/\\\/www.reclamador.es\\\/blog\\\/lista-aerolineas-prohibidas-en-la-ue\\\/#primaryimage\"},\"image\":{\"@id\":\"https:\\\/\\\/www.reclamador.es\\\/blog\\\/lista-aerolineas-prohibidas-en-la-ue\\\/#primaryimage\"},\"thumbnailUrl\":\"https:\\\/\\\/i0.wp.com\\\/www.reclamador.es\\\/blog\\\/wp-content\\\/uploads\\\/2019\\\/05\\\/aerolineas-prohibidas-en-la-union-europea-1200x630-1.jpg?fit=1200%2C630&ssl=1\",\"datePublished\":\"2025-06-12T10:32:00+00:00\",\"dateModified\":\"2025-10-10T08:52:57+00:00\",\"description\":\"La Uni\u00f3n Europea publica una lista de las aerol\u00edneas prohibidas en este territorio. Descubre cuales son y por qu\u00e9 est\u00e1n vetadas.\",\"breadcrumb\":{\"@id\":\"https:\\\/\\\/www.reclamador.es\\\/blog\\\/lista-aerolineas-prohibidas-en-la-ue\\\/#breadcrumb\"},\"inLanguage\":\"es\",\"potentialAction\":[{\"@type\":\"ReadAction\",\"target\":[\"https:\\\/\\\/www.reclamador.es\\\/blog\\\/lista-aerolineas-prohibidas-en-la-ue\\\/\"]}]},{\"@type\":\"ImageObject\",\"inLanguage\":\"es\",\"@id\":\"https:\\\/\\\/www.reclamador.es\\\/blog\\\/lista-aerolineas-prohibidas-en-la-ue\\\/#primaryimage\",\"url\":\"https:\\\/\\\/i0.wp.com\\\/www.reclamador.es\\\/blog\\\/wp-content\\\/uploads\\\/2019\\\/05\\\/aerolineas-prohibidas-en-la-union-europea-1200x630-1.jpg?fit=1200%2C630&ssl=1\",\"contentUrl\":\"https:\\\/\\\/i0.wp.com\\\/www.reclamador.es\\\/blog\\\/wp-content\\\/uploads\\\/2019\\\/05\\\/aerolineas-prohibidas-en-la-union-europea-1200x630-1.jpg?fit=1200%2C630&ssl=1\",\"width\":1200,\"height\":630,\"caption\":\"Listado de aerol\u00edneas prohibidas en la Uni\u00f3n Europea\"},{\"@type\":\"BreadcrumbList\",\"@id\":\"https:\\\/\\\/www.reclamador.es\\\/blog\\\/lista-aerolineas-prohibidas-en-la-ue\\\/#breadcrumb\",\"itemListElement\":[{\"@type\":\"ListItem\",\"position\":1,\"name\":\"Portada\",\"item\":\"https:\\\/\\\/www.reclamador.es\\\/blog\\\/\"},{\"@type\":\"ListItem\",\"position\":2,\"name\":\"\u00bfQu\u00e9 aerol\u00edneas est\u00e1n prohibidas en la Uni\u00f3n Europea?\"}]},{\"@type\":\"WebSite\",\"@id\":\"https:\\\/\\\/www.reclamador.es\\\/blog\\\/#website\",\"url\":\"https:\\\/\\\/www.reclamador.es\\\/blog\\\/\",\"name\":\"Rebeldes con causa, el blog de reclamador.es\",\"description\":\"Noticias, entrevistas y consejos sobre reclamaciones\",\"publisher\":{\"@id\":\"https:\\\/\\\/www.reclamador.es\\\/blog\\\/#organization\"},\"potentialAction\":[{\"@type\":\"SearchAction\",\"target\":{\"@type\":\"EntryPoint\",\"urlTemplate\":\"https:\\\/\\\/www.reclamador.es\\\/blog\\\/?s={search_term_string}\"},\"query-input\":{\"@type\":\"PropertyValueSpecification\",\"valueRequired\":true,\"valueName\":\"search_term_string\"}}],\"inLanguage\":\"es\"},{\"@type\":\"Organization\",\"@id\":\"https:\\\/\\\/www.reclamador.es\\\/blog\\\/#organization\",\"name\":\"reclamador.es\",\"url\":\"https:\\\/\\\/www.reclamador.es\\\/blog\\\/\",\"logo\":{\"@type\":\"ImageObject\",\"inLanguage\":\"es\",\"@id\":\"https:\\\/\\\/www.reclamador.es\\\/blog\\\/#\\\/schema\\\/logo\\\/image\\\/\",\"url\":\"https:\\\/\\\/i0.wp.com\\\/www.reclamador.es\\\/blog\\\/wp-content\\\/uploads\\\/2020\\\/01\\\/logo-reclamador.png?fit=1200%2C144&ssl=1\",\"contentUrl\":\"https:\\\/\\\/i0.wp.com\\\/www.reclamador.es\\\/blog\\\/wp-content\\\/uploads\\\/2020\\\/01\\\/logo-reclamador.png?fit=1200%2C144&ssl=1\",\"width\":1200,\"height\":144,\"caption\":\"reclamador.es\"},\"image\":{\"@id\":\"https:\\\/\\\/www.reclamador.es\\\/blog\\\/#\\\/schema\\\/logo\\\/image\\\/\"},\"sameAs\":[\"https:\\\/\\\/www.facebook.com\\\/reclamador.es\",\"https:\\\/\\\/x.com\\\/reclamador\",\"https:\\\/\\\/www.instagram.com\\\/reclamador.es\\\/\",\"https:\\\/\\\/www.linkedin.com\\\/company\\\/reclamador-es\",\"https:\\\/\\\/www.youtube.com\\\/user\\\/Reclamadores\"]},{\"@type\":\"Person\",\"@id\":\"https:\\\/\\\/www.reclamador.es\\\/blog\\\/#\\\/schema\\\/person\\\/2a9d121a6362255b8129c6fda9caffd5\",\"name\":\"Alicia Ria\u00f1o\",\"image\":{\"@type\":\"ImageObject\",\"inLanguage\":\"es\",\"@id\":\"https:\\\/\\\/secure.gravatar.com\\\/avatar\\\/2915f7664bf5ed4baf932328fabfe761f32f21ec1b577e7d54a7fee6613de25f?s=96&d=mm&r=g\",\"url\":\"https:\\\/\\\/secure.gravatar.com\\\/avatar\\\/2915f7664bf5ed4baf932328fabfe761f32f21ec1b577e7d54a7fee6613de25f?s=96&d=mm&r=g\",\"contentUrl\":\"https:\\\/\\\/secure.gravatar.com\\\/avatar\\\/2915f7664bf5ed4baf932328fabfe761f32f21ec1b577e7d54a7fee6613de25f?s=96&d=mm&r=g\",\"caption\":\"Alicia Ria\u00f1o\"},\"description\":\"Periodista experta en comunicaci\u00f3n y marketing digital. Escribo para acercar la informaci\u00f3n legal de forma sencilla y comprensible a las personas.\",\"sameAs\":[\"https:\\\/\\\/www.linkedin.com\\\/in\\\/alicia-r-932a2959\"],\"url\":\"https:\\\/\\\/www.reclamador.es\\\/blog\\\/author\\\/alicia-riano\\\/\"}]}<\/script>\n<!-- \/ Yoast SEO plugin. -->","yoast_head_json":{"title":"\u00bfQu\u00e9 aerol\u00edneas est\u00e1n prohibidas en la UE? listado 2025","description":"La Uni\u00f3n Europea publica una lista de las aerol\u00edneas prohibidas en este territorio. Descubre cuales son y por qu\u00e9 est\u00e1n vetadas.","robots":{"index":"index","follow":"follow","max-snippet":"max-snippet:-1","max-image-preview":"max-image-preview:large","max-video-preview":"max-video-preview:-1"},"canonical":"https:\/\/www.reclamador.es\/blog\/lista-aerolineas-prohibidas-en-la-ue\/","og_locale":"es_ES","og_type":"article","og_title":"\u00bfQu\u00e9 aerol\u00edneas est\u00e1n prohibidas en la UE? listado 2025","og_description":"La Uni\u00f3n Europea publica una lista de las aerol\u00edneas prohibidas en este territorio. Descubre cuales son y por qu\u00e9 est\u00e1n vetadas.","og_url":"https:\/\/www.reclamador.es\/blog\/lista-aerolineas-prohibidas-en-la-ue\/","og_site_name":"Rebeldes con causa, el blog de reclamador.es","article_publisher":"https:\/\/www.facebook.com\/reclamador.es","article_published_time":"2025-06-12T10:32:00+00:00","article_modified_time":"2025-10-10T08:52:57+00:00","og_image":[{"width":1200,"height":630,"url":"https:\/\/www.reclamador.es\/blog\/wp-content\/uploads\/2019\/05\/aerolineas-prohibidas-en-la-union-europea-1200x630-1.jpg","type":"image\/jpeg"}],"author":"Alicia Ria\u00f1o","twitter_card":"summary_large_image","twitter_creator":"@reclamador","twitter_site":"@reclamador","twitter_misc":{"Escrito por":"Alicia Ria\u00f1o","Tiempo de lectura":"5 minutos"},"schema":{"@context":"https:\/\/schema.org","@graph":[{"@type":"Article","@id":"https:\/\/www.reclamador.es\/blog\/lista-aerolineas-prohibidas-en-la-ue\/#article","isPartOf":{"@id":"https:\/\/www.reclamador.es\/blog\/lista-aerolineas-prohibidas-en-la-ue\/"},"author":{"name":"Alicia Ria\u00f1o","@id":"https:\/\/www.reclamador.es\/blog\/#\/schema\/person\/2a9d121a6362255b8129c6fda9caffd5"},"headline":"\u00bfQu\u00e9 aerol\u00edneas est\u00e1n prohibidas en la Uni\u00f3n Europea?","datePublished":"2025-06-12T10:32:00+00:00","dateModified":"2025-10-10T08:52:57+00:00","mainEntityOfPage":{"@id":"https:\/\/www.reclamador.es\/blog\/lista-aerolineas-prohibidas-en-la-ue\/"},"wordCount":951,"commentCount":0,"publisher":{"@id":"https:\/\/www.reclamador.es\/blog\/#organization"},"image":{"@id":"https:\/\/www.reclamador.es\/blog\/lista-aerolineas-prohibidas-en-la-ue\/#primaryimage"},"thumbnailUrl":"https:\/\/i0.wp.com\/www.reclamador.es\/blog\/wp-content\/uploads\/2019\/05\/aerolineas-prohibidas-en-la-union-europea-1200x630-1.jpg?fit=1200%2C630&ssl=1","keywords":["aerol\u00edneas"],"articleSection":["Consejos legales"],"inLanguage":"es","potentialAction":[{"@type":"CommentAction","name":"Comment","target":["https:\/\/www.reclamador.es\/blog\/lista-aerolineas-prohibidas-en-la-ue\/#respond"]}]},{"@type":"WebPage","@id":"https:\/\/www.reclamador.es\/blog\/lista-aerolineas-prohibidas-en-la-ue\/","url":"https:\/\/www.reclamador.es\/blog\/lista-aerolineas-prohibidas-en-la-ue\/","name":"\u00bfQu\u00e9 aerol\u00edneas est\u00e1n prohibidas en la UE? listado 2025","isPartOf":{"@id":"https:\/\/www.reclamador.es\/blog\/#website"},"primaryImageOfPage":{"@id":"https:\/\/www.reclamador.es\/blog\/lista-aerolineas-prohibidas-en-la-ue\/#primaryimage"},"image":{"@id":"https:\/\/www.reclamador.es\/blog\/lista-aerolineas-prohibidas-en-la-ue\/#primaryimage"},"thumbnailUrl":"https:\/\/i0.wp.com\/www.reclamador.es\/blog\/wp-content\/uploads\/2019\/05\/aerolineas-prohibidas-en-la-union-europea-1200x630-1.jpg?fit=1200%2C630&ssl=1","datePublished":"2025-06-12T10:32:00+00:00","dateModified":"2025-10-10T08:52:57+00:00","description":"La Uni\u00f3n Europea publica una lista de las aerol\u00edneas prohibidas en este territorio. Descubre cuales son y por qu\u00e9 est\u00e1n vetadas.","breadcrumb":{"@id":"https:\/\/www.reclamador.es\/blog\/lista-aerolineas-prohibidas-en-la-ue\/#breadcrumb"},"inLanguage":"es","potentialAction":[{"@type":"ReadAction","target":["https:\/\/www.reclamador.es\/blog\/lista-aerolineas-prohibidas-en-la-ue\/"]}]},{"@type":"ImageObject","inLanguage":"es","@id":"https:\/\/www.reclamador.es\/blog\/lista-aerolineas-prohibidas-en-la-ue\/#primaryimage","url":"https:\/\/i0.wp.com\/www.reclamador.es\/blog\/wp-content\/uploads\/2019\/05\/aerolineas-prohibidas-en-la-union-europea-1200x630-1.jpg?fit=1200%2C630&ssl=1","contentUrl":"https:\/\/i0.wp.com\/www.reclamador.es\/blog\/wp-content\/uploads\/2019\/05\/aerolineas-prohibidas-en-la-union-europea-1200x630-1.jpg?fit=1200%2C630&ssl=1","width":1200,"height":630,"caption":"Listado de aerol\u00edneas prohibidas en la Uni\u00f3n Europea"},{"@type":"BreadcrumbList","@id":"https:\/\/www.reclamador.es\/blog\/lista-aerolineas-prohibidas-en-la-ue\/#breadcrumb","itemListElement":[{"@type":"ListItem","position":1,"name":"Portada","item":"https:\/\/www.reclamador.es\/blog\/"},{"@type":"ListItem","position":2,"name":"\u00bfQu\u00e9 aerol\u00edneas est\u00e1n prohibidas en la Uni\u00f3n Europea?"}]},{"@type":"WebSite","@id":"https:\/\/www.reclamador.es\/blog\/#website","url":"https:\/\/www.reclamador.es\/blog\/","name":"Rebeldes con causa, el blog de reclamador.es","description":"Noticias, entrevistas y consejos sobre reclamaciones","publisher":{"@id":"https:\/\/www.reclamador.es\/blog\/#organization"},"potentialAction":[{"@type":"SearchAction","target":{"@type":"EntryPoint","urlTemplate":"https:\/\/www.reclamador.es\/blog\/?s={search_term_string}"},"query-input":{"@type":"PropertyValueSpecification","valueRequired":true,"valueName":"search_term_string"}}],"inLanguage":"es"},{"@type":"Organization","@id":"https:\/\/www.reclamador.es\/blog\/#organization","name":"reclamador.es","url":"https:\/\/www.reclamador.es\/blog\/","logo":{"@type":"ImageObject","inLanguage":"es","@id":"https:\/\/www.reclamador.es\/blog\/#\/schema\/logo\/image\/","url":"https:\/\/i0.wp.com\/www.reclamador.es\/blog\/wp-content\/uploads\/2020\/01\/logo-reclamador.png?fit=1200%2C144&ssl=1","contentUrl":"https:\/\/i0.wp.com\/www.reclamador.es\/blog\/wp-content\/uploads\/2020\/01\/logo-reclamador.png?fit=1200%2C144&ssl=1","width":1200,"height":144,"caption":"reclamador.es"},"image":{"@id":"https:\/\/www.reclamador.es\/blog\/#\/schema\/logo\/image\/"},"sameAs":["https:\/\/www.facebook.com\/reclamador.es","https:\/\/x.com\/reclamador","https:\/\/www.instagram.com\/reclamador.es\/","https:\/\/www.linkedin.com\/company\/reclamador-es","https:\/\/www.youtube.com\/user\/Reclamadores"]},{"@type":"Person","@id":"https:\/\/www.reclamador.es\/blog\/#\/schema\/person\/2a9d121a6362255b8129c6fda9caffd5","name":"Alicia Ria\u00f1o","image":{"@type":"ImageObject","inLanguage":"es","@id":"https:\/\/secure.gravatar.com\/avatar\/2915f7664bf5ed4baf932328fabfe761f32f21ec1b577e7d54a7fee6613de25f?s=96&d=mm&r=g","url":"https:\/\/secure.gravatar.com\/avatar\/2915f7664bf5ed4baf932328fabfe761f32f21ec1b577e7d54a7fee6613de25f?s=96&d=mm&r=g","contentUrl":"https:\/\/secure.gravatar.com\/avatar\/2915f7664bf5ed4baf932328fabfe761f32f21ec1b577e7d54a7fee6613de25f?s=96&d=mm&r=g","caption":"Alicia Ria\u00f1o"},"description":"Periodista experta en comunicaci\u00f3n y marketing digital. Escribo para acercar la informaci\u00f3n legal de forma sencilla y comprensible a las personas.","sameAs":["https:\/\/www.linkedin.com\/in\/alicia-r-932a2959"],"url":"https:\/\/www.reclamador.es\/blog\/author\/alicia-riano\/"}]}},"jetpack_featured_media_url":"https:\/\/i0.wp.com\/www.reclamador.es\/blog\/wp-content\/uploads\/2019\/05\/aerolineas-prohibidas-en-la-union-europea-1200x630-1.jpg?fit=1200%2C630&ssl=1","jetpack-related-posts":[{"id":29358,"url":"https:\/\/www.reclamador.es\/blog\/vuelos-cancelados-ucrania-y-cierre-del-espacio-aereo\/","url_meta":{"origin":1827,"position":0},"title":"Vuelos cancelados en Ucrania y cierre del espacio a\u00e9reo: derechos de los viajeros","author":"Cristina Naveda","date":"28 febrero, 2022","format":false,"excerpt":"Las compa\u00f1\u00edas a\u00e9reas llevan d\u00edas suspendiendo sus vuelos a Ucrania ante el conflicto b\u00e9lico con Rusia y ante la negativa de las aseguradoras a cubrir las garant\u00edas en dicha situaci\u00f3n. As\u00ed, las aerol\u00edneas ucranianas han sacado sus aviones del pa\u00eds mientras que intentaban negociar con los seguros las coberturas en\u2026","rel":"","context":"En \u00abNoticias y actualidad\u00bb","block_context":{"text":"Noticias y actualidad","link":"https:\/\/www.reclamador.es\/blog\/noticias\/"},"img":{"alt_text":"kiev ucrania espacio aereo","src":"https:\/\/i0.wp.com\/www.reclamador.es\/blog\/wp-content\/uploads\/2022\/02\/cierre-del-espacio-aereo-ataque-a-ucrania.jpg?fit=1198%2C647&ssl=1&resize=350%2C200","width":350,"height":200,"srcset":"https:\/\/i0.wp.com\/www.reclamador.es\/blog\/wp-content\/uploads\/2022\/02\/cierre-del-espacio-aereo-ataque-a-ucrania.jpg?fit=1198%2C647&ssl=1&resize=350%2C200 1x, https:\/\/i0.wp.com\/www.reclamador.es\/blog\/wp-content\/uploads\/2022\/02\/cierre-del-espacio-aereo-ataque-a-ucrania.jpg?fit=1198%2C647&ssl=1&resize=525%2C300 1.5x, https:\/\/i0.wp.com\/www.reclamador.es\/blog\/wp-content\/uploads\/2022\/02\/cierre-del-espacio-aereo-ataque-a-ucrania.jpg?fit=1198%2C647&ssl=1&resize=700%2C400 2x, https:\/\/i0.wp.com\/www.reclamador.es\/blog\/wp-content\/uploads\/2022\/02\/cierre-del-espacio-aereo-ataque-a-ucrania.jpg?fit=1198%2C647&ssl=1&resize=1050%2C600 3x"},"classes":[]},{"id":20199,"url":"https:\/\/www.reclamador.es\/blog\/vuelos-retrasados-estudio-derechos-pasajeros\/","url_meta":{"origin":1827,"position":1},"title":"Vuelos retrasados o cancelados y los derechos de los pasajeros: an\u00e1lisis de la efectividad del Reglamento 261","author":"Equipo reclamador","date":"13 noviembre, 2020","format":false,"excerpt":"Si has sufrido un retraso o cancelaci\u00f3n de vuelo es posible que sepas qu\u00e9 es el Reglamento 261. Pues entre otras muchas cosas, regula la compensaci\u00f3n econ\u00f3mica que corresponde a los pasajeros a\u00e9reos en estos casos. Con este reglamento en la mano, cuando la aerol\u00ednea cancela tu vuelo o sufres\u2026","rel":"","context":"En \u00abNoticias y actualidad\u00bb","block_context":{"text":"Noticias y actualidad","link":"https:\/\/www.reclamador.es\/blog\/noticias\/"},"img":{"alt_text":"aerolineas reclamaciones reclamador","src":"https:\/\/i0.wp.com\/www.reclamador.es\/blog\/wp-content\/uploads\/2020\/11\/aerolineas-reglamento-261-reclamador.jpg?fit=1200%2C696&ssl=1&resize=350%2C200","width":350,"height":200,"srcset":"https:\/\/i0.wp.com\/www.reclamador.es\/blog\/wp-content\/uploads\/2020\/11\/aerolineas-reglamento-261-reclamador.jpg?fit=1200%2C696&ssl=1&resize=350%2C200 1x, https:\/\/i0.wp.com\/www.reclamador.es\/blog\/wp-content\/uploads\/2020\/11\/aerolineas-reglamento-261-reclamador.jpg?fit=1200%2C696&ssl=1&resize=525%2C300 1.5x, https:\/\/i0.wp.com\/www.reclamador.es\/blog\/wp-content\/uploads\/2020\/11\/aerolineas-reglamento-261-reclamador.jpg?fit=1200%2C696&ssl=1&resize=700%2C400 2x, https:\/\/i0.wp.com\/www.reclamador.es\/blog\/wp-content\/uploads\/2020\/11\/aerolineas-reglamento-261-reclamador.jpg?fit=1200%2C696&ssl=1&resize=1050%2C600 3x"},"classes":[]},{"id":23282,"url":"https:\/\/www.reclamador.es\/blog\/tjue-sentencia-tarjeta-de-embarque-no-es-obligatoria-para-reclamar\/","url_meta":{"origin":1827,"position":2},"title":"Sentencia TJUE: la tarjeta de embarque no es obligatoria para reclamar","author":"Esperanza Palacio","date":"4 noviembre, 2019","format":false,"excerpt":"El Tribunal de Justicia de la Uni\u00f3n Europea se ha pronunciado sobre la necesidad de disponer de la tarjeta de embarque para realizar una reclamaci\u00f3n frente a una compa\u00f1\u00eda a\u00e9rea por retrasos o cancelaciones de vuelos. En la sentencia, el TJUE\u00a0determina que los pasajeros a\u00e9reos podr\u00e1n reclamar las compensaciones econ\u00f3micas\u2026","rel":"","context":"En \u00abNoticias y actualidad\u00bb","block_context":{"text":"Noticias y actualidad","link":"https:\/\/www.reclamador.es\/blog\/noticias\/"},"img":{"alt_text":"TJUE tarjeta de embarque reclamador","src":"https:\/\/i0.wp.com\/www.reclamador.es\/blog\/wp-content\/uploads\/2019\/11\/191104_tarjeta_embarque_destacada.jpg?fit=800%2C419&ssl=1&resize=350%2C200","width":350,"height":200,"srcset":"https:\/\/i0.wp.com\/www.reclamador.es\/blog\/wp-content\/uploads\/2019\/11\/191104_tarjeta_embarque_destacada.jpg?fit=800%2C419&ssl=1&resize=350%2C200 1x, https:\/\/i0.wp.com\/www.reclamador.es\/blog\/wp-content\/uploads\/2019\/11\/191104_tarjeta_embarque_destacada.jpg?fit=800%2C419&ssl=1&resize=525%2C300 1.5x, https:\/\/i0.wp.com\/www.reclamador.es\/blog\/wp-content\/uploads\/2019\/11\/191104_tarjeta_embarque_destacada.jpg?fit=800%2C419&ssl=1&resize=700%2C400 2x"},"classes":[]},{"id":24111,"url":"https:\/\/www.reclamador.es\/blog\/encuesta-comision-europea-derechos-de-los-pasajeros\/","url_meta":{"origin":1827,"position":3},"title":"Eurobar\u00f3metro: \u00bfconocen los europeos sus derechos como pasajeros?","author":"Equipo reclamador","date":"4 febrero, 2020","format":false,"excerpt":"Recientemente hemos conocido un estudio de la Comisi\u00f3n Europea en el que analiza el nivel de conocimiento de los pasajeros europeos de sus derechos. Seg\u00fan este an\u00e1lisis, el 43% de los pasajeros que han viajado en avi\u00f3n, tren de larga distancia, barco o autob\u00fas en los \u00faltimos 12 meses conocen\u2026","rel":"","context":"En \u00abNoticias y actualidad\u00bb","block_context":{"text":"Noticias y actualidad","link":"https:\/\/www.reclamador.es\/blog\/noticias\/"},"img":{"alt_text":"Eurobarometro derechos pasajeros europeos","src":"https:\/\/i0.wp.com\/www.reclamador.es\/blog\/wp-content\/uploads\/2020\/02\/eurobarometro-derechos-pasajeros-europeos_destacada.jpg?fit=800%2C419&ssl=1&resize=350%2C200","width":350,"height":200,"srcset":"https:\/\/i0.wp.com\/www.reclamador.es\/blog\/wp-content\/uploads\/2020\/02\/eurobarometro-derechos-pasajeros-europeos_destacada.jpg?fit=800%2C419&ssl=1&resize=350%2C200 1x, https:\/\/i0.wp.com\/www.reclamador.es\/blog\/wp-content\/uploads\/2020\/02\/eurobarometro-derechos-pasajeros-europeos_destacada.jpg?fit=800%2C419&ssl=1&resize=525%2C300 1.5x, https:\/\/i0.wp.com\/www.reclamador.es\/blog\/wp-content\/uploads\/2020\/02\/eurobarometro-derechos-pasajeros-europeos_destacada.jpg?fit=800%2C419&ssl=1&resize=700%2C400 2x"},"classes":[]},{"id":18021,"url":"https:\/\/www.reclamador.es\/blog\/tjue-avala-indemnizaciones-huelgas-de-pilotos\/","url_meta":{"origin":1827,"position":4},"title":"El TJUE avala las indemnizaciones a los pasajeros ante una huelga de personal","author":"Equipo reclamador","date":"27 abril, 2018","format":false,"excerpt":"Los retrasos y las cancelaciones de los vuelos por culpa de las huelgas de personal de la compa\u00f1\u00eda a\u00e9rea son reclamables. As\u00ed lo dictamin\u00f3 el TJUE el pasado 17 de abril, dando un paso m\u00e1s en la protecci\u00f3n de los derechos de los pasajeros. El Tribunal de Justicia de la\u2026","rel":"","context":"En \u00abNoticias y actualidad\u00bb","block_context":{"text":"Noticias y actualidad","link":"https:\/\/www.reclamador.es\/blog\/noticias\/"},"img":{"alt_text":"huelga personal aerolineas indemnizacion reclamador","src":"https:\/\/i0.wp.com\/www.reclamador.es\/blog\/wp-content\/uploads\/2018\/04\/sentenia-TJUE-huelga-aerolineas-reclamador.jpg?fit=1200%2C800&ssl=1&resize=350%2C200","width":350,"height":200,"srcset":"https:\/\/i0.wp.com\/www.reclamador.es\/blog\/wp-content\/uploads\/2018\/04\/sentenia-TJUE-huelga-aerolineas-reclamador.jpg?fit=1200%2C800&ssl=1&resize=350%2C200 1x, https:\/\/i0.wp.com\/www.reclamador.es\/blog\/wp-content\/uploads\/2018\/04\/sentenia-TJUE-huelga-aerolineas-reclamador.jpg?fit=1200%2C800&ssl=1&resize=525%2C300 1.5x, https:\/\/i0.wp.com\/www.reclamador.es\/blog\/wp-content\/uploads\/2018\/04\/sentenia-TJUE-huelga-aerolineas-reclamador.jpg?fit=1200%2C800&ssl=1&resize=700%2C400 2x, https:\/\/i0.wp.com\/www.reclamador.es\/blog\/wp-content\/uploads\/2018\/04\/sentenia-TJUE-huelga-aerolineas-reclamador.jpg?fit=1200%2C800&ssl=1&resize=1050%2C600 3x"},"classes":[]},{"id":35806,"url":"https:\/\/www.reclamador.es\/blog\/sentencia-europa-comision-de-intermediacion-agencias-de-viajes\/","url_meta":{"origin":1827,"position":5},"title":"Sentencia de la justicia europea sobre la comisi\u00f3n de intermediaci\u00f3n de las agencias de viajes","author":"Leticia Grande","date":"24 marzo, 2026","format":false,"excerpt":"Hoy os traemos una importante sentencia del Tribunal de Justicia de la Uni\u00f3n Europea (TJUE) sobre la devoluci\u00f3n de la comisi\u00f3n de intermediaci\u00f3n en reclamaciones a\u00e9reas. Se trata de una sentencia de la Sala Cuarta del TJUE de 15 de enero de 2026 (asunto C45-24).\u00a0 \u00bfQu\u00e9 juzgaba el TJUE sobre\u2026","rel":"","context":"En \u00abNoticias y actualidad\u00bb","block_context":{"text":"Noticias y actualidad","link":"https:\/\/www.reclamador.es\/blog\/noticias\/"},"img":{"alt_text":"comisi\u00f3n de intermediaci\u00f3n","src":"https:\/\/i0.wp.com\/www.reclamador.es\/blog\/wp-content\/uploads\/2026\/03\/comision-de-intermediacion-agencia-viajes-sentencia-europa.jpg?fit=1200%2C630&ssl=1&resize=350%2C200","width":350,"height":200,"srcset":"https:\/\/i0.wp.com\/www.reclamador.es\/blog\/wp-content\/uploads\/2026\/03\/comision-de-intermediacion-agencia-viajes-sentencia-europa.jpg?fit=1200%2C630&ssl=1&resize=350%2C200 1x, https:\/\/i0.wp.com\/www.reclamador.es\/blog\/wp-content\/uploads\/2026\/03\/comision-de-intermediacion-agencia-viajes-sentencia-europa.jpg?fit=1200%2C630&ssl=1&resize=525%2C300 1.5x, https:\/\/i0.wp.com\/www.reclamador.es\/blog\/wp-content\/uploads\/2026\/03\/comision-de-intermediacion-agencia-viajes-sentencia-europa.jpg?fit=1200%2C630&ssl=1&resize=700%2C400 2x, https:\/\/i0.wp.com\/www.reclamador.es\/blog\/wp-content\/uploads\/2026\/03\/comision-de-intermediacion-agencia-viajes-sentencia-europa.jpg?fit=1200%2C630&ssl=1&resize=1050%2C600 3x"},"classes":[]}],"jetpack_sharing_enabled":true,"_links":{"self":[{"href":"https:\/\/www.reclamador.es\/blog\/wp-json\/wp\/v2\/posts\/1827","targetHints":{"allow":["GET"]}}],"collection":[{"href":"https:\/\/www.reclamador.es\/blog\/wp-json\/wp\/v2\/posts"}],"about":[{"href":"https:\/\/www.reclamador.es\/blog\/wp-json\/wp\/v2\/types\/post"}],"author":[{"embeddable":true,"href":"https:\/\/www.reclamador.es\/blog\/wp-json\/wp\/v2\/users\/28"}],"replies":[{"embeddable":true,"href":"https:\/\/www.reclamador.es\/blog\/wp-json\/wp\/v2\/comments?post=1827"}],"version-history":[{"count":22,"href":"https:\/\/www.reclamador.es\/blog\/wp-json\/wp\/v2\/posts\/1827\/revisions"}],"predecessor-version":[{"id":35111,"href":"https:\/\/www.reclamador.es\/blog\/wp-json\/wp\/v2\/posts\/1827\/revisions\/35111"}],"wp:featuredmedia":[{"embeddable":true,"href":"https:\/\/www.reclamador.es\/blog\/wp-json\/wp\/v2\/media\/33222"}],"wp:attachment":[{"href":"https:\/\/www.reclamador.es\/blog\/wp-json\/wp\/v2\/media?parent=1827"}],"wp:term":[{"taxonomy":"category","embeddable":true,"href":"https:\/\/www.reclamador.es\/blog\/wp-json\/wp\/v2\/categories?post=1827"},{"taxonomy":"post_tag","embeddable":true,"href":"https:\/\/www.reclamador.es\/blog\/wp-json\/wp\/v2\/tags?post=1827"}],"curies":[{"name":"wp","href":"https:\/\/api.w.org\/{rel}","templated":true}]}}