{"id":17739,"date":"2021-08-24T09:00:00","date_gmt":"2021-08-24T07:00:00","guid":{"rendered":"https:\/\/www.reclamador.es\/blog\/?p=17739"},"modified":"2025-08-22T08:34:51","modified_gmt":"2025-08-22T06:34:51","slug":"guia-impuesto-transmisiones-patrimoniales","status":"publish","type":"post","link":"https:\/\/www.reclamador.es\/blog\/guia-impuesto-transmisiones-patrimoniales\/","title":{"rendered":"Gu\u00eda del Impuesto de Transmisiones Patrimoniales"},"content":{"rendered":"<div class=\"ttr_start\"><\/div>\n\n<div class=\"kk-star-ratings kksr-auto kksr-align-right kksr-valign-top\"\n    data-payload='{&quot;align&quot;:&quot;right&quot;,&quot;id&quot;:&quot;17739&quot;,&quot;slug&quot;:&quot;default&quot;,&quot;valign&quot;:&quot;top&quot;,&quot;ignore&quot;:&quot;&quot;,&quot;reference&quot;:&quot;auto&quot;,&quot;class&quot;:&quot;&quot;,&quot;count&quot;:&quot;6&quot;,&quot;legendonly&quot;:&quot;&quot;,&quot;readonly&quot;:&quot;&quot;,&quot;score&quot;:&quot;5&quot;,&quot;starsonly&quot;:&quot;&quot;,&quot;best&quot;:&quot;5&quot;,&quot;gap&quot;:&quot;3&quot;,&quot;greet&quot;:&quot;Valora este art\u00edculo&quot;,&quot;legend&quot;:&quot;5\\\/5 - (6 votos)&quot;,&quot;size&quot;:&quot;20&quot;,&quot;title&quot;:&quot;Gu\u00eda del Impuesto de Transmisiones Patrimoniales&quot;,&quot;width&quot;:&quot;113.5&quot;,&quot;_legend&quot;:&quot;{score}\\\/{best} - ({count} {votes})&quot;,&quot;font_factor&quot;:&quot;1.25&quot;}'>\n            \n<div class=\"kksr-stars\">\n    \n<div class=\"kksr-stars-inactive\">\n            <div class=\"kksr-star\" data-star=\"1\" style=\"padding-right: 3px\">\n            \n\n<div class=\"kksr-icon\" style=\"width: 20px; height: 20px;\"><\/div>\n        <\/div>\n            <div class=\"kksr-star\" data-star=\"2\" style=\"padding-right: 3px\">\n            \n\n<div class=\"kksr-icon\" style=\"width: 20px; height: 20px;\"><\/div>\n        <\/div>\n            <div class=\"kksr-star\" data-star=\"3\" style=\"padding-right: 3px\">\n            \n\n<div class=\"kksr-icon\" style=\"width: 20px; height: 20px;\"><\/div>\n        <\/div>\n            <div class=\"kksr-star\" data-star=\"4\" style=\"padding-right: 3px\">\n            \n\n<div class=\"kksr-icon\" style=\"width: 20px; height: 20px;\"><\/div>\n        <\/div>\n            <div class=\"kksr-star\" data-star=\"5\" style=\"padding-right: 3px\">\n            \n\n<div class=\"kksr-icon\" style=\"width: 20px; height: 20px;\"><\/div>\n        <\/div>\n    <\/div>\n    \n<div class=\"kksr-stars-active\" style=\"width: 113.5px;\">\n            <div class=\"kksr-star\" style=\"padding-right: 3px\">\n            \n\n<div class=\"kksr-icon\" style=\"width: 20px; height: 20px;\"><\/div>\n        <\/div>\n            <div class=\"kksr-star\" style=\"padding-right: 3px\">\n            \n\n<div class=\"kksr-icon\" style=\"width: 20px; height: 20px;\"><\/div>\n        <\/div>\n            <div class=\"kksr-star\" style=\"padding-right: 3px\">\n            \n\n<div class=\"kksr-icon\" style=\"width: 20px; height: 20px;\"><\/div>\n        <\/div>\n            <div class=\"kksr-star\" style=\"padding-right: 3px\">\n            \n\n<div class=\"kksr-icon\" style=\"width: 20px; height: 20px;\"><\/div>\n        <\/div>\n            <div class=\"kksr-star\" style=\"padding-right: 3px\">\n            \n\n<div class=\"kksr-icon\" style=\"width: 20px; height: 20px;\"><\/div>\n        <\/div>\n    <\/div>\n<\/div>\n                \n\n<div class=\"kksr-legend\" style=\"font-size: 16px;\">\n            5\/5 - (6 votos)    <\/div>\n    <\/div>\n\n<p><em>*Actualizado abril 2023<\/em><\/p>\n\n\n<figure id=\"attachment_30930\" aria-describedby=\"caption-attachment-30930\" style=\"width: 1200px\" class=\"wp-caption aligncenter\"><img data-recalc-dims=\"1\" loading=\"lazy\" decoding=\"async\" class=\"size-full wp-image-30930\" src=\"https:\/\/i0.wp.com\/www.reclamador.es\/blog\/wp-content\/uploads\/2021\/08\/Guia-del-impuesto-de-transmisiones-patrimoniales.jpg?resize=1200%2C675&#038;ssl=1\" alt=\"Gu\u00eda del impuesto de transmisiones patrimoniales\" width=\"1200\" height=\"675\" srcset=\"https:\/\/i0.wp.com\/www.reclamador.es\/blog\/wp-content\/uploads\/2021\/08\/Guia-del-impuesto-de-transmisiones-patrimoniales.jpg?w=1200&amp;ssl=1 1200w, https:\/\/i0.wp.com\/www.reclamador.es\/blog\/wp-content\/uploads\/2021\/08\/Guia-del-impuesto-de-transmisiones-patrimoniales.jpg?resize=800%2C450&amp;ssl=1 800w, https:\/\/i0.wp.com\/www.reclamador.es\/blog\/wp-content\/uploads\/2021\/08\/Guia-del-impuesto-de-transmisiones-patrimoniales.jpg?resize=150%2C84&amp;ssl=1 150w, https:\/\/i0.wp.com\/www.reclamador.es\/blog\/wp-content\/uploads\/2021\/08\/Guia-del-impuesto-de-transmisiones-patrimoniales.jpg?resize=768%2C432&amp;ssl=1 768w\" sizes=\"auto, (max-width: 1000px) 100vw, 1000px\" \/><figcaption id=\"caption-attachment-30930\" class=\"wp-caption-text\"><em>Gu\u00eda del impuesto de transmisiones patrimoniales<\/em><\/figcaption><\/figure>\n<p><span style=\"font-weight: 400;\">Compra de vivienda de segunda mano, adquisici\u00f3n de veh\u00edculos usados, compras de art\u00edculos en <a href=\"https:\/\/www.reclamador.es\/blog\/impuesto-compras-segunda-mano\/\">Wallapop, Vibbo<\/a>\u2026 Estos son varios supuestos en los que se debe, o deber\u00eda, pagar el <strong>Impuesto de Transmisiones Patrimoniales (<b>\u00a0ITP)<\/b><\/strong>. Y decimos deber\u00eda porque es raro encontrarnos con casos en los que las compras entre particulares se declaren y abonen el ITP. <\/span><\/p>\n<p>En este art\u00edculo vamos a ver qu\u00e9 es el ITP, cu\u00e1ndo se debe liquidar, qui\u00e9n debe pagar este impuesto o qu\u00e9 plazo existe para abonar el Impuesto de Transmisiones Patrimoniales.<\/p>\n<h2 id=\"queitp\"><b>\u00bfQu\u00e9 es el ITP?<\/b><\/h2>\n<p><span style=\"font-weight: 400;\">Antes de continuar, vamos a definir <strong>qu\u00e9 es el Impuesto de Transmisiones Patrimoniales o ITP<\/strong>. Lo primero que debemos saber es que su nombre t\u00e9cnico es <a href=\"https:\/\/www.boe.es\/legislacion\/codigos\/codigo.php?id=65&amp;modo=1&amp;nota=0&amp;tab=2\" target=\"_blank\" rel=\"nofollow noopener noreferrer\">Impuesto sobre Transmisiones Patrimoniales y Actos Jur\u00eddicos Documentados<\/a>. Se define como un tributo de naturaleza indirecta que grava las transmisiones patrimoniales onerosas, es decir, que ocasionan un gasto. Se aplica tambi\u00e9n a actividades societarias y actos jur\u00eddicos documentados.<\/span><\/p>\n<p><span style=\"font-weight: 400;\">Centr\u00e1ndonos en esta ocasi\u00f3n exclusivamente en las transmisiones patrimoniales onerosas y, una vez definido qu\u00e9 es el <a href=\"https:\/\/www.reclamador.es\/blog\/obligacion-pago-itp-deduccion-alquiler-madrid\/\">ITP<\/a>, veamos cu\u00e1ndo y cu\u00e1nto se debe abonar por este tributo.<\/span><\/p>\n<h2 id=\"sujeto\"><b>\u00bfQui\u00e9n es el sujeto pasivo del ITP o qui\u00e9n tiene que pagar el impuesto?<\/b><\/h2>\n<p><span style=\"font-weight: 400;\">El <\/span><b>sujeto pasivo<\/b><span style=\"font-weight: 400;\">, es decir, el obligado al pago de este impuesto, <\/span><b>es la persona que adquiere el bien o el derecho real<\/b><span style=\"font-weight: 400;\">. Por ejemplo, cuando se compra una vivienda de segunda mano, el obligado al pago del ITP es el comprador.<\/span><\/p>\n<h2 id=\"plazo\"><b>\u00bfQu\u00e9 plazo existe y d\u00f3nde se debe abonar el Impuesto de Transmisiones Patrimoniales?<\/b><\/h2>\n<p><span style=\"font-weight: 400;\">El plazo es de <\/span><b>30 d\u00edas h\u00e1biles<\/b><span style=\"font-weight: 400;\">, contando a partir del d\u00eda siguiente al que se adquiere el bien mueble o inmueble o los derechos a trav\u00e9s de contrato, ya sea p\u00fablico o privado.<\/span><\/p>\n<p><span style=\"font-weight: 400;\">En cuanto a <\/span><b>d\u00f3nde se debe pagar el ITP<\/b><span style=\"font-weight: 400;\">, este tributo est\u00e1 cedido a las comunidades aut\u00f3nomas, por lo que su abono se deber\u00e1 realizar en la Delegaci\u00f3n de Hacienda de la comunidad aut\u00f3noma. Para ello, hay que rellenar y presentar el impreso oficial.<\/span><\/p>\n<p><span style=\"font-weight: 400;\">Es importante conocer las diferencias entre haber realizado escritura p\u00fablica o contrato privado a la hora de realizar el pago del Impuesto de Transmisiones Patrimoniales.<\/span><\/p>\n<h3><strong>ITP: escritura p\u00fablica<\/strong><\/h3>\n<p><b>Si se ha realizado escritura p\u00fablica<\/b><span style=\"font-weight: 400;\"> se debe presentar la primera copia y copia simple creada en la notar\u00eda, adem\u00e1s del DNI o CIF.<\/span><\/p>\n<h3><strong>Impuesto de Transmisiones Patrimoniales: contrato privado<\/strong><\/h3>\n<p>Mientras que, <b>si se ha realizado contrato privado <\/b>s<span style=\"font-weight: 400;\">e debe presentar el original y una copia del contrato formalizado. Tambi\u00e9n es obligatorio aportar el DNI o CIF.<\/span><\/p>\n<h2 id=\"cuotatributaria\"><b>\u00bfQu\u00e9 porcentaje de ITP se debe pagar? Cuota tributaria<\/b><\/h2>\n<p><span style=\"font-weight: 400;\">En cuenta a la cuota tributaria, es decir, lo que se debe pagar en concepto de Impuesto de Transmisiones Patrimoniales, debemos diferenciar los siguientes supuestos, si la comunidad aut\u00f3noma no lo regula de manera diferente:<\/span><\/p>\n<ul>\n<li style=\"font-weight: 400;\"><b>1%<\/b><span style=\"font-weight: 400;\"> en la constituci\u00f3n de derechos reales de garant\u00eda, pensiones, fianzas o pr\u00e9stamos. Tambi\u00e9n se aplicar\u00e1 para la cesi\u00f3n de cr\u00e9ditos de cualquier naturaleza.<\/span><\/li>\n<li style=\"font-weight: 400;\"><b>4%<\/b><span style=\"font-weight: 400;\"> para la transmisi\u00f3n de bienes muebles. Tambi\u00e9n se aplica un 4% en la constituci\u00f3n y cesi\u00f3n de derechos reales, excepto a los derechos reales de garant\u00eda.<\/span><\/li>\n<li style=\"font-weight: 400;\"><b>6%<\/b><span style=\"font-weight: 400;\"> a la transmisi\u00f3n de inmuebles, as\u00ed como la constituci\u00f3n y cesi\u00f3n de derechos reales sobre los mismos, excepto a los derechos reales de garant\u00eda.<\/span><\/li>\n<\/ul>\n<h2><b>\u00bfEn qu\u00e9 ocasiones se aplica un ITP reducido?<\/b><\/h2>\n<p><span style=\"font-weight: 400;\">Se trata de un impuesto que regula cada comunidad aut\u00f3noma de manera independiente, por lo que te recomendamos que confirmes los casos de ITP reducido de tu comunidad. Pero en general, la mayor\u00eda de las comunidades aut\u00f3nomas cuentan con algunas bonificaciones en este impuesto para la adquisici\u00f3n de vivienda de uso habitual por parte de familias numerosas. Tambi\u00e9n algunas reducen este impuesto en caso de discapacidad del titular de la vivienda, si se es menor de 35 a\u00f1os o para transmisiones de VPO.\u00a0\u00a0<\/span><\/p>\n<h2 id=\"ventavivienda\"><b>Venta de vivienda e impuestos<\/b><\/h2>\n<p><span style=\"font-weight: 400;\">Como hemos se\u00f1alado anteriormente, cuando se compra una vivienda de segunda mano hay que pagar el Impuesto de Transmisiones Patrimoniales. <a href=\"https:\/\/www.reclamador.es\/blog\/impuestos-vender-casa\/\">\u00bfQu\u00e9 impuesto se debe pagar cuando se vende una vivienda?<\/a><\/span><\/p>\n<p><em><span style=\"font-weight: 400;\">*Novedades noviembre 2021. <\/span><\/em><\/p>\n<p><span style=\"font-weight: 400;\">El principal tributo que se abona al vender una vivienda es la plusval\u00eda municipal. Se trata de un pol\u00e9mico impuesto y con importantes novedades desde octubre de 2021, cuando conocimos la sentencia del Tribunal Constitucional que declar\u00f3 la inconstitucionalidad y nulidad los art\u00edculos 107.1, segundo p\u00e1rrafo, 107.2.a) y 107.4 del texto refundido de la Ley reguladora de las Haciendas Locales (RD Legislativo 2\/2004, de 5 de marzo). Estos son los referentes al m\u00e9todo de c\u00e1lculo de la plusval\u00eda municipal. Tras esta sentencia, el 9 de noviembre de 2021 entr\u00f3 en vigor el <em>\"<a href=\"https:\/\/www.boe.es\/boe\/dias\/2021\/11\/09\/pdfs\/BOE-A-2021-18276.pdf\" target=\"_blank\" rel=\"noopener noreferrer\">Real Decreto-ley 26\/2021, de 8 de noviembre<\/a>, por el que se adapta el texto <\/em><em>refundido de la Ley Reguladora de las Haciendas Locales, aprobado por el <\/em><em>Real Decreto Legislativo 2\/2004, de 5 de marzo, a la reciente jurisprudencia <\/em><em>del Tribunal Constitucional respecto del Impuesto sobre el Incremento de <\/em><em>Valor de los Terrenos de Naturaleza Urbana\"<\/em> que introduce las bases para el nuevo m\u00e9todo de c\u00e1lculo de la plusval\u00eda municipal.\u00a0<\/span><\/p>\n<p>Si te ha parecido interesante este contenido, comp\u00e1rtelo en tus redes.<\/p>\n<p>\ud83d\ude42<\/p><div class=\"ttr_end\"><\/div>","protected":false},"excerpt":{"rendered":"<p>*Actualizado abril 2023 Compra de vivienda de segunda mano, adquisici\u00f3n de veh\u00edculos usados, compras de art\u00edculos en Wallapop, Vibbo\u2026 Estos son varios supuestos en los que se debe, o deber\u00eda, pagar el Impuesto de Transmisiones Patrimoniales (\u00a0ITP). Y decimos deber\u00eda porque es raro encontrarnos con casos en los que las compras entre particulares se declaren [&hellip;]<\/p>\n","protected":false},"author":1,"featured_media":30930,"comment_status":"open","ping_status":"open","sticky":false,"template":"","format":"standard","meta":{"_acf_changed":false,"_genesis_hide_title":false,"_genesis_hide_breadcrumbs":false,"_genesis_hide_singular_image":false,"_genesis_hide_footer_widgets":false,"_genesis_custom_body_class":"","_genesis_custom_post_class":"","_genesis_layout":"","_jetpack_newsletter_access":"","_jetpack_dont_email_post_to_subs":false,"_jetpack_newsletter_tier_id":0,"_jetpack_memberships_contains_paywalled_content":false,"_jetpack_memberships_contains_paid_content":false,"footnotes":""},"categories":[393],"tags":[701,762],"class_list":{"0":"post-17739","1":"post","2":"type-post","3":"status-publish","4":"format-standard","5":"has-post-thumbnail","7":"category-consejos","8":"tag-plusvalia-municipal","9":"tag-servicios","10":"entry"},"acf":[],"yoast_head":"<!-- This site is optimized with the Yoast SEO plugin v27.4 - https:\/\/yoast.com\/product\/yoast-seo-wordpress\/ -->\n<title>Gu\u00eda sobre el Impuesto de Transmisiones Patrimoniales (ITP)<\/title>\n<meta name=\"description\" content=\"Qu\u00e9 es el ITP, d\u00f3nde o cu\u00e1nto se abona y cu\u00e1l es el plazo para pagar el impuesto de transmisiones patrimoniales. Gu\u00eda sobre ITP.\" \/>\n<meta name=\"robots\" content=\"index, follow, max-snippet:-1, max-image-preview:large, max-video-preview:-1\" \/>\n<link rel=\"canonical\" href=\"https:\/\/www.reclamador.es\/blog\/guia-impuesto-transmisiones-patrimoniales\/\" \/>\n<meta property=\"og:locale\" content=\"es_ES\" \/>\n<meta property=\"og:type\" content=\"article\" \/>\n<meta property=\"og:title\" content=\"Gu\u00eda sobre el Impuesto de Transmisiones Patrimoniales (ITP)\" \/>\n<meta property=\"og:description\" content=\"Qu\u00e9 es el ITP, d\u00f3nde o cu\u00e1nto se abona y cu\u00e1l es el plazo para pagar el impuesto de transmisiones patrimoniales. Gu\u00eda sobre ITP.\" \/>\n<meta property=\"og:url\" content=\"https:\/\/www.reclamador.es\/blog\/guia-impuesto-transmisiones-patrimoniales\/\" \/>\n<meta property=\"og:site_name\" content=\"Rebeldes con causa, el blog de reclamador.es\" \/>\n<meta property=\"article:publisher\" content=\"https:\/\/www.facebook.com\/reclamador.es\" \/>\n<meta property=\"article:published_time\" content=\"2021-08-24T07:00:00+00:00\" \/>\n<meta property=\"article:modified_time\" content=\"2025-08-22T06:34:51+00:00\" \/>\n<meta property=\"og:image\" content=\"https:\/\/www.reclamador.es\/blog\/wp-content\/uploads\/2021\/08\/Guia-del-impuesto-de-transmisiones-patrimoniales.jpg\" \/>\n\t<meta property=\"og:image:width\" content=\"1200\" \/>\n\t<meta property=\"og:image:height\" content=\"675\" \/>\n\t<meta property=\"og:image:type\" content=\"image\/jpeg\" \/>\n<meta name=\"author\" content=\"Equipo reclamador\" \/>\n<meta name=\"twitter:card\" content=\"summary_large_image\" \/>\n<meta name=\"twitter:creator\" content=\"@reclamador\" \/>\n<meta name=\"twitter:site\" content=\"@reclamador\" \/>\n<meta name=\"twitter:label1\" content=\"Escrito por\" \/>\n\t<meta name=\"twitter:data1\" content=\"Equipo reclamador\" \/>\n\t<meta name=\"twitter:label2\" content=\"Tiempo de lectura\" \/>\n\t<meta name=\"twitter:data2\" content=\"5 minutos\" \/>\n<script type=\"application\/ld+json\" class=\"yoast-schema-graph\">{\"@context\":\"https:\\\/\\\/schema.org\",\"@graph\":[{\"@type\":\"Article\",\"@id\":\"https:\\\/\\\/www.reclamador.es\\\/blog\\\/guia-impuesto-transmisiones-patrimoniales\\\/#article\",\"isPartOf\":{\"@id\":\"https:\\\/\\\/www.reclamador.es\\\/blog\\\/guia-impuesto-transmisiones-patrimoniales\\\/\"},\"author\":{\"name\":\"Equipo reclamador\",\"@id\":\"https:\\\/\\\/www.reclamador.es\\\/blog\\\/#\\\/schema\\\/person\\\/1ed83eef8b6566cb5e4c812d9bc5c4bf\"},\"headline\":\"Gu\u00eda del Impuesto de Transmisiones Patrimoniales\",\"datePublished\":\"2021-08-24T07:00:00+00:00\",\"dateModified\":\"2025-08-22T06:34:51+00:00\",\"mainEntityOfPage\":{\"@id\":\"https:\\\/\\\/www.reclamador.es\\\/blog\\\/guia-impuesto-transmisiones-patrimoniales\\\/\"},\"wordCount\":908,\"commentCount\":4,\"publisher\":{\"@id\":\"https:\\\/\\\/www.reclamador.es\\\/blog\\\/#organization\"},\"image\":{\"@id\":\"https:\\\/\\\/www.reclamador.es\\\/blog\\\/guia-impuesto-transmisiones-patrimoniales\\\/#primaryimage\"},\"thumbnailUrl\":\"https:\\\/\\\/i0.wp.com\\\/www.reclamador.es\\\/blog\\\/wp-content\\\/uploads\\\/2021\\\/08\\\/Guia-del-impuesto-de-transmisiones-patrimoniales.jpg?fit=1200%2C675&ssl=1\",\"keywords\":[\"plusval\u00eda municipal\",\"servicios\"],\"articleSection\":[\"Consejos legales\"],\"inLanguage\":\"es\",\"potentialAction\":[{\"@type\":\"CommentAction\",\"name\":\"Comment\",\"target\":[\"https:\\\/\\\/www.reclamador.es\\\/blog\\\/guia-impuesto-transmisiones-patrimoniales\\\/#respond\"]}]},{\"@type\":\"WebPage\",\"@id\":\"https:\\\/\\\/www.reclamador.es\\\/blog\\\/guia-impuesto-transmisiones-patrimoniales\\\/\",\"url\":\"https:\\\/\\\/www.reclamador.es\\\/blog\\\/guia-impuesto-transmisiones-patrimoniales\\\/\",\"name\":\"Gu\u00eda sobre el Impuesto de Transmisiones Patrimoniales (ITP)\",\"isPartOf\":{\"@id\":\"https:\\\/\\\/www.reclamador.es\\\/blog\\\/#website\"},\"primaryImageOfPage\":{\"@id\":\"https:\\\/\\\/www.reclamador.es\\\/blog\\\/guia-impuesto-transmisiones-patrimoniales\\\/#primaryimage\"},\"image\":{\"@id\":\"https:\\\/\\\/www.reclamador.es\\\/blog\\\/guia-impuesto-transmisiones-patrimoniales\\\/#primaryimage\"},\"thumbnailUrl\":\"https:\\\/\\\/i0.wp.com\\\/www.reclamador.es\\\/blog\\\/wp-content\\\/uploads\\\/2021\\\/08\\\/Guia-del-impuesto-de-transmisiones-patrimoniales.jpg?fit=1200%2C675&ssl=1\",\"datePublished\":\"2021-08-24T07:00:00+00:00\",\"dateModified\":\"2025-08-22T06:34:51+00:00\",\"description\":\"Qu\u00e9 es el ITP, d\u00f3nde o cu\u00e1nto se abona y cu\u00e1l es el plazo para pagar el impuesto de transmisiones patrimoniales. Gu\u00eda sobre ITP.\",\"breadcrumb\":{\"@id\":\"https:\\\/\\\/www.reclamador.es\\\/blog\\\/guia-impuesto-transmisiones-patrimoniales\\\/#breadcrumb\"},\"inLanguage\":\"es\",\"potentialAction\":[{\"@type\":\"ReadAction\",\"target\":[\"https:\\\/\\\/www.reclamador.es\\\/blog\\\/guia-impuesto-transmisiones-patrimoniales\\\/\"]}]},{\"@type\":\"ImageObject\",\"inLanguage\":\"es\",\"@id\":\"https:\\\/\\\/www.reclamador.es\\\/blog\\\/guia-impuesto-transmisiones-patrimoniales\\\/#primaryimage\",\"url\":\"https:\\\/\\\/i0.wp.com\\\/www.reclamador.es\\\/blog\\\/wp-content\\\/uploads\\\/2021\\\/08\\\/Guia-del-impuesto-de-transmisiones-patrimoniales.jpg?fit=1200%2C675&ssl=1\",\"contentUrl\":\"https:\\\/\\\/i0.wp.com\\\/www.reclamador.es\\\/blog\\\/wp-content\\\/uploads\\\/2021\\\/08\\\/Guia-del-impuesto-de-transmisiones-patrimoniales.jpg?fit=1200%2C675&ssl=1\",\"width\":1200,\"height\":675,\"caption\":\"Gu\u00eda del impuesto de transmisiones patrimoniales\"},{\"@type\":\"BreadcrumbList\",\"@id\":\"https:\\\/\\\/www.reclamador.es\\\/blog\\\/guia-impuesto-transmisiones-patrimoniales\\\/#breadcrumb\",\"itemListElement\":[{\"@type\":\"ListItem\",\"position\":1,\"name\":\"Portada\",\"item\":\"https:\\\/\\\/www.reclamador.es\\\/blog\\\/\"},{\"@type\":\"ListItem\",\"position\":2,\"name\":\"Gu\u00eda del Impuesto de Transmisiones Patrimoniales\"}]},{\"@type\":\"WebSite\",\"@id\":\"https:\\\/\\\/www.reclamador.es\\\/blog\\\/#website\",\"url\":\"https:\\\/\\\/www.reclamador.es\\\/blog\\\/\",\"name\":\"Rebeldes con causa, el blog de reclamador.es\",\"description\":\"Noticias, entrevistas y consejos sobre reclamaciones\",\"publisher\":{\"@id\":\"https:\\\/\\\/www.reclamador.es\\\/blog\\\/#organization\"},\"potentialAction\":[{\"@type\":\"SearchAction\",\"target\":{\"@type\":\"EntryPoint\",\"urlTemplate\":\"https:\\\/\\\/www.reclamador.es\\\/blog\\\/?s={search_term_string}\"},\"query-input\":{\"@type\":\"PropertyValueSpecification\",\"valueRequired\":true,\"valueName\":\"search_term_string\"}}],\"inLanguage\":\"es\"},{\"@type\":\"Organization\",\"@id\":\"https:\\\/\\\/www.reclamador.es\\\/blog\\\/#organization\",\"name\":\"reclamador.es\",\"url\":\"https:\\\/\\\/www.reclamador.es\\\/blog\\\/\",\"logo\":{\"@type\":\"ImageObject\",\"inLanguage\":\"es\",\"@id\":\"https:\\\/\\\/www.reclamador.es\\\/blog\\\/#\\\/schema\\\/logo\\\/image\\\/\",\"url\":\"https:\\\/\\\/i0.wp.com\\\/www.reclamador.es\\\/blog\\\/wp-content\\\/uploads\\\/2020\\\/01\\\/logo-reclamador.png?fit=1200%2C144&ssl=1\",\"contentUrl\":\"https:\\\/\\\/i0.wp.com\\\/www.reclamador.es\\\/blog\\\/wp-content\\\/uploads\\\/2020\\\/01\\\/logo-reclamador.png?fit=1200%2C144&ssl=1\",\"width\":1200,\"height\":144,\"caption\":\"reclamador.es\"},\"image\":{\"@id\":\"https:\\\/\\\/www.reclamador.es\\\/blog\\\/#\\\/schema\\\/logo\\\/image\\\/\"},\"sameAs\":[\"https:\\\/\\\/www.facebook.com\\\/reclamador.es\",\"https:\\\/\\\/x.com\\\/reclamador\",\"https:\\\/\\\/www.instagram.com\\\/reclamador.es\\\/\",\"https:\\\/\\\/www.linkedin.com\\\/company\\\/reclamador-es\",\"https:\\\/\\\/www.youtube.com\\\/user\\\/Reclamadores\"]},{\"@type\":\"Person\",\"@id\":\"https:\\\/\\\/www.reclamador.es\\\/blog\\\/#\\\/schema\\\/person\\\/1ed83eef8b6566cb5e4c812d9bc5c4bf\",\"name\":\"Equipo reclamador\",\"image\":{\"@type\":\"ImageObject\",\"inLanguage\":\"es\",\"@id\":\"https:\\\/\\\/secure.gravatar.com\\\/avatar\\\/6442ecdc2c4472c600c113f34d340feca47107d6aa4f42f1e3e75a2a8e28a760?s=96&d=mm&r=g\",\"url\":\"https:\\\/\\\/secure.gravatar.com\\\/avatar\\\/6442ecdc2c4472c600c113f34d340feca47107d6aa4f42f1e3e75a2a8e28a760?s=96&d=mm&r=g\",\"contentUrl\":\"https:\\\/\\\/secure.gravatar.com\\\/avatar\\\/6442ecdc2c4472c600c113f34d340feca47107d6aa4f42f1e3e75a2a8e28a760?s=96&d=mm&r=g\",\"caption\":\"Equipo reclamador\"},\"description\":\"Las personas que hacen posible reclamador.es\",\"url\":\"https:\\\/\\\/www.reclamador.es\\\/blog\\\/author\\\/administrador\\\/\"}]}<\/script>\n<!-- \/ Yoast SEO plugin. -->","yoast_head_json":{"title":"Gu\u00eda sobre el Impuesto de Transmisiones Patrimoniales (ITP)","description":"Qu\u00e9 es el ITP, d\u00f3nde o cu\u00e1nto se abona y cu\u00e1l es el plazo para pagar el impuesto de transmisiones patrimoniales. Gu\u00eda sobre ITP.","robots":{"index":"index","follow":"follow","max-snippet":"max-snippet:-1","max-image-preview":"max-image-preview:large","max-video-preview":"max-video-preview:-1"},"canonical":"https:\/\/www.reclamador.es\/blog\/guia-impuesto-transmisiones-patrimoniales\/","og_locale":"es_ES","og_type":"article","og_title":"Gu\u00eda sobre el Impuesto de Transmisiones Patrimoniales (ITP)","og_description":"Qu\u00e9 es el ITP, d\u00f3nde o cu\u00e1nto se abona y cu\u00e1l es el plazo para pagar el impuesto de transmisiones patrimoniales. Gu\u00eda sobre ITP.","og_url":"https:\/\/www.reclamador.es\/blog\/guia-impuesto-transmisiones-patrimoniales\/","og_site_name":"Rebeldes con causa, el blog de reclamador.es","article_publisher":"https:\/\/www.facebook.com\/reclamador.es","article_published_time":"2021-08-24T07:00:00+00:00","article_modified_time":"2025-08-22T06:34:51+00:00","og_image":[{"width":1200,"height":675,"url":"https:\/\/www.reclamador.es\/blog\/wp-content\/uploads\/2021\/08\/Guia-del-impuesto-de-transmisiones-patrimoniales.jpg","type":"image\/jpeg"}],"author":"Equipo reclamador","twitter_card":"summary_large_image","twitter_creator":"@reclamador","twitter_site":"@reclamador","twitter_misc":{"Escrito por":"Equipo reclamador","Tiempo de lectura":"5 minutos"},"schema":{"@context":"https:\/\/schema.org","@graph":[{"@type":"Article","@id":"https:\/\/www.reclamador.es\/blog\/guia-impuesto-transmisiones-patrimoniales\/#article","isPartOf":{"@id":"https:\/\/www.reclamador.es\/blog\/guia-impuesto-transmisiones-patrimoniales\/"},"author":{"name":"Equipo reclamador","@id":"https:\/\/www.reclamador.es\/blog\/#\/schema\/person\/1ed83eef8b6566cb5e4c812d9bc5c4bf"},"headline":"Gu\u00eda del Impuesto de Transmisiones Patrimoniales","datePublished":"2021-08-24T07:00:00+00:00","dateModified":"2025-08-22T06:34:51+00:00","mainEntityOfPage":{"@id":"https:\/\/www.reclamador.es\/blog\/guia-impuesto-transmisiones-patrimoniales\/"},"wordCount":908,"commentCount":4,"publisher":{"@id":"https:\/\/www.reclamador.es\/blog\/#organization"},"image":{"@id":"https:\/\/www.reclamador.es\/blog\/guia-impuesto-transmisiones-patrimoniales\/#primaryimage"},"thumbnailUrl":"https:\/\/i0.wp.com\/www.reclamador.es\/blog\/wp-content\/uploads\/2021\/08\/Guia-del-impuesto-de-transmisiones-patrimoniales.jpg?fit=1200%2C675&ssl=1","keywords":["plusval\u00eda municipal","servicios"],"articleSection":["Consejos legales"],"inLanguage":"es","potentialAction":[{"@type":"CommentAction","name":"Comment","target":["https:\/\/www.reclamador.es\/blog\/guia-impuesto-transmisiones-patrimoniales\/#respond"]}]},{"@type":"WebPage","@id":"https:\/\/www.reclamador.es\/blog\/guia-impuesto-transmisiones-patrimoniales\/","url":"https:\/\/www.reclamador.es\/blog\/guia-impuesto-transmisiones-patrimoniales\/","name":"Gu\u00eda sobre el Impuesto de Transmisiones Patrimoniales (ITP)","isPartOf":{"@id":"https:\/\/www.reclamador.es\/blog\/#website"},"primaryImageOfPage":{"@id":"https:\/\/www.reclamador.es\/blog\/guia-impuesto-transmisiones-patrimoniales\/#primaryimage"},"image":{"@id":"https:\/\/www.reclamador.es\/blog\/guia-impuesto-transmisiones-patrimoniales\/#primaryimage"},"thumbnailUrl":"https:\/\/i0.wp.com\/www.reclamador.es\/blog\/wp-content\/uploads\/2021\/08\/Guia-del-impuesto-de-transmisiones-patrimoniales.jpg?fit=1200%2C675&ssl=1","datePublished":"2021-08-24T07:00:00+00:00","dateModified":"2025-08-22T06:34:51+00:00","description":"Qu\u00e9 es el ITP, d\u00f3nde o cu\u00e1nto se abona y cu\u00e1l es el plazo para pagar el impuesto de transmisiones patrimoniales. Gu\u00eda sobre ITP.","breadcrumb":{"@id":"https:\/\/www.reclamador.es\/blog\/guia-impuesto-transmisiones-patrimoniales\/#breadcrumb"},"inLanguage":"es","potentialAction":[{"@type":"ReadAction","target":["https:\/\/www.reclamador.es\/blog\/guia-impuesto-transmisiones-patrimoniales\/"]}]},{"@type":"ImageObject","inLanguage":"es","@id":"https:\/\/www.reclamador.es\/blog\/guia-impuesto-transmisiones-patrimoniales\/#primaryimage","url":"https:\/\/i0.wp.com\/www.reclamador.es\/blog\/wp-content\/uploads\/2021\/08\/Guia-del-impuesto-de-transmisiones-patrimoniales.jpg?fit=1200%2C675&ssl=1","contentUrl":"https:\/\/i0.wp.com\/www.reclamador.es\/blog\/wp-content\/uploads\/2021\/08\/Guia-del-impuesto-de-transmisiones-patrimoniales.jpg?fit=1200%2C675&ssl=1","width":1200,"height":675,"caption":"Gu\u00eda del impuesto de transmisiones patrimoniales"},{"@type":"BreadcrumbList","@id":"https:\/\/www.reclamador.es\/blog\/guia-impuesto-transmisiones-patrimoniales\/#breadcrumb","itemListElement":[{"@type":"ListItem","position":1,"name":"Portada","item":"https:\/\/www.reclamador.es\/blog\/"},{"@type":"ListItem","position":2,"name":"Gu\u00eda del Impuesto de Transmisiones Patrimoniales"}]},{"@type":"WebSite","@id":"https:\/\/www.reclamador.es\/blog\/#website","url":"https:\/\/www.reclamador.es\/blog\/","name":"Rebeldes con causa, el blog de reclamador.es","description":"Noticias, entrevistas y consejos sobre reclamaciones","publisher":{"@id":"https:\/\/www.reclamador.es\/blog\/#organization"},"potentialAction":[{"@type":"SearchAction","target":{"@type":"EntryPoint","urlTemplate":"https:\/\/www.reclamador.es\/blog\/?s={search_term_string}"},"query-input":{"@type":"PropertyValueSpecification","valueRequired":true,"valueName":"search_term_string"}}],"inLanguage":"es"},{"@type":"Organization","@id":"https:\/\/www.reclamador.es\/blog\/#organization","name":"reclamador.es","url":"https:\/\/www.reclamador.es\/blog\/","logo":{"@type":"ImageObject","inLanguage":"es","@id":"https:\/\/www.reclamador.es\/blog\/#\/schema\/logo\/image\/","url":"https:\/\/i0.wp.com\/www.reclamador.es\/blog\/wp-content\/uploads\/2020\/01\/logo-reclamador.png?fit=1200%2C144&ssl=1","contentUrl":"https:\/\/i0.wp.com\/www.reclamador.es\/blog\/wp-content\/uploads\/2020\/01\/logo-reclamador.png?fit=1200%2C144&ssl=1","width":1200,"height":144,"caption":"reclamador.es"},"image":{"@id":"https:\/\/www.reclamador.es\/blog\/#\/schema\/logo\/image\/"},"sameAs":["https:\/\/www.facebook.com\/reclamador.es","https:\/\/x.com\/reclamador","https:\/\/www.instagram.com\/reclamador.es\/","https:\/\/www.linkedin.com\/company\/reclamador-es","https:\/\/www.youtube.com\/user\/Reclamadores"]},{"@type":"Person","@id":"https:\/\/www.reclamador.es\/blog\/#\/schema\/person\/1ed83eef8b6566cb5e4c812d9bc5c4bf","name":"Equipo reclamador","image":{"@type":"ImageObject","inLanguage":"es","@id":"https:\/\/secure.gravatar.com\/avatar\/6442ecdc2c4472c600c113f34d340feca47107d6aa4f42f1e3e75a2a8e28a760?s=96&d=mm&r=g","url":"https:\/\/secure.gravatar.com\/avatar\/6442ecdc2c4472c600c113f34d340feca47107d6aa4f42f1e3e75a2a8e28a760?s=96&d=mm&r=g","contentUrl":"https:\/\/secure.gravatar.com\/avatar\/6442ecdc2c4472c600c113f34d340feca47107d6aa4f42f1e3e75a2a8e28a760?s=96&d=mm&r=g","caption":"Equipo reclamador"},"description":"Las personas que hacen posible reclamador.es","url":"https:\/\/www.reclamador.es\/blog\/author\/administrador\/"}]}},"jetpack_featured_media_url":"https:\/\/i0.wp.com\/www.reclamador.es\/blog\/wp-content\/uploads\/2021\/08\/Guia-del-impuesto-de-transmisiones-patrimoniales.jpg?fit=1200%2C675&ssl=1","jetpack-related-posts":[{"id":18699,"url":"https:\/\/www.reclamador.es\/blog\/supremo-rechaza-coeficiente-itp\/","url_meta":{"origin":17739,"position":0},"title":"El Supremo rechaza el coeficiente para calcular el ITP","author":"Equipo reclamador","date":"22 junio, 2020","format":false,"excerpt":"El coeficiente para calcular el ITP (Impuesto sobre Transmisiones Patrimoniales (ITP), ha sido rechazado por el Tribunal Supremo. As\u00ed, la Sala III de lo Contencioso-Administrativo del Tribunal Supremo (TS) ha desmontado recientemente en varias sentencias el m\u00e9todo utilizado por las comunidades aut\u00f3nomas para calcular el ITP. Este grava la compraventa\u2026","rel":"","context":"En \u00abNoticias y actualidad\u00bb","block_context":{"text":"Noticias y actualidad","link":"https:\/\/www.reclamador.es\/blog\/noticias\/"},"img":{"alt_text":"El TS ha desmontado en varias sentencias el m\u00e9todo utilizado por las comunidades aut\u00f3nomas para calcular el ITP","src":"https:\/\/i0.wp.com\/www.reclamador.es\/blog\/wp-content\/uploads\/2018\/06\/impuestos-sucesiones.jpg?fit=1200%2C800&ssl=1&resize=350%2C200","width":350,"height":200,"srcset":"https:\/\/i0.wp.com\/www.reclamador.es\/blog\/wp-content\/uploads\/2018\/06\/impuestos-sucesiones.jpg?fit=1200%2C800&ssl=1&resize=350%2C200 1x, https:\/\/i0.wp.com\/www.reclamador.es\/blog\/wp-content\/uploads\/2018\/06\/impuestos-sucesiones.jpg?fit=1200%2C800&ssl=1&resize=525%2C300 1.5x, https:\/\/i0.wp.com\/www.reclamador.es\/blog\/wp-content\/uploads\/2018\/06\/impuestos-sucesiones.jpg?fit=1200%2C800&ssl=1&resize=700%2C400 2x, https:\/\/i0.wp.com\/www.reclamador.es\/blog\/wp-content\/uploads\/2018\/06\/impuestos-sucesiones.jpg?fit=1200%2C800&ssl=1&resize=1050%2C600 3x"},"classes":[]},{"id":21580,"url":"https:\/\/www.reclamador.es\/blog\/obligacion-pago-itp-deduccion-alquiler-madrid\/","url_meta":{"origin":17739,"position":1},"title":"El ITP puede dejar sin deducci\u00f3n por alquiler a miles de j\u00f3venes en Madrid","author":"Equipo reclamador","date":"10 abril, 2019","format":false,"excerpt":"La campa\u00f1a de la Renta 2018 viene con una gran sorpresa para los menores de 35 a\u00f1os que viven de alquiler en la Comunidad de Madrid - Unos 78.500 contribuyentes, seg\u00fan varias estimaciones publicadas en prensa-. El \u00faltimo mes de 2018, la comunidad gobernada por \u00c1ngel Garrido aprob\u00f3 un Decreto\u2026","rel":"","context":"En \u00abNoticias y actualidad\u00bb","block_context":{"text":"Noticias y actualidad","link":"https:\/\/www.reclamador.es\/blog\/noticias\/"},"img":{"alt_text":"ITP comunidad de madrid","src":"https:\/\/i0.wp.com\/www.reclamador.es\/blog\/wp-content\/uploads\/2019\/04\/ITP-Madrid-reclamador.jpg?fit=1198%2C630&ssl=1&resize=350%2C200","width":350,"height":200,"srcset":"https:\/\/i0.wp.com\/www.reclamador.es\/blog\/wp-content\/uploads\/2019\/04\/ITP-Madrid-reclamador.jpg?fit=1198%2C630&ssl=1&resize=350%2C200 1x, https:\/\/i0.wp.com\/www.reclamador.es\/blog\/wp-content\/uploads\/2019\/04\/ITP-Madrid-reclamador.jpg?fit=1198%2C630&ssl=1&resize=525%2C300 1.5x, https:\/\/i0.wp.com\/www.reclamador.es\/blog\/wp-content\/uploads\/2019\/04\/ITP-Madrid-reclamador.jpg?fit=1198%2C630&ssl=1&resize=700%2C400 2x, https:\/\/i0.wp.com\/www.reclamador.es\/blog\/wp-content\/uploads\/2019\/04\/ITP-Madrid-reclamador.jpg?fit=1198%2C630&ssl=1&resize=1050%2C600 3x"},"classes":[]},{"id":17543,"url":"https:\/\/www.reclamador.es\/blog\/provision-de-fondos-hipoteca\/","url_meta":{"origin":17739,"position":2},"title":"No te olvides de la provisi\u00f3n de fondos cuando pidas una hipoteca","author":"Equipo reclamador","date":"22 marzo, 2018","format":false,"excerpt":"Si est\u00e1s interesado en comprar una vivienda, o hace no demasiado que adquiriste tu casa pidiendo para ello una hipoteca, seguro que has o\u00eddo hablar de la provisi\u00f3n de fondos, pero \u00bfen qu\u00e9 se basa el banco para calcular esos conceptos? \u00bfqu\u00e9 pasa si sobra dinero de esa cantidad depositada?\u2026","rel":"","context":"En \u00abConsejos legales\u00bb","block_context":{"text":"Consejos legales","link":"https:\/\/www.reclamador.es\/blog\/consejos\/"},"img":{"alt_text":"provision fondos hipoteca reclamador","src":"https:\/\/i0.wp.com\/www.reclamador.es\/blog\/wp-content\/uploads\/2018\/03\/provision-de-fondos-hipoteca-reclamador.jpg?fit=1200%2C800&ssl=1&resize=350%2C200","width":350,"height":200,"srcset":"https:\/\/i0.wp.com\/www.reclamador.es\/blog\/wp-content\/uploads\/2018\/03\/provision-de-fondos-hipoteca-reclamador.jpg?fit=1200%2C800&ssl=1&resize=350%2C200 1x, https:\/\/i0.wp.com\/www.reclamador.es\/blog\/wp-content\/uploads\/2018\/03\/provision-de-fondos-hipoteca-reclamador.jpg?fit=1200%2C800&ssl=1&resize=525%2C300 1.5x, https:\/\/i0.wp.com\/www.reclamador.es\/blog\/wp-content\/uploads\/2018\/03\/provision-de-fondos-hipoteca-reclamador.jpg?fit=1200%2C800&ssl=1&resize=700%2C400 2x, https:\/\/i0.wp.com\/www.reclamador.es\/blog\/wp-content\/uploads\/2018\/03\/provision-de-fondos-hipoteca-reclamador.jpg?fit=1200%2C800&ssl=1&resize=1050%2C600 3x"},"classes":[]},{"id":16460,"url":"https:\/\/www.reclamador.es\/blog\/impuesto-compras-segunda-mano\/","url_meta":{"origin":17739,"position":3},"title":"\u00bfQu\u00e9 impuesto se paga en compras de segunda mano entre particulares?","author":"Equipo reclamador","date":"10 diciembre, 2021","format":false,"excerpt":"Despu\u00e9s de superar el Black Friday, hemos entrado de lleno en \u00e9poca de compras de regalos de Navidad. Las opciones de compra son m\u00faltiples y un fen\u00f3meno que cada vez es menos extra\u00f1o es optar por comprar art\u00edculos de segunda mano a la hora de sorprender a familiares y amigos.\u2026","rel":"","context":"En \u00abConsejos legales\u00bb","block_context":{"text":"Consejos legales","link":"https:\/\/www.reclamador.es\/blog\/consejos\/"},"img":{"alt_text":"impuestos venta segunda mano","src":"https:\/\/i0.wp.com\/www.reclamador.es\/blog\/wp-content\/uploads\/2021\/12\/impuestos-venta-de-segunda-mano.jpg?fit=1200%2C630&ssl=1&resize=350%2C200","width":350,"height":200,"srcset":"https:\/\/i0.wp.com\/www.reclamador.es\/blog\/wp-content\/uploads\/2021\/12\/impuestos-venta-de-segunda-mano.jpg?fit=1200%2C630&ssl=1&resize=350%2C200 1x, https:\/\/i0.wp.com\/www.reclamador.es\/blog\/wp-content\/uploads\/2021\/12\/impuestos-venta-de-segunda-mano.jpg?fit=1200%2C630&ssl=1&resize=525%2C300 1.5x, https:\/\/i0.wp.com\/www.reclamador.es\/blog\/wp-content\/uploads\/2021\/12\/impuestos-venta-de-segunda-mano.jpg?fit=1200%2C630&ssl=1&resize=700%2C400 2x, https:\/\/i0.wp.com\/www.reclamador.es\/blog\/wp-content\/uploads\/2021\/12\/impuestos-venta-de-segunda-mano.jpg?fit=1200%2C630&ssl=1&resize=1050%2C600 3x"},"classes":[]},{"id":21700,"url":"https:\/\/www.reclamador.es\/blog\/impuesto-de-plusvalia-municipal-y-declaracion-de-la-renta\/","url_meta":{"origin":17739,"position":4},"title":"Impuesto de plusval\u00eda municipal y declaraci\u00f3n de la Renta","author":"Equipo reclamador","date":"29 abril, 2019","format":false,"excerpt":"*Actualizado en abril de 2023 El Tribunal Constitucional declara inconstitucionales y nulos los art\u00edculos 107.1, segundo p\u00e1rrafo, 107.2.a) y 107.4 del texto refundido de la Ley reguladora de las Haciendas Locales. Para saber c\u00f3mo te afecta esta sentencia si has pagado el impuesto de plusval\u00eda municipal al vender o recibir\u2026","rel":"","context":"En \u00abNoticias y actualidad\u00bb","block_context":{"text":"Noticias y actualidad","link":"https:\/\/www.reclamador.es\/blog\/noticias\/"},"img":{"alt_text":"irpf plusvalia renta","src":"https:\/\/i0.wp.com\/www.reclamador.es\/blog\/wp-content\/uploads\/2019\/04\/plusvalia-y-declaracion-de-la-renta-espana-IRPF.jpg?fit=1200%2C630&ssl=1&resize=350%2C200","width":350,"height":200,"srcset":"https:\/\/i0.wp.com\/www.reclamador.es\/blog\/wp-content\/uploads\/2019\/04\/plusvalia-y-declaracion-de-la-renta-espana-IRPF.jpg?fit=1200%2C630&ssl=1&resize=350%2C200 1x, https:\/\/i0.wp.com\/www.reclamador.es\/blog\/wp-content\/uploads\/2019\/04\/plusvalia-y-declaracion-de-la-renta-espana-IRPF.jpg?fit=1200%2C630&ssl=1&resize=525%2C300 1.5x, https:\/\/i0.wp.com\/www.reclamador.es\/blog\/wp-content\/uploads\/2019\/04\/plusvalia-y-declaracion-de-la-renta-espana-IRPF.jpg?fit=1200%2C630&ssl=1&resize=700%2C400 2x, https:\/\/i0.wp.com\/www.reclamador.es\/blog\/wp-content\/uploads\/2019\/04\/plusvalia-y-declaracion-de-la-renta-espana-IRPF.jpg?fit=1200%2C630&ssl=1&resize=1050%2C600 3x"},"classes":[]},{"id":26578,"url":"https:\/\/www.reclamador.es\/blog\/precio-pactado-sirve-impuesto-plusvalia-municipal\/","url_meta":{"origin":17739,"position":5},"title":"\u00bfSe acepta el precio pactado entre herederos como valor de la vivienda para determinar una p\u00e9rdida patrimonial?","author":"Equipo reclamador","date":"11 marzo, 2021","format":false,"excerpt":"Cuando los herederos se enfrentan al pago del impuesto de plusval\u00eda municipal o estos mismos quieren reclamar al ayuntamiento de la localidad el impuesto de plusval\u00eda municipal al considerar que se ha pagado dicho tributo existiendo en la trasmisi\u00f3n de la vivienda una p\u00e9rdida patrimonial, una cuesti\u00f3n que se debe\u2026","rel":"","context":"En \u00abNoticias y actualidad\u00bb","block_context":{"text":"Noticias y actualidad","link":"https:\/\/www.reclamador.es\/blog\/noticias\/"},"img":{"alt_text":"sentencia barcelona - plusvalia municipal","src":"https:\/\/i0.wp.com\/www.reclamador.es\/blog\/wp-content\/uploads\/2021\/03\/impuesto-plusvalia-municipal-barcelona.jpg?fit=1200%2C673&ssl=1&resize=350%2C200","width":350,"height":200,"srcset":"https:\/\/i0.wp.com\/www.reclamador.es\/blog\/wp-content\/uploads\/2021\/03\/impuesto-plusvalia-municipal-barcelona.jpg?fit=1200%2C673&ssl=1&resize=350%2C200 1x, https:\/\/i0.wp.com\/www.reclamador.es\/blog\/wp-content\/uploads\/2021\/03\/impuesto-plusvalia-municipal-barcelona.jpg?fit=1200%2C673&ssl=1&resize=525%2C300 1.5x, https:\/\/i0.wp.com\/www.reclamador.es\/blog\/wp-content\/uploads\/2021\/03\/impuesto-plusvalia-municipal-barcelona.jpg?fit=1200%2C673&ssl=1&resize=700%2C400 2x, https:\/\/i0.wp.com\/www.reclamador.es\/blog\/wp-content\/uploads\/2021\/03\/impuesto-plusvalia-municipal-barcelona.jpg?fit=1200%2C673&ssl=1&resize=1050%2C600 3x"},"classes":[]}],"jetpack_sharing_enabled":true,"_links":{"self":[{"href":"https:\/\/www.reclamador.es\/blog\/wp-json\/wp\/v2\/posts\/17739","targetHints":{"allow":["GET"]}}],"collection":[{"href":"https:\/\/www.reclamador.es\/blog\/wp-json\/wp\/v2\/posts"}],"about":[{"href":"https:\/\/www.reclamador.es\/blog\/wp-json\/wp\/v2\/types\/post"}],"author":[{"embeddable":true,"href":"https:\/\/www.reclamador.es\/blog\/wp-json\/wp\/v2\/users\/1"}],"replies":[{"embeddable":true,"href":"https:\/\/www.reclamador.es\/blog\/wp-json\/wp\/v2\/comments?post=17739"}],"version-history":[{"count":22,"href":"https:\/\/www.reclamador.es\/blog\/wp-json\/wp\/v2\/posts\/17739\/revisions"}],"predecessor-version":[{"id":34838,"href":"https:\/\/www.reclamador.es\/blog\/wp-json\/wp\/v2\/posts\/17739\/revisions\/34838"}],"wp:featuredmedia":[{"embeddable":true,"href":"https:\/\/www.reclamador.es\/blog\/wp-json\/wp\/v2\/media\/30930"}],"wp:attachment":[{"href":"https:\/\/www.reclamador.es\/blog\/wp-json\/wp\/v2\/media?parent=17739"}],"wp:term":[{"taxonomy":"category","embeddable":true,"href":"https:\/\/www.reclamador.es\/blog\/wp-json\/wp\/v2\/categories?post=17739"},{"taxonomy":"post_tag","embeddable":true,"href":"https:\/\/www.reclamador.es\/blog\/wp-json\/wp\/v2\/tags?post=17739"}],"curies":[{"name":"wp","href":"https:\/\/api.w.org\/{rel}","templated":true}]}}