{"id":17691,"date":"2018-04-04T11:28:38","date_gmt":"2018-04-04T09:28:38","guid":{"rendered":"https:\/\/www.reclamador.es\/blog\/?p=17691"},"modified":"2023-10-23T10:46:30","modified_gmt":"2023-10-23T08:46:30","slug":"condiciones-laborales-kellys","status":"publish","type":"post","link":"https:\/\/www.reclamador.es\/blog\/condiciones-laborales-kellys\/","title":{"rendered":"Las &#8216;Kellys&#8217;: As\u00ed son las condiciones laborales que tienen las camareras de piso"},"content":{"rendered":"<div class=\"ttr_start\"><\/div>\n\n<div class=\"kk-star-ratings kksr-auto kksr-align-right kksr-valign-top\"\n    data-payload='{&quot;align&quot;:&quot;right&quot;,&quot;id&quot;:&quot;17691&quot;,&quot;slug&quot;:&quot;default&quot;,&quot;valign&quot;:&quot;top&quot;,&quot;ignore&quot;:&quot;&quot;,&quot;reference&quot;:&quot;auto&quot;,&quot;class&quot;:&quot;&quot;,&quot;count&quot;:&quot;16&quot;,&quot;legendonly&quot;:&quot;&quot;,&quot;readonly&quot;:&quot;&quot;,&quot;score&quot;:&quot;4.1&quot;,&quot;starsonly&quot;:&quot;&quot;,&quot;best&quot;:&quot;5&quot;,&quot;gap&quot;:&quot;3&quot;,&quot;greet&quot;:&quot;Valora este art\u00edculo&quot;,&quot;legend&quot;:&quot;4.1\\\/5 - (16 votos)&quot;,&quot;size&quot;:&quot;20&quot;,&quot;title&quot;:&quot;Las \\u0026#039;Kellys\\u0026#039;: As\u00ed son las condiciones laborales que tienen las camareras de piso&quot;,&quot;width&quot;:&quot;92.8&quot;,&quot;_legend&quot;:&quot;{score}\\\/{best} - ({count} {votes})&quot;,&quot;font_factor&quot;:&quot;1.25&quot;}'>\n            \n<div class=\"kksr-stars\">\n    \n<div class=\"kksr-stars-inactive\">\n            <div class=\"kksr-star\" data-star=\"1\" style=\"padding-right: 3px\">\n            \n\n<div class=\"kksr-icon\" style=\"width: 20px; height: 20px;\"><\/div>\n        <\/div>\n            <div class=\"kksr-star\" data-star=\"2\" style=\"padding-right: 3px\">\n            \n\n<div class=\"kksr-icon\" style=\"width: 20px; height: 20px;\"><\/div>\n        <\/div>\n            <div class=\"kksr-star\" data-star=\"3\" style=\"padding-right: 3px\">\n            \n\n<div class=\"kksr-icon\" style=\"width: 20px; height: 20px;\"><\/div>\n        <\/div>\n            <div class=\"kksr-star\" data-star=\"4\" style=\"padding-right: 3px\">\n            \n\n<div class=\"kksr-icon\" style=\"width: 20px; height: 20px;\"><\/div>\n        <\/div>\n            <div class=\"kksr-star\" data-star=\"5\" style=\"padding-right: 3px\">\n            \n\n<div class=\"kksr-icon\" style=\"width: 20px; height: 20px;\"><\/div>\n        <\/div>\n    <\/div>\n    \n<div class=\"kksr-stars-active\" style=\"width: 92.8px;\">\n            <div class=\"kksr-star\" style=\"padding-right: 3px\">\n            \n\n<div class=\"kksr-icon\" style=\"width: 20px; height: 20px;\"><\/div>\n        <\/div>\n            <div class=\"kksr-star\" style=\"padding-right: 3px\">\n            \n\n<div class=\"kksr-icon\" style=\"width: 20px; height: 20px;\"><\/div>\n        <\/div>\n            <div class=\"kksr-star\" style=\"padding-right: 3px\">\n            \n\n<div class=\"kksr-icon\" style=\"width: 20px; height: 20px;\"><\/div>\n        <\/div>\n            <div class=\"kksr-star\" style=\"padding-right: 3px\">\n            \n\n<div class=\"kksr-icon\" style=\"width: 20px; height: 20px;\"><\/div>\n        <\/div>\n            <div class=\"kksr-star\" style=\"padding-right: 3px\">\n            \n\n<div class=\"kksr-icon\" style=\"width: 20px; height: 20px;\"><\/div>\n        <\/div>\n    <\/div>\n<\/div>\n                \n\n<div class=\"kksr-legend\" style=\"font-size: 16px;\">\n            4.1\/5 - (16 votos)    <\/div>\n    <\/div>\n<figure id=\"attachment_17692\" aria-describedby=\"caption-attachment-17692\" style=\"width: 1200px\" class=\"wp-caption alignnone\"><img data-recalc-dims=\"1\" loading=\"lazy\" decoding=\"async\" class=\"wp-image-17692 size-full\" src=\"https:\/\/i0.wp.com\/www.reclamador.es\/blog\/wp-content\/uploads\/2018\/04\/kellys-reclamador.png?resize=1200%2C800&#038;ssl=1\" alt=\"Limpiadora haciendo la cama de un hotel para ilustrar art\u00edculo sobre camareras de piso\" width=\"1200\" height=\"800\" srcset=\"https:\/\/i0.wp.com\/www.reclamador.es\/blog\/wp-content\/uploads\/2018\/04\/kellys-reclamador.png?w=1200&amp;ssl=1 1200w, https:\/\/i0.wp.com\/www.reclamador.es\/blog\/wp-content\/uploads\/2018\/04\/kellys-reclamador.png?resize=150%2C100&amp;ssl=1 150w, https:\/\/i0.wp.com\/www.reclamador.es\/blog\/wp-content\/uploads\/2018\/04\/kellys-reclamador.png?resize=300%2C200&amp;ssl=1 300w, https:\/\/i0.wp.com\/www.reclamador.es\/blog\/wp-content\/uploads\/2018\/04\/kellys-reclamador.png?resize=768%2C512&amp;ssl=1 768w, https:\/\/i0.wp.com\/www.reclamador.es\/blog\/wp-content\/uploads\/2018\/04\/kellys-reclamador.png?resize=1024%2C683&amp;ssl=1 1024w\" sizes=\"auto, (max-width: 1000px) 100vw, 1000px\" \/><figcaption id=\"caption-attachment-17692\" class=\"wp-caption-text\"><em>El objetivo de \u2018Las Kellys\u2019: dar visibilidad a las precarias condiciones laborales por las que pasan<\/em><\/figcaption><\/figure>\n<p><span style=\"font-weight: 400;\">\u00bfQui\u00e9n no se ha despreocupado alguna vez por <\/span><b>la limpieza de la habitaci\u00f3n del hotel <\/b><span style=\"font-weight: 400;\">en el que pasa sus vacaciones? Despertarse, salir a desayunar y al volver&#8230; <\/span><i><span style=\"font-weight: 400;\">\u00a1Tach\u00e1n!<\/span><\/i><span style=\"font-weight: 400;\"> Como por arte de magia, las camas est\u00e1n hechas, los ba\u00f1os limpios e, incluso, el minibar abastecido. Una escena t\u00edpica que, cada a\u00f1o, se multiplica en \u00e9pocas vacacionales. Prueba de ello son los datos que ha dejado esta Semana Santa: <\/span><b>139.000 cotizantes que gana la Seguridad Social animada por estas fechas <\/b><span style=\"font-weight: 400;\">y <\/span><b>m\u00e1s de un 80% de ocupaci\u00f3n hotelera<\/b><span style=\"font-weight: 400;\"> en los principales puntos de Espa\u00f1a en este mismo periodo de tiempo.<\/span><\/p>\n<p><span style=\"font-weight: 400;\">Sin embargo, esta id\u00edlica estampa arrastra, tras de s\u00ed, una realidad m\u00e1s amarga. La de quienes dejan las estancias de los <\/span><i><span style=\"font-weight: 400;\">resorts<\/span><\/i><span style=\"font-weight: 400;\"> como <\/span><i><span style=\"font-weight: 400;\">los chorros del oro<\/span><\/i><span style=\"font-weight: 400;\">. Se trata de <\/span><i><span style=\"font-weight: 400;\">las-que-limpian<\/span><\/i><span style=\"font-weight: 400;\">, conocidas m\u00e1s com\u00fanmente como <\/span><b>Las<i> Kellys<\/i><\/b><span style=\"font-weight: 400;\">. Pero, \u00bfqui\u00e9nes son? \u00bfPor qu\u00e9 son noticia cada vez que aparecen d\u00edas de descanso en el calendario? <\/span><b>Te contamos todo lo que tienes que saber sobre las camareras de piso<\/b> <b>y sus derechos<\/b><span style=\"font-weight: 400;\">. <\/span><\/p>\n<h2><b>Las <\/b><b><i>Kellys<\/i><\/b><b>: \u00bfqui\u00e9nes son?<\/b><\/h2>\n<p><span style=\"font-weight: 400;\">Seg\u00fan su propio manifiesto, \u2018Las <\/span><i><span style=\"font-weight: 400;\">Kellys\u2019 <\/span><\/i><span style=\"font-weight: 400;\">(de <\/span><i><span style=\"font-weight: 400;\">Las-que-limpian<\/span><\/i><span style=\"font-weight: 400;\">) es una <\/span><b>Asociaci\u00f3n aut\u00f3noma a nivel espa\u00f1ol <\/b><span style=\"font-weight: 400;\">conformada tanto por camareras de piso (m\u00e1s de 2.000 empleadas), como por amigos y familiares de \u00e9stas. Juntos, luchan por sus derechos a partir de objetivos comunes, entre los que destacan principalmente dos. <\/span><b>Dar visibilidad a las precarias condiciones laborales por las que pasan y contribuir a la mejora de su calidad de vida<\/b><span style=\"font-weight: 400;\">. Para ello, las limpiadoras de hotel solicitan que se les aplique el <\/span><b>convenio colectivo de hosteler\u00eda o el de<\/b> <b>hospedaje<\/b><span style=\"font-weight: 400;\">, dependiendo de la comunidad aut\u00f3noma o provincia de la que se trate.<\/span><\/p>\n<p><span style=\"font-weight: 400;\">As\u00ed, una limpiadora de un hotel de 5 estrellas en Madrid, tiene asignada la categor\u00eda de <em>Nivel V<\/em>. Esta categor\u00eda fija un sueldo de 1.200 euros brutos al mes (sin pagas extras). Y, adem\u00e1s, asegura el derecho a una jubilaci\u00f3n anticipada. Por su parte, una compa\u00f1era de trabajo (una <em>kelly<\/em>) que desempe\u00f1e sus mismas funciones, pero que sea contratada a trav\u00e9s de una empresa externa, cobrar\u00eda aproximadamente unos 875 euros brutos al mes. Tambi\u00e9n sin pagas extras. <\/span><\/p>\n<p><span style=\"font-weight: 400;\">Asimismo, tambi\u00e9n solicitan que sus vacaciones sean respetadas, un aumento de inspecciones de trabajo y <\/span><b>que se ponga fin a la<\/b> <b>externalizaci\u00f3n de la limpieza en los alojamientos<\/b><span style=\"font-weight: 400;\">. Esto es, que el hotel acuda a una empresa externa para la realizaci\u00f3n de los trabajos de limpieza con contratas que, generalmente, no est\u00e1n obligadas a cumplir el convenio colectivo del sector. Con este cambio, las trabajadoras pasan a ser meras limpiadoras. Esto es, en lugar de ser camareras de piso cubiertas por el convenio de hosteler\u00eda. \u00bfLa consecuencia? <\/span><b>Una p\u00e9rdida de categor\u00eda laboral, menos sueldo y condiciones<\/b><span style=\"font-weight: 400;\">.<\/span><\/p>\n<h2><b>Un sector feminizado y precario<\/b><\/h2>\n<p><span style=\"font-weight: 400;\">Seg\u00fan <\/span><span style=\"font-weight: 400;\">datos del Sindicato Comisiones Obreras, e<\/span><span style=\"font-weight: 400;\">l servicio de limpieza en Espa\u00f1a representa el 30% de la plantilla de los hoteles. Y,<\/span> <b>entre un 95% y un 98% <\/b><b>del total de las \u00a0camareras de piso de nuestro pa\u00eds <\/b><span style=\"font-weight: 400;\">(m\u00e1s de 200.000),<\/span> <b>tiene nombre de mujer<\/b><span style=\"font-weight: 400;\">. Estas empleadas limpian, de media, <\/span><b>30 habitaciones de hotel cada d\u00eda, cargan con carros de hasta 100 kilos y recorren, aproximadamente, 15 kil\u00f3metros a lo largo de su jornada laboral. <\/b>Se trata de trabajos que, en su gran mayor\u00eda, no se ajustan al salario que perciben.<\/p>\n<h6 style=\"text-align: center;\"><strong>Debido al ritmo de trabajo, muchas Kellys terminan por sufrir enfermedades musculares, esquel\u00e9ticas y psicol\u00f3gicas.<\/strong><\/h6>\n<p><span style=\"font-weight: 400;\">Son muchos los hot<\/span><span style=\"font-weight: 400;\">eles que externalizan su servicio de limpieza. De este modo, <\/span><b>abaratan sus costes al m\u00e1ximo <\/b><span style=\"font-weight: 400;\">con empresas que tienen convenios propios. Con esta pr\u00e1ctica, las camareras de piso no s\u00f3lo pierden el 40% de su salario. Tambi\u00e9n derechos como, por ejemplo, la libre asociaci\u00f3n sindical.<\/span><b> No existe comit\u00e9 de empresa que las proteja.<\/b><\/p>\n<p><span style=\"font-weight: 400;\">Adem\u00e1s, la mayor\u00eda de contratos que firman estas limpiadoras son de <\/span><a href=\"https:\/\/www.reclamador.es\/blog\/contrato-temporal-fraude-ley\/\"><b>obra y servicio y, en ocasiones, pueden llegar a ser fraudulentos<\/b><\/a><span style=\"font-weight: 400;\">. Esto se debe a que, aunque se hayan pactado determinadas horas, sus jornadas terminan por medirse en producci\u00f3n. Es decir, por el n\u00famero de estancias que limpien. \u00bfEl problema? Que,<\/span><b> de media, <\/b><b><i>las<\/i><\/b> <b><i>kellys<\/i><\/b><b> cobran entre dos y tres euros por arreglar una habitaci\u00f3n.<\/b><\/p>\n<p><span style=\"font-weight: 400;\">Con todo, se hace evidente la precariedad del sector. En el que los salarios no alcanzan el m\u00ednimo interprofesional y, una baja laboral, termina por volverse impensable.<\/span><\/p>\n<h2><b>\u00bfQu\u00e9 condiciones tienen <\/b><b>las<i>\u00a0Kellys<\/i><\/b><b> y cu\u00e1les son sus demandas?<\/b><\/h2>\n<p><span style=\"font-weight: 400;\">Debido a la precariedad laboral y a la escasez de derechos, <\/span><span style=\"font-weight: 400;\">las<\/span><i><span style=\"font-weight: 400;\">\u00a0Kellys<\/span><\/i><span style=\"font-weight: 400;\"> han creado la llamada \u2018Ley <em>K<\/em><\/span><em><span style=\"font-weight: 400;\">elly<\/span><\/em><span style=\"font-weight: 400;\">\u2019. Se trata de una propuesta que ha conseguido llegar al Congreso, y que busca modificar el<\/span><b> art\u00edculo 42 del Estatuto de los Trabajadores<\/b><span style=\"font-weight: 400;\">. De tal modo que queden prohibidas las externalizaciones de este tipo de actividades.<\/span><\/p>\n<p><span style=\"font-weight: 400;\">Adem\u00e1s, la &#8216;<\/span><span style=\"font-weight: 400;\">Ley<\/span><i><span style=\"font-weight: 400;\"> Kelly&#8217;<\/span><\/i><span style=\"font-weight: 400;\"> tambi\u00e9n incorpora otras propuestas de mejora tales como <\/span><b>un aumento de salario, una disminuci\u00f3n de los riesgos laborales o un calendario laboral<\/b><span style=\"font-weight: 400;\"> m\u00e1s estable.<\/span><\/p>\n<p><span style=\"font-weight: 400;\">Tanto si se es camarera de piso como limpiadora, hay dos condiciones que deben ser iguales. Que el trabajo est\u00e9 regulado por el Estatuto de los Trabajadores, y que se alcance el salario m\u00ednimo interprofesional.<\/span><\/p>\n<p><span style=\"font-weight: 400;\">El resto de condiciones <strong>s\u00ed pueden variar en funci\u00f3n de cada contrato y convenio<\/strong>.<\/span><\/p>\n<p><span style=\"font-weight: 400;\">Por ello, desde <\/span><b>reclamador.es<\/b><span style=\"font-weight: 400;\">, aconsejamos que se lean con detenimiento las condiciones que se detallan en cada contrato, por si posteriormente se quisiera reclamar alg\u00fan aspecto del mismo.<\/span><\/p>\n<h2><b>\u00bfC\u00f3mo pueden reclamar <\/b><b>las<i> kellys<\/i><\/b><b> un impago o un despido?<\/b><\/h2>\n<p><span style=\"font-weight: 400;\">A pesar de las precarias condiciones de los contratos de <\/span><span style=\"font-weight: 400;\">las<\/span><i><span style=\"font-weight: 400;\"> kellys<\/span><\/i><span style=\"font-weight: 400;\">, s\u00ed existen una serie de incidencias laborales que las camareras de piso pueden reclamar:<\/span><b> impagos y despidos improcedentes<\/b><span style=\"font-weight: 400;\">. As\u00ed se hace:<\/span><\/p>\n<p><b>En caso de impago<\/b><span style=\"font-weight: 400;\">. Cuando la empresa cometa alg\u00fan tipo de impago, la limpiadora de hotel podr\u00e1 reclamarlo en el <\/span><b>plazo m\u00e1ximo de un a\u00f1o<\/b><span style=\"font-weight: 400;\">. Para ello, tendr\u00e1 que presentar una papeleta de conciliaci\u00f3n ante el <\/span><a href=\"https:\/\/www.reclamador.es\/blog\/smac\/\"><b>Servicio de Mediaci\u00f3n, Arbitraje y Conciliaci\u00f3n (SMAC)<\/b><\/a><span style=\"font-weight: 400;\">. <\/span><\/p>\n<p><b>En caso de despido improcedente<\/b><span style=\"font-weight: 400;\">. Ante un despido improcedente, la <\/span><i><span style=\"font-weight: 400;\">kelly<\/span><\/i><span style=\"font-weight: 400;\"> podr\u00e1 reclamar una indemnizaci\u00f3n de 33 d\u00edas por a\u00f1o trabajado en un plazo m\u00e1ximo de 20 d\u00edas desde la fecha del despido. De nuevo, <\/span><b>tendr\u00e1 que acudir al SMAC y presentar una papeleta de conciliaci\u00f3n<\/b><span style=\"font-weight: 400;\"> para llegar a un acuerdo con la empresa. De no producirse el acuerdo, habr\u00eda que acudir ya a la v\u00eda judicial.<\/span><\/p>\n<div class=\"ttr_end\"><\/div>","protected":false},"excerpt":{"rendered":"<p>\u00bfQui\u00e9n no se ha despreocupado alguna vez por la limpieza de la habitaci\u00f3n del hotel en el que pasa sus vacaciones? Despertarse, salir a desayunar y al volver&#8230; \u00a1Tach\u00e1n! Como por arte de magia, las camas est\u00e1n hechas, los ba\u00f1os limpios e, incluso, el minibar abastecido. Una escena t\u00edpica que, cada a\u00f1o, se multiplica en [&hellip;]<\/p>\n","protected":false},"author":1,"featured_media":17692,"comment_status":"closed","ping_status":"open","sticky":false,"template":"","format":"standard","meta":{"_acf_changed":false,"_genesis_hide_title":false,"_genesis_hide_breadcrumbs":false,"_genesis_hide_singular_image":false,"_genesis_hide_footer_widgets":false,"_genesis_custom_body_class":"","_genesis_custom_post_class":"","_genesis_layout":"","_jetpack_newsletter_access":"","_jetpack_dont_email_post_to_subs":false,"_jetpack_newsletter_tier_id":0,"_jetpack_memberships_contains_paywalled_content":false,"_jetpack_memberships_contains_paid_content":false,"footnotes":""},"categories":[393],"tags":[266],"class_list":{"0":"post-17691","1":"post","2":"type-post","3":"status-publish","4":"format-standard","5":"has-post-thumbnail","7":"category-consejos","8":"tag-laboral","9":"entry"},"acf":[],"yoast_head":"<!-- This site is optimized with the Yoast SEO plugin v27.4 - https:\/\/yoast.com\/product\/yoast-seo-wordpress\/ -->\n<title>Condiciones Laborales de las Kellys<\/title>\n<meta name=\"description\" content=\"\u00bfNo sabes cu\u00e1les son las condiciones laborales de las kellys y c\u00f3mo se organizan? Te lo contamos en este post. No te lo pierdas!\" \/>\n<meta name=\"robots\" content=\"index, follow, max-snippet:-1, max-image-preview:large, max-video-preview:-1\" \/>\n<link rel=\"canonical\" href=\"https:\/\/www.reclamador.es\/blog\/condiciones-laborales-kellys\/\" \/>\n<meta property=\"og:locale\" content=\"es_ES\" \/>\n<meta property=\"og:type\" content=\"article\" \/>\n<meta property=\"og:title\" content=\"Condiciones Laborales de las Kellys\" \/>\n<meta property=\"og:description\" content=\"\u00bfNo sabes cu\u00e1les son las condiciones laborales de las kellys y c\u00f3mo se organizan? Te lo contamos en este post. No te lo pierdas!\" \/>\n<meta property=\"og:url\" content=\"https:\/\/www.reclamador.es\/blog\/condiciones-laborales-kellys\/\" \/>\n<meta property=\"og:site_name\" content=\"Rebeldes con causa, el blog de reclamador.es\" \/>\n<meta property=\"article:publisher\" content=\"https:\/\/www.facebook.com\/reclamador.es\" \/>\n<meta property=\"article:published_time\" content=\"2018-04-04T09:28:38+00:00\" \/>\n<meta property=\"article:modified_time\" content=\"2023-10-23T08:46:30+00:00\" \/>\n<meta property=\"og:image\" content=\"https:\/\/i0.wp.com\/www.reclamador.es\/blog\/wp-content\/uploads\/2018\/04\/kellys-reclamador.png?fit=1200%2C800&ssl=1\" \/>\n\t<meta property=\"og:image:width\" content=\"1200\" \/>\n\t<meta property=\"og:image:height\" content=\"800\" \/>\n\t<meta property=\"og:image:type\" content=\"image\/png\" \/>\n<meta name=\"author\" content=\"Equipo reclamador\" \/>\n<meta name=\"twitter:card\" content=\"summary_large_image\" \/>\n<meta name=\"twitter:creator\" content=\"@reclamador\" \/>\n<meta name=\"twitter:site\" content=\"@reclamador\" \/>\n<meta name=\"twitter:label1\" content=\"Escrito por\" \/>\n\t<meta name=\"twitter:data1\" content=\"Equipo reclamador\" \/>\n\t<meta name=\"twitter:label2\" content=\"Tiempo de lectura\" \/>\n\t<meta name=\"twitter:data2\" content=\"6 minutos\" \/>\n<script type=\"application\/ld+json\" class=\"yoast-schema-graph\">{\"@context\":\"https:\\\/\\\/schema.org\",\"@graph\":[{\"@type\":\"Article\",\"@id\":\"https:\\\/\\\/www.reclamador.es\\\/blog\\\/condiciones-laborales-kellys\\\/#article\",\"isPartOf\":{\"@id\":\"https:\\\/\\\/www.reclamador.es\\\/blog\\\/condiciones-laborales-kellys\\\/\"},\"author\":{\"name\":\"Equipo reclamador\",\"@id\":\"https:\\\/\\\/www.reclamador.es\\\/blog\\\/#\\\/schema\\\/person\\\/1ed83eef8b6566cb5e4c812d9bc5c4bf\"},\"headline\":\"Las &#8216;Kellys&#8217;: As\u00ed son las condiciones laborales que tienen las camareras de piso\",\"datePublished\":\"2018-04-04T09:28:38+00:00\",\"dateModified\":\"2023-10-23T08:46:30+00:00\",\"mainEntityOfPage\":{\"@id\":\"https:\\\/\\\/www.reclamador.es\\\/blog\\\/condiciones-laborales-kellys\\\/\"},\"wordCount\":1138,\"publisher\":{\"@id\":\"https:\\\/\\\/www.reclamador.es\\\/blog\\\/#organization\"},\"image\":{\"@id\":\"https:\\\/\\\/www.reclamador.es\\\/blog\\\/condiciones-laborales-kellys\\\/#primaryimage\"},\"thumbnailUrl\":\"https:\\\/\\\/i0.wp.com\\\/www.reclamador.es\\\/blog\\\/wp-content\\\/uploads\\\/2018\\\/04\\\/kellys-reclamador.png?fit=1200%2C800&ssl=1\",\"keywords\":[\"laboral\"],\"articleSection\":[\"Consejos legales\"],\"inLanguage\":\"es\"},{\"@type\":\"WebPage\",\"@id\":\"https:\\\/\\\/www.reclamador.es\\\/blog\\\/condiciones-laborales-kellys\\\/\",\"url\":\"https:\\\/\\\/www.reclamador.es\\\/blog\\\/condiciones-laborales-kellys\\\/\",\"name\":\"Condiciones Laborales de las Kellys\",\"isPartOf\":{\"@id\":\"https:\\\/\\\/www.reclamador.es\\\/blog\\\/#website\"},\"primaryImageOfPage\":{\"@id\":\"https:\\\/\\\/www.reclamador.es\\\/blog\\\/condiciones-laborales-kellys\\\/#primaryimage\"},\"image\":{\"@id\":\"https:\\\/\\\/www.reclamador.es\\\/blog\\\/condiciones-laborales-kellys\\\/#primaryimage\"},\"thumbnailUrl\":\"https:\\\/\\\/i0.wp.com\\\/www.reclamador.es\\\/blog\\\/wp-content\\\/uploads\\\/2018\\\/04\\\/kellys-reclamador.png?fit=1200%2C800&ssl=1\",\"datePublished\":\"2018-04-04T09:28:38+00:00\",\"dateModified\":\"2023-10-23T08:46:30+00:00\",\"description\":\"\u00bfNo sabes cu\u00e1les son las condiciones laborales de las kellys y c\u00f3mo se organizan? Te lo contamos en este post. No te lo pierdas!\",\"breadcrumb\":{\"@id\":\"https:\\\/\\\/www.reclamador.es\\\/blog\\\/condiciones-laborales-kellys\\\/#breadcrumb\"},\"inLanguage\":\"es\",\"potentialAction\":[{\"@type\":\"ReadAction\",\"target\":[\"https:\\\/\\\/www.reclamador.es\\\/blog\\\/condiciones-laborales-kellys\\\/\"]}]},{\"@type\":\"ImageObject\",\"inLanguage\":\"es\",\"@id\":\"https:\\\/\\\/www.reclamador.es\\\/blog\\\/condiciones-laborales-kellys\\\/#primaryimage\",\"url\":\"https:\\\/\\\/i0.wp.com\\\/www.reclamador.es\\\/blog\\\/wp-content\\\/uploads\\\/2018\\\/04\\\/kellys-reclamador.png?fit=1200%2C800&ssl=1\",\"contentUrl\":\"https:\\\/\\\/i0.wp.com\\\/www.reclamador.es\\\/blog\\\/wp-content\\\/uploads\\\/2018\\\/04\\\/kellys-reclamador.png?fit=1200%2C800&ssl=1\",\"width\":1200,\"height\":800,\"caption\":\"El objetivo de \u2018Las Kellys\u2019: dar visibilidad a las precarias condiciones laborales por las que pasan\"},{\"@type\":\"BreadcrumbList\",\"@id\":\"https:\\\/\\\/www.reclamador.es\\\/blog\\\/condiciones-laborales-kellys\\\/#breadcrumb\",\"itemListElement\":[{\"@type\":\"ListItem\",\"position\":1,\"name\":\"Portada\",\"item\":\"https:\\\/\\\/www.reclamador.es\\\/blog\\\/\"},{\"@type\":\"ListItem\",\"position\":2,\"name\":\"Las &#8216;Kellys&#8217;: As\u00ed son las condiciones laborales que tienen las camareras de piso\"}]},{\"@type\":\"WebSite\",\"@id\":\"https:\\\/\\\/www.reclamador.es\\\/blog\\\/#website\",\"url\":\"https:\\\/\\\/www.reclamador.es\\\/blog\\\/\",\"name\":\"Rebeldes con causa, el blog de reclamador.es\",\"description\":\"Noticias, entrevistas y consejos sobre reclamaciones\",\"publisher\":{\"@id\":\"https:\\\/\\\/www.reclamador.es\\\/blog\\\/#organization\"},\"potentialAction\":[{\"@type\":\"SearchAction\",\"target\":{\"@type\":\"EntryPoint\",\"urlTemplate\":\"https:\\\/\\\/www.reclamador.es\\\/blog\\\/?s={search_term_string}\"},\"query-input\":{\"@type\":\"PropertyValueSpecification\",\"valueRequired\":true,\"valueName\":\"search_term_string\"}}],\"inLanguage\":\"es\"},{\"@type\":\"Organization\",\"@id\":\"https:\\\/\\\/www.reclamador.es\\\/blog\\\/#organization\",\"name\":\"reclamador.es\",\"url\":\"https:\\\/\\\/www.reclamador.es\\\/blog\\\/\",\"logo\":{\"@type\":\"ImageObject\",\"inLanguage\":\"es\",\"@id\":\"https:\\\/\\\/www.reclamador.es\\\/blog\\\/#\\\/schema\\\/logo\\\/image\\\/\",\"url\":\"https:\\\/\\\/i0.wp.com\\\/www.reclamador.es\\\/blog\\\/wp-content\\\/uploads\\\/2020\\\/01\\\/logo-reclamador.png?fit=1200%2C144&ssl=1\",\"contentUrl\":\"https:\\\/\\\/i0.wp.com\\\/www.reclamador.es\\\/blog\\\/wp-content\\\/uploads\\\/2020\\\/01\\\/logo-reclamador.png?fit=1200%2C144&ssl=1\",\"width\":1200,\"height\":144,\"caption\":\"reclamador.es\"},\"image\":{\"@id\":\"https:\\\/\\\/www.reclamador.es\\\/blog\\\/#\\\/schema\\\/logo\\\/image\\\/\"},\"sameAs\":[\"https:\\\/\\\/www.facebook.com\\\/reclamador.es\",\"https:\\\/\\\/x.com\\\/reclamador\",\"https:\\\/\\\/www.instagram.com\\\/reclamador.es\\\/\",\"https:\\\/\\\/www.linkedin.com\\\/company\\\/reclamador-es\",\"https:\\\/\\\/www.youtube.com\\\/user\\\/Reclamadores\"]},{\"@type\":\"Person\",\"@id\":\"https:\\\/\\\/www.reclamador.es\\\/blog\\\/#\\\/schema\\\/person\\\/1ed83eef8b6566cb5e4c812d9bc5c4bf\",\"name\":\"Equipo reclamador\",\"image\":{\"@type\":\"ImageObject\",\"inLanguage\":\"es\",\"@id\":\"https:\\\/\\\/secure.gravatar.com\\\/avatar\\\/6442ecdc2c4472c600c113f34d340feca47107d6aa4f42f1e3e75a2a8e28a760?s=96&d=mm&r=g\",\"url\":\"https:\\\/\\\/secure.gravatar.com\\\/avatar\\\/6442ecdc2c4472c600c113f34d340feca47107d6aa4f42f1e3e75a2a8e28a760?s=96&d=mm&r=g\",\"contentUrl\":\"https:\\\/\\\/secure.gravatar.com\\\/avatar\\\/6442ecdc2c4472c600c113f34d340feca47107d6aa4f42f1e3e75a2a8e28a760?s=96&d=mm&r=g\",\"caption\":\"Equipo reclamador\"},\"description\":\"Las personas que hacen posible reclamador.es\",\"url\":\"https:\\\/\\\/www.reclamador.es\\\/blog\\\/author\\\/administrador\\\/\"}]}<\/script>\n<!-- \/ Yoast SEO plugin. -->","yoast_head_json":{"title":"Condiciones Laborales de las Kellys","description":"\u00bfNo sabes cu\u00e1les son las condiciones laborales de las kellys y c\u00f3mo se organizan? Te lo contamos en este post. No te lo pierdas!","robots":{"index":"index","follow":"follow","max-snippet":"max-snippet:-1","max-image-preview":"max-image-preview:large","max-video-preview":"max-video-preview:-1"},"canonical":"https:\/\/www.reclamador.es\/blog\/condiciones-laborales-kellys\/","og_locale":"es_ES","og_type":"article","og_title":"Condiciones Laborales de las Kellys","og_description":"\u00bfNo sabes cu\u00e1les son las condiciones laborales de las kellys y c\u00f3mo se organizan? Te lo contamos en este post. No te lo pierdas!","og_url":"https:\/\/www.reclamador.es\/blog\/condiciones-laborales-kellys\/","og_site_name":"Rebeldes con causa, el blog de reclamador.es","article_publisher":"https:\/\/www.facebook.com\/reclamador.es","article_published_time":"2018-04-04T09:28:38+00:00","article_modified_time":"2023-10-23T08:46:30+00:00","og_image":[{"width":1200,"height":800,"url":"https:\/\/i0.wp.com\/www.reclamador.es\/blog\/wp-content\/uploads\/2018\/04\/kellys-reclamador.png?fit=1200%2C800&ssl=1","type":"image\/png"}],"author":"Equipo reclamador","twitter_card":"summary_large_image","twitter_creator":"@reclamador","twitter_site":"@reclamador","twitter_misc":{"Escrito por":"Equipo reclamador","Tiempo de lectura":"6 minutos"},"schema":{"@context":"https:\/\/schema.org","@graph":[{"@type":"Article","@id":"https:\/\/www.reclamador.es\/blog\/condiciones-laborales-kellys\/#article","isPartOf":{"@id":"https:\/\/www.reclamador.es\/blog\/condiciones-laborales-kellys\/"},"author":{"name":"Equipo reclamador","@id":"https:\/\/www.reclamador.es\/blog\/#\/schema\/person\/1ed83eef8b6566cb5e4c812d9bc5c4bf"},"headline":"Las &#8216;Kellys&#8217;: As\u00ed son las condiciones laborales que tienen las camareras de piso","datePublished":"2018-04-04T09:28:38+00:00","dateModified":"2023-10-23T08:46:30+00:00","mainEntityOfPage":{"@id":"https:\/\/www.reclamador.es\/blog\/condiciones-laborales-kellys\/"},"wordCount":1138,"publisher":{"@id":"https:\/\/www.reclamador.es\/blog\/#organization"},"image":{"@id":"https:\/\/www.reclamador.es\/blog\/condiciones-laborales-kellys\/#primaryimage"},"thumbnailUrl":"https:\/\/i0.wp.com\/www.reclamador.es\/blog\/wp-content\/uploads\/2018\/04\/kellys-reclamador.png?fit=1200%2C800&ssl=1","keywords":["laboral"],"articleSection":["Consejos legales"],"inLanguage":"es"},{"@type":"WebPage","@id":"https:\/\/www.reclamador.es\/blog\/condiciones-laborales-kellys\/","url":"https:\/\/www.reclamador.es\/blog\/condiciones-laborales-kellys\/","name":"Condiciones Laborales de las Kellys","isPartOf":{"@id":"https:\/\/www.reclamador.es\/blog\/#website"},"primaryImageOfPage":{"@id":"https:\/\/www.reclamador.es\/blog\/condiciones-laborales-kellys\/#primaryimage"},"image":{"@id":"https:\/\/www.reclamador.es\/blog\/condiciones-laborales-kellys\/#primaryimage"},"thumbnailUrl":"https:\/\/i0.wp.com\/www.reclamador.es\/blog\/wp-content\/uploads\/2018\/04\/kellys-reclamador.png?fit=1200%2C800&ssl=1","datePublished":"2018-04-04T09:28:38+00:00","dateModified":"2023-10-23T08:46:30+00:00","description":"\u00bfNo sabes cu\u00e1les son las condiciones laborales de las kellys y c\u00f3mo se organizan? Te lo contamos en este post. No te lo pierdas!","breadcrumb":{"@id":"https:\/\/www.reclamador.es\/blog\/condiciones-laborales-kellys\/#breadcrumb"},"inLanguage":"es","potentialAction":[{"@type":"ReadAction","target":["https:\/\/www.reclamador.es\/blog\/condiciones-laborales-kellys\/"]}]},{"@type":"ImageObject","inLanguage":"es","@id":"https:\/\/www.reclamador.es\/blog\/condiciones-laborales-kellys\/#primaryimage","url":"https:\/\/i0.wp.com\/www.reclamador.es\/blog\/wp-content\/uploads\/2018\/04\/kellys-reclamador.png?fit=1200%2C800&ssl=1","contentUrl":"https:\/\/i0.wp.com\/www.reclamador.es\/blog\/wp-content\/uploads\/2018\/04\/kellys-reclamador.png?fit=1200%2C800&ssl=1","width":1200,"height":800,"caption":"El objetivo de \u2018Las Kellys\u2019: dar visibilidad a las precarias condiciones laborales por las que pasan"},{"@type":"BreadcrumbList","@id":"https:\/\/www.reclamador.es\/blog\/condiciones-laborales-kellys\/#breadcrumb","itemListElement":[{"@type":"ListItem","position":1,"name":"Portada","item":"https:\/\/www.reclamador.es\/blog\/"},{"@type":"ListItem","position":2,"name":"Las &#8216;Kellys&#8217;: As\u00ed son las condiciones laborales que tienen las camareras de piso"}]},{"@type":"WebSite","@id":"https:\/\/www.reclamador.es\/blog\/#website","url":"https:\/\/www.reclamador.es\/blog\/","name":"Rebeldes con causa, el blog de reclamador.es","description":"Noticias, entrevistas y consejos sobre reclamaciones","publisher":{"@id":"https:\/\/www.reclamador.es\/blog\/#organization"},"potentialAction":[{"@type":"SearchAction","target":{"@type":"EntryPoint","urlTemplate":"https:\/\/www.reclamador.es\/blog\/?s={search_term_string}"},"query-input":{"@type":"PropertyValueSpecification","valueRequired":true,"valueName":"search_term_string"}}],"inLanguage":"es"},{"@type":"Organization","@id":"https:\/\/www.reclamador.es\/blog\/#organization","name":"reclamador.es","url":"https:\/\/www.reclamador.es\/blog\/","logo":{"@type":"ImageObject","inLanguage":"es","@id":"https:\/\/www.reclamador.es\/blog\/#\/schema\/logo\/image\/","url":"https:\/\/i0.wp.com\/www.reclamador.es\/blog\/wp-content\/uploads\/2020\/01\/logo-reclamador.png?fit=1200%2C144&ssl=1","contentUrl":"https:\/\/i0.wp.com\/www.reclamador.es\/blog\/wp-content\/uploads\/2020\/01\/logo-reclamador.png?fit=1200%2C144&ssl=1","width":1200,"height":144,"caption":"reclamador.es"},"image":{"@id":"https:\/\/www.reclamador.es\/blog\/#\/schema\/logo\/image\/"},"sameAs":["https:\/\/www.facebook.com\/reclamador.es","https:\/\/x.com\/reclamador","https:\/\/www.instagram.com\/reclamador.es\/","https:\/\/www.linkedin.com\/company\/reclamador-es","https:\/\/www.youtube.com\/user\/Reclamadores"]},{"@type":"Person","@id":"https:\/\/www.reclamador.es\/blog\/#\/schema\/person\/1ed83eef8b6566cb5e4c812d9bc5c4bf","name":"Equipo reclamador","image":{"@type":"ImageObject","inLanguage":"es","@id":"https:\/\/secure.gravatar.com\/avatar\/6442ecdc2c4472c600c113f34d340feca47107d6aa4f42f1e3e75a2a8e28a760?s=96&d=mm&r=g","url":"https:\/\/secure.gravatar.com\/avatar\/6442ecdc2c4472c600c113f34d340feca47107d6aa4f42f1e3e75a2a8e28a760?s=96&d=mm&r=g","contentUrl":"https:\/\/secure.gravatar.com\/avatar\/6442ecdc2c4472c600c113f34d340feca47107d6aa4f42f1e3e75a2a8e28a760?s=96&d=mm&r=g","caption":"Equipo reclamador"},"description":"Las personas que hacen posible reclamador.es","url":"https:\/\/www.reclamador.es\/blog\/author\/administrador\/"}]}},"jetpack_featured_media_url":"https:\/\/i0.wp.com\/www.reclamador.es\/blog\/wp-content\/uploads\/2018\/04\/kellys-reclamador.png?fit=1200%2C800&ssl=1","jetpack-related-posts":[{"id":21249,"url":"https:\/\/www.reclamador.es\/blog\/cambio-titularidad-empresa-trabajadores\/","url_meta":{"origin":17691,"position":0},"title":"Cambio de due\u00f1os en una empresa: \u00bfqu\u00e9 ocurre con los trabajadores?","author":"Equipo reclamador","date":"5 marzo, 2019","format":false,"excerpt":"Sucesi\u00f3n empresarial. Este es el t\u00e9rmino t\u00e9cnico que recibe el cambio de due\u00f1os de una compa\u00f1\u00eda. Tambi\u00e9n es conocido como subrogaci\u00f3n empresarial. Se trata de una situaci\u00f3n muy habitual en nuestro pa\u00eds, pero que no por ello deja de generar inseguridad entre los trabajadores de aquellas empresas que cambian de\u2026","rel":"","context":"En \u00abConsejos legales\u00bb","block_context":{"text":"Consejos legales","link":"https:\/\/www.reclamador.es\/blog\/consejos\/"},"img":{"alt_text":"abogado laboralista reclamador cambio de titularidad de empresa","src":"https:\/\/i0.wp.com\/www.reclamador.es\/blog\/wp-content\/uploads\/2019\/03\/trabajadores-cambio-duenos-empresa.jpg?fit=1200%2C799&ssl=1&resize=350%2C200","width":350,"height":200,"srcset":"https:\/\/i0.wp.com\/www.reclamador.es\/blog\/wp-content\/uploads\/2019\/03\/trabajadores-cambio-duenos-empresa.jpg?fit=1200%2C799&ssl=1&resize=350%2C200 1x, https:\/\/i0.wp.com\/www.reclamador.es\/blog\/wp-content\/uploads\/2019\/03\/trabajadores-cambio-duenos-empresa.jpg?fit=1200%2C799&ssl=1&resize=525%2C300 1.5x, https:\/\/i0.wp.com\/www.reclamador.es\/blog\/wp-content\/uploads\/2019\/03\/trabajadores-cambio-duenos-empresa.jpg?fit=1200%2C799&ssl=1&resize=700%2C400 2x, https:\/\/i0.wp.com\/www.reclamador.es\/blog\/wp-content\/uploads\/2019\/03\/trabajadores-cambio-duenos-empresa.jpg?fit=1200%2C799&ssl=1&resize=1050%2C600 3x"},"classes":[]},{"id":5143,"url":"https:\/\/www.reclamador.es\/blog\/acoso-laboral\/","url_meta":{"origin":17691,"position":1},"title":"5 tips para conocer si sufres acoso laboral","author":"Equipo reclamador","date":"4 noviembre, 2023","format":false,"excerpt":"El acoso laboral es cada vez m\u00e1s patente en cualquier empleo. Conseguir que un entorno de trabajo est\u00e9 libre de mobbing es un reto para todos los expertos en recursos humanos y directores de empresa, que ven como este problema afecta directamente la estabilidad laboral y productiva de su negocio.\u2026","rel":"","context":"En \u00abConsejos legales\u00bb","block_context":{"text":"Consejos legales","link":"https:\/\/www.reclamador.es\/blog\/consejos\/"},"img":{"alt_text":"camareros - descubrir acoso laboral","src":"https:\/\/i0.wp.com\/www.reclamador.es\/blog\/wp-content\/uploads\/2016\/11\/acoso-laboral-1.jpg?fit=1199%2C631&ssl=1&resize=350%2C200","width":350,"height":200,"srcset":"https:\/\/i0.wp.com\/www.reclamador.es\/blog\/wp-content\/uploads\/2016\/11\/acoso-laboral-1.jpg?fit=1199%2C631&ssl=1&resize=350%2C200 1x, https:\/\/i0.wp.com\/www.reclamador.es\/blog\/wp-content\/uploads\/2016\/11\/acoso-laboral-1.jpg?fit=1199%2C631&ssl=1&resize=525%2C300 1.5x, https:\/\/i0.wp.com\/www.reclamador.es\/blog\/wp-content\/uploads\/2016\/11\/acoso-laboral-1.jpg?fit=1199%2C631&ssl=1&resize=700%2C400 2x, https:\/\/i0.wp.com\/www.reclamador.es\/blog\/wp-content\/uploads\/2016\/11\/acoso-laboral-1.jpg?fit=1199%2C631&ssl=1&resize=1050%2C600 3x"},"classes":[]},{"id":4336,"url":"https:\/\/www.reclamador.es\/blog\/renta-activa-de-insercion\/","url_meta":{"origin":17691,"position":2},"title":"\u00bfQu\u00e9 es la Renta Activa de Inserci\u00f3n (RAI)?","author":"Equipo reclamador","date":"29 junio, 2016","format":false,"excerpt":"A grandes rasgos, la Renta Activa de Inserci\u00f3n (RAI) es una ayuda econ\u00f3mica cuyo principal objetivo es fomentar la integraci\u00f3n y reinserci\u00f3n en la vida social y laboral a aquellas personas que, ya sea por causa de desempleo u otros agravantes de car\u00e1cter personal, est\u00e9n pasando por alguna situaci\u00f3n especialmente\u2026","rel":"","context":"En \u00abConsejos legales\u00bb","block_context":{"text":"Consejos legales","link":"https:\/\/www.reclamador.es\/blog\/consejos\/"},"img":{"alt_text":"Renta Activa de Inserci\u00f3n - reclamador","src":"https:\/\/i0.wp.com\/www.reclamador.es\/blog\/wp-content\/uploads\/2016\/06\/RAI-renta-activa-de-insercion.jpg?fit=1200%2C630&ssl=1&resize=350%2C200","width":350,"height":200,"srcset":"https:\/\/i0.wp.com\/www.reclamador.es\/blog\/wp-content\/uploads\/2016\/06\/RAI-renta-activa-de-insercion.jpg?fit=1200%2C630&ssl=1&resize=350%2C200 1x, https:\/\/i0.wp.com\/www.reclamador.es\/blog\/wp-content\/uploads\/2016\/06\/RAI-renta-activa-de-insercion.jpg?fit=1200%2C630&ssl=1&resize=525%2C300 1.5x, https:\/\/i0.wp.com\/www.reclamador.es\/blog\/wp-content\/uploads\/2016\/06\/RAI-renta-activa-de-insercion.jpg?fit=1200%2C630&ssl=1&resize=700%2C400 2x, https:\/\/i0.wp.com\/www.reclamador.es\/blog\/wp-content\/uploads\/2016\/06\/RAI-renta-activa-de-insercion.jpg?fit=1200%2C630&ssl=1&resize=1050%2C600 3x"},"classes":[]},{"id":15916,"url":"https:\/\/www.reclamador.es\/blog\/mobbing\/","url_meta":{"origin":17691,"position":3},"title":"\u00bfC\u00f3mo defenderte si sufres mobbing o acoso psicol\u00f3gico laboral?","author":"Equipo reclamador","date":"31 octubre, 2017","format":false,"excerpt":"\u201cToda situaci\u00f3n o conducta que, por su reiteraci\u00f3n en el tiempo, por su car\u00e1cter degradante de las condiciones de trabajo y por la hostilidad o intimidaci\u00f3n del ambiente laboral que genera, tiene por finalidad atentar o poner en peligro la integridad del trabajador\u201d. As\u00ed definen los tribunales el acoso laboral,\u2026","rel":"","context":"En \u00abConsejos legales\u00bb","block_context":{"text":"Consejos legales","link":"https:\/\/www.reclamador.es\/blog\/consejos\/"},"img":{"alt_text":"","src":"https:\/\/i0.wp.com\/www.reclamador.es\/blog\/wp-content\/uploads\/2017\/10\/empleadas-mobbing-reclamador-1.jpg?fit=1200%2C800&ssl=1&resize=350%2C200","width":350,"height":200,"srcset":"https:\/\/i0.wp.com\/www.reclamador.es\/blog\/wp-content\/uploads\/2017\/10\/empleadas-mobbing-reclamador-1.jpg?fit=1200%2C800&ssl=1&resize=350%2C200 1x, https:\/\/i0.wp.com\/www.reclamador.es\/blog\/wp-content\/uploads\/2017\/10\/empleadas-mobbing-reclamador-1.jpg?fit=1200%2C800&ssl=1&resize=525%2C300 1.5x, https:\/\/i0.wp.com\/www.reclamador.es\/blog\/wp-content\/uploads\/2017\/10\/empleadas-mobbing-reclamador-1.jpg?fit=1200%2C800&ssl=1&resize=700%2C400 2x, https:\/\/i0.wp.com\/www.reclamador.es\/blog\/wp-content\/uploads\/2017\/10\/empleadas-mobbing-reclamador-1.jpg?fit=1200%2C800&ssl=1&resize=1050%2C600 3x"},"classes":[]},{"id":17470,"url":"https:\/\/www.reclamador.es\/blog\/modificacion-sustancial-condiciones-trabajo\/","url_meta":{"origin":17691,"position":4},"title":"Modificaci\u00f3n sustancial de las condiciones de trabajo: \u00bfse puede reclamar?","author":"Equipo reclamador","date":"31 marzo, 2022","format":false,"excerpt":"El Estatuto de los Trabajadores (RDL \u00a02\/2015, de 23 de Octubre) dedica todo un art\u00edculo, el 41, a regular la modificaci\u00f3n sustancial de las condiciones de trabajo de un empleado. Se compone adem\u00e1s de 7 puntos en los que se recogen las materias o cu\u00e1ndo se considera modificaci\u00f3n colectiva y\u2026","rel":"","context":"En \u00abConsejos legales\u00bb","block_context":{"text":"Consejos legales","link":"https:\/\/www.reclamador.es\/blog\/consejos\/"},"img":{"alt_text":"reclamar modificacion condiciones de trabajo","src":"https:\/\/i0.wp.com\/www.reclamador.es\/blog\/wp-content\/uploads\/2018\/03\/modificacion-sustancial-condiciones-de-trabajo.jpg?fit=1200%2C800&ssl=1&resize=350%2C200","width":350,"height":200,"srcset":"https:\/\/i0.wp.com\/www.reclamador.es\/blog\/wp-content\/uploads\/2018\/03\/modificacion-sustancial-condiciones-de-trabajo.jpg?fit=1200%2C800&ssl=1&resize=350%2C200 1x, https:\/\/i0.wp.com\/www.reclamador.es\/blog\/wp-content\/uploads\/2018\/03\/modificacion-sustancial-condiciones-de-trabajo.jpg?fit=1200%2C800&ssl=1&resize=525%2C300 1.5x, https:\/\/i0.wp.com\/www.reclamador.es\/blog\/wp-content\/uploads\/2018\/03\/modificacion-sustancial-condiciones-de-trabajo.jpg?fit=1200%2C800&ssl=1&resize=700%2C400 2x, https:\/\/i0.wp.com\/www.reclamador.es\/blog\/wp-content\/uploads\/2018\/03\/modificacion-sustancial-condiciones-de-trabajo.jpg?fit=1200%2C800&ssl=1&resize=1050%2C600 3x"},"classes":[]},{"id":15542,"url":"https:\/\/www.reclamador.es\/blog\/entrevista-laboral-abusos-laborales\/","url_meta":{"origin":17691,"position":5},"title":"Rita y Juana sobre abusos laborales: \"la gente tiene miedo a perder su trabajo, se vuelve sumisa y no reclama\"","author":"Equipo reclamador","date":"13 septiembre, 2017","format":false,"excerpt":"Resulta imposible pensar que volver a trabajar \u2013 despu\u00e9s de una temporada en el paro \u2013 puede sentar como un jarrazo de agua fr\u00eda. Sin embargo, si hay algo que hemos comprobado en reclamador.es, es que no hay imposibles que valgan y que, a veces, la seguridad que proporciona un\u2026","rel":"","context":"En \u00abConoce todo lo que sucede en reclamador.es\u00bb","block_context":{"text":"Conoce todo lo que sucede en reclamador.es","link":"https:\/\/www.reclamador.es\/blog\/reclamadores\/"},"img":{"alt_text":"","src":"https:\/\/i0.wp.com\/www.reclamador.es\/blog\/wp-content\/uploads\/2017\/09\/rita_y_juana_de_la_loma_720-1.jpg?fit=1200%2C750&ssl=1&resize=350%2C200","width":350,"height":200,"srcset":"https:\/\/i0.wp.com\/www.reclamador.es\/blog\/wp-content\/uploads\/2017\/09\/rita_y_juana_de_la_loma_720-1.jpg?fit=1200%2C750&ssl=1&resize=350%2C200 1x, https:\/\/i0.wp.com\/www.reclamador.es\/blog\/wp-content\/uploads\/2017\/09\/rita_y_juana_de_la_loma_720-1.jpg?fit=1200%2C750&ssl=1&resize=525%2C300 1.5x, https:\/\/i0.wp.com\/www.reclamador.es\/blog\/wp-content\/uploads\/2017\/09\/rita_y_juana_de_la_loma_720-1.jpg?fit=1200%2C750&ssl=1&resize=700%2C400 2x, https:\/\/i0.wp.com\/www.reclamador.es\/blog\/wp-content\/uploads\/2017\/09\/rita_y_juana_de_la_loma_720-1.jpg?fit=1200%2C750&ssl=1&resize=1050%2C600 3x"},"classes":[]}],"jetpack_sharing_enabled":true,"_links":{"self":[{"href":"https:\/\/www.reclamador.es\/blog\/wp-json\/wp\/v2\/posts\/17691","targetHints":{"allow":["GET"]}}],"collection":[{"href":"https:\/\/www.reclamador.es\/blog\/wp-json\/wp\/v2\/posts"}],"about":[{"href":"https:\/\/www.reclamador.es\/blog\/wp-json\/wp\/v2\/types\/post"}],"author":[{"embeddable":true,"href":"https:\/\/www.reclamador.es\/blog\/wp-json\/wp\/v2\/users\/1"}],"replies":[{"embeddable":true,"href":"https:\/\/www.reclamador.es\/blog\/wp-json\/wp\/v2\/comments?post=17691"}],"version-history":[{"count":20,"href":"https:\/\/www.reclamador.es\/blog\/wp-json\/wp\/v2\/posts\/17691\/revisions"}],"predecessor-version":[{"id":31599,"href":"https:\/\/www.reclamador.es\/blog\/wp-json\/wp\/v2\/posts\/17691\/revisions\/31599"}],"wp:featuredmedia":[{"embeddable":true,"href":"https:\/\/www.reclamador.es\/blog\/wp-json\/wp\/v2\/media\/17692"}],"wp:attachment":[{"href":"https:\/\/www.reclamador.es\/blog\/wp-json\/wp\/v2\/media?parent=17691"}],"wp:term":[{"taxonomy":"category","embeddable":true,"href":"https:\/\/www.reclamador.es\/blog\/wp-json\/wp\/v2\/categories?post=17691"},{"taxonomy":"post_tag","embeddable":true,"href":"https:\/\/www.reclamador.es\/blog\/wp-json\/wp\/v2\/tags?post=17691"}],"curies":[{"name":"wp","href":"https:\/\/api.w.org\/{rel}","templated":true}]}}