{"id":17425,"date":"2018-03-14T15:38:20","date_gmt":"2018-03-14T14:38:20","guid":{"rendered":"https:\/\/www.reclamador.es\/blog\/?p=17425"},"modified":"2025-08-26T15:08:11","modified_gmt":"2025-08-26T13:08:11","slug":"nueva-ronda-de-inversion-reclamador","status":"publish","type":"post","link":"https:\/\/www.reclamador.es\/blog\/nueva-ronda-de-inversion-reclamador\/","title":{"rendered":"reclamador.es consigue 1,5 millones de euros en su segunda ronda de inversi\u00f3n"},"content":{"rendered":"<div class=\"ttr_start\"><\/div>\n\n<div class=\"kk-star-ratings kksr-auto kksr-align-right kksr-valign-top\"\n    data-payload='{&quot;align&quot;:&quot;right&quot;,&quot;id&quot;:&quot;17425&quot;,&quot;slug&quot;:&quot;default&quot;,&quot;valign&quot;:&quot;top&quot;,&quot;ignore&quot;:&quot;&quot;,&quot;reference&quot;:&quot;auto&quot;,&quot;class&quot;:&quot;&quot;,&quot;count&quot;:&quot;1&quot;,&quot;legendonly&quot;:&quot;&quot;,&quot;readonly&quot;:&quot;&quot;,&quot;score&quot;:&quot;5&quot;,&quot;starsonly&quot;:&quot;&quot;,&quot;best&quot;:&quot;5&quot;,&quot;gap&quot;:&quot;3&quot;,&quot;greet&quot;:&quot;Valora este art\u00edculo&quot;,&quot;legend&quot;:&quot;5\\\/5 - (1 voto)&quot;,&quot;size&quot;:&quot;20&quot;,&quot;title&quot;:&quot;reclamador.es consigue 1,5 millones de euros en su segunda ronda de inversi\u00f3n&quot;,&quot;width&quot;:&quot;113.5&quot;,&quot;_legend&quot;:&quot;{score}\\\/{best} - ({count} {votes})&quot;,&quot;font_factor&quot;:&quot;1.25&quot;}'>\n            \n<div class=\"kksr-stars\">\n    \n<div class=\"kksr-stars-inactive\">\n            <div class=\"kksr-star\" data-star=\"1\" style=\"padding-right: 3px\">\n            \n\n<div class=\"kksr-icon\" style=\"width: 20px; height: 20px;\"><\/div>\n        <\/div>\n            <div class=\"kksr-star\" data-star=\"2\" style=\"padding-right: 3px\">\n            \n\n<div class=\"kksr-icon\" style=\"width: 20px; height: 20px;\"><\/div>\n        <\/div>\n            <div class=\"kksr-star\" data-star=\"3\" style=\"padding-right: 3px\">\n            \n\n<div class=\"kksr-icon\" style=\"width: 20px; height: 20px;\"><\/div>\n        <\/div>\n            <div class=\"kksr-star\" data-star=\"4\" style=\"padding-right: 3px\">\n            \n\n<div class=\"kksr-icon\" style=\"width: 20px; height: 20px;\"><\/div>\n        <\/div>\n            <div class=\"kksr-star\" data-star=\"5\" style=\"padding-right: 3px\">\n            \n\n<div class=\"kksr-icon\" style=\"width: 20px; height: 20px;\"><\/div>\n        <\/div>\n    <\/div>\n    \n<div class=\"kksr-stars-active\" style=\"width: 113.5px;\">\n            <div class=\"kksr-star\" style=\"padding-right: 3px\">\n            \n\n<div class=\"kksr-icon\" style=\"width: 20px; height: 20px;\"><\/div>\n        <\/div>\n            <div class=\"kksr-star\" style=\"padding-right: 3px\">\n            \n\n<div class=\"kksr-icon\" style=\"width: 20px; height: 20px;\"><\/div>\n        <\/div>\n            <div class=\"kksr-star\" style=\"padding-right: 3px\">\n            \n\n<div class=\"kksr-icon\" style=\"width: 20px; height: 20px;\"><\/div>\n        <\/div>\n            <div class=\"kksr-star\" style=\"padding-right: 3px\">\n            \n\n<div class=\"kksr-icon\" style=\"width: 20px; height: 20px;\"><\/div>\n        <\/div>\n            <div class=\"kksr-star\" style=\"padding-right: 3px\">\n            \n\n<div class=\"kksr-icon\" style=\"width: 20px; height: 20px;\"><\/div>\n        <\/div>\n    <\/div>\n<\/div>\n                \n\n<div class=\"kksr-legend\" style=\"font-size: 16px;\">\n            5\/5 - (1 voto)    <\/div>\n    <\/div>\n<figure id=\"attachment_17429\" aria-describedby=\"caption-attachment-17429\" style=\"width: 1200px\" class=\"wp-caption aligncenter\"><img data-recalc-dims=\"1\" loading=\"lazy\" decoding=\"async\" class=\"wp-image-17429 size-full\" src=\"https:\/\/i0.wp.com\/www.reclamador.es\/blog\/wp-content\/uploads\/2018\/03\/oficina-reclamador.png?resize=1200%2C800&#038;ssl=1\" alt=\"reclamador.es oficina\" width=\"1200\" height=\"800\" srcset=\"https:\/\/i0.wp.com\/www.reclamador.es\/blog\/wp-content\/uploads\/2018\/03\/oficina-reclamador.png?w=1200&amp;ssl=1 1200w, https:\/\/i0.wp.com\/www.reclamador.es\/blog\/wp-content\/uploads\/2018\/03\/oficina-reclamador.png?resize=150%2C100&amp;ssl=1 150w, https:\/\/i0.wp.com\/www.reclamador.es\/blog\/wp-content\/uploads\/2018\/03\/oficina-reclamador.png?resize=300%2C200&amp;ssl=1 300w, https:\/\/i0.wp.com\/www.reclamador.es\/blog\/wp-content\/uploads\/2018\/03\/oficina-reclamador.png?resize=768%2C512&amp;ssl=1 768w, https:\/\/i0.wp.com\/www.reclamador.es\/blog\/wp-content\/uploads\/2018\/03\/oficina-reclamador.png?resize=1024%2C683&amp;ssl=1 1024w\" sizes=\"auto, (max-width: 1000px) 100vw, 1000px\" \/><figcaption id=\"caption-attachment-17429\" class=\"wp-caption-text\"><em>Oficinas centrales de reclamador.es en Madrid Legazpi-Matadero<\/em><\/figcaption><\/figure>\n<p><span style=\"font-weight: 400;\">\u00a1Volvemos a estar de celebraci\u00f3n! Si en enero d\u00e1bamos a conocer los <a href=\"https:\/\/www.reclamador.es\/blog\/resultados-reclamador-2017\/\">buenos resultados de 2017<\/a>, hoy anunciamos el cierre de una ronda de inversi\u00f3n por valor de <strong>un mill\u00f3n y medio de euros<\/strong>, que da entrada a nuevos accionistas a la compa\u00f1\u00eda y reforzar\u00e1 nuestra posici\u00f3n en el mercado.\u00a0<\/span><\/p>\n<p><span style=\"font-weight: 400;\">Queremos compartir con todos vosotros las novedades de nuestra compa\u00f1\u00eda. <strong>Martin Varsavsky<\/strong>, el conocido inversor creador de jazztel y fon (entre otras empresas), <strong>se une a nuestro proyecto como accionista,\u00a0<\/strong>a trav\u00e9s de su veh\u00edculo de inversiones VAS Ventures. <\/span><\/p>\n<p style=\"text-align: left;\">Varsavsky es miembro del Consejo Asesor para la Innovaci\u00f3n en la Justicia creado recientemente por el Ministerio de Justicia.<\/p>\n<p><span style=\"font-weight: 400;\">Por su parte, la red de inversores <strong>Faraday Venture Partners y Cabiedes &amp; Partners<\/strong> refuerzan su posici\u00f3n como accionistas en nuestra compa\u00f1\u00eda. El resto de la ronda la asumen\u00a0Dinamedia Inversiones SL y algunos otros socios como Salvador Garc\u00eda Andr\u00e9s (cofundador de ebury), y directivos de nuestra compa\u00f1\u00eda como \u00c1lvaro Azc\u00e1rraga, Ramiro Salamanca y Mateo del R\u00edo.<\/span><\/p>\n<p><span style=\"font-weight: 400;\">Esta acci\u00f3n nos permitir\u00e1 reforzar desde el punto de vista financiero las operaciones de la compa\u00f1\u00eda, seguir desarrollando nuevas funcionalidades digitales que mejoren los procesos legales a trav\u00e9s de la automatizaci\u00f3n y escalabilidad del proyecto, as\u00ed como desarrollar una estrategia comercial para aumentar el n\u00famero de clientes. <\/span><\/p>\n<h6 style=\"text-align: center;\"><strong>En reclamador.es contamos en la actualidad con m\u00e1s de 13 millones de euros en honorarios en juzgados espa\u00f1oles (70 millones de euros en indemnizaciones para nuestros clientes).<\/strong><\/h6>\n<h2><strong>Segunda ronda de inversi\u00f3n en reclamador.es<\/strong><\/h2>\n<p><span style=\"font-weight: 400;\">Esta es la segunda ronda de inversi\u00f3n en nuestra trayectoria. Pablo Rabanal, nuestro CEO, invirti\u00f3 inicialmente 40.000 euros que fueron destinados a crear la p\u00e1gina web y a montar un equipo de 3-4 personas con el que empezar a captar y gestionar clientes. El proyecto se present\u00f3 en la edici\u00f3n del Campus SeedRocket 2012, y ganamos el 1\u00ba premio (100.000 euros) pocos meses despu\u00e9s. Con ese reconocimiento profesional, nuestra compa\u00f1\u00eda tuvo acceso a una red de inversores de primer nivel y realizamos una ronda inicial en 2013 de algo m\u00e1s de 600.000 euros que dio cabida en nuestro capital a conocidos business angels. Fue liderada por el fondo Cabiedes &amp; Partners, la red de inversores Faraday, el fondo Making Ideas Business, Francois Derbaix, Semilla Expiga y Tegsa. <\/span><\/p>\n<p><span style=\"font-weight: 400;\"><strong><a href=\"https:\/\/www.reclamador.es\/\">reclamador.es<\/a> <\/strong>es la compa\u00f1\u00eda pionera en el desarrollo de una nueva categor\u00eda <strong>legaltech<\/strong> de servicios legales online. Nuestro crecimiento viene siendo exponencial desde la primera facturaci\u00f3n en 2013 de 110.000 euros hasta el cierre de 2017 con 3,3 millones de euros. <\/span><\/p>\n<p><span style=\"font-weight: 400;\">En 2017, en <strong>reclamador.es gestionamos un total de 35.000 reclamaciones<\/strong>, el 60% de ellas en el sector de las <a href=\"https:\/\/www.reclamador.es\/aerolineas\/\">aerol\u00edneas<\/a>, seguido de las reclamaciones a <a href=\"https:\/\/www.reclamador.es\/banco\/\">bancos<\/a> (25%), plusval\u00edas municipales (4%) accidentes, laboral y negligencias, las 6 \u00e1reas en las que la compa\u00f1\u00eda opera actualmente. Acumulamos m\u00e1s de 160.000 clientes desde que iniciamos nuestra actividad y m\u00e1s de 95 millones de euros reclamados en nombre de estos.<\/span><\/p>\n<p>\u00a1Seguimos trabajando por defender los derechos de todos nuestros clientes!<\/p>\n<h6 style=\"text-align: center;\"><strong><a href=\"#mc4wp-form-1 \">Suscr\u00edbete a nuestro bolet\u00edn semanal<\/a> si quieres que te sigamos informando.<\/strong><\/h6>\n<p>Si te ha gustado esta noticia, no dudes en compartirla en tus redes!<br \/>\n\ud83d\ude09<\/p>\n<div class=\"ttr_end\"><\/div>","protected":false},"excerpt":{"rendered":"<p>\u00a1Volvemos a estar de celebraci\u00f3n! Si en enero d\u00e1bamos a conocer los buenos resultados de 2017, hoy anunciamos el cierre de una ronda de inversi\u00f3n por valor de un mill\u00f3n y medio de euros, que da entrada a nuevos accionistas a la compa\u00f1\u00eda y reforzar\u00e1 nuestra posici\u00f3n en el mercado.\u00a0 Queremos compartir con todos vosotros [&hellip;]<\/p>\n","protected":false},"author":1,"featured_media":17429,"comment_status":"closed","ping_status":"open","sticky":false,"template":"","format":"standard","meta":{"_acf_changed":false,"_genesis_hide_title":false,"_genesis_hide_breadcrumbs":false,"_genesis_hide_singular_image":false,"_genesis_hide_footer_widgets":false,"_genesis_custom_body_class":"","_genesis_custom_post_class":"","_genesis_layout":"","_jetpack_newsletter_access":"","_jetpack_dont_email_post_to_subs":false,"_jetpack_newsletter_tier_id":0,"_jetpack_memberships_contains_paywalled_content":false,"_jetpack_memberships_contains_paid_content":false,"footnotes":""},"categories":[392],"tags":[648],"class_list":{"0":"post-17425","1":"post","2":"type-post","3":"status-publish","4":"format-standard","5":"has-post-thumbnail","7":"category-noticias","8":"tag-branding","9":"entry"},"acf":[],"yoast_head":"<!-- This site is optimized with the Yoast SEO plugin v27.4 - https:\/\/yoast.com\/product\/yoast-seo-wordpress\/ -->\n<title>reclamador.es cierra nueva ronda de inversi\u00f3n de 1,5 millones<\/title>\n<meta name=\"description\" content=\"reclamador.es, compa\u00f1\u00eda fundada en 2012 por Pablo Rabanal, cierra nueva ronda de inversi\u00f3n y da entrada a nuevos inversores, como Martin Varsavsky.\" \/>\n<meta name=\"robots\" content=\"index, follow, max-snippet:-1, max-image-preview:large, max-video-preview:-1\" \/>\n<link rel=\"canonical\" href=\"https:\/\/www.reclamador.es\/blog\/nueva-ronda-de-inversion-reclamador\/\" \/>\n<meta property=\"og:locale\" content=\"es_ES\" \/>\n<meta property=\"og:type\" content=\"article\" \/>\n<meta property=\"og:title\" content=\"reclamador.es cierra nueva ronda de inversi\u00f3n de 1,5 millones\" \/>\n<meta property=\"og:description\" content=\"reclamador.es, compa\u00f1\u00eda fundada en 2012 por Pablo Rabanal, cierra nueva ronda de inversi\u00f3n y da entrada a nuevos inversores, como Martin Varsavsky.\" \/>\n<meta property=\"og:url\" content=\"https:\/\/www.reclamador.es\/blog\/nueva-ronda-de-inversion-reclamador\/\" \/>\n<meta property=\"og:site_name\" content=\"Rebeldes con causa, el blog de reclamador.es\" \/>\n<meta property=\"article:publisher\" content=\"https:\/\/www.facebook.com\/reclamador.es\" \/>\n<meta property=\"article:published_time\" content=\"2018-03-14T14:38:20+00:00\" \/>\n<meta property=\"article:modified_time\" content=\"2025-08-26T13:08:11+00:00\" \/>\n<meta property=\"og:image\" content=\"https:\/\/www.reclamador.es\/blog\/wp-content\/uploads\/2018\/03\/oficina-reclamador.png\" \/>\n\t<meta property=\"og:image:width\" content=\"1200\" \/>\n\t<meta property=\"og:image:height\" content=\"800\" \/>\n\t<meta property=\"og:image:type\" content=\"image\/png\" \/>\n<meta name=\"author\" content=\"Equipo reclamador\" \/>\n<meta name=\"twitter:card\" content=\"summary_large_image\" \/>\n<meta name=\"twitter:creator\" content=\"@reclamador\" \/>\n<meta name=\"twitter:site\" content=\"@reclamador\" \/>\n<meta name=\"twitter:label1\" content=\"Escrito por\" \/>\n\t<meta name=\"twitter:data1\" content=\"Equipo reclamador\" \/>\n\t<meta name=\"twitter:label2\" content=\"Tiempo de lectura\" \/>\n\t<meta name=\"twitter:data2\" content=\"3 minutos\" \/>\n<script type=\"application\/ld+json\" class=\"yoast-schema-graph\">{\"@context\":\"https:\\\/\\\/schema.org\",\"@graph\":[{\"@type\":\"Article\",\"@id\":\"https:\\\/\\\/www.reclamador.es\\\/blog\\\/nueva-ronda-de-inversion-reclamador\\\/#article\",\"isPartOf\":{\"@id\":\"https:\\\/\\\/www.reclamador.es\\\/blog\\\/nueva-ronda-de-inversion-reclamador\\\/\"},\"author\":{\"name\":\"Equipo reclamador\",\"@id\":\"https:\\\/\\\/www.reclamador.es\\\/blog\\\/#\\\/schema\\\/person\\\/1ed83eef8b6566cb5e4c812d9bc5c4bf\"},\"headline\":\"reclamador.es consigue 1,5 millones de euros en su segunda ronda de inversi\u00f3n\",\"datePublished\":\"2018-03-14T14:38:20+00:00\",\"dateModified\":\"2025-08-26T13:08:11+00:00\",\"mainEntityOfPage\":{\"@id\":\"https:\\\/\\\/www.reclamador.es\\\/blog\\\/nueva-ronda-de-inversion-reclamador\\\/\"},\"wordCount\":565,\"publisher\":{\"@id\":\"https:\\\/\\\/www.reclamador.es\\\/blog\\\/#organization\"},\"image\":{\"@id\":\"https:\\\/\\\/www.reclamador.es\\\/blog\\\/nueva-ronda-de-inversion-reclamador\\\/#primaryimage\"},\"thumbnailUrl\":\"https:\\\/\\\/i0.wp.com\\\/www.reclamador.es\\\/blog\\\/wp-content\\\/uploads\\\/2018\\\/03\\\/oficina-reclamador.png?fit=1200%2C800&ssl=1\",\"keywords\":[\"branding\"],\"articleSection\":[\"Noticias y actualidad\"],\"inLanguage\":\"es\"},{\"@type\":\"WebPage\",\"@id\":\"https:\\\/\\\/www.reclamador.es\\\/blog\\\/nueva-ronda-de-inversion-reclamador\\\/\",\"url\":\"https:\\\/\\\/www.reclamador.es\\\/blog\\\/nueva-ronda-de-inversion-reclamador\\\/\",\"name\":\"reclamador.es cierra nueva ronda de inversi\u00f3n de 1,5 millones\",\"isPartOf\":{\"@id\":\"https:\\\/\\\/www.reclamador.es\\\/blog\\\/#website\"},\"primaryImageOfPage\":{\"@id\":\"https:\\\/\\\/www.reclamador.es\\\/blog\\\/nueva-ronda-de-inversion-reclamador\\\/#primaryimage\"},\"image\":{\"@id\":\"https:\\\/\\\/www.reclamador.es\\\/blog\\\/nueva-ronda-de-inversion-reclamador\\\/#primaryimage\"},\"thumbnailUrl\":\"https:\\\/\\\/i0.wp.com\\\/www.reclamador.es\\\/blog\\\/wp-content\\\/uploads\\\/2018\\\/03\\\/oficina-reclamador.png?fit=1200%2C800&ssl=1\",\"datePublished\":\"2018-03-14T14:38:20+00:00\",\"dateModified\":\"2025-08-26T13:08:11+00:00\",\"description\":\"reclamador.es, compa\u00f1\u00eda fundada en 2012 por Pablo Rabanal, cierra nueva ronda de inversi\u00f3n y da entrada a nuevos inversores, como Martin Varsavsky.\",\"breadcrumb\":{\"@id\":\"https:\\\/\\\/www.reclamador.es\\\/blog\\\/nueva-ronda-de-inversion-reclamador\\\/#breadcrumb\"},\"inLanguage\":\"es\",\"potentialAction\":[{\"@type\":\"ReadAction\",\"target\":[\"https:\\\/\\\/www.reclamador.es\\\/blog\\\/nueva-ronda-de-inversion-reclamador\\\/\"]}]},{\"@type\":\"ImageObject\",\"inLanguage\":\"es\",\"@id\":\"https:\\\/\\\/www.reclamador.es\\\/blog\\\/nueva-ronda-de-inversion-reclamador\\\/#primaryimage\",\"url\":\"https:\\\/\\\/i0.wp.com\\\/www.reclamador.es\\\/blog\\\/wp-content\\\/uploads\\\/2018\\\/03\\\/oficina-reclamador.png?fit=1200%2C800&ssl=1\",\"contentUrl\":\"https:\\\/\\\/i0.wp.com\\\/www.reclamador.es\\\/blog\\\/wp-content\\\/uploads\\\/2018\\\/03\\\/oficina-reclamador.png?fit=1200%2C800&ssl=1\",\"width\":1200,\"height\":800,\"caption\":\"Oficina de reclamador.es\"},{\"@type\":\"BreadcrumbList\",\"@id\":\"https:\\\/\\\/www.reclamador.es\\\/blog\\\/nueva-ronda-de-inversion-reclamador\\\/#breadcrumb\",\"itemListElement\":[{\"@type\":\"ListItem\",\"position\":1,\"name\":\"Portada\",\"item\":\"https:\\\/\\\/www.reclamador.es\\\/blog\\\/\"},{\"@type\":\"ListItem\",\"position\":2,\"name\":\"reclamador.es consigue 1,5 millones de euros en su segunda ronda de inversi\u00f3n\"}]},{\"@type\":\"WebSite\",\"@id\":\"https:\\\/\\\/www.reclamador.es\\\/blog\\\/#website\",\"url\":\"https:\\\/\\\/www.reclamador.es\\\/blog\\\/\",\"name\":\"Rebeldes con causa, el blog de reclamador.es\",\"description\":\"Noticias, entrevistas y consejos sobre reclamaciones\",\"publisher\":{\"@id\":\"https:\\\/\\\/www.reclamador.es\\\/blog\\\/#organization\"},\"potentialAction\":[{\"@type\":\"SearchAction\",\"target\":{\"@type\":\"EntryPoint\",\"urlTemplate\":\"https:\\\/\\\/www.reclamador.es\\\/blog\\\/?s={search_term_string}\"},\"query-input\":{\"@type\":\"PropertyValueSpecification\",\"valueRequired\":true,\"valueName\":\"search_term_string\"}}],\"inLanguage\":\"es\"},{\"@type\":\"Organization\",\"@id\":\"https:\\\/\\\/www.reclamador.es\\\/blog\\\/#organization\",\"name\":\"reclamador.es\",\"url\":\"https:\\\/\\\/www.reclamador.es\\\/blog\\\/\",\"logo\":{\"@type\":\"ImageObject\",\"inLanguage\":\"es\",\"@id\":\"https:\\\/\\\/www.reclamador.es\\\/blog\\\/#\\\/schema\\\/logo\\\/image\\\/\",\"url\":\"https:\\\/\\\/i0.wp.com\\\/www.reclamador.es\\\/blog\\\/wp-content\\\/uploads\\\/2020\\\/01\\\/logo-reclamador.png?fit=1200%2C144&ssl=1\",\"contentUrl\":\"https:\\\/\\\/i0.wp.com\\\/www.reclamador.es\\\/blog\\\/wp-content\\\/uploads\\\/2020\\\/01\\\/logo-reclamador.png?fit=1200%2C144&ssl=1\",\"width\":1200,\"height\":144,\"caption\":\"reclamador.es\"},\"image\":{\"@id\":\"https:\\\/\\\/www.reclamador.es\\\/blog\\\/#\\\/schema\\\/logo\\\/image\\\/\"},\"sameAs\":[\"https:\\\/\\\/www.facebook.com\\\/reclamador.es\",\"https:\\\/\\\/x.com\\\/reclamador\",\"https:\\\/\\\/www.instagram.com\\\/reclamador.es\\\/\",\"https:\\\/\\\/www.linkedin.com\\\/company\\\/reclamador-es\",\"https:\\\/\\\/www.youtube.com\\\/user\\\/Reclamadores\"]},{\"@type\":\"Person\",\"@id\":\"https:\\\/\\\/www.reclamador.es\\\/blog\\\/#\\\/schema\\\/person\\\/1ed83eef8b6566cb5e4c812d9bc5c4bf\",\"name\":\"Equipo reclamador\",\"image\":{\"@type\":\"ImageObject\",\"inLanguage\":\"es\",\"@id\":\"https:\\\/\\\/secure.gravatar.com\\\/avatar\\\/6442ecdc2c4472c600c113f34d340feca47107d6aa4f42f1e3e75a2a8e28a760?s=96&d=mm&r=g\",\"url\":\"https:\\\/\\\/secure.gravatar.com\\\/avatar\\\/6442ecdc2c4472c600c113f34d340feca47107d6aa4f42f1e3e75a2a8e28a760?s=96&d=mm&r=g\",\"contentUrl\":\"https:\\\/\\\/secure.gravatar.com\\\/avatar\\\/6442ecdc2c4472c600c113f34d340feca47107d6aa4f42f1e3e75a2a8e28a760?s=96&d=mm&r=g\",\"caption\":\"Equipo reclamador\"},\"description\":\"Las personas que hacen posible reclamador.es\",\"url\":\"https:\\\/\\\/www.reclamador.es\\\/blog\\\/author\\\/administrador\\\/\"}]}<\/script>\n<!-- \/ Yoast SEO plugin. -->","yoast_head_json":{"title":"reclamador.es cierra nueva ronda de inversi\u00f3n de 1,5 millones","description":"reclamador.es, compa\u00f1\u00eda fundada en 2012 por Pablo Rabanal, cierra nueva ronda de inversi\u00f3n y da entrada a nuevos inversores, como Martin Varsavsky.","robots":{"index":"index","follow":"follow","max-snippet":"max-snippet:-1","max-image-preview":"max-image-preview:large","max-video-preview":"max-video-preview:-1"},"canonical":"https:\/\/www.reclamador.es\/blog\/nueva-ronda-de-inversion-reclamador\/","og_locale":"es_ES","og_type":"article","og_title":"reclamador.es cierra nueva ronda de inversi\u00f3n de 1,5 millones","og_description":"reclamador.es, compa\u00f1\u00eda fundada en 2012 por Pablo Rabanal, cierra nueva ronda de inversi\u00f3n y da entrada a nuevos inversores, como Martin Varsavsky.","og_url":"https:\/\/www.reclamador.es\/blog\/nueva-ronda-de-inversion-reclamador\/","og_site_name":"Rebeldes con causa, el blog de reclamador.es","article_publisher":"https:\/\/www.facebook.com\/reclamador.es","article_published_time":"2018-03-14T14:38:20+00:00","article_modified_time":"2025-08-26T13:08:11+00:00","og_image":[{"width":1200,"height":800,"url":"https:\/\/www.reclamador.es\/blog\/wp-content\/uploads\/2018\/03\/oficina-reclamador.png","type":"image\/png"}],"author":"Equipo reclamador","twitter_card":"summary_large_image","twitter_creator":"@reclamador","twitter_site":"@reclamador","twitter_misc":{"Escrito por":"Equipo reclamador","Tiempo de lectura":"3 minutos"},"schema":{"@context":"https:\/\/schema.org","@graph":[{"@type":"Article","@id":"https:\/\/www.reclamador.es\/blog\/nueva-ronda-de-inversion-reclamador\/#article","isPartOf":{"@id":"https:\/\/www.reclamador.es\/blog\/nueva-ronda-de-inversion-reclamador\/"},"author":{"name":"Equipo reclamador","@id":"https:\/\/www.reclamador.es\/blog\/#\/schema\/person\/1ed83eef8b6566cb5e4c812d9bc5c4bf"},"headline":"reclamador.es consigue 1,5 millones de euros en su segunda ronda de inversi\u00f3n","datePublished":"2018-03-14T14:38:20+00:00","dateModified":"2025-08-26T13:08:11+00:00","mainEntityOfPage":{"@id":"https:\/\/www.reclamador.es\/blog\/nueva-ronda-de-inversion-reclamador\/"},"wordCount":565,"publisher":{"@id":"https:\/\/www.reclamador.es\/blog\/#organization"},"image":{"@id":"https:\/\/www.reclamador.es\/blog\/nueva-ronda-de-inversion-reclamador\/#primaryimage"},"thumbnailUrl":"https:\/\/i0.wp.com\/www.reclamador.es\/blog\/wp-content\/uploads\/2018\/03\/oficina-reclamador.png?fit=1200%2C800&ssl=1","keywords":["branding"],"articleSection":["Noticias y actualidad"],"inLanguage":"es"},{"@type":"WebPage","@id":"https:\/\/www.reclamador.es\/blog\/nueva-ronda-de-inversion-reclamador\/","url":"https:\/\/www.reclamador.es\/blog\/nueva-ronda-de-inversion-reclamador\/","name":"reclamador.es cierra nueva ronda de inversi\u00f3n de 1,5 millones","isPartOf":{"@id":"https:\/\/www.reclamador.es\/blog\/#website"},"primaryImageOfPage":{"@id":"https:\/\/www.reclamador.es\/blog\/nueva-ronda-de-inversion-reclamador\/#primaryimage"},"image":{"@id":"https:\/\/www.reclamador.es\/blog\/nueva-ronda-de-inversion-reclamador\/#primaryimage"},"thumbnailUrl":"https:\/\/i0.wp.com\/www.reclamador.es\/blog\/wp-content\/uploads\/2018\/03\/oficina-reclamador.png?fit=1200%2C800&ssl=1","datePublished":"2018-03-14T14:38:20+00:00","dateModified":"2025-08-26T13:08:11+00:00","description":"reclamador.es, compa\u00f1\u00eda fundada en 2012 por Pablo Rabanal, cierra nueva ronda de inversi\u00f3n y da entrada a nuevos inversores, como Martin Varsavsky.","breadcrumb":{"@id":"https:\/\/www.reclamador.es\/blog\/nueva-ronda-de-inversion-reclamador\/#breadcrumb"},"inLanguage":"es","potentialAction":[{"@type":"ReadAction","target":["https:\/\/www.reclamador.es\/blog\/nueva-ronda-de-inversion-reclamador\/"]}]},{"@type":"ImageObject","inLanguage":"es","@id":"https:\/\/www.reclamador.es\/blog\/nueva-ronda-de-inversion-reclamador\/#primaryimage","url":"https:\/\/i0.wp.com\/www.reclamador.es\/blog\/wp-content\/uploads\/2018\/03\/oficina-reclamador.png?fit=1200%2C800&ssl=1","contentUrl":"https:\/\/i0.wp.com\/www.reclamador.es\/blog\/wp-content\/uploads\/2018\/03\/oficina-reclamador.png?fit=1200%2C800&ssl=1","width":1200,"height":800,"caption":"Oficina de reclamador.es"},{"@type":"BreadcrumbList","@id":"https:\/\/www.reclamador.es\/blog\/nueva-ronda-de-inversion-reclamador\/#breadcrumb","itemListElement":[{"@type":"ListItem","position":1,"name":"Portada","item":"https:\/\/www.reclamador.es\/blog\/"},{"@type":"ListItem","position":2,"name":"reclamador.es consigue 1,5 millones de euros en su segunda ronda de inversi\u00f3n"}]},{"@type":"WebSite","@id":"https:\/\/www.reclamador.es\/blog\/#website","url":"https:\/\/www.reclamador.es\/blog\/","name":"Rebeldes con causa, el blog de reclamador.es","description":"Noticias, entrevistas y consejos sobre reclamaciones","publisher":{"@id":"https:\/\/www.reclamador.es\/blog\/#organization"},"potentialAction":[{"@type":"SearchAction","target":{"@type":"EntryPoint","urlTemplate":"https:\/\/www.reclamador.es\/blog\/?s={search_term_string}"},"query-input":{"@type":"PropertyValueSpecification","valueRequired":true,"valueName":"search_term_string"}}],"inLanguage":"es"},{"@type":"Organization","@id":"https:\/\/www.reclamador.es\/blog\/#organization","name":"reclamador.es","url":"https:\/\/www.reclamador.es\/blog\/","logo":{"@type":"ImageObject","inLanguage":"es","@id":"https:\/\/www.reclamador.es\/blog\/#\/schema\/logo\/image\/","url":"https:\/\/i0.wp.com\/www.reclamador.es\/blog\/wp-content\/uploads\/2020\/01\/logo-reclamador.png?fit=1200%2C144&ssl=1","contentUrl":"https:\/\/i0.wp.com\/www.reclamador.es\/blog\/wp-content\/uploads\/2020\/01\/logo-reclamador.png?fit=1200%2C144&ssl=1","width":1200,"height":144,"caption":"reclamador.es"},"image":{"@id":"https:\/\/www.reclamador.es\/blog\/#\/schema\/logo\/image\/"},"sameAs":["https:\/\/www.facebook.com\/reclamador.es","https:\/\/x.com\/reclamador","https:\/\/www.instagram.com\/reclamador.es\/","https:\/\/www.linkedin.com\/company\/reclamador-es","https:\/\/www.youtube.com\/user\/Reclamadores"]},{"@type":"Person","@id":"https:\/\/www.reclamador.es\/blog\/#\/schema\/person\/1ed83eef8b6566cb5e4c812d9bc5c4bf","name":"Equipo reclamador","image":{"@type":"ImageObject","inLanguage":"es","@id":"https:\/\/secure.gravatar.com\/avatar\/6442ecdc2c4472c600c113f34d340feca47107d6aa4f42f1e3e75a2a8e28a760?s=96&d=mm&r=g","url":"https:\/\/secure.gravatar.com\/avatar\/6442ecdc2c4472c600c113f34d340feca47107d6aa4f42f1e3e75a2a8e28a760?s=96&d=mm&r=g","contentUrl":"https:\/\/secure.gravatar.com\/avatar\/6442ecdc2c4472c600c113f34d340feca47107d6aa4f42f1e3e75a2a8e28a760?s=96&d=mm&r=g","caption":"Equipo reclamador"},"description":"Las personas que hacen posible reclamador.es","url":"https:\/\/www.reclamador.es\/blog\/author\/administrador\/"}]}},"jetpack_featured_media_url":"https:\/\/i0.wp.com\/www.reclamador.es\/blog\/wp-content\/uploads\/2018\/03\/oficina-reclamador.png?fit=1200%2C800&ssl=1","jetpack-related-posts":[{"id":21369,"url":"https:\/\/www.reclamador.es\/blog\/resultados-facturacion-reclamador-2018\/","url_meta":{"origin":17425,"position":0},"title":"reclamador.es finaliz\u00f3 2018 con una facturaci\u00f3n de 3,9 millones de euros","author":"Equipo reclamador","date":"14 marzo, 2019","format":false,"excerpt":"Los datos siguen siendo muy positivos. Y esto es gracias a todos los que confi\u00e1is d\u00eda tras d\u00eda en reclamador.es para proteger vuestros derechos. Desde que nuestro CEO fundara la compa\u00f1\u00eda en el a\u00f1o 2012, hemos crecido exponencialmente, cerrando 2018 con 3,9 millones de euros facturados,\u00a0lo que supone un incremento\u2026","rel":"","context":"En \u00abConoce todo lo que sucede en reclamador.es\u00bb","block_context":{"text":"Conoce todo lo que sucede en reclamador.es","link":"https:\/\/www.reclamador.es\/blog\/reclamadores\/"},"img":{"alt_text":"facturacion reclamador 2018 oficina","src":"https:\/\/i0.wp.com\/www.reclamador.es\/blog\/wp-content\/uploads\/2019\/03\/oficina-reclamador.jpg?fit=1200%2C795&ssl=1&resize=350%2C200","width":350,"height":200,"srcset":"https:\/\/i0.wp.com\/www.reclamador.es\/blog\/wp-content\/uploads\/2019\/03\/oficina-reclamador.jpg?fit=1200%2C795&ssl=1&resize=350%2C200 1x, https:\/\/i0.wp.com\/www.reclamador.es\/blog\/wp-content\/uploads\/2019\/03\/oficina-reclamador.jpg?fit=1200%2C795&ssl=1&resize=525%2C300 1.5x, https:\/\/i0.wp.com\/www.reclamador.es\/blog\/wp-content\/uploads\/2019\/03\/oficina-reclamador.jpg?fit=1200%2C795&ssl=1&resize=700%2C400 2x, https:\/\/i0.wp.com\/www.reclamador.es\/blog\/wp-content\/uploads\/2019\/03\/oficina-reclamador.jpg?fit=1200%2C795&ssl=1&resize=1050%2C600 3x"},"classes":[]},{"id":22921,"url":"https:\/\/www.reclamador.es\/blog\/reclamador-es-vuelve-a-south-summit\/","url_meta":{"origin":17425,"position":1},"title":"reclamador.es vuelve a South Summit, uno de los espacios de referencia para el emprendimiento en Madrid","author":"Cristina Naveda","date":"7 octubre, 2019","format":false,"excerpt":"Inteligencia artificial. Estas han sido las dos palabras m\u00e1s repetidas en la sexta edi\u00adci\u00f3n de South Summit, que cerr\u00f3 sus puertas La Nave, el pasado viernes en Madrid. Como hervidero de ideas y personas, se trata de la cita anual por excelencia que convierte a la capital durante cuatro d\u00edas\u2026","rel":"","context":"En \u00abConoce todo lo que sucede en reclamador.es\u00bb","block_context":{"text":"Conoce todo lo que sucede en reclamador.es","link":"https:\/\/www.reclamador.es\/blog\/reclamadores\/"},"img":{"alt_text":"reclamador South Summit2019","src":"https:\/\/i0.wp.com\/www.reclamador.es\/blog\/wp-content\/uploads\/2019\/10\/pablo-rabanal-SouthSummit2019_destacada.jpg?fit=800%2C419&ssl=1&resize=350%2C200","width":350,"height":200,"srcset":"https:\/\/i0.wp.com\/www.reclamador.es\/blog\/wp-content\/uploads\/2019\/10\/pablo-rabanal-SouthSummit2019_destacada.jpg?fit=800%2C419&ssl=1&resize=350%2C200 1x, https:\/\/i0.wp.com\/www.reclamador.es\/blog\/wp-content\/uploads\/2019\/10\/pablo-rabanal-SouthSummit2019_destacada.jpg?fit=800%2C419&ssl=1&resize=525%2C300 1.5x, https:\/\/i0.wp.com\/www.reclamador.es\/blog\/wp-content\/uploads\/2019\/10\/pablo-rabanal-SouthSummit2019_destacada.jpg?fit=800%2C419&ssl=1&resize=700%2C400 2x"},"classes":[]},{"id":16876,"url":"https:\/\/www.reclamador.es\/blog\/resultados-reclamador-2017\/","url_meta":{"origin":17425,"position":2},"title":"\u00a1Seguimos creciendo! reclamador.es cerr\u00f3 2017 aumentando un 57% su facturaci\u00f3n","author":"Equipo reclamador","date":"26 enero, 2018","format":false,"excerpt":"Queremos compartir con todos vosotros una buena noticia sobre el crecimiento de reclamador.es. Enero es el mes de hacer n\u00fameros y ver c\u00f3mo fue el a\u00f1o anterior. Y lo hemos hecho. Los datos avalan la confianza que tenemos por parte de nuestro clientes. 2017 se cerr\u00f3 con un total de\u2026","rel":"","context":"En \u00abNoticias y actualidad\u00bb","block_context":{"text":"Noticias y actualidad","link":"https:\/\/www.reclamador.es\/blog\/noticias\/"},"img":{"alt_text":"reclamador.es-resultados-2017","src":"https:\/\/i0.wp.com\/www.reclamador.es\/blog\/wp-content\/uploads\/2018\/01\/nueva-oficina-reclamador.jpg?fit=1200%2C800&ssl=1&resize=350%2C200","width":350,"height":200,"srcset":"https:\/\/i0.wp.com\/www.reclamador.es\/blog\/wp-content\/uploads\/2018\/01\/nueva-oficina-reclamador.jpg?fit=1200%2C800&ssl=1&resize=350%2C200 1x, https:\/\/i0.wp.com\/www.reclamador.es\/blog\/wp-content\/uploads\/2018\/01\/nueva-oficina-reclamador.jpg?fit=1200%2C800&ssl=1&resize=525%2C300 1.5x, https:\/\/i0.wp.com\/www.reclamador.es\/blog\/wp-content\/uploads\/2018\/01\/nueva-oficina-reclamador.jpg?fit=1200%2C800&ssl=1&resize=700%2C400 2x, https:\/\/i0.wp.com\/www.reclamador.es\/blog\/wp-content\/uploads\/2018\/01\/nueva-oficina-reclamador.jpg?fit=1200%2C800&ssl=1&resize=1050%2C600 3x"},"classes":[]},{"id":5339,"url":"https:\/\/www.reclamador.es\/blog\/sicav\/","url_meta":{"origin":17425,"position":3},"title":"\u00bfQu\u00e9 son las SICAV?","author":"Equipo reclamador","date":"8 octubre, 2018","format":false,"excerpt":"En los \u00faltimos a\u00f1os hemos le\u00eddo y escuchado la palabra SICAV en m\u00faltiples medios de comunicaci\u00f3n. Tambi\u00e9n unido al discurso de algunos colectivos sociales que ped\u00edan una mayor regulaci\u00f3n de estos instrumentos financieros. El elemento cuestionado o puesto a debate era el sistema de tributaci\u00f3n que ten\u00edan. Pero estas figuras\u2026","rel":"","context":"En \u00abConsejos legales\u00bb","block_context":{"text":"Consejos legales","link":"https:\/\/www.reclamador.es\/blog\/consejos\/"},"img":{"alt_text":"","src":"https:\/\/i0.wp.com\/www.reclamador.es\/blog\/wp-content\/uploads\/2016\/12\/stock.jpg?fit=1200%2C800&ssl=1&resize=350%2C200","width":350,"height":200,"srcset":"https:\/\/i0.wp.com\/www.reclamador.es\/blog\/wp-content\/uploads\/2016\/12\/stock.jpg?fit=1200%2C800&ssl=1&resize=350%2C200 1x, https:\/\/i0.wp.com\/www.reclamador.es\/blog\/wp-content\/uploads\/2016\/12\/stock.jpg?fit=1200%2C800&ssl=1&resize=525%2C300 1.5x, https:\/\/i0.wp.com\/www.reclamador.es\/blog\/wp-content\/uploads\/2016\/12\/stock.jpg?fit=1200%2C800&ssl=1&resize=700%2C400 2x, https:\/\/i0.wp.com\/www.reclamador.es\/blog\/wp-content\/uploads\/2016\/12\/stock.jpg?fit=1200%2C800&ssl=1&resize=1050%2C600 3x"},"classes":[]},{"id":29693,"url":"https:\/\/www.reclamador.es\/blog\/alcanzamos-50-millones-euros-reclamaciones-aerolineas\/","url_meta":{"origin":17425,"position":4},"title":"Alcanzamos los 50 millones de euros reclamados a aerol\u00edneas","author":"Equipo reclamador","date":"17 mayo, 2022","format":false,"excerpt":"Vuestra confianza y nuestro trabajo tienen recompensa. En reclamador.es hemos alcanzado los 50 millones de euros reclamados a aerol\u00edneas desde nuestro origen por incidencias en vuelos (retrasos, cancelaciones, overbooking y problemas de equipaje) y estamos a punto de alcanzar las 99.000 reclamaciones a aerol\u00edneas resueltas desde 2012. Desde que se\u2026","rel":"","context":"En \u00abConoce todo lo que sucede en reclamador.es\u00bb","block_context":{"text":"Conoce todo lo que sucede en reclamador.es","link":"https:\/\/www.reclamador.es\/blog\/reclamadores\/"},"img":{"alt_text":"reclamador 50 millones de euros reclamados en reclamaciones a aerolineas","src":"https:\/\/i0.wp.com\/www.reclamador.es\/blog\/wp-content\/uploads\/2022\/05\/oficinas-reclamador.es-madrid-jpg.jpg?fit=1199%2C680&ssl=1&resize=350%2C200","width":350,"height":200,"srcset":"https:\/\/i0.wp.com\/www.reclamador.es\/blog\/wp-content\/uploads\/2022\/05\/oficinas-reclamador.es-madrid-jpg.jpg?fit=1199%2C680&ssl=1&resize=350%2C200 1x, https:\/\/i0.wp.com\/www.reclamador.es\/blog\/wp-content\/uploads\/2022\/05\/oficinas-reclamador.es-madrid-jpg.jpg?fit=1199%2C680&ssl=1&resize=525%2C300 1.5x, https:\/\/i0.wp.com\/www.reclamador.es\/blog\/wp-content\/uploads\/2022\/05\/oficinas-reclamador.es-madrid-jpg.jpg?fit=1199%2C680&ssl=1&resize=700%2C400 2x, https:\/\/i0.wp.com\/www.reclamador.es\/blog\/wp-content\/uploads\/2022\/05\/oficinas-reclamador.es-madrid-jpg.jpg?fit=1199%2C680&ssl=1&resize=1050%2C600 3x"},"classes":[]},{"id":18354,"url":"https:\/\/www.reclamador.es\/blog\/modificar-sistema-de-costas\/","url_meta":{"origin":17425,"position":5},"title":"reclamador.es pide que se modifique el actual sistema de costas","author":"Equipo reclamador","date":"30 mayo, 2018","format":false,"excerpt":"Actualizaci\u00f3n 2021: tributaci\u00f3n de las costas procesales En reclamador.es pedimos que se\u00a0modifique el actual sistema de costas, para que en cualquier juicio y por cualquier cuant\u00eda, la aerol\u00ednea pague las costas del procedimiento, facilitando la resoluci\u00f3n prejudicial de los conflictos, como ocurre en los conflictos entre aerol\u00edneas y clientes, donde\u2026","rel":"","context":"En \u00abNoticias y actualidad\u00bb","block_context":{"text":"Noticias y actualidad","link":"https:\/\/www.reclamador.es\/blog\/noticias\/"},"img":{"alt_text":"modificaci\u00f3n sistema de costas reclamador","src":"https:\/\/i0.wp.com\/www.reclamador.es\/blog\/wp-content\/uploads\/2018\/05\/MINISTERIO-DE-JUSTICIA-reclamador.jpg?fit=1194%2C800&ssl=1&resize=350%2C200","width":350,"height":200,"srcset":"https:\/\/i0.wp.com\/www.reclamador.es\/blog\/wp-content\/uploads\/2018\/05\/MINISTERIO-DE-JUSTICIA-reclamador.jpg?fit=1194%2C800&ssl=1&resize=350%2C200 1x, https:\/\/i0.wp.com\/www.reclamador.es\/blog\/wp-content\/uploads\/2018\/05\/MINISTERIO-DE-JUSTICIA-reclamador.jpg?fit=1194%2C800&ssl=1&resize=525%2C300 1.5x, https:\/\/i0.wp.com\/www.reclamador.es\/blog\/wp-content\/uploads\/2018\/05\/MINISTERIO-DE-JUSTICIA-reclamador.jpg?fit=1194%2C800&ssl=1&resize=700%2C400 2x, https:\/\/i0.wp.com\/www.reclamador.es\/blog\/wp-content\/uploads\/2018\/05\/MINISTERIO-DE-JUSTICIA-reclamador.jpg?fit=1194%2C800&ssl=1&resize=1050%2C600 3x"},"classes":[]}],"jetpack_sharing_enabled":true,"_links":{"self":[{"href":"https:\/\/www.reclamador.es\/blog\/wp-json\/wp\/v2\/posts\/17425","targetHints":{"allow":["GET"]}}],"collection":[{"href":"https:\/\/www.reclamador.es\/blog\/wp-json\/wp\/v2\/posts"}],"about":[{"href":"https:\/\/www.reclamador.es\/blog\/wp-json\/wp\/v2\/types\/post"}],"author":[{"embeddable":true,"href":"https:\/\/www.reclamador.es\/blog\/wp-json\/wp\/v2\/users\/1"}],"replies":[{"embeddable":true,"href":"https:\/\/www.reclamador.es\/blog\/wp-json\/wp\/v2\/comments?post=17425"}],"version-history":[{"count":23,"href":"https:\/\/www.reclamador.es\/blog\/wp-json\/wp\/v2\/posts\/17425\/revisions"}],"predecessor-version":[{"id":34898,"href":"https:\/\/www.reclamador.es\/blog\/wp-json\/wp\/v2\/posts\/17425\/revisions\/34898"}],"wp:featuredmedia":[{"embeddable":true,"href":"https:\/\/www.reclamador.es\/blog\/wp-json\/wp\/v2\/media\/17429"}],"wp:attachment":[{"href":"https:\/\/www.reclamador.es\/blog\/wp-json\/wp\/v2\/media?parent=17425"}],"wp:term":[{"taxonomy":"category","embeddable":true,"href":"https:\/\/www.reclamador.es\/blog\/wp-json\/wp\/v2\/categories?post=17425"},{"taxonomy":"post_tag","embeddable":true,"href":"https:\/\/www.reclamador.es\/blog\/wp-json\/wp\/v2\/tags?post=17425"}],"curies":[{"name":"wp","href":"https:\/\/api.w.org\/{rel}","templated":true}]}}