{"id":17404,"date":"2022-03-09T11:41:00","date_gmt":"2022-03-09T10:41:00","guid":{"rendered":"https:\/\/www.reclamador.es\/blog\/?p=17404"},"modified":"2025-06-25T13:47:58","modified_gmt":"2025-06-25T11:47:58","slug":"mi-empresa-no-me-paga","status":"publish","type":"post","link":"https:\/\/www.reclamador.es\/blog\/mi-empresa-no-me-paga\/","title":{"rendered":"Mi empresa no me paga: \u00bfqu\u00e9 puedo hacer?"},"content":{"rendered":"<div class=\"ttr_start\"><\/div>\n\n<div class=\"kk-star-ratings kksr-auto kksr-align-right kksr-valign-top\"\n    data-payload='{&quot;align&quot;:&quot;right&quot;,&quot;id&quot;:&quot;17404&quot;,&quot;slug&quot;:&quot;default&quot;,&quot;valign&quot;:&quot;top&quot;,&quot;ignore&quot;:&quot;&quot;,&quot;reference&quot;:&quot;auto&quot;,&quot;class&quot;:&quot;&quot;,&quot;count&quot;:&quot;16&quot;,&quot;legendonly&quot;:&quot;&quot;,&quot;readonly&quot;:&quot;&quot;,&quot;score&quot;:&quot;4.1&quot;,&quot;starsonly&quot;:&quot;&quot;,&quot;best&quot;:&quot;5&quot;,&quot;gap&quot;:&quot;3&quot;,&quot;greet&quot;:&quot;Valora este art\u00edculo&quot;,&quot;legend&quot;:&quot;4.1\\\/5 - (16 votos)&quot;,&quot;size&quot;:&quot;20&quot;,&quot;title&quot;:&quot;Mi empresa no me paga: \u00bfqu\u00e9 puedo hacer?&quot;,&quot;width&quot;:&quot;92.8&quot;,&quot;_legend&quot;:&quot;{score}\\\/{best} - ({count} {votes})&quot;,&quot;font_factor&quot;:&quot;1.25&quot;}'>\n            \n<div class=\"kksr-stars\">\n    \n<div class=\"kksr-stars-inactive\">\n            <div class=\"kksr-star\" data-star=\"1\" style=\"padding-right: 3px\">\n            \n\n<div class=\"kksr-icon\" style=\"width: 20px; height: 20px;\"><\/div>\n        <\/div>\n            <div class=\"kksr-star\" data-star=\"2\" style=\"padding-right: 3px\">\n            \n\n<div class=\"kksr-icon\" style=\"width: 20px; height: 20px;\"><\/div>\n        <\/div>\n            <div class=\"kksr-star\" data-star=\"3\" style=\"padding-right: 3px\">\n            \n\n<div class=\"kksr-icon\" style=\"width: 20px; height: 20px;\"><\/div>\n        <\/div>\n            <div class=\"kksr-star\" data-star=\"4\" style=\"padding-right: 3px\">\n            \n\n<div class=\"kksr-icon\" style=\"width: 20px; height: 20px;\"><\/div>\n        <\/div>\n            <div class=\"kksr-star\" data-star=\"5\" style=\"padding-right: 3px\">\n            \n\n<div class=\"kksr-icon\" style=\"width: 20px; height: 20px;\"><\/div>\n        <\/div>\n    <\/div>\n    \n<div class=\"kksr-stars-active\" style=\"width: 92.8px;\">\n            <div class=\"kksr-star\" style=\"padding-right: 3px\">\n            \n\n<div class=\"kksr-icon\" style=\"width: 20px; height: 20px;\"><\/div>\n        <\/div>\n            <div class=\"kksr-star\" style=\"padding-right: 3px\">\n            \n\n<div class=\"kksr-icon\" style=\"width: 20px; height: 20px;\"><\/div>\n        <\/div>\n            <div class=\"kksr-star\" style=\"padding-right: 3px\">\n            \n\n<div class=\"kksr-icon\" style=\"width: 20px; height: 20px;\"><\/div>\n        <\/div>\n            <div class=\"kksr-star\" style=\"padding-right: 3px\">\n            \n\n<div class=\"kksr-icon\" style=\"width: 20px; height: 20px;\"><\/div>\n        <\/div>\n            <div class=\"kksr-star\" style=\"padding-right: 3px\">\n            \n\n<div class=\"kksr-icon\" style=\"width: 20px; height: 20px;\"><\/div>\n        <\/div>\n    <\/div>\n<\/div>\n                \n\n<div class=\"kksr-legend\" style=\"font-size: 16px;\">\n            4.1\/5 - (16 votos)    <\/div>\n    <\/div>\n<figure id=\"attachment_30722\" aria-describedby=\"caption-attachment-30722\" style=\"width: 1200px\" class=\"wp-caption aligncenter\"><img data-recalc-dims=\"1\" loading=\"lazy\" decoding=\"async\" class=\"size-full wp-image-30722\" src=\"https:\/\/i0.wp.com\/www.reclamador.es\/blog\/wp-content\/uploads\/2020\/03\/mi-empresa-no-me-paga.jpg?resize=1200%2C675&#038;ssl=1\" alt=\"mi empresa no me paga, \u00bfahora qu\u00e9 hago?\" width=\"1200\" height=\"675\" srcset=\"https:\/\/i0.wp.com\/www.reclamador.es\/blog\/wp-content\/uploads\/2020\/03\/mi-empresa-no-me-paga.jpg?w=1200&amp;ssl=1 1200w, https:\/\/i0.wp.com\/www.reclamador.es\/blog\/wp-content\/uploads\/2020\/03\/mi-empresa-no-me-paga.jpg?resize=800%2C450&amp;ssl=1 800w, https:\/\/i0.wp.com\/www.reclamador.es\/blog\/wp-content\/uploads\/2020\/03\/mi-empresa-no-me-paga.jpg?resize=150%2C84&amp;ssl=1 150w, https:\/\/i0.wp.com\/www.reclamador.es\/blog\/wp-content\/uploads\/2020\/03\/mi-empresa-no-me-paga.jpg?resize=768%2C432&amp;ssl=1 768w\" sizes=\"auto, (max-width: 1000px) 100vw, 1000px\" \/><figcaption id=\"caption-attachment-30722\" class=\"wp-caption-text\"><em>Mi empresa no me paga, \u00bfahora qu\u00e9 hago?<\/em><\/figcaption><\/figure>\n<p><span style=\"font-weight: 400;\">Somos conscientes de lo importante que es mantener una buena relaci\u00f3n con tu empresa, pero si dejan de abonar una o varias n\u00f3minas, puedes encontrarte en un buen aprieto econ\u00f3mico. Las facturas no dejan de llegar porque el negocio est\u00e9 pasando por dificultades econ\u00f3micas. En este post vamos a tratar uno de los miedos y consultas m\u00e1s habituales a un abogado en materia laboral: <\/span><b>\u00bfqu\u00e9 puedo hacer si mi empresa no me paga?<\/b><\/p>\n<h2><strong>La empresa no paga las n\u00f3minas: qu\u00e9 hacer<\/strong><\/h2>\n<p><span style=\"font-weight: 400;\">Cuando tu empresa no te abona la n\u00f3mina o alg\u00fan complemento de ella, puedes reclamar. Si tras hablar con los responsables sigues sin percibir lo que te corresponde, debes ponerte en manos de<\/span> <span style=\"font-weight: 400;\">abogados laboralistas<\/span><span style=\"font-weight: 400;\"> expertos en <strong>reclamaciones de cantidad<\/strong>.<\/span><\/p>\n<p><span style=\"font-weight: 400;\"><em>\u201cMi empresa no me paga pero no quiero que me echen\u201d.<\/em> As\u00ed comienzan muchas conversaciones entre abogado y trabajador. <strong>Si tu empresa deja de pagarte tienes estas opciones:<\/strong><\/span><\/p>\n<ol>\n<li style=\"font-weight: 400;\"><span style=\"font-weight: 400;\">Si quieres continuar en la empresa puedes reclamar las cantidades que te adeuden.<\/span><\/li>\n<li style=\"font-weight: 400;\"><span style=\"font-weight: 400;\">Continuar trabajando en la empresa y presentar una demanda para solicitar la extinci\u00f3n de la relaci\u00f3n laboral por incumplimiento grave por parte de la empresa. Adem\u00e1s, puedes pedir que te abonen lo que te deben as\u00ed como una indemnizaci\u00f3n de 33 d\u00edas de salario por a\u00f1o trabajado.<\/span><\/li>\n<\/ol>\n<p><span style=\"font-weight: 400;\">Si eliges la primera opci\u00f3n, <\/span><b>presentar una reclamaci\u00f3n por cantidades debidas<\/b><span style=\"font-weight: 400;\">, \u00e9sta siempre genera miedo entre los trabajadores. Pero si quieres cobrar lo que te adeudan, pero no quieres dejar tu puesto de trabajo, debes realizar esta reclamaci\u00f3n.\u00a0\u00a0<\/span><\/p>\n<p><span style=\"font-weight: 400;\">Si la empresa <\/span><b>te despide como represalia<\/b><span style=\"font-weight: 400;\"> por haber presentado una papeleta o reclamaci\u00f3n de cantidad contra ella, <\/span><b>el despido ser\u00eda nulo.<\/b><span style=\"font-weight: 400;\"> La empresa deber\u00eda readmitirte y pagarte el salario que hubieras dejado de percibir por el despido.<\/span><\/p>\n<h6 style=\"text-align: center;\"><strong>Un <a href=\"https:\/\/www.reclamador.es\/blog\/despido-nulo-causas-y-consecuencias\/\">despido nulo <\/a>conlleva la inmediata readmisi\u00f3n del empleado en su puesto de trabajo.\u00a0<\/strong><\/h6>\n<h2><b>\u00bfCu\u00e1ndo se puede<\/b> <b>demandar por impago de n\u00f3mina?<\/b><\/h2>\n<p><span style=\"font-weight: 400;\">Para saber cu\u00e1ndo se puede demandar un impago de la n\u00f3mina, ponte en manos de un abogado laboralista que te ayude a proteger tus derechos como trabajador. Pese a que en este tipo de procedimientos no es obligatorio acudir con abogado, s\u00ed es totalmente recomendable, pues existen requisitos formales, tr\u00e1mites y plazos concretos para que estas reclamaciones sean admitidas.<\/span><\/p>\n<p><span style=\"font-weight: 400;\">Si tu opci\u00f3n es <\/span><b>presentar una demanda para que te paguen<\/b><span style=\"font-weight: 400;\">, debes reclamar ante el <\/span><b>Servicio de Mediaci\u00f3n, Arbitraje y Conciliaci\u00f3n<\/b> <a href=\"https:\/\/www.reclamador.es\/blog\/smac\/\"><b>(SMAC)<\/b><\/a><span style=\"font-weight: 400;\">. Tienes <strong>un a\u00f1o<\/strong> <strong>de plazo desde que se produce el impago del salario para comenzar tu reclamaci\u00f3n.<\/strong><\/span><\/p>\n<p><span style=\"font-weight: 400;\">Si en el acto de conciliaci\u00f3n no llegas a un acuerdo con la empresa, el siguiente paso es la v\u00eda judicial.<\/span><\/p>\n<h2><strong>\u00bfPuedo dejar de ir a trabajar si mi empresa no me paga?<\/strong><\/h2>\n<p><span style=\"font-weight: 400;\">Legalmente no es lo m\u00e1s recomendable, porque entonces estar\u00edas incumpliendo tu obligaci\u00f3n de prestar servicio en tu puesto de trabajo. Esto se podr\u00eda interpretar como un abandono del puesto de trabajo y acarrear una falta grave o incluso el despido. Adem\u00e1s, se podr\u00eda usar en tu contra si tuvieras que realizar una demanda por impago.<\/span><\/p>\n<p><span style=\"font-weight: 400;\">Si ya has interpuesto una demanda por impago tampoco puedes dejar de ir a trabajar hasta que haya una sentencia clara que ponga fin a la relaci\u00f3n laboral. Si no, la empresa podr\u00eda despedirnos por absentismo laboral, mediante un despido disciplinario.\u00a0<\/span><\/p>\n<h2><strong>\u00bfA partir de cu\u00e1ntos meses sin cobrar se puede denunciar?<\/strong><\/h2>\n<p><span style=\"font-weight: 400;\">En ocasiones, la complicada situaci\u00f3n de las empresas provoca no pagar a tiempo a los empleados. Por eso, la ley les protege para que no exista ninguna incidencia en caso de que exista alg\u00fan retraso extraordinario.\u00a0<\/span><\/p>\n<p><span style=\"font-weight: 400;\">Seg\u00fan el Art\u00edculo 50 de Ley del Estatuto de los Trabajadores, un emprendedor tiene aproximadamente tres meses para abonar las n\u00f3minas. El retraso de un mes no implica que se pueda rescindir el contrato de trabajo.<\/span><\/p>\n<div class=\"ttr_end\"><\/div>","protected":false},"excerpt":{"rendered":"<p>mi empresa no me paga, \u00bfahora qu\u00e9 hago?<\/p>\n","protected":false},"author":1,"featured_media":30722,"comment_status":"open","ping_status":"open","sticky":false,"template":"","format":"standard","meta":{"_acf_changed":false,"_genesis_hide_title":false,"_genesis_hide_breadcrumbs":false,"_genesis_hide_singular_image":false,"_genesis_hide_footer_widgets":false,"_genesis_custom_body_class":"","_genesis_custom_post_class":"","_genesis_layout":"","_jetpack_newsletter_access":"","_jetpack_dont_email_post_to_subs":false,"_jetpack_newsletter_tier_id":0,"_jetpack_memberships_contains_paywalled_content":false,"_jetpack_memberships_contains_paid_content":false,"footnotes":""},"categories":[393],"tags":[255,289],"class_list":{"0":"post-17404","1":"post","2":"type-post","3":"status-publish","4":"format-standard","5":"has-post-thumbnail","7":"category-consejos","8":"tag-indemnizacion","9":"tag-reclamacion","10":"entry"},"acf":[],"yoast_head":"<!-- This site is optimized with the Yoast SEO plugin v27.4 - https:\/\/yoast.com\/product\/yoast-seo-wordpress\/ -->\n<title>Mi empresa no me paga: c\u00f3mo reclamar salarios atrasados<\/title>\n<meta name=\"description\" content=\"Una pregunta habitual al abogado laboralista es qu\u00e9 hacer cuando mi empresa no me paga y c\u00f3mo reclamar salarios atrasados.\" \/>\n<meta name=\"robots\" content=\"index, follow, max-snippet:-1, max-image-preview:large, max-video-preview:-1\" \/>\n<link rel=\"canonical\" href=\"https:\/\/www.reclamador.es\/blog\/mi-empresa-no-me-paga\/\" \/>\n<meta property=\"og:locale\" content=\"es_ES\" \/>\n<meta property=\"og:type\" content=\"article\" \/>\n<meta property=\"og:title\" content=\"Mi empresa no me paga: c\u00f3mo reclamar salarios atrasados\" \/>\n<meta property=\"og:description\" content=\"Una pregunta habitual al abogado laboralista es qu\u00e9 hacer cuando mi empresa no me paga y c\u00f3mo reclamar salarios atrasados.\" \/>\n<meta property=\"og:url\" content=\"https:\/\/www.reclamador.es\/blog\/mi-empresa-no-me-paga\/\" \/>\n<meta property=\"og:site_name\" content=\"Rebeldes con causa, el blog de reclamador.es\" \/>\n<meta property=\"article:publisher\" content=\"https:\/\/www.facebook.com\/reclamador.es\" \/>\n<meta property=\"article:published_time\" content=\"2022-03-09T10:41:00+00:00\" \/>\n<meta property=\"article:modified_time\" content=\"2025-06-25T11:47:58+00:00\" \/>\n<meta property=\"og:image\" content=\"https:\/\/www.reclamador.es\/blog\/wp-content\/uploads\/2020\/03\/mi-empresa-no-me-paga.jpg\" \/>\n\t<meta property=\"og:image:width\" content=\"1200\" \/>\n\t<meta property=\"og:image:height\" content=\"675\" \/>\n\t<meta property=\"og:image:type\" content=\"image\/jpeg\" \/>\n<meta name=\"author\" content=\"Equipo reclamador\" \/>\n<meta name=\"twitter:card\" content=\"summary_large_image\" \/>\n<meta name=\"twitter:creator\" content=\"@reclamador\" \/>\n<meta name=\"twitter:site\" content=\"@reclamador\" \/>\n<meta name=\"twitter:label1\" content=\"Escrito por\" \/>\n\t<meta name=\"twitter:data1\" content=\"Equipo reclamador\" \/>\n\t<meta name=\"twitter:label2\" content=\"Tiempo de lectura\" \/>\n\t<meta name=\"twitter:data2\" content=\"4 minutos\" \/>\n<script type=\"application\/ld+json\" class=\"yoast-schema-graph\">{\"@context\":\"https:\\\/\\\/schema.org\",\"@graph\":[{\"@type\":\"Article\",\"@id\":\"https:\\\/\\\/www.reclamador.es\\\/blog\\\/mi-empresa-no-me-paga\\\/#article\",\"isPartOf\":{\"@id\":\"https:\\\/\\\/www.reclamador.es\\\/blog\\\/mi-empresa-no-me-paga\\\/\"},\"author\":{\"name\":\"Equipo reclamador\",\"@id\":\"https:\\\/\\\/www.reclamador.es\\\/blog\\\/#\\\/schema\\\/person\\\/1ed83eef8b6566cb5e4c812d9bc5c4bf\"},\"headline\":\"Mi empresa no me paga: \u00bfqu\u00e9 puedo hacer?\",\"datePublished\":\"2022-03-09T10:41:00+00:00\",\"dateModified\":\"2025-06-25T11:47:58+00:00\",\"mainEntityOfPage\":{\"@id\":\"https:\\\/\\\/www.reclamador.es\\\/blog\\\/mi-empresa-no-me-paga\\\/\"},\"wordCount\":684,\"commentCount\":2,\"publisher\":{\"@id\":\"https:\\\/\\\/www.reclamador.es\\\/blog\\\/#organization\"},\"image\":{\"@id\":\"https:\\\/\\\/www.reclamador.es\\\/blog\\\/mi-empresa-no-me-paga\\\/#primaryimage\"},\"thumbnailUrl\":\"https:\\\/\\\/i0.wp.com\\\/www.reclamador.es\\\/blog\\\/wp-content\\\/uploads\\\/2020\\\/03\\\/mi-empresa-no-me-paga.jpg?fit=1200%2C675&ssl=1\",\"keywords\":[\"indemnizaci\u00f3n\",\"reclamaci\u00f3n\"],\"articleSection\":[\"Consejos legales\"],\"inLanguage\":\"es\",\"potentialAction\":[{\"@type\":\"CommentAction\",\"name\":\"Comment\",\"target\":[\"https:\\\/\\\/www.reclamador.es\\\/blog\\\/mi-empresa-no-me-paga\\\/#respond\"]}]},{\"@type\":\"WebPage\",\"@id\":\"https:\\\/\\\/www.reclamador.es\\\/blog\\\/mi-empresa-no-me-paga\\\/\",\"url\":\"https:\\\/\\\/www.reclamador.es\\\/blog\\\/mi-empresa-no-me-paga\\\/\",\"name\":\"Mi empresa no me paga: c\u00f3mo reclamar salarios atrasados\",\"isPartOf\":{\"@id\":\"https:\\\/\\\/www.reclamador.es\\\/blog\\\/#website\"},\"primaryImageOfPage\":{\"@id\":\"https:\\\/\\\/www.reclamador.es\\\/blog\\\/mi-empresa-no-me-paga\\\/#primaryimage\"},\"image\":{\"@id\":\"https:\\\/\\\/www.reclamador.es\\\/blog\\\/mi-empresa-no-me-paga\\\/#primaryimage\"},\"thumbnailUrl\":\"https:\\\/\\\/i0.wp.com\\\/www.reclamador.es\\\/blog\\\/wp-content\\\/uploads\\\/2020\\\/03\\\/mi-empresa-no-me-paga.jpg?fit=1200%2C675&ssl=1\",\"datePublished\":\"2022-03-09T10:41:00+00:00\",\"dateModified\":\"2025-06-25T11:47:58+00:00\",\"description\":\"Una pregunta habitual al abogado laboralista es qu\u00e9 hacer cuando mi empresa no me paga y c\u00f3mo reclamar salarios atrasados.\",\"breadcrumb\":{\"@id\":\"https:\\\/\\\/www.reclamador.es\\\/blog\\\/mi-empresa-no-me-paga\\\/#breadcrumb\"},\"inLanguage\":\"es\",\"potentialAction\":[{\"@type\":\"ReadAction\",\"target\":[\"https:\\\/\\\/www.reclamador.es\\\/blog\\\/mi-empresa-no-me-paga\\\/\"]}]},{\"@type\":\"ImageObject\",\"inLanguage\":\"es\",\"@id\":\"https:\\\/\\\/www.reclamador.es\\\/blog\\\/mi-empresa-no-me-paga\\\/#primaryimage\",\"url\":\"https:\\\/\\\/i0.wp.com\\\/www.reclamador.es\\\/blog\\\/wp-content\\\/uploads\\\/2020\\\/03\\\/mi-empresa-no-me-paga.jpg?fit=1200%2C675&ssl=1\",\"contentUrl\":\"https:\\\/\\\/i0.wp.com\\\/www.reclamador.es\\\/blog\\\/wp-content\\\/uploads\\\/2020\\\/03\\\/mi-empresa-no-me-paga.jpg?fit=1200%2C675&ssl=1\",\"width\":1200,\"height\":675,\"caption\":\"mi empresa no me paga, \u00bfahora qu\u00e9 hago?\"},{\"@type\":\"BreadcrumbList\",\"@id\":\"https:\\\/\\\/www.reclamador.es\\\/blog\\\/mi-empresa-no-me-paga\\\/#breadcrumb\",\"itemListElement\":[{\"@type\":\"ListItem\",\"position\":1,\"name\":\"Portada\",\"item\":\"https:\\\/\\\/www.reclamador.es\\\/blog\\\/\"},{\"@type\":\"ListItem\",\"position\":2,\"name\":\"Mi empresa no me paga: \u00bfqu\u00e9 puedo hacer?\"}]},{\"@type\":\"WebSite\",\"@id\":\"https:\\\/\\\/www.reclamador.es\\\/blog\\\/#website\",\"url\":\"https:\\\/\\\/www.reclamador.es\\\/blog\\\/\",\"name\":\"Rebeldes con causa, el blog de reclamador.es\",\"description\":\"Noticias, entrevistas y consejos sobre reclamaciones\",\"publisher\":{\"@id\":\"https:\\\/\\\/www.reclamador.es\\\/blog\\\/#organization\"},\"potentialAction\":[{\"@type\":\"SearchAction\",\"target\":{\"@type\":\"EntryPoint\",\"urlTemplate\":\"https:\\\/\\\/www.reclamador.es\\\/blog\\\/?s={search_term_string}\"},\"query-input\":{\"@type\":\"PropertyValueSpecification\",\"valueRequired\":true,\"valueName\":\"search_term_string\"}}],\"inLanguage\":\"es\"},{\"@type\":\"Organization\",\"@id\":\"https:\\\/\\\/www.reclamador.es\\\/blog\\\/#organization\",\"name\":\"reclamador.es\",\"url\":\"https:\\\/\\\/www.reclamador.es\\\/blog\\\/\",\"logo\":{\"@type\":\"ImageObject\",\"inLanguage\":\"es\",\"@id\":\"https:\\\/\\\/www.reclamador.es\\\/blog\\\/#\\\/schema\\\/logo\\\/image\\\/\",\"url\":\"https:\\\/\\\/i0.wp.com\\\/www.reclamador.es\\\/blog\\\/wp-content\\\/uploads\\\/2020\\\/01\\\/logo-reclamador.png?fit=1200%2C144&ssl=1\",\"contentUrl\":\"https:\\\/\\\/i0.wp.com\\\/www.reclamador.es\\\/blog\\\/wp-content\\\/uploads\\\/2020\\\/01\\\/logo-reclamador.png?fit=1200%2C144&ssl=1\",\"width\":1200,\"height\":144,\"caption\":\"reclamador.es\"},\"image\":{\"@id\":\"https:\\\/\\\/www.reclamador.es\\\/blog\\\/#\\\/schema\\\/logo\\\/image\\\/\"},\"sameAs\":[\"https:\\\/\\\/www.facebook.com\\\/reclamador.es\",\"https:\\\/\\\/x.com\\\/reclamador\",\"https:\\\/\\\/www.instagram.com\\\/reclamador.es\\\/\",\"https:\\\/\\\/www.linkedin.com\\\/company\\\/reclamador-es\",\"https:\\\/\\\/www.youtube.com\\\/user\\\/Reclamadores\"]},{\"@type\":\"Person\",\"@id\":\"https:\\\/\\\/www.reclamador.es\\\/blog\\\/#\\\/schema\\\/person\\\/1ed83eef8b6566cb5e4c812d9bc5c4bf\",\"name\":\"Equipo reclamador\",\"image\":{\"@type\":\"ImageObject\",\"inLanguage\":\"es\",\"@id\":\"https:\\\/\\\/secure.gravatar.com\\\/avatar\\\/6442ecdc2c4472c600c113f34d340feca47107d6aa4f42f1e3e75a2a8e28a760?s=96&d=mm&r=g\",\"url\":\"https:\\\/\\\/secure.gravatar.com\\\/avatar\\\/6442ecdc2c4472c600c113f34d340feca47107d6aa4f42f1e3e75a2a8e28a760?s=96&d=mm&r=g\",\"contentUrl\":\"https:\\\/\\\/secure.gravatar.com\\\/avatar\\\/6442ecdc2c4472c600c113f34d340feca47107d6aa4f42f1e3e75a2a8e28a760?s=96&d=mm&r=g\",\"caption\":\"Equipo reclamador\"},\"description\":\"Las personas que hacen posible reclamador.es\",\"url\":\"https:\\\/\\\/www.reclamador.es\\\/blog\\\/author\\\/administrador\\\/\"}]}<\/script>\n<!-- \/ Yoast SEO plugin. -->","yoast_head_json":{"title":"Mi empresa no me paga: c\u00f3mo reclamar salarios atrasados","description":"Una pregunta habitual al abogado laboralista es qu\u00e9 hacer cuando mi empresa no me paga y c\u00f3mo reclamar salarios atrasados.","robots":{"index":"index","follow":"follow","max-snippet":"max-snippet:-1","max-image-preview":"max-image-preview:large","max-video-preview":"max-video-preview:-1"},"canonical":"https:\/\/www.reclamador.es\/blog\/mi-empresa-no-me-paga\/","og_locale":"es_ES","og_type":"article","og_title":"Mi empresa no me paga: c\u00f3mo reclamar salarios atrasados","og_description":"Una pregunta habitual al abogado laboralista es qu\u00e9 hacer cuando mi empresa no me paga y c\u00f3mo reclamar salarios atrasados.","og_url":"https:\/\/www.reclamador.es\/blog\/mi-empresa-no-me-paga\/","og_site_name":"Rebeldes con causa, el blog de reclamador.es","article_publisher":"https:\/\/www.facebook.com\/reclamador.es","article_published_time":"2022-03-09T10:41:00+00:00","article_modified_time":"2025-06-25T11:47:58+00:00","og_image":[{"width":1200,"height":675,"url":"https:\/\/www.reclamador.es\/blog\/wp-content\/uploads\/2020\/03\/mi-empresa-no-me-paga.jpg","type":"image\/jpeg"}],"author":"Equipo reclamador","twitter_card":"summary_large_image","twitter_creator":"@reclamador","twitter_site":"@reclamador","twitter_misc":{"Escrito por":"Equipo reclamador","Tiempo de lectura":"4 minutos"},"schema":{"@context":"https:\/\/schema.org","@graph":[{"@type":"Article","@id":"https:\/\/www.reclamador.es\/blog\/mi-empresa-no-me-paga\/#article","isPartOf":{"@id":"https:\/\/www.reclamador.es\/blog\/mi-empresa-no-me-paga\/"},"author":{"name":"Equipo reclamador","@id":"https:\/\/www.reclamador.es\/blog\/#\/schema\/person\/1ed83eef8b6566cb5e4c812d9bc5c4bf"},"headline":"Mi empresa no me paga: \u00bfqu\u00e9 puedo hacer?","datePublished":"2022-03-09T10:41:00+00:00","dateModified":"2025-06-25T11:47:58+00:00","mainEntityOfPage":{"@id":"https:\/\/www.reclamador.es\/blog\/mi-empresa-no-me-paga\/"},"wordCount":684,"commentCount":2,"publisher":{"@id":"https:\/\/www.reclamador.es\/blog\/#organization"},"image":{"@id":"https:\/\/www.reclamador.es\/blog\/mi-empresa-no-me-paga\/#primaryimage"},"thumbnailUrl":"https:\/\/i0.wp.com\/www.reclamador.es\/blog\/wp-content\/uploads\/2020\/03\/mi-empresa-no-me-paga.jpg?fit=1200%2C675&ssl=1","keywords":["indemnizaci\u00f3n","reclamaci\u00f3n"],"articleSection":["Consejos legales"],"inLanguage":"es","potentialAction":[{"@type":"CommentAction","name":"Comment","target":["https:\/\/www.reclamador.es\/blog\/mi-empresa-no-me-paga\/#respond"]}]},{"@type":"WebPage","@id":"https:\/\/www.reclamador.es\/blog\/mi-empresa-no-me-paga\/","url":"https:\/\/www.reclamador.es\/blog\/mi-empresa-no-me-paga\/","name":"Mi empresa no me paga: c\u00f3mo reclamar salarios atrasados","isPartOf":{"@id":"https:\/\/www.reclamador.es\/blog\/#website"},"primaryImageOfPage":{"@id":"https:\/\/www.reclamador.es\/blog\/mi-empresa-no-me-paga\/#primaryimage"},"image":{"@id":"https:\/\/www.reclamador.es\/blog\/mi-empresa-no-me-paga\/#primaryimage"},"thumbnailUrl":"https:\/\/i0.wp.com\/www.reclamador.es\/blog\/wp-content\/uploads\/2020\/03\/mi-empresa-no-me-paga.jpg?fit=1200%2C675&ssl=1","datePublished":"2022-03-09T10:41:00+00:00","dateModified":"2025-06-25T11:47:58+00:00","description":"Una pregunta habitual al abogado laboralista es qu\u00e9 hacer cuando mi empresa no me paga y c\u00f3mo reclamar salarios atrasados.","breadcrumb":{"@id":"https:\/\/www.reclamador.es\/blog\/mi-empresa-no-me-paga\/#breadcrumb"},"inLanguage":"es","potentialAction":[{"@type":"ReadAction","target":["https:\/\/www.reclamador.es\/blog\/mi-empresa-no-me-paga\/"]}]},{"@type":"ImageObject","inLanguage":"es","@id":"https:\/\/www.reclamador.es\/blog\/mi-empresa-no-me-paga\/#primaryimage","url":"https:\/\/i0.wp.com\/www.reclamador.es\/blog\/wp-content\/uploads\/2020\/03\/mi-empresa-no-me-paga.jpg?fit=1200%2C675&ssl=1","contentUrl":"https:\/\/i0.wp.com\/www.reclamador.es\/blog\/wp-content\/uploads\/2020\/03\/mi-empresa-no-me-paga.jpg?fit=1200%2C675&ssl=1","width":1200,"height":675,"caption":"mi empresa no me paga, \u00bfahora qu\u00e9 hago?"},{"@type":"BreadcrumbList","@id":"https:\/\/www.reclamador.es\/blog\/mi-empresa-no-me-paga\/#breadcrumb","itemListElement":[{"@type":"ListItem","position":1,"name":"Portada","item":"https:\/\/www.reclamador.es\/blog\/"},{"@type":"ListItem","position":2,"name":"Mi empresa no me paga: \u00bfqu\u00e9 puedo hacer?"}]},{"@type":"WebSite","@id":"https:\/\/www.reclamador.es\/blog\/#website","url":"https:\/\/www.reclamador.es\/blog\/","name":"Rebeldes con causa, el blog de reclamador.es","description":"Noticias, entrevistas y consejos sobre reclamaciones","publisher":{"@id":"https:\/\/www.reclamador.es\/blog\/#organization"},"potentialAction":[{"@type":"SearchAction","target":{"@type":"EntryPoint","urlTemplate":"https:\/\/www.reclamador.es\/blog\/?s={search_term_string}"},"query-input":{"@type":"PropertyValueSpecification","valueRequired":true,"valueName":"search_term_string"}}],"inLanguage":"es"},{"@type":"Organization","@id":"https:\/\/www.reclamador.es\/blog\/#organization","name":"reclamador.es","url":"https:\/\/www.reclamador.es\/blog\/","logo":{"@type":"ImageObject","inLanguage":"es","@id":"https:\/\/www.reclamador.es\/blog\/#\/schema\/logo\/image\/","url":"https:\/\/i0.wp.com\/www.reclamador.es\/blog\/wp-content\/uploads\/2020\/01\/logo-reclamador.png?fit=1200%2C144&ssl=1","contentUrl":"https:\/\/i0.wp.com\/www.reclamador.es\/blog\/wp-content\/uploads\/2020\/01\/logo-reclamador.png?fit=1200%2C144&ssl=1","width":1200,"height":144,"caption":"reclamador.es"},"image":{"@id":"https:\/\/www.reclamador.es\/blog\/#\/schema\/logo\/image\/"},"sameAs":["https:\/\/www.facebook.com\/reclamador.es","https:\/\/x.com\/reclamador","https:\/\/www.instagram.com\/reclamador.es\/","https:\/\/www.linkedin.com\/company\/reclamador-es","https:\/\/www.youtube.com\/user\/Reclamadores"]},{"@type":"Person","@id":"https:\/\/www.reclamador.es\/blog\/#\/schema\/person\/1ed83eef8b6566cb5e4c812d9bc5c4bf","name":"Equipo reclamador","image":{"@type":"ImageObject","inLanguage":"es","@id":"https:\/\/secure.gravatar.com\/avatar\/6442ecdc2c4472c600c113f34d340feca47107d6aa4f42f1e3e75a2a8e28a760?s=96&d=mm&r=g","url":"https:\/\/secure.gravatar.com\/avatar\/6442ecdc2c4472c600c113f34d340feca47107d6aa4f42f1e3e75a2a8e28a760?s=96&d=mm&r=g","contentUrl":"https:\/\/secure.gravatar.com\/avatar\/6442ecdc2c4472c600c113f34d340feca47107d6aa4f42f1e3e75a2a8e28a760?s=96&d=mm&r=g","caption":"Equipo reclamador"},"description":"Las personas que hacen posible reclamador.es","url":"https:\/\/www.reclamador.es\/blog\/author\/administrador\/"}]}},"jetpack_featured_media_url":"https:\/\/i0.wp.com\/www.reclamador.es\/blog\/wp-content\/uploads\/2020\/03\/mi-empresa-no-me-paga.jpg?fit=1200%2C675&ssl=1","jetpack-related-posts":[{"id":20499,"url":"https:\/\/www.reclamador.es\/blog\/reclamar-subida-salario-minimo\/","url_meta":{"origin":17404,"position":0},"title":"El salario m\u00ednimo sube a 900\u20ac el 1 de enero de 2019: \u00bfqu\u00e9 pasa si el trabajador no recibe esa subida?","author":"Equipo reclamador","date":"21 diciembre, 2018","format":false,"excerpt":"Actualizaci\u00f3n 2020: El SMI sube un 5,5% fij\u00e1ndose este 2020 en los 950\u20ac brutos mensuales en 14 pagas. Es decir, una vez publicado en el BOE, el salario m\u00ednimo interprofesional en Espa\u00f1a queda establecido en 13.300\u20ac brutos al a\u00f1o.\u00a0 Hoy, 21 de diciembre de 2018, se ha aprobado en el\u2026","rel":"","context":"En \u00abNoticias y actualidad\u00bb","block_context":{"text":"Noticias y actualidad","link":"https:\/\/www.reclamador.es\/blog\/noticias\/"},"img":{"alt_text":"reclamar subida salario m\u00ednimo","src":"https:\/\/i0.wp.com\/www.reclamador.es\/blog\/wp-content\/uploads\/2018\/12\/subida-salario-minimo-2019.jpg?fit=1200%2C800&ssl=1&resize=350%2C200","width":350,"height":200,"srcset":"https:\/\/i0.wp.com\/www.reclamador.es\/blog\/wp-content\/uploads\/2018\/12\/subida-salario-minimo-2019.jpg?fit=1200%2C800&ssl=1&resize=350%2C200 1x, https:\/\/i0.wp.com\/www.reclamador.es\/blog\/wp-content\/uploads\/2018\/12\/subida-salario-minimo-2019.jpg?fit=1200%2C800&ssl=1&resize=525%2C300 1.5x, https:\/\/i0.wp.com\/www.reclamador.es\/blog\/wp-content\/uploads\/2018\/12\/subida-salario-minimo-2019.jpg?fit=1200%2C800&ssl=1&resize=700%2C400 2x, https:\/\/i0.wp.com\/www.reclamador.es\/blog\/wp-content\/uploads\/2018\/12\/subida-salario-minimo-2019.jpg?fit=1200%2C800&ssl=1&resize=1050%2C600 3x"},"classes":[]},{"id":19121,"url":"https:\/\/www.reclamador.es\/blog\/finalizacion-contrato-temporal-que-corresponde\/","url_meta":{"origin":17404,"position":1},"title":"Finalizaci\u00f3n de un contrato temporal: \u00bfqu\u00e9 me corresponde?","author":"Equipo reclamador","date":"31 agosto, 2018","format":false,"excerpt":"*Contenido actualizado mayo 2025 Con la actual normativa laboral, en Espa\u00f1a en 2025 \u00fanicamente se pueden realizar dos tipos de contrato temporal: contrato temporal de sustituci\u00f3n y el contrato temporal por circunstancias de la producci\u00f3n (muy usado en verano o campa\u00f1as). Pero pese a que se intenta primar el contrato\u2026","rel":"","context":"En \u00abConsejos legales\u00bb","block_context":{"text":"Consejos legales","link":"https:\/\/www.reclamador.es\/blog\/consejos\/"},"img":{"alt_text":"Fin contrato temporal: finiquito e indemnizaci\u00f3n","src":"https:\/\/i0.wp.com\/www.reclamador.es\/blog\/wp-content\/uploads\/2018\/08\/finiquito-indemnzacion-fin-contrato-temporal.jpg?fit=1200%2C630&ssl=1&resize=350%2C200","width":350,"height":200,"srcset":"https:\/\/i0.wp.com\/www.reclamador.es\/blog\/wp-content\/uploads\/2018\/08\/finiquito-indemnzacion-fin-contrato-temporal.jpg?fit=1200%2C630&ssl=1&resize=350%2C200 1x, https:\/\/i0.wp.com\/www.reclamador.es\/blog\/wp-content\/uploads\/2018\/08\/finiquito-indemnzacion-fin-contrato-temporal.jpg?fit=1200%2C630&ssl=1&resize=525%2C300 1.5x, https:\/\/i0.wp.com\/www.reclamador.es\/blog\/wp-content\/uploads\/2018\/08\/finiquito-indemnzacion-fin-contrato-temporal.jpg?fit=1200%2C630&ssl=1&resize=700%2C400 2x, https:\/\/i0.wp.com\/www.reclamador.es\/blog\/wp-content\/uploads\/2018\/08\/finiquito-indemnzacion-fin-contrato-temporal.jpg?fit=1200%2C630&ssl=1&resize=1050%2C600 3x"},"classes":[]},{"id":5436,"url":"https:\/\/www.reclamador.es\/blog\/dos-pagadores-hacienda\/","url_meta":{"origin":17404,"position":2},"title":"\u00bfC\u00f3mo afecta tener dos pagadores en Hacienda?","author":"Equipo reclamador","date":"4 marzo, 2019","format":false,"excerpt":"Contenido actualizado mayo 2025. Cada vez es m\u00e1s habitual que un trabajador pueda tener dos o m\u00e1s pagadores durante el mismo ejercicio fiscal. Las razones son variadas, pero tener varios trabajos a tiempo parcial o realizar colaboraciones puntuales con otras empresas pueden ser uno de los motivos por los que\u2026","rel":"","context":"En \u00abConsejos legales\u00bb","block_context":{"text":"Consejos legales","link":"https:\/\/www.reclamador.es\/blog\/consejos\/"},"img":{"alt_text":"trabajar en dos empresas a la vez hacienda","src":"https:\/\/i0.wp.com\/www.reclamador.es\/blog\/wp-content\/uploads\/2019\/03\/dos-pagadores-hacienda-2025-2024.jpg?fit=1200%2C630&ssl=1&resize=350%2C200","width":350,"height":200,"srcset":"https:\/\/i0.wp.com\/www.reclamador.es\/blog\/wp-content\/uploads\/2019\/03\/dos-pagadores-hacienda-2025-2024.jpg?fit=1200%2C630&ssl=1&resize=350%2C200 1x, https:\/\/i0.wp.com\/www.reclamador.es\/blog\/wp-content\/uploads\/2019\/03\/dos-pagadores-hacienda-2025-2024.jpg?fit=1200%2C630&ssl=1&resize=525%2C300 1.5x, https:\/\/i0.wp.com\/www.reclamador.es\/blog\/wp-content\/uploads\/2019\/03\/dos-pagadores-hacienda-2025-2024.jpg?fit=1200%2C630&ssl=1&resize=700%2C400 2x, https:\/\/i0.wp.com\/www.reclamador.es\/blog\/wp-content\/uploads\/2019\/03\/dos-pagadores-hacienda-2025-2024.jpg?fit=1200%2C630&ssl=1&resize=1050%2C600 3x"},"classes":[]},{"id":4539,"url":"https:\/\/www.reclamador.es\/blog\/principales-aspectos-entender-nomina\/","url_meta":{"origin":17404,"position":3},"title":"C\u00f3mo entender mi n\u00f3mina","author":"Equipo reclamador","date":"31 enero, 2019","format":false,"excerpt":"La n\u00f3mina es el documento que recibimos (o deber\u00edamos recibir) todos los trabajadores en activo y que contiene el desglose de la cantidad de dinero que se recibe a cambio del trabajo realizado en una empresa. En ocasiones puede resultar complejo entender alguno de los conceptos que en ella se\u2026","rel":"","context":"En \u00abConsejos legales\u00bb","block_context":{"text":"Consejos legales","link":"https:\/\/www.reclamador.es\/blog\/consejos\/"},"img":{"alt_text":"conceptos clave para entender la nomina","src":"https:\/\/i0.wp.com\/www.reclamador.es\/blog\/wp-content\/uploads\/2019\/01\/entender-nomina-trabajadores.jpg?fit=1198%2C630&ssl=1&resize=350%2C200","width":350,"height":200,"srcset":"https:\/\/i0.wp.com\/www.reclamador.es\/blog\/wp-content\/uploads\/2019\/01\/entender-nomina-trabajadores.jpg?fit=1198%2C630&ssl=1&resize=350%2C200 1x, https:\/\/i0.wp.com\/www.reclamador.es\/blog\/wp-content\/uploads\/2019\/01\/entender-nomina-trabajadores.jpg?fit=1198%2C630&ssl=1&resize=525%2C300 1.5x, https:\/\/i0.wp.com\/www.reclamador.es\/blog\/wp-content\/uploads\/2019\/01\/entender-nomina-trabajadores.jpg?fit=1198%2C630&ssl=1&resize=700%2C400 2x, https:\/\/i0.wp.com\/www.reclamador.es\/blog\/wp-content\/uploads\/2019\/01\/entender-nomina-trabajadores.jpg?fit=1198%2C630&ssl=1&resize=1050%2C600 3x"},"classes":[]},{"id":3980,"url":"https:\/\/www.reclamador.es\/blog\/indemnizacion-por-despido-tras-cerrar-empresa\/","url_meta":{"origin":17404,"position":4},"title":"\u00bfQui\u00e9n paga la indemnizaci\u00f3n por despido tras cerrar una empresa?","author":"Equipo reclamador","date":"3 marzo, 2024","format":false,"excerpt":"*Contenido ampliado abril 2025 La indemnizaci\u00f3n por despido en general y los derechos del trabajador tras el despido en el cierre de una empresa generan mucha confusi\u00f3n. La compleja casu\u00edstica alrededor de este asunto y la mara\u00f1a legal que lo rodea no facilitan las cosas. Intentemos aportar luz en este\u2026","rel":"","context":"En \u00abConsejos legales\u00bb","block_context":{"text":"Consejos legales","link":"https:\/\/www.reclamador.es\/blog\/consejos\/"},"img":{"alt_text":"derechos trabajadores despido por cierre de empresa","src":"https:\/\/i0.wp.com\/www.reclamador.es\/blog\/wp-content\/uploads\/2017\/04\/indemnizacion-despido-por-cierre-de-empresa.jpg?fit=1200%2C660&ssl=1&resize=350%2C200","width":350,"height":200,"srcset":"https:\/\/i0.wp.com\/www.reclamador.es\/blog\/wp-content\/uploads\/2017\/04\/indemnizacion-despido-por-cierre-de-empresa.jpg?fit=1200%2C660&ssl=1&resize=350%2C200 1x, https:\/\/i0.wp.com\/www.reclamador.es\/blog\/wp-content\/uploads\/2017\/04\/indemnizacion-despido-por-cierre-de-empresa.jpg?fit=1200%2C660&ssl=1&resize=525%2C300 1.5x, https:\/\/i0.wp.com\/www.reclamador.es\/blog\/wp-content\/uploads\/2017\/04\/indemnizacion-despido-por-cierre-de-empresa.jpg?fit=1200%2C660&ssl=1&resize=700%2C400 2x, https:\/\/i0.wp.com\/www.reclamador.es\/blog\/wp-content\/uploads\/2017\/04\/indemnizacion-despido-por-cierre-de-empresa.jpg?fit=1200%2C660&ssl=1&resize=1050%2C600 3x"},"classes":[]},{"id":18028,"url":"https:\/\/www.reclamador.es\/blog\/7-derechos-menos-conocidos-trabajadores\/","url_meta":{"origin":17404,"position":5},"title":"Siete derechos poco conocidos por los trabajadores","author":"Alicia Ria\u00f1o","date":"29 abril, 2022","format":false,"excerpt":"Hay derechos que todos los trabajadores conocen, como, por ejemplo, el de huelga o asociaci\u00f3n. En cambio, existen otros derechos reconocidos en la normativa laboral que son m\u00e1s desconocidos, como el derecho a un d\u00eda libre por mudanza o a recibir intereses en caso de impago de salario. Por ello,\u2026","rel":"","context":"En \u00abNoticias y actualidad\u00bb","block_context":{"text":"Noticias y actualidad","link":"https:\/\/www.reclamador.es\/blog\/noticias\/"},"img":{"alt_text":"reclamador derechos trabajadores desconocidos","src":"https:\/\/i0.wp.com\/www.reclamador.es\/blog\/wp-content\/uploads\/2018\/04\/derechos-desconocidos-trabajadores-reclamador.jpg?fit=1200%2C800&ssl=1&resize=350%2C200","width":350,"height":200,"srcset":"https:\/\/i0.wp.com\/www.reclamador.es\/blog\/wp-content\/uploads\/2018\/04\/derechos-desconocidos-trabajadores-reclamador.jpg?fit=1200%2C800&ssl=1&resize=350%2C200 1x, https:\/\/i0.wp.com\/www.reclamador.es\/blog\/wp-content\/uploads\/2018\/04\/derechos-desconocidos-trabajadores-reclamador.jpg?fit=1200%2C800&ssl=1&resize=525%2C300 1.5x, https:\/\/i0.wp.com\/www.reclamador.es\/blog\/wp-content\/uploads\/2018\/04\/derechos-desconocidos-trabajadores-reclamador.jpg?fit=1200%2C800&ssl=1&resize=700%2C400 2x, https:\/\/i0.wp.com\/www.reclamador.es\/blog\/wp-content\/uploads\/2018\/04\/derechos-desconocidos-trabajadores-reclamador.jpg?fit=1200%2C800&ssl=1&resize=1050%2C600 3x"},"classes":[]}],"jetpack_sharing_enabled":true,"_links":{"self":[{"href":"https:\/\/www.reclamador.es\/blog\/wp-json\/wp\/v2\/posts\/17404","targetHints":{"allow":["GET"]}}],"collection":[{"href":"https:\/\/www.reclamador.es\/blog\/wp-json\/wp\/v2\/posts"}],"about":[{"href":"https:\/\/www.reclamador.es\/blog\/wp-json\/wp\/v2\/types\/post"}],"author":[{"embeddable":true,"href":"https:\/\/www.reclamador.es\/blog\/wp-json\/wp\/v2\/users\/1"}],"replies":[{"embeddable":true,"href":"https:\/\/www.reclamador.es\/blog\/wp-json\/wp\/v2\/comments?post=17404"}],"version-history":[{"count":26,"href":"https:\/\/www.reclamador.es\/blog\/wp-json\/wp\/v2\/posts\/17404\/revisions"}],"predecessor-version":[{"id":34559,"href":"https:\/\/www.reclamador.es\/blog\/wp-json\/wp\/v2\/posts\/17404\/revisions\/34559"}],"wp:featuredmedia":[{"embeddable":true,"href":"https:\/\/www.reclamador.es\/blog\/wp-json\/wp\/v2\/media\/30722"}],"wp:attachment":[{"href":"https:\/\/www.reclamador.es\/blog\/wp-json\/wp\/v2\/media?parent=17404"}],"wp:term":[{"taxonomy":"category","embeddable":true,"href":"https:\/\/www.reclamador.es\/blog\/wp-json\/wp\/v2\/categories?post=17404"},{"taxonomy":"post_tag","embeddable":true,"href":"https:\/\/www.reclamador.es\/blog\/wp-json\/wp\/v2\/tags?post=17404"}],"curies":[{"name":"wp","href":"https:\/\/api.w.org\/{rel}","templated":true}]}}