{"id":17228,"date":"2018-02-26T15:27:41","date_gmt":"2018-02-26T14:27:41","guid":{"rendered":"https:\/\/www.reclamador.es\/blog\/?p=17228"},"modified":"2025-07-10T10:37:44","modified_gmt":"2025-07-10T08:37:44","slug":"reclamador-premio-startup-2018-eeme","status":"publish","type":"post","link":"https:\/\/www.reclamador.es\/blog\/reclamador-premio-startup-2018-eeme\/","title":{"rendered":"reclamador.es premio Startup 2018 de la EEME Business School"},"content":{"rendered":"<div class=\"ttr_start\"><\/div>\n\n<div class=\"kk-star-ratings kksr-auto kksr-align-right kksr-valign-top\"\n    data-payload='{&quot;align&quot;:&quot;right&quot;,&quot;id&quot;:&quot;17228&quot;,&quot;slug&quot;:&quot;default&quot;,&quot;valign&quot;:&quot;top&quot;,&quot;ignore&quot;:&quot;&quot;,&quot;reference&quot;:&quot;auto&quot;,&quot;class&quot;:&quot;&quot;,&quot;count&quot;:&quot;1&quot;,&quot;legendonly&quot;:&quot;&quot;,&quot;readonly&quot;:&quot;&quot;,&quot;score&quot;:&quot;5&quot;,&quot;starsonly&quot;:&quot;&quot;,&quot;best&quot;:&quot;5&quot;,&quot;gap&quot;:&quot;3&quot;,&quot;greet&quot;:&quot;Valora este art\u00edculo&quot;,&quot;legend&quot;:&quot;5\\\/5 - (1 voto)&quot;,&quot;size&quot;:&quot;20&quot;,&quot;title&quot;:&quot;reclamador.es premio Startup 2018 de la EEME Business School&quot;,&quot;width&quot;:&quot;113.5&quot;,&quot;_legend&quot;:&quot;{score}\\\/{best} - ({count} {votes})&quot;,&quot;font_factor&quot;:&quot;1.25&quot;}'>\n            \n<div class=\"kksr-stars\">\n    \n<div class=\"kksr-stars-inactive\">\n            <div class=\"kksr-star\" data-star=\"1\" style=\"padding-right: 3px\">\n            \n\n<div class=\"kksr-icon\" style=\"width: 20px; height: 20px;\"><\/div>\n        <\/div>\n            <div class=\"kksr-star\" data-star=\"2\" style=\"padding-right: 3px\">\n            \n\n<div class=\"kksr-icon\" style=\"width: 20px; height: 20px;\"><\/div>\n        <\/div>\n            <div class=\"kksr-star\" data-star=\"3\" style=\"padding-right: 3px\">\n            \n\n<div class=\"kksr-icon\" style=\"width: 20px; height: 20px;\"><\/div>\n        <\/div>\n            <div class=\"kksr-star\" data-star=\"4\" style=\"padding-right: 3px\">\n            \n\n<div class=\"kksr-icon\" style=\"width: 20px; height: 20px;\"><\/div>\n        <\/div>\n            <div class=\"kksr-star\" data-star=\"5\" style=\"padding-right: 3px\">\n            \n\n<div class=\"kksr-icon\" style=\"width: 20px; height: 20px;\"><\/div>\n        <\/div>\n    <\/div>\n    \n<div class=\"kksr-stars-active\" style=\"width: 113.5px;\">\n            <div class=\"kksr-star\" style=\"padding-right: 3px\">\n            \n\n<div class=\"kksr-icon\" style=\"width: 20px; height: 20px;\"><\/div>\n        <\/div>\n            <div class=\"kksr-star\" style=\"padding-right: 3px\">\n            \n\n<div class=\"kksr-icon\" style=\"width: 20px; height: 20px;\"><\/div>\n        <\/div>\n            <div class=\"kksr-star\" style=\"padding-right: 3px\">\n            \n\n<div class=\"kksr-icon\" style=\"width: 20px; height: 20px;\"><\/div>\n        <\/div>\n            <div class=\"kksr-star\" style=\"padding-right: 3px\">\n            \n\n<div class=\"kksr-icon\" style=\"width: 20px; height: 20px;\"><\/div>\n        <\/div>\n            <div class=\"kksr-star\" style=\"padding-right: 3px\">\n            \n\n<div class=\"kksr-icon\" style=\"width: 20px; height: 20px;\"><\/div>\n        <\/div>\n    <\/div>\n<\/div>\n                \n\n<div class=\"kksr-legend\" style=\"font-size: 16px;\">\n            5\/5 - (1 voto)    <\/div>\n    <\/div>\n<figure id=\"attachment_17236\" aria-describedby=\"caption-attachment-17236\" style=\"width: 1200px\" class=\"wp-caption aligncenter\"><img data-recalc-dims=\"1\" loading=\"lazy\" decoding=\"async\" class=\"size-full wp-image-17236\" src=\"https:\/\/i0.wp.com\/www.reclamador.es\/blog\/wp-content\/uploads\/2018\/02\/reclamador-premio-eeme.jpg?resize=1200%2C799&#038;ssl=1\" alt=\"EEME 2018 reclamador\" width=\"1200\" height=\"799\" srcset=\"https:\/\/i0.wp.com\/www.reclamador.es\/blog\/wp-content\/uploads\/2018\/02\/reclamador-premio-eeme.jpg?w=1200&amp;ssl=1 1200w, https:\/\/i0.wp.com\/www.reclamador.es\/blog\/wp-content\/uploads\/2018\/02\/reclamador-premio-eeme.jpg?resize=150%2C100&amp;ssl=1 150w, https:\/\/i0.wp.com\/www.reclamador.es\/blog\/wp-content\/uploads\/2018\/02\/reclamador-premio-eeme.jpg?resize=300%2C200&amp;ssl=1 300w, https:\/\/i0.wp.com\/www.reclamador.es\/blog\/wp-content\/uploads\/2018\/02\/reclamador-premio-eeme.jpg?resize=768%2C511&amp;ssl=1 768w, https:\/\/i0.wp.com\/www.reclamador.es\/blog\/wp-content\/uploads\/2018\/02\/reclamador-premio-eeme.jpg?resize=1024%2C682&amp;ssl=1 1024w\" sizes=\"auto, (max-width: 1000px) 100vw, 1000px\" \/><figcaption id=\"caption-attachment-17236\" class=\"wp-caption-text\"><em>Premio EEME Empresa 2018 reclamador.es<\/em><\/figcaption><\/figure>\n<p><span style=\"font-weight: 400;\">En el marco del 7\u00ba Congreso de Marketing <strong>#eemeeting<\/strong> celebrado el pasado 23 de febrero en el Palacio de Congresos de Alicante, hemos recibido un nuevo reconocimiento a nuestra trayectoria y resultados. En este caso, la Escuela Europea de Marketing Empresarial (EEME) nos otorg\u00f3 el galard\u00f3n a mejor startup del a\u00f1o. <\/span><\/p>\n<p><span style=\"font-weight: 400;\">No podemos sino <strong>agradecer a la EEME Business School este premio que supone un nuevo est\u00edmulo para todo el equipo que hace posible la defensa de los derechos de nuestros m\u00e1s de 160.000 clientes<\/strong>. El jurado ha destacado nuestra innovaci\u00f3n y contribuci\u00f3n disruptiva en el sector jur\u00eddico como compa\u00f1\u00eda online de servicios legales, siendo \"un ejemplo de c\u00f3mo los servicios digitales han agilizado tareas hasta la fecha lentas, complicadas y en ocasiones poco gratas para el usuario\". \u00a0<\/span><\/p>\n<p><span style=\"font-weight: 400;\">La <strong>cuarta edici\u00f3n de estos galardones<\/strong>, entregados con car\u00e1cter anual, reconocen la labor tanto de empresas con una amplia trayectoria como de proyectos de reciente creaci\u00f3n que han sobresalido en su propuesta de negocio. La tienda de inform\u00e1tica y tecnolog\u00eda murciana PcComponentes ha sido tambi\u00e9n reconocida junto con <strong>reclamador.es con el Premio EEME Empresa 2018<\/strong>.<\/span><\/p>\n<h2><b>VII congreso #eemeeting de nuevas tendencias en marketing<\/b><\/h2>\n<p><span style=\"font-weight: 400;\">La entrega de premios tuvo lugar como cierre del s\u00e9ptimo congreso de marketing #eemeeting que reuni\u00f3 a diferentes expertos en marketing y comunicaci\u00f3n para presentar las \u00faltimas tendencias en el sector y cont\u00f3 con m\u00e1s de 500 inscritos. <\/span><\/p>\n<p><span style=\"font-weight: 400;\"><strong>Nuestro director de comunicaci\u00f3n, Crist\u00f3bal Fern\u00e1ndez<\/strong>, tom\u00f3 parte como ponente en el congreso explicando la joven <a href=\"https:\/\/www.reclamador.es\/blog\/resultados-reclamador-2017\/\">historia de nuestra compa\u00f1\u00eda<\/a> y el tipo de servicios que ofrecemos. Crist\u00f3bal fue el encargado de recoger el galard\u00f3n que fue entregado por Raul Abad, Digital Marketing Manager de adSalsa y profesor de la EEME Business School. \u00a0<\/span><\/p>\n<p><span style=\"font-weight: 400;\">El congreso abarc\u00f3 una selecci\u00f3n destacada de ponentes considerando algunos de los aspectos m\u00e1s destacados en el <strong>panorama actual del marketing<\/strong> con la intervenci\u00f3n de los expertos Gers\u00f3n Beltr\u00e1n (Plya&amp;Go), Luis Casado (Iddea), Paula Dom\u00ednguez (Hello Media Group), Maril\u00fa Hern\u00e1ndez (IT&amp;IS), Estefi Mart\u00ednez (Pedrita Parker), Armando Montes (Zerintia), Fernando Mu\u00f1oz (Se\u00f1or Mu\u00f1oz), Andr\u00e9s Pedre\u00f1o (AlicanTEC), Crist\u00f3bal Fern\u00e1ndez (reclamador.es) y Ana Santos (eventosfera).<\/span><\/p>\n<p><span style=\"font-weight: 400;\">El congreso estuvo presentado por Clara Soler, consultora de Marketing Digital especialista en Inbound Marketing y Social Media.<\/span><\/p>\n<p><span style=\"font-weight: 400;\">EEME Business School (EEME)<\/span><span style=\"font-weight: 400;\"> es una escuela de negocios creada en 2012, presente en varios puntos de la geograf\u00eda espa\u00f1ola (Alicante, Valencia y Valladolid) y que desarrolla cuatro tipos de programas (Cursos, Postgrados, Masters y Executive). La Escuela cuenta con una orientaci\u00f3n netamente profesional en la gesti\u00f3n de empresa, desde una \u00f3ptica eficiente de Marketing y es centro asociado de la Universidad online Isabel I. <\/span><\/p>\n<h6 style=\"text-align: center;\"><strong><a href=\"#mc4wp-form-1 \">Suscr\u00edbete a nuestro bolet\u00edn semanal<\/a> si quieres que te sigamos informando.<\/strong><\/h6>\n<div class=\"ttr_end\"><\/div>","protected":false},"excerpt":{"rendered":"<p>En el marco del 7\u00ba Congreso de Marketing #eemeeting celebrado el pasado 23 de febrero en el Palacio de Congresos de Alicante, hemos recibido un nuevo reconocimiento a nuestra trayectoria y resultados. En este caso, la Escuela Europea de Marketing Empresarial (EEME) nos otorg\u00f3 el galard\u00f3n a mejor startup del a\u00f1o. No podemos sino agradecer [&hellip;]<\/p>\n","protected":false},"author":1,"featured_media":17236,"comment_status":"closed","ping_status":"open","sticky":false,"template":"","format":"standard","meta":{"_acf_changed":false,"_genesis_hide_title":false,"_genesis_hide_breadcrumbs":false,"_genesis_hide_singular_image":false,"_genesis_hide_footer_widgets":false,"_genesis_custom_body_class":"","_genesis_custom_post_class":"","_genesis_layout":"","_jetpack_newsletter_access":"","_jetpack_dont_email_post_to_subs":false,"_jetpack_newsletter_tier_id":0,"_jetpack_memberships_contains_paywalled_content":false,"_jetpack_memberships_contains_paid_content":false,"footnotes":""},"categories":[392],"tags":[648,759],"class_list":{"0":"post-17228","1":"post","2":"type-post","3":"status-publish","4":"format-standard","5":"has-post-thumbnail","7":"category-noticias","8":"tag-branding","9":"tag-premio","10":"entry"},"acf":[],"yoast_head":"<!-- This site is optimized with the Yoast SEO plugin v27.4 - https:\/\/yoast.com\/product\/yoast-seo-wordpress\/ -->\n<title>Premio Startup 2018 a reclamador.es de la EEME Business School<\/title>\n<meta name=\"description\" content=\"EEME Business School entreg\u00f3 a reclamador.es el premio Startup 2018. Este galard\u00f3n reconoce la propuesta de negocio de reclamador.es\" \/>\n<meta name=\"robots\" content=\"index, follow, max-snippet:-1, max-image-preview:large, max-video-preview:-1\" \/>\n<link rel=\"canonical\" href=\"https:\/\/www.reclamador.es\/blog\/reclamador-premio-startup-2018-eeme\/\" \/>\n<meta property=\"og:locale\" content=\"es_ES\" \/>\n<meta property=\"og:type\" content=\"article\" \/>\n<meta property=\"og:title\" content=\"Premio Startup 2018 a reclamador.es de la EEME Business School\" \/>\n<meta property=\"og:description\" content=\"EEME Business School entreg\u00f3 a reclamador.es el premio Startup 2018. Este galard\u00f3n reconoce la propuesta de negocio de reclamador.es\" \/>\n<meta property=\"og:url\" content=\"https:\/\/www.reclamador.es\/blog\/reclamador-premio-startup-2018-eeme\/\" \/>\n<meta property=\"og:site_name\" content=\"Rebeldes con causa, el blog de reclamador.es\" \/>\n<meta property=\"article:publisher\" content=\"https:\/\/www.facebook.com\/reclamador.es\" \/>\n<meta property=\"article:published_time\" content=\"2018-02-26T14:27:41+00:00\" \/>\n<meta property=\"article:modified_time\" content=\"2025-07-10T08:37:44+00:00\" \/>\n<meta property=\"og:image\" content=\"https:\/\/www.reclamador.es\/blog\/wp-content\/uploads\/2018\/02\/reclamador-premio-eeme.jpg\" \/>\n\t<meta property=\"og:image:width\" content=\"1200\" \/>\n\t<meta property=\"og:image:height\" content=\"799\" \/>\n\t<meta property=\"og:image:type\" content=\"image\/jpeg\" \/>\n<meta name=\"author\" content=\"Equipo reclamador\" \/>\n<meta name=\"twitter:card\" content=\"summary_large_image\" \/>\n<meta name=\"twitter:creator\" content=\"@reclamador\" \/>\n<meta name=\"twitter:site\" content=\"@reclamador\" \/>\n<meta name=\"twitter:label1\" content=\"Escrito por\" \/>\n\t<meta name=\"twitter:data1\" content=\"Equipo reclamador\" \/>\n\t<meta name=\"twitter:label2\" content=\"Tiempo de lectura\" \/>\n\t<meta name=\"twitter:data2\" content=\"3 minutos\" \/>\n<script type=\"application\/ld+json\" class=\"yoast-schema-graph\">{\"@context\":\"https:\\\/\\\/schema.org\",\"@graph\":[{\"@type\":\"Article\",\"@id\":\"https:\\\/\\\/www.reclamador.es\\\/blog\\\/reclamador-premio-startup-2018-eeme\\\/#article\",\"isPartOf\":{\"@id\":\"https:\\\/\\\/www.reclamador.es\\\/blog\\\/reclamador-premio-startup-2018-eeme\\\/\"},\"author\":{\"name\":\"Equipo reclamador\",\"@id\":\"https:\\\/\\\/www.reclamador.es\\\/blog\\\/#\\\/schema\\\/person\\\/1ed83eef8b6566cb5e4c812d9bc5c4bf\"},\"headline\":\"reclamador.es premio Startup 2018 de la EEME Business School\",\"datePublished\":\"2018-02-26T14:27:41+00:00\",\"dateModified\":\"2025-07-10T08:37:44+00:00\",\"mainEntityOfPage\":{\"@id\":\"https:\\\/\\\/www.reclamador.es\\\/blog\\\/reclamador-premio-startup-2018-eeme\\\/\"},\"wordCount\":504,\"publisher\":{\"@id\":\"https:\\\/\\\/www.reclamador.es\\\/blog\\\/#organization\"},\"image\":{\"@id\":\"https:\\\/\\\/www.reclamador.es\\\/blog\\\/reclamador-premio-startup-2018-eeme\\\/#primaryimage\"},\"thumbnailUrl\":\"https:\\\/\\\/i0.wp.com\\\/www.reclamador.es\\\/blog\\\/wp-content\\\/uploads\\\/2018\\\/02\\\/reclamador-premio-eeme.jpg?fit=1200%2C799&ssl=1\",\"keywords\":[\"branding\",\"premio\"],\"articleSection\":[\"Noticias y actualidad\"],\"inLanguage\":\"es\"},{\"@type\":\"WebPage\",\"@id\":\"https:\\\/\\\/www.reclamador.es\\\/blog\\\/reclamador-premio-startup-2018-eeme\\\/\",\"url\":\"https:\\\/\\\/www.reclamador.es\\\/blog\\\/reclamador-premio-startup-2018-eeme\\\/\",\"name\":\"Premio Startup 2018 a reclamador.es de la EEME Business School\",\"isPartOf\":{\"@id\":\"https:\\\/\\\/www.reclamador.es\\\/blog\\\/#website\"},\"primaryImageOfPage\":{\"@id\":\"https:\\\/\\\/www.reclamador.es\\\/blog\\\/reclamador-premio-startup-2018-eeme\\\/#primaryimage\"},\"image\":{\"@id\":\"https:\\\/\\\/www.reclamador.es\\\/blog\\\/reclamador-premio-startup-2018-eeme\\\/#primaryimage\"},\"thumbnailUrl\":\"https:\\\/\\\/i0.wp.com\\\/www.reclamador.es\\\/blog\\\/wp-content\\\/uploads\\\/2018\\\/02\\\/reclamador-premio-eeme.jpg?fit=1200%2C799&ssl=1\",\"datePublished\":\"2018-02-26T14:27:41+00:00\",\"dateModified\":\"2025-07-10T08:37:44+00:00\",\"description\":\"EEME Business School entreg\u00f3 a reclamador.es el premio Startup 2018. Este galard\u00f3n reconoce la propuesta de negocio de reclamador.es\",\"breadcrumb\":{\"@id\":\"https:\\\/\\\/www.reclamador.es\\\/blog\\\/reclamador-premio-startup-2018-eeme\\\/#breadcrumb\"},\"inLanguage\":\"es\",\"potentialAction\":[{\"@type\":\"ReadAction\",\"target\":[\"https:\\\/\\\/www.reclamador.es\\\/blog\\\/reclamador-premio-startup-2018-eeme\\\/\"]}]},{\"@type\":\"ImageObject\",\"inLanguage\":\"es\",\"@id\":\"https:\\\/\\\/www.reclamador.es\\\/blog\\\/reclamador-premio-startup-2018-eeme\\\/#primaryimage\",\"url\":\"https:\\\/\\\/i0.wp.com\\\/www.reclamador.es\\\/blog\\\/wp-content\\\/uploads\\\/2018\\\/02\\\/reclamador-premio-eeme.jpg?fit=1200%2C799&ssl=1\",\"contentUrl\":\"https:\\\/\\\/i0.wp.com\\\/www.reclamador.es\\\/blog\\\/wp-content\\\/uploads\\\/2018\\\/02\\\/reclamador-premio-eeme.jpg?fit=1200%2C799&ssl=1\",\"width\":1200,\"height\":799,\"caption\":\"Premio EEME Empresa 2018 reclamador.es\"},{\"@type\":\"BreadcrumbList\",\"@id\":\"https:\\\/\\\/www.reclamador.es\\\/blog\\\/reclamador-premio-startup-2018-eeme\\\/#breadcrumb\",\"itemListElement\":[{\"@type\":\"ListItem\",\"position\":1,\"name\":\"Portada\",\"item\":\"https:\\\/\\\/www.reclamador.es\\\/blog\\\/\"},{\"@type\":\"ListItem\",\"position\":2,\"name\":\"reclamador.es premio Startup 2018 de la EEME Business School\"}]},{\"@type\":\"WebSite\",\"@id\":\"https:\\\/\\\/www.reclamador.es\\\/blog\\\/#website\",\"url\":\"https:\\\/\\\/www.reclamador.es\\\/blog\\\/\",\"name\":\"Rebeldes con causa, el blog de reclamador.es\",\"description\":\"Noticias, entrevistas y consejos sobre reclamaciones\",\"publisher\":{\"@id\":\"https:\\\/\\\/www.reclamador.es\\\/blog\\\/#organization\"},\"potentialAction\":[{\"@type\":\"SearchAction\",\"target\":{\"@type\":\"EntryPoint\",\"urlTemplate\":\"https:\\\/\\\/www.reclamador.es\\\/blog\\\/?s={search_term_string}\"},\"query-input\":{\"@type\":\"PropertyValueSpecification\",\"valueRequired\":true,\"valueName\":\"search_term_string\"}}],\"inLanguage\":\"es\"},{\"@type\":\"Organization\",\"@id\":\"https:\\\/\\\/www.reclamador.es\\\/blog\\\/#organization\",\"name\":\"reclamador.es\",\"url\":\"https:\\\/\\\/www.reclamador.es\\\/blog\\\/\",\"logo\":{\"@type\":\"ImageObject\",\"inLanguage\":\"es\",\"@id\":\"https:\\\/\\\/www.reclamador.es\\\/blog\\\/#\\\/schema\\\/logo\\\/image\\\/\",\"url\":\"https:\\\/\\\/i0.wp.com\\\/www.reclamador.es\\\/blog\\\/wp-content\\\/uploads\\\/2020\\\/01\\\/logo-reclamador.png?fit=1200%2C144&ssl=1\",\"contentUrl\":\"https:\\\/\\\/i0.wp.com\\\/www.reclamador.es\\\/blog\\\/wp-content\\\/uploads\\\/2020\\\/01\\\/logo-reclamador.png?fit=1200%2C144&ssl=1\",\"width\":1200,\"height\":144,\"caption\":\"reclamador.es\"},\"image\":{\"@id\":\"https:\\\/\\\/www.reclamador.es\\\/blog\\\/#\\\/schema\\\/logo\\\/image\\\/\"},\"sameAs\":[\"https:\\\/\\\/www.facebook.com\\\/reclamador.es\",\"https:\\\/\\\/x.com\\\/reclamador\",\"https:\\\/\\\/www.instagram.com\\\/reclamador.es\\\/\",\"https:\\\/\\\/www.linkedin.com\\\/company\\\/reclamador-es\",\"https:\\\/\\\/www.youtube.com\\\/user\\\/Reclamadores\"]},{\"@type\":\"Person\",\"@id\":\"https:\\\/\\\/www.reclamador.es\\\/blog\\\/#\\\/schema\\\/person\\\/1ed83eef8b6566cb5e4c812d9bc5c4bf\",\"name\":\"Equipo reclamador\",\"image\":{\"@type\":\"ImageObject\",\"inLanguage\":\"es\",\"@id\":\"https:\\\/\\\/secure.gravatar.com\\\/avatar\\\/6442ecdc2c4472c600c113f34d340feca47107d6aa4f42f1e3e75a2a8e28a760?s=96&d=mm&r=g\",\"url\":\"https:\\\/\\\/secure.gravatar.com\\\/avatar\\\/6442ecdc2c4472c600c113f34d340feca47107d6aa4f42f1e3e75a2a8e28a760?s=96&d=mm&r=g\",\"contentUrl\":\"https:\\\/\\\/secure.gravatar.com\\\/avatar\\\/6442ecdc2c4472c600c113f34d340feca47107d6aa4f42f1e3e75a2a8e28a760?s=96&d=mm&r=g\",\"caption\":\"Equipo reclamador\"},\"description\":\"Las personas que hacen posible reclamador.es\",\"url\":\"https:\\\/\\\/www.reclamador.es\\\/blog\\\/author\\\/administrador\\\/\"}]}<\/script>\n<!-- \/ Yoast SEO plugin. -->","yoast_head_json":{"title":"Premio Startup 2018 a reclamador.es de la EEME Business School","description":"EEME Business School entreg\u00f3 a reclamador.es el premio Startup 2018. Este galard\u00f3n reconoce la propuesta de negocio de reclamador.es","robots":{"index":"index","follow":"follow","max-snippet":"max-snippet:-1","max-image-preview":"max-image-preview:large","max-video-preview":"max-video-preview:-1"},"canonical":"https:\/\/www.reclamador.es\/blog\/reclamador-premio-startup-2018-eeme\/","og_locale":"es_ES","og_type":"article","og_title":"Premio Startup 2018 a reclamador.es de la EEME Business School","og_description":"EEME Business School entreg\u00f3 a reclamador.es el premio Startup 2018. Este galard\u00f3n reconoce la propuesta de negocio de reclamador.es","og_url":"https:\/\/www.reclamador.es\/blog\/reclamador-premio-startup-2018-eeme\/","og_site_name":"Rebeldes con causa, el blog de reclamador.es","article_publisher":"https:\/\/www.facebook.com\/reclamador.es","article_published_time":"2018-02-26T14:27:41+00:00","article_modified_time":"2025-07-10T08:37:44+00:00","og_image":[{"width":1200,"height":799,"url":"https:\/\/www.reclamador.es\/blog\/wp-content\/uploads\/2018\/02\/reclamador-premio-eeme.jpg","type":"image\/jpeg"}],"author":"Equipo reclamador","twitter_card":"summary_large_image","twitter_creator":"@reclamador","twitter_site":"@reclamador","twitter_misc":{"Escrito por":"Equipo reclamador","Tiempo de lectura":"3 minutos"},"schema":{"@context":"https:\/\/schema.org","@graph":[{"@type":"Article","@id":"https:\/\/www.reclamador.es\/blog\/reclamador-premio-startup-2018-eeme\/#article","isPartOf":{"@id":"https:\/\/www.reclamador.es\/blog\/reclamador-premio-startup-2018-eeme\/"},"author":{"name":"Equipo reclamador","@id":"https:\/\/www.reclamador.es\/blog\/#\/schema\/person\/1ed83eef8b6566cb5e4c812d9bc5c4bf"},"headline":"reclamador.es premio Startup 2018 de la EEME Business School","datePublished":"2018-02-26T14:27:41+00:00","dateModified":"2025-07-10T08:37:44+00:00","mainEntityOfPage":{"@id":"https:\/\/www.reclamador.es\/blog\/reclamador-premio-startup-2018-eeme\/"},"wordCount":504,"publisher":{"@id":"https:\/\/www.reclamador.es\/blog\/#organization"},"image":{"@id":"https:\/\/www.reclamador.es\/blog\/reclamador-premio-startup-2018-eeme\/#primaryimage"},"thumbnailUrl":"https:\/\/i0.wp.com\/www.reclamador.es\/blog\/wp-content\/uploads\/2018\/02\/reclamador-premio-eeme.jpg?fit=1200%2C799&ssl=1","keywords":["branding","premio"],"articleSection":["Noticias y actualidad"],"inLanguage":"es"},{"@type":"WebPage","@id":"https:\/\/www.reclamador.es\/blog\/reclamador-premio-startup-2018-eeme\/","url":"https:\/\/www.reclamador.es\/blog\/reclamador-premio-startup-2018-eeme\/","name":"Premio Startup 2018 a reclamador.es de la EEME Business School","isPartOf":{"@id":"https:\/\/www.reclamador.es\/blog\/#website"},"primaryImageOfPage":{"@id":"https:\/\/www.reclamador.es\/blog\/reclamador-premio-startup-2018-eeme\/#primaryimage"},"image":{"@id":"https:\/\/www.reclamador.es\/blog\/reclamador-premio-startup-2018-eeme\/#primaryimage"},"thumbnailUrl":"https:\/\/i0.wp.com\/www.reclamador.es\/blog\/wp-content\/uploads\/2018\/02\/reclamador-premio-eeme.jpg?fit=1200%2C799&ssl=1","datePublished":"2018-02-26T14:27:41+00:00","dateModified":"2025-07-10T08:37:44+00:00","description":"EEME Business School entreg\u00f3 a reclamador.es el premio Startup 2018. Este galard\u00f3n reconoce la propuesta de negocio de reclamador.es","breadcrumb":{"@id":"https:\/\/www.reclamador.es\/blog\/reclamador-premio-startup-2018-eeme\/#breadcrumb"},"inLanguage":"es","potentialAction":[{"@type":"ReadAction","target":["https:\/\/www.reclamador.es\/blog\/reclamador-premio-startup-2018-eeme\/"]}]},{"@type":"ImageObject","inLanguage":"es","@id":"https:\/\/www.reclamador.es\/blog\/reclamador-premio-startup-2018-eeme\/#primaryimage","url":"https:\/\/i0.wp.com\/www.reclamador.es\/blog\/wp-content\/uploads\/2018\/02\/reclamador-premio-eeme.jpg?fit=1200%2C799&ssl=1","contentUrl":"https:\/\/i0.wp.com\/www.reclamador.es\/blog\/wp-content\/uploads\/2018\/02\/reclamador-premio-eeme.jpg?fit=1200%2C799&ssl=1","width":1200,"height":799,"caption":"Premio EEME Empresa 2018 reclamador.es"},{"@type":"BreadcrumbList","@id":"https:\/\/www.reclamador.es\/blog\/reclamador-premio-startup-2018-eeme\/#breadcrumb","itemListElement":[{"@type":"ListItem","position":1,"name":"Portada","item":"https:\/\/www.reclamador.es\/blog\/"},{"@type":"ListItem","position":2,"name":"reclamador.es premio Startup 2018 de la EEME Business School"}]},{"@type":"WebSite","@id":"https:\/\/www.reclamador.es\/blog\/#website","url":"https:\/\/www.reclamador.es\/blog\/","name":"Rebeldes con causa, el blog de reclamador.es","description":"Noticias, entrevistas y consejos sobre reclamaciones","publisher":{"@id":"https:\/\/www.reclamador.es\/blog\/#organization"},"potentialAction":[{"@type":"SearchAction","target":{"@type":"EntryPoint","urlTemplate":"https:\/\/www.reclamador.es\/blog\/?s={search_term_string}"},"query-input":{"@type":"PropertyValueSpecification","valueRequired":true,"valueName":"search_term_string"}}],"inLanguage":"es"},{"@type":"Organization","@id":"https:\/\/www.reclamador.es\/blog\/#organization","name":"reclamador.es","url":"https:\/\/www.reclamador.es\/blog\/","logo":{"@type":"ImageObject","inLanguage":"es","@id":"https:\/\/www.reclamador.es\/blog\/#\/schema\/logo\/image\/","url":"https:\/\/i0.wp.com\/www.reclamador.es\/blog\/wp-content\/uploads\/2020\/01\/logo-reclamador.png?fit=1200%2C144&ssl=1","contentUrl":"https:\/\/i0.wp.com\/www.reclamador.es\/blog\/wp-content\/uploads\/2020\/01\/logo-reclamador.png?fit=1200%2C144&ssl=1","width":1200,"height":144,"caption":"reclamador.es"},"image":{"@id":"https:\/\/www.reclamador.es\/blog\/#\/schema\/logo\/image\/"},"sameAs":["https:\/\/www.facebook.com\/reclamador.es","https:\/\/x.com\/reclamador","https:\/\/www.instagram.com\/reclamador.es\/","https:\/\/www.linkedin.com\/company\/reclamador-es","https:\/\/www.youtube.com\/user\/Reclamadores"]},{"@type":"Person","@id":"https:\/\/www.reclamador.es\/blog\/#\/schema\/person\/1ed83eef8b6566cb5e4c812d9bc5c4bf","name":"Equipo reclamador","image":{"@type":"ImageObject","inLanguage":"es","@id":"https:\/\/secure.gravatar.com\/avatar\/6442ecdc2c4472c600c113f34d340feca47107d6aa4f42f1e3e75a2a8e28a760?s=96&d=mm&r=g","url":"https:\/\/secure.gravatar.com\/avatar\/6442ecdc2c4472c600c113f34d340feca47107d6aa4f42f1e3e75a2a8e28a760?s=96&d=mm&r=g","contentUrl":"https:\/\/secure.gravatar.com\/avatar\/6442ecdc2c4472c600c113f34d340feca47107d6aa4f42f1e3e75a2a8e28a760?s=96&d=mm&r=g","caption":"Equipo reclamador"},"description":"Las personas que hacen posible reclamador.es","url":"https:\/\/www.reclamador.es\/blog\/author\/administrador\/"}]}},"jetpack_featured_media_url":"https:\/\/i0.wp.com\/www.reclamador.es\/blog\/wp-content\/uploads\/2018\/02\/reclamador-premio-eeme.jpg?fit=1200%2C799&ssl=1","jetpack-related-posts":[{"id":15794,"url":"https:\/\/www.reclamador.es\/blog\/premio-b2c-southsummit\/","url_meta":{"origin":17228,"position":0},"title":"reclamador.es premio South Summit 2017 mejor servicio orientado al consumidor","author":"Crist\u00f3bal Fern\u00e1ndez","date":"9 octubre, 2017","format":false,"excerpt":"La semana pasada miles de emprendedores se dieron cita en Madrid en South Summit 2017, la cita de emprendimiento e innovaci\u00f3n m\u00e1s importante de Espa\u00f1a y el Sur de Europa. Y all\u00ed estaba reclamador.es.\u00a0 Hemos sido noticia, primero porque fuimos seleccionadas como una de las 100 compa\u00f1\u00edas finalistas. Estas destacan\u2026","rel":"","context":"En \u00abNoticias y actualidad\u00bb","block_context":{"text":"Noticias y actualidad","link":"https:\/\/www.reclamador.es\/blog\/noticias\/"},"img":{"alt_text":"pablo-rabanal-south-summit-reclamador","src":"https:\/\/i0.wp.com\/www.reclamador.es\/blog\/wp-content\/uploads\/2017\/10\/pablo-rabanal-south-summit-reclamador-edit.png?fit=1199%2C618&ssl=1&resize=350%2C200","width":350,"height":200,"srcset":"https:\/\/i0.wp.com\/www.reclamador.es\/blog\/wp-content\/uploads\/2017\/10\/pablo-rabanal-south-summit-reclamador-edit.png?fit=1199%2C618&ssl=1&resize=350%2C200 1x, https:\/\/i0.wp.com\/www.reclamador.es\/blog\/wp-content\/uploads\/2017\/10\/pablo-rabanal-south-summit-reclamador-edit.png?fit=1199%2C618&ssl=1&resize=525%2C300 1.5x, https:\/\/i0.wp.com\/www.reclamador.es\/blog\/wp-content\/uploads\/2017\/10\/pablo-rabanal-south-summit-reclamador-edit.png?fit=1199%2C618&ssl=1&resize=700%2C400 2x, https:\/\/i0.wp.com\/www.reclamador.es\/blog\/wp-content\/uploads\/2017\/10\/pablo-rabanal-south-summit-reclamador-edit.png?fit=1199%2C618&ssl=1&resize=1050%2C600 3x"},"classes":[]},{"id":21431,"url":"https:\/\/www.reclamador.es\/blog\/reclamador-premio-spanish-legaltech-awards-2019\/","url_meta":{"origin":17228,"position":1},"title":"reclamador.es, premio Mejor Ejecuci\u00f3n de Negocio en los &#8216;Spanish Legaltech Awards 2019&#8217;","author":"Equipo reclamador","date":"25 marzo, 2019","format":false,"excerpt":"\u00a1De nuevo estamos de enhorabuena! Hemos sido premiados como empresa con mejor ejecuci\u00f3n del modelo de negocio en la I Edici\u00f3n de \u201cSpanish Legaltech Awards 2019\u201d, unos galardones organizados por la consultora Finnovating, en el marco del evento \u201cLegaltech Unconference\u2019\u2019 el pasado 21 de marzo en Madrid. Como los propios\u2026","rel":"","context":"En \u00abConoce todo lo que sucede en reclamador.es\u00bb","block_context":{"text":"Conoce todo lo que sucede en reclamador.es","link":"https:\/\/www.reclamador.es\/blog\/reclamadores\/"},"img":{"alt_text":"","src":"https:\/\/i0.wp.com\/www.reclamador.es\/blog\/wp-content\/uploads\/2019\/03\/LegalTech-Awards-2019-reclamador-Pablo-Rabanal.jpg?fit=1200%2C799&ssl=1&resize=350%2C200","width":350,"height":200,"srcset":"https:\/\/i0.wp.com\/www.reclamador.es\/blog\/wp-content\/uploads\/2019\/03\/LegalTech-Awards-2019-reclamador-Pablo-Rabanal.jpg?fit=1200%2C799&ssl=1&resize=350%2C200 1x, https:\/\/i0.wp.com\/www.reclamador.es\/blog\/wp-content\/uploads\/2019\/03\/LegalTech-Awards-2019-reclamador-Pablo-Rabanal.jpg?fit=1200%2C799&ssl=1&resize=525%2C300 1.5x, https:\/\/i0.wp.com\/www.reclamador.es\/blog\/wp-content\/uploads\/2019\/03\/LegalTech-Awards-2019-reclamador-Pablo-Rabanal.jpg?fit=1200%2C799&ssl=1&resize=700%2C400 2x, https:\/\/i0.wp.com\/www.reclamador.es\/blog\/wp-content\/uploads\/2019\/03\/LegalTech-Awards-2019-reclamador-Pablo-Rabanal.jpg?fit=1200%2C799&ssl=1&resize=1050%2C600 3x"},"classes":[]},{"id":8250,"url":"https:\/\/www.reclamador.es\/blog\/reclamador-talento-campus-madrid\/","url_meta":{"origin":17228,"position":2},"title":"Reclutamos talento en II Startup\u00a0Job\u00a0Fair\u00a0de Campus Google Madrid","author":"Equipo reclamador","date":"22 mayo, 2017","format":false,"excerpt":"El pasado s\u00e1bado participamos en la II Feria de Empleo de Startups que organiza Campus Madrid, el campus de emprendimiento de Google. En este evento, las startups espa\u00f1olas y j\u00f3venes empresas como nosotros\u00a0buscamos talento para incorporar a nuestras compa\u00f1\u00edas. Est\u00e1bamos seguros de que la Startup\u00a0Job\u00a0Fair iba a ser un\u00a0\u00e9xito: \u00a1y\u2026","rel":"","context":"En \u00abNoticias y actualidad\u00bb","block_context":{"text":"Noticias y actualidad","link":"https:\/\/www.reclamador.es\/blog\/noticias\/"},"img":{"alt_text":"Stand de reclamador.es en la II Feria de Empleo de Startups que organiza Campus Madrid","src":"https:\/\/i0.wp.com\/www.reclamador.es\/blog\/wp-content\/uploads\/2017\/05\/Job-Fair-Google-Campus-3-2.jpg?fit=1200%2C800&ssl=1&resize=350%2C200","width":350,"height":200,"srcset":"https:\/\/i0.wp.com\/www.reclamador.es\/blog\/wp-content\/uploads\/2017\/05\/Job-Fair-Google-Campus-3-2.jpg?fit=1200%2C800&ssl=1&resize=350%2C200 1x, https:\/\/i0.wp.com\/www.reclamador.es\/blog\/wp-content\/uploads\/2017\/05\/Job-Fair-Google-Campus-3-2.jpg?fit=1200%2C800&ssl=1&resize=525%2C300 1.5x, https:\/\/i0.wp.com\/www.reclamador.es\/blog\/wp-content\/uploads\/2017\/05\/Job-Fair-Google-Campus-3-2.jpg?fit=1200%2C800&ssl=1&resize=700%2C400 2x, https:\/\/i0.wp.com\/www.reclamador.es\/blog\/wp-content\/uploads\/2017\/05\/Job-Fair-Google-Campus-3-2.jpg?fit=1200%2C800&ssl=1&resize=1050%2C600 3x"},"classes":[]},{"id":20071,"url":"https:\/\/www.reclamador.es\/blog\/customer-experience-congress-2018\/","url_meta":{"origin":17228,"position":3},"title":"\u00bfC\u00f3mo reclamador.es ha digitalizado su servicio al cliente para ofrecer una mejor Customer Experience?","author":"Cristina Naveda","date":"26 octubre, 2018","format":false,"excerpt":"Lo primero: ofrecer siempre la mejor experiencia al cliente. Por eso, ayer asistimos a la VI edici\u00f3n del Customer Experience Congress. Esta edici\u00f3n se celebr\u00f3 en WiZink Center en Madrid y hemos participado como ponentes. De la mano de Amanda Pi\u00f1\u00f3n, Customer Service Manager en reclamador.es, Marcelo Roy\u00e1n, Director of\u2026","rel":"","context":"En \u00abConoce todo lo que sucede en reclamador.es\u00bb","block_context":{"text":"Conoce todo lo que sucede en reclamador.es","link":"https:\/\/www.reclamador.es\/blog\/reclamadores\/"},"img":{"alt_text":"customer experience congress reclamador","src":"https:\/\/i0.wp.com\/www.reclamador.es\/blog\/wp-content\/uploads\/2018\/10\/EVENTO-3-min.png?fit=1200%2C800&ssl=1&resize=350%2C200","width":350,"height":200,"srcset":"https:\/\/i0.wp.com\/www.reclamador.es\/blog\/wp-content\/uploads\/2018\/10\/EVENTO-3-min.png?fit=1200%2C800&ssl=1&resize=350%2C200 1x, https:\/\/i0.wp.com\/www.reclamador.es\/blog\/wp-content\/uploads\/2018\/10\/EVENTO-3-min.png?fit=1200%2C800&ssl=1&resize=525%2C300 1.5x, https:\/\/i0.wp.com\/www.reclamador.es\/blog\/wp-content\/uploads\/2018\/10\/EVENTO-3-min.png?fit=1200%2C800&ssl=1&resize=700%2C400 2x, https:\/\/i0.wp.com\/www.reclamador.es\/blog\/wp-content\/uploads\/2018\/10\/EVENTO-3-min.png?fit=1200%2C800&ssl=1&resize=1050%2C600 3x"},"classes":[]},{"id":30708,"url":"https:\/\/www.reclamador.es\/blog\/juan-reina-nuevo-director-general\/","url_meta":{"origin":17228,"position":4},"title":"La apuesta por la innovaci\u00f3n y la tecnolog\u00eda tiene nombre: Juan Reina, nuevo director general","author":"Equipo reclamador","date":"30 enero, 2023","format":false,"excerpt":"Juan Reina llega a reclamador.es como nuevo director general","rel":"","context":"En \u00abNoticias y actualidad\u00bb","block_context":{"text":"Noticias y actualidad","link":"https:\/\/www.reclamador.es\/blog\/noticias\/"},"img":{"alt_text":"Juan Reina, director general de reclamador.es","src":"https:\/\/i0.wp.com\/www.reclamador.es\/blog\/wp-content\/uploads\/2023\/01\/juan-reina-nuevo-director-general-reclamador.es_.jpg?fit=1200%2C675&ssl=1&resize=350%2C200","width":350,"height":200,"srcset":"https:\/\/i0.wp.com\/www.reclamador.es\/blog\/wp-content\/uploads\/2023\/01\/juan-reina-nuevo-director-general-reclamador.es_.jpg?fit=1200%2C675&ssl=1&resize=350%2C200 1x, https:\/\/i0.wp.com\/www.reclamador.es\/blog\/wp-content\/uploads\/2023\/01\/juan-reina-nuevo-director-general-reclamador.es_.jpg?fit=1200%2C675&ssl=1&resize=525%2C300 1.5x, https:\/\/i0.wp.com\/www.reclamador.es\/blog\/wp-content\/uploads\/2023\/01\/juan-reina-nuevo-director-general-reclamador.es_.jpg?fit=1200%2C675&ssl=1&resize=700%2C400 2x, https:\/\/i0.wp.com\/www.reclamador.es\/blog\/wp-content\/uploads\/2023\/01\/juan-reina-nuevo-director-general-reclamador.es_.jpg?fit=1200%2C675&ssl=1&resize=1050%2C600 3x"},"classes":[]},{"id":15995,"url":"https:\/\/www.reclamador.es\/blog\/premios-rtve-emprende-2\/","url_meta":{"origin":17228,"position":5},"title":"Los III premios RTVE Emprende reconocen a reclamador.es como empresa emergente","author":"Equipo reclamador","date":"7 noviembre, 2017","format":false,"excerpt":"Ayer, 6 de noviembre, tuvo lugar en la madrile\u00f1a Casa de Am\u00e9rica la entrega de los premios RTVE Emprende 2017. La gala fue presentada por la periodista Ana Bel\u00e9n Roy. Estos premios se crearon en el a\u00f1o 2015 y alcanzan su tercera edici\u00f3n. Son organizados por el programa del mismo\u2026","rel":"","context":"En \u00abNoticias y actualidad\u00bb","block_context":{"text":"Noticias y actualidad","link":"https:\/\/www.reclamador.es\/blog\/noticias\/"},"img":{"alt_text":"","src":"https:\/\/i0.wp.com\/www.reclamador.es\/blog\/wp-content\/uploads\/2017\/11\/premios-emprende-reclamador.png?fit=1200%2C800&ssl=1&resize=350%2C200","width":350,"height":200,"srcset":"https:\/\/i0.wp.com\/www.reclamador.es\/blog\/wp-content\/uploads\/2017\/11\/premios-emprende-reclamador.png?fit=1200%2C800&ssl=1&resize=350%2C200 1x, https:\/\/i0.wp.com\/www.reclamador.es\/blog\/wp-content\/uploads\/2017\/11\/premios-emprende-reclamador.png?fit=1200%2C800&ssl=1&resize=525%2C300 1.5x, https:\/\/i0.wp.com\/www.reclamador.es\/blog\/wp-content\/uploads\/2017\/11\/premios-emprende-reclamador.png?fit=1200%2C800&ssl=1&resize=700%2C400 2x, https:\/\/i0.wp.com\/www.reclamador.es\/blog\/wp-content\/uploads\/2017\/11\/premios-emprende-reclamador.png?fit=1200%2C800&ssl=1&resize=1050%2C600 3x"},"classes":[]}],"jetpack_sharing_enabled":true,"_links":{"self":[{"href":"https:\/\/www.reclamador.es\/blog\/wp-json\/wp\/v2\/posts\/17228","targetHints":{"allow":["GET"]}}],"collection":[{"href":"https:\/\/www.reclamador.es\/blog\/wp-json\/wp\/v2\/posts"}],"about":[{"href":"https:\/\/www.reclamador.es\/blog\/wp-json\/wp\/v2\/types\/post"}],"author":[{"embeddable":true,"href":"https:\/\/www.reclamador.es\/blog\/wp-json\/wp\/v2\/users\/1"}],"replies":[{"embeddable":true,"href":"https:\/\/www.reclamador.es\/blog\/wp-json\/wp\/v2\/comments?post=17228"}],"version-history":[{"count":8,"href":"https:\/\/www.reclamador.es\/blog\/wp-json\/wp\/v2\/posts\/17228\/revisions"}],"predecessor-version":[{"id":32861,"href":"https:\/\/www.reclamador.es\/blog\/wp-json\/wp\/v2\/posts\/17228\/revisions\/32861"}],"wp:featuredmedia":[{"embeddable":true,"href":"https:\/\/www.reclamador.es\/blog\/wp-json\/wp\/v2\/media\/17236"}],"wp:attachment":[{"href":"https:\/\/www.reclamador.es\/blog\/wp-json\/wp\/v2\/media?parent=17228"}],"wp:term":[{"taxonomy":"category","embeddable":true,"href":"https:\/\/www.reclamador.es\/blog\/wp-json\/wp\/v2\/categories?post=17228"},{"taxonomy":"post_tag","embeddable":true,"href":"https:\/\/www.reclamador.es\/blog\/wp-json\/wp\/v2\/tags?post=17228"}],"curies":[{"name":"wp","href":"https:\/\/api.w.org\/{rel}","templated":true}]}}