{"id":16916,"date":"2018-01-31T16:06:10","date_gmt":"2018-01-31T15:06:10","guid":{"rendered":"https:\/\/www.reclamador.es\/blog\/?p=16916"},"modified":"2025-08-27T11:07:10","modified_gmt":"2025-08-27T09:07:10","slug":"entrevista-impuestos-franciscoj-martin","status":"publish","type":"post","link":"https:\/\/www.reclamador.es\/blog\/entrevista-impuestos-franciscoj-martin\/","title":{"rendered":"\u201cEra tan evidente que no exist\u00eda plusval\u00eda cuando vend\u00ed mi vivienda que me negaba a aceptarlo\""},"content":{"rendered":"<div class=\"ttr_start\"><\/div>\n\n<div class=\"kk-star-ratings kksr-auto kksr-align-right kksr-valign-top\"\n    data-payload='{&quot;align&quot;:&quot;right&quot;,&quot;id&quot;:&quot;16916&quot;,&quot;slug&quot;:&quot;default&quot;,&quot;valign&quot;:&quot;top&quot;,&quot;ignore&quot;:&quot;&quot;,&quot;reference&quot;:&quot;auto&quot;,&quot;class&quot;:&quot;&quot;,&quot;count&quot;:&quot;0&quot;,&quot;legendonly&quot;:&quot;&quot;,&quot;readonly&quot;:&quot;&quot;,&quot;score&quot;:&quot;0&quot;,&quot;starsonly&quot;:&quot;&quot;,&quot;best&quot;:&quot;5&quot;,&quot;gap&quot;:&quot;3&quot;,&quot;greet&quot;:&quot;Valora este art\u00edculo&quot;,&quot;legend&quot;:&quot;0\\\/5 - (0 votos)&quot;,&quot;size&quot;:&quot;20&quot;,&quot;title&quot;:&quot;\u201cEra tan evidente que no exist\u00eda plusval\u00eda cuando vend\u00ed mi vivienda que me negaba a aceptarlo\\u0026quot;&quot;,&quot;width&quot;:&quot;0&quot;,&quot;_legend&quot;:&quot;{score}\\\/{best} - ({count} {votes})&quot;,&quot;font_factor&quot;:&quot;1.25&quot;}'>\n            \n<div class=\"kksr-stars\">\n    \n<div class=\"kksr-stars-inactive\">\n            <div class=\"kksr-star\" data-star=\"1\" style=\"padding-right: 3px\">\n            \n\n<div class=\"kksr-icon\" style=\"width: 20px; height: 20px;\"><\/div>\n        <\/div>\n            <div class=\"kksr-star\" data-star=\"2\" style=\"padding-right: 3px\">\n            \n\n<div class=\"kksr-icon\" style=\"width: 20px; height: 20px;\"><\/div>\n        <\/div>\n            <div class=\"kksr-star\" data-star=\"3\" style=\"padding-right: 3px\">\n            \n\n<div class=\"kksr-icon\" style=\"width: 20px; height: 20px;\"><\/div>\n        <\/div>\n            <div class=\"kksr-star\" data-star=\"4\" style=\"padding-right: 3px\">\n            \n\n<div class=\"kksr-icon\" style=\"width: 20px; height: 20px;\"><\/div>\n        <\/div>\n            <div class=\"kksr-star\" data-star=\"5\" style=\"padding-right: 3px\">\n            \n\n<div class=\"kksr-icon\" style=\"width: 20px; height: 20px;\"><\/div>\n        <\/div>\n    <\/div>\n    \n<div class=\"kksr-stars-active\" style=\"width: 0px;\">\n            <div class=\"kksr-star\" style=\"padding-right: 3px\">\n            \n\n<div class=\"kksr-icon\" style=\"width: 20px; height: 20px;\"><\/div>\n        <\/div>\n            <div class=\"kksr-star\" style=\"padding-right: 3px\">\n            \n\n<div class=\"kksr-icon\" style=\"width: 20px; height: 20px;\"><\/div>\n        <\/div>\n            <div class=\"kksr-star\" style=\"padding-right: 3px\">\n            \n\n<div class=\"kksr-icon\" style=\"width: 20px; height: 20px;\"><\/div>\n        <\/div>\n            <div class=\"kksr-star\" style=\"padding-right: 3px\">\n            \n\n<div class=\"kksr-icon\" style=\"width: 20px; height: 20px;\"><\/div>\n        <\/div>\n            <div class=\"kksr-star\" style=\"padding-right: 3px\">\n            \n\n<div class=\"kksr-icon\" style=\"width: 20px; height: 20px;\"><\/div>\n        <\/div>\n    <\/div>\n<\/div>\n                \n\n<div class=\"kksr-legend\" style=\"font-size: 16px;\">\n            <span class=\"kksr-muted\">Valora este art\u00edculo<\/span>\n    <\/div>\n    <\/div>\n<figure id=\"attachment_23622\" aria-describedby=\"caption-attachment-23622\" style=\"width: 1200px\" class=\"wp-caption aligncenter\"><img data-recalc-dims=\"1\" loading=\"lazy\" decoding=\"async\" class=\"wp-image-23622 size-full\" title=\"caso real reclamaci\u00f3n ganada al ayuntamiento por plusval\u00eda municipal\" src=\"https:\/\/i0.wp.com\/www.reclamador.es\/blog\/wp-content\/uploads\/2018\/01\/Francisco1200-min.jpg?resize=1200%2C628&#038;ssl=1\" alt=\"Francisco, afectado por la plusval\u00eda municipal. foto cedida a reclamador.es, compa\u00f1\u00eda online de reclamaciones.\" width=\"1200\" height=\"628\" srcset=\"https:\/\/i0.wp.com\/www.reclamador.es\/blog\/wp-content\/uploads\/2018\/01\/Francisco1200-min.jpg?w=1200&amp;ssl=1 1200w, https:\/\/i0.wp.com\/www.reclamador.es\/blog\/wp-content\/uploads\/2018\/01\/Francisco1200-min.jpg?resize=150%2C79&amp;ssl=1 150w, https:\/\/i0.wp.com\/www.reclamador.es\/blog\/wp-content\/uploads\/2018\/01\/Francisco1200-min.jpg?resize=300%2C157&amp;ssl=1 300w, https:\/\/i0.wp.com\/www.reclamador.es\/blog\/wp-content\/uploads\/2018\/01\/Francisco1200-min.jpg?resize=768%2C402&amp;ssl=1 768w, https:\/\/i0.wp.com\/www.reclamador.es\/blog\/wp-content\/uploads\/2018\/01\/Francisco1200-min.jpg?resize=1024%2C536&amp;ssl=1 1024w\" sizes=\"auto, (max-width: 1000px) 100vw, 1000px\" \/><figcaption id=\"caption-attachment-23622\" class=\"wp-caption-text\"><em>Entrevista. Caso real reclamaci\u00f3n plusval\u00eda municipal.<\/em><\/figcaption><\/figure>\n<p><strong>Informaci\u00f3n 2025: Actualmente, son muy limitados los supuestos en los que se puede iniciar una reclamaci\u00f3n del impuesto de plusval\u00eda municipal a un ayuntamiento. Si pagaste la plusval\u00eda despu\u00e9s de 9 de noviembre de 2021 no podr\u00e1s iniciar a reclamaci\u00f3n para que te devuelvan este impuesto, ya que con la nueva regulaci\u00f3n no hay fundamentaci\u00f3n para reclamar con base en la nulidad del anterior m\u00e9todo de c\u00e1lculo.<\/strong><\/p>\n<p>Cuesta pensar que personas que han perdido dinero con la venta de sus viviendas o inmuebles, como puede ser un garaje o un local comercial, se vean obligadas a pagar por ello el <strong>impuesto de plusval\u00eda municipal<\/strong>. Y esto es lo que precisamente le ha pasado a nuestro cliente Francisco Javier Mart\u00edn, a quien conoceremos a lo largo de esta entrevista.<\/p>\n<h2><strong>Caso real reclamaci\u00f3n plusval\u00eda municipal<\/strong><\/h2>\n<p>Francisco (Salamanca, 1963) vendi\u00f3 su segunda residencia por debajo del valor de compra, es decir a p\u00e9rdidas, pero fue obligado a abonar el\u00a0Impuesto\u00a0sobre el Incremento de Valor de los Terrenos de Naturaleza Urbana (IIVTNU). Algo que <a href=\"https:\/\/www.reclamador.es\/blog\/claves-reclamar-impuesto-de-plusvalia-municipal\/\">el Tribunal Constitucional ha declarado nulo<\/a>: <strong>las personas que venden su inmueble por debajo del valor de compra y pagan el impuesto de plusval\u00eda pueden reclamar a los ayuntamientos su devoluci\u00f3n <\/strong>y puede recuperar el 100% de lo pagado por la plusval\u00eda.<\/p>\n<h3>De este modo, Francisco tras iniciar su reclamaci\u00f3n junto a nosotros el pasado octubre, ya ha recuperado la totalidad del impuesto abonado, que realiz\u00f3 mediante liquidaci\u00f3n (<strong>3.036,520 euros)<\/strong>. En este caso, el contribuyente dispone de un mes para reclamar su dinero, desde el momento en que recibe la liquidaci\u00f3n. El ayuntamiento adem\u00e1s, ha sido condenado al pago de las costas del juicio.<\/h3>\n<p><strong>Francisco nos cuenta su experiencia reclamando el impuesto de la plusval\u00eda municipal y las dificultades que tuvo durante el proceso, aunque obtuvo una sentencia favorable a su caso el pasado 13 de diciembre, apenas dos meses despu\u00e9s de reclamar con nosotros:<\/strong><\/p>\n<h3>Hola Francisco. Pregunta obligada. \u00bfSab\u00edas que pod\u00edas reclamar\u00a0el dinero de la plusval\u00eda\u00a0municipal\u00a0a tu ayuntamiento?<\/h3>\n<p>No ten\u00eda muy claro que lo pudiera reclamar. Era tan evidente que no exist\u00eda tal plusval\u00eda que me negaba a aceptarlo sin m\u00e1s, que era lo que, de alguna manera suger\u00eda el Ayuntamiento de Villajoyosa (Alicante).<\/p>\n<h2>\u00bfTe has sentido estafado por tu ayuntamiento?<\/h2>\n<p>Me he sentido m\u00e1s humillado que estafado.<\/p>\n<h3>En relaci\u00f3n a la liquidaci\u00f3n del impuesto de plusval\u00eda municipal, entonces, \u00bfte informaron de algo cuando fuiste al consistorio a hacer la liquidaci\u00f3n\u00a0 Francisco?<\/h3>\n<p>No. Me informaron del recargo correspondiente al hacer la <a href=\"https:\/\/www.reclamador.es\/ayuda\/impuestos\/diferencia-entre-liquidacion-y-autoliquidacion-de-un-impuesto\/\">liquidaci\u00f3n del impuesto<\/a> y aviso de apremio cuando no lo hice en plazo. Luego present\u00e9 una reclamaci\u00f3n por escrito que no contestaron.<\/p>\n<h3>\u00bfC\u00f3mo te enteraste de que pod\u00edas reclamar?<\/h3>\n<p>Casualmente le\u00ed en prensa durante esas fechas que ya hab\u00eda habido alg\u00fan fallo judicial al respecto (aunque a\u00fan no se hab\u00eda legislado) y empec\u00e9 a buscar para <a href=\"https:\/\/www.reclamador.es\/ayuda\/impuestos\/guia-para-reclamar-tu-plusvalia-municipal\/\">empezar a reclamar la plusval\u00eda municipal<\/a>.<\/p>\n<p>Se trataba de una segunda residencia en Villajoyosa porque vives en Salamanca. \u00bfEn Villajoyosa es donde sueles veranear con tu familia?<\/p>\n<p>No. En este caso \"pretend\u00eda\" hacer negocio con este piso compr\u00e1ndolo en la \u00e9poca del boom inmobiliario. Despu\u00e9s la burbuja explot\u00f3 y lo he tenido alquilado durante a\u00f1os para hacer frente a la hipoteca.<\/p>\n<p>\u00bfCu\u00e1ndo adquiriste la casa?<\/p>\n<p>Hace 11 a\u00f1os.<\/p>\n<h3>\u00bfA qu\u00e9 te dedicas?<\/h3>\n<p>Despu\u00e9s de unos a\u00f1os como profesional de la banca en Madrid he regresado a mi ciudad. Soy, lo que siempre se denomin\u00f3 \"rentista\". Si quieres un eufemismo apropiado para los tiempos que vivimos, ser\u00eda administrador de inmuebles en propiedad.<\/p>\n<h2>Supongo que miraste otras opciones, aparte de nosotros, para reclamar<\/h2>\n<p>S\u00ed, varios abogados en Salamanca, me dijeron que se pod\u00eda reclamar, pero no me transmit\u00edan confianza en un feliz desenlace, por otra parte, yo deb\u00eda abonar los gastos de transporte y alojamiento en Alicante. Tambi\u00e9n mir\u00e9 en Villajoyosa varios abogados el verano pasado, aprovechando mis vacaciones, pero me exig\u00edan una cantidad de dinero antes de empezar cualquier gesti\u00f3n, y tampoco transmit\u00edan confianza.<\/p>\n<blockquote><p>Mir\u00e9 en Villajoyosa varios abogados el verano pasado, aprovechando mis vacaciones, pero me exig\u00edan una cantidad de dinero antes de empezar cualquier gesti\u00f3n, y tampoco transmit\u00edan confianza<\/p><\/blockquote>\n<p>\u00bfCu\u00e1l ha sido tu mejor momento durante la reclamaci\u00f3n con reclamador.es y por qu\u00e9?<\/p>\n<p>De los mejores momentos, cuando la persona que ha llevado mi caso en reclamador.es, casi siempre Karina, me dijo que ya ten\u00edamos toda lo documentaci\u00f3n y que se tardar\u00eda \u201cm\u00e1s o menos\u201d, pero que el caso se ganar\u00eda. No ten\u00eda duda alguna. \u00a1Era un caso ganado! Y luego, obviamente, cuando me llam\u00f3 para confirmarlo dos meses despu\u00e9s.<\/p>\n<h2>\u00bfConfiabas en ganar tu reclamaci\u00f3n de plusval\u00eda municipal?<\/h2>\n<p><strong>Cuando estaba en vuestras manos s\u00ed.<\/strong> Vosotros tambi\u00e9n ten\u00e9is que cobrar por vuestro trabajo y entend\u00eda que si estaba en marcha el asunto era porque sab\u00edais que \u00edbamos a ganar.<\/p>\n<h3>\u00bfQu\u00e9 valoraci\u00f3n haces de nuestros servicios? Si tuvieras que definirnos en una palabra, \u00bfqu\u00e9 dir\u00edas que somos?<\/h3>\n<p>Serios (eficaces tambi\u00e9n est\u00e1 bien como definici\u00f3n).<\/p>\n<p>Caso real reclamaci\u00f3n impuesto de plusval\u00eda: Entrevista. Algo m\u00e1s personal de ti<\/p>\n<h3><strong>\u00bfQu\u00e9 te gusta hacer en tu tiempo libre?<\/strong><\/h3>\n<p>Lo dedico a leer, escribir y correr, no necesariamente a la vez.<\/p>\n<h3><strong>Tu color favorito<\/strong><\/h3>\n<p>Azul.<\/p>\n<h3><strong>\u00bfEres diestro o zurdo?<\/strong><\/h3>\n<p>Zurdo.<\/p>\n<h3><strong>\u00bfUn libro?<\/strong><\/h3>\n<p>El hacedor (Jorge Luis Borges).<\/p>\n<h3><strong>\u00bfCu\u00e1l es tu bebida preferida?<\/strong><\/h3>\n<p>La cerveza.<\/p>\n<h3><strong>\u00bfUna comida?<\/strong><\/h3>\n<p>El cocido.<\/p>\n<h3><strong>El medio de transporte que m\u00e1s te guste o utilices<\/strong><\/h3>\n<p>Mi coche.<\/p>\n<h3><strong>\u00bfQu\u00e9 sueles llevar en los bolsillos?<\/strong><\/h3>\n<p>Llaves y monedas.<\/p>\n<h3><strong>Recomi\u00e9ndanos una pel\u00edcula<\/strong><\/h3>\n<p>Memorias de \u00c1frica.<\/p>\n<h3><strong>\u00bfCu\u00e1les eran tus actividades favoritas de peque\u00f1o?<\/strong><\/h3>\n<p>Correr.<\/p>\n<h3><strong>\u00bfQu\u00e9 te hace re\u00edr?<\/strong><\/h3>\n<p>Mi ni\u00f1a Alba.<\/p>\n<h3><strong>\u00bfQu\u00e9 te hace llorar?<\/strong><\/h3>\n<p>Las pel\u00edculas rom\u00e1nticas.<\/p>\n<h3><strong>\u00bfEl mejor consejo que hayas recibido?<\/strong><\/h3>\n<p>En la vida hay tiempo para todo, y a\u00fan sobra tiempo.<\/p>\n<p>Muchas gracias por compartir tu historia con nosotros Francisco<\/p>\n<div class=\"ttr_end\"><\/div>","protected":false},"excerpt":{"rendered":"<p>Informaci\u00f3n 2025: Actualmente, son muy limitados los supuestos en los que se puede iniciar una reclamaci\u00f3n del impuesto de plusval\u00eda municipal a un ayuntamiento. Si pagaste la plusval\u00eda despu\u00e9s de 9 de noviembre de 2021 no podr\u00e1s iniciar a reclamaci\u00f3n para que te devuelvan este impuesto, ya que con la nueva regulaci\u00f3n no hay fundamentaci\u00f3n [&hellip;]<\/p>\n","protected":false},"author":1,"featured_media":23621,"comment_status":"open","ping_status":"open","sticky":false,"template":"","format":"standard","meta":{"_acf_changed":false,"_genesis_hide_title":false,"_genesis_hide_breadcrumbs":false,"_genesis_hide_singular_image":false,"_genesis_hide_footer_widgets":false,"_genesis_custom_body_class":"","_genesis_custom_post_class":"","_genesis_layout":"","_jetpack_newsletter_access":"","_jetpack_dont_email_post_to_subs":false,"_jetpack_newsletter_tier_id":0,"_jetpack_memberships_contains_paywalled_content":false,"_jetpack_memberships_contains_paid_content":false,"footnotes":""},"categories":[396],"tags":[765,353,701],"class_list":{"0":"post-16916","1":"post","2":"type-post","3":"status-publish","4":"format-standard","5":"has-post-thumbnail","7":"category-reclamadores","8":"tag-entrevista","9":"tag-impuestos","10":"tag-plusvalia-municipal","11":"entry"},"acf":[],"yoast_head":"<!-- This site is optimized with the Yoast SEO plugin v27.4 - https:\/\/yoast.com\/product\/yoast-seo-wordpress\/ -->\n<title>Caso real reclamaci\u00f3n plusval\u00eda municipal: entrevista a Francisco J.<\/title>\n<meta name=\"description\" content=\"Caso real reclamaci\u00f3n plusval\u00eda. Conocem a Francisco, cliente de reclamador.es que ha conseguido recuperar lo pagado por el Impuesto.\" \/>\n<meta name=\"robots\" content=\"index, follow, max-snippet:-1, max-image-preview:large, max-video-preview:-1\" \/>\n<link rel=\"canonical\" href=\"https:\/\/www.reclamador.es\/blog\/entrevista-impuestos-franciscoj-martin\/\" \/>\n<meta property=\"og:locale\" content=\"es_ES\" \/>\n<meta property=\"og:type\" content=\"article\" \/>\n<meta property=\"og:title\" content=\"Caso real reclamaci\u00f3n plusval\u00eda municipal: entrevista a Francisco J.\" \/>\n<meta property=\"og:description\" content=\"Caso real reclamaci\u00f3n plusval\u00eda. Conocem a Francisco, cliente de reclamador.es que ha conseguido recuperar lo pagado por el Impuesto.\" \/>\n<meta property=\"og:url\" content=\"https:\/\/www.reclamador.es\/blog\/entrevista-impuestos-franciscoj-martin\/\" \/>\n<meta property=\"og:site_name\" content=\"Rebeldes con causa, el blog de reclamador.es\" \/>\n<meta property=\"article:publisher\" content=\"https:\/\/www.facebook.com\/reclamador.es\" \/>\n<meta property=\"article:published_time\" content=\"2018-01-31T15:06:10+00:00\" \/>\n<meta property=\"article:modified_time\" content=\"2025-08-27T09:07:10+00:00\" \/>\n<meta property=\"og:image\" content=\"https:\/\/www.reclamador.es\/blog\/wp-content\/uploads\/2018\/01\/Francisco1200-min_destacada.jpg\" \/>\n\t<meta property=\"og:image:width\" content=\"800\" \/>\n\t<meta property=\"og:image:height\" content=\"419\" \/>\n\t<meta property=\"og:image:type\" content=\"image\/jpeg\" \/>\n<meta name=\"author\" content=\"Equipo reclamador\" \/>\n<meta name=\"twitter:card\" content=\"summary_large_image\" \/>\n<meta name=\"twitter:creator\" content=\"@reclamador\" \/>\n<meta name=\"twitter:site\" content=\"@reclamador\" \/>\n<meta name=\"twitter:label1\" content=\"Escrito por\" \/>\n\t<meta name=\"twitter:data1\" content=\"Equipo reclamador\" \/>\n\t<meta name=\"twitter:label2\" content=\"Tiempo de lectura\" \/>\n\t<meta name=\"twitter:data2\" content=\"5 minutos\" \/>\n<script type=\"application\/ld+json\" class=\"yoast-schema-graph\">{\"@context\":\"https:\\\/\\\/schema.org\",\"@graph\":[{\"@type\":\"Article\",\"@id\":\"https:\\\/\\\/www.reclamador.es\\\/blog\\\/entrevista-impuestos-franciscoj-martin\\\/#article\",\"isPartOf\":{\"@id\":\"https:\\\/\\\/www.reclamador.es\\\/blog\\\/entrevista-impuestos-franciscoj-martin\\\/\"},\"author\":{\"name\":\"Equipo reclamador\",\"@id\":\"https:\\\/\\\/www.reclamador.es\\\/blog\\\/#\\\/schema\\\/person\\\/1ed83eef8b6566cb5e4c812d9bc5c4bf\"},\"headline\":\"\u201cEra tan evidente que no exist\u00eda plusval\u00eda cuando vend\u00ed mi vivienda que me negaba a aceptarlo\\\"\",\"datePublished\":\"2018-01-31T15:06:10+00:00\",\"dateModified\":\"2025-08-27T09:07:10+00:00\",\"mainEntityOfPage\":{\"@id\":\"https:\\\/\\\/www.reclamador.es\\\/blog\\\/entrevista-impuestos-franciscoj-martin\\\/\"},\"wordCount\":1075,\"commentCount\":0,\"publisher\":{\"@id\":\"https:\\\/\\\/www.reclamador.es\\\/blog\\\/#organization\"},\"image\":{\"@id\":\"https:\\\/\\\/www.reclamador.es\\\/blog\\\/entrevista-impuestos-franciscoj-martin\\\/#primaryimage\"},\"thumbnailUrl\":\"https:\\\/\\\/i0.wp.com\\\/www.reclamador.es\\\/blog\\\/wp-content\\\/uploads\\\/2018\\\/01\\\/Francisco1200-min_destacada.jpg?fit=800%2C419&ssl=1\",\"keywords\":[\"entrevista\",\"impuestos\",\"plusval\u00eda municipal\"],\"articleSection\":[\"Conoce todo lo que sucede en reclamador.es\"],\"inLanguage\":\"es\",\"potentialAction\":[{\"@type\":\"CommentAction\",\"name\":\"Comment\",\"target\":[\"https:\\\/\\\/www.reclamador.es\\\/blog\\\/entrevista-impuestos-franciscoj-martin\\\/#respond\"]}]},{\"@type\":\"WebPage\",\"@id\":\"https:\\\/\\\/www.reclamador.es\\\/blog\\\/entrevista-impuestos-franciscoj-martin\\\/\",\"url\":\"https:\\\/\\\/www.reclamador.es\\\/blog\\\/entrevista-impuestos-franciscoj-martin\\\/\",\"name\":\"Caso real reclamaci\u00f3n plusval\u00eda municipal: entrevista a Francisco J.\",\"isPartOf\":{\"@id\":\"https:\\\/\\\/www.reclamador.es\\\/blog\\\/#website\"},\"primaryImageOfPage\":{\"@id\":\"https:\\\/\\\/www.reclamador.es\\\/blog\\\/entrevista-impuestos-franciscoj-martin\\\/#primaryimage\"},\"image\":{\"@id\":\"https:\\\/\\\/www.reclamador.es\\\/blog\\\/entrevista-impuestos-franciscoj-martin\\\/#primaryimage\"},\"thumbnailUrl\":\"https:\\\/\\\/i0.wp.com\\\/www.reclamador.es\\\/blog\\\/wp-content\\\/uploads\\\/2018\\\/01\\\/Francisco1200-min_destacada.jpg?fit=800%2C419&ssl=1\",\"datePublished\":\"2018-01-31T15:06:10+00:00\",\"dateModified\":\"2025-08-27T09:07:10+00:00\",\"description\":\"Caso real reclamaci\u00f3n plusval\u00eda. Conocem a Francisco, cliente de reclamador.es que ha conseguido recuperar lo pagado por el Impuesto.\",\"breadcrumb\":{\"@id\":\"https:\\\/\\\/www.reclamador.es\\\/blog\\\/entrevista-impuestos-franciscoj-martin\\\/#breadcrumb\"},\"inLanguage\":\"es\",\"potentialAction\":[{\"@type\":\"ReadAction\",\"target\":[\"https:\\\/\\\/www.reclamador.es\\\/blog\\\/entrevista-impuestos-franciscoj-martin\\\/\"]}]},{\"@type\":\"ImageObject\",\"inLanguage\":\"es\",\"@id\":\"https:\\\/\\\/www.reclamador.es\\\/blog\\\/entrevista-impuestos-franciscoj-martin\\\/#primaryimage\",\"url\":\"https:\\\/\\\/i0.wp.com\\\/www.reclamador.es\\\/blog\\\/wp-content\\\/uploads\\\/2018\\\/01\\\/Francisco1200-min_destacada.jpg?fit=800%2C419&ssl=1\",\"contentUrl\":\"https:\\\/\\\/i0.wp.com\\\/www.reclamador.es\\\/blog\\\/wp-content\\\/uploads\\\/2018\\\/01\\\/Francisco1200-min_destacada.jpg?fit=800%2C419&ssl=1\",\"width\":800,\"height\":419,\"caption\":\"Francisco, afectado por la plusval\u00eda municipal. foto cedida a reclamador.es, compa\u00f1\u00eda online de reclamaciones.\"},{\"@type\":\"BreadcrumbList\",\"@id\":\"https:\\\/\\\/www.reclamador.es\\\/blog\\\/entrevista-impuestos-franciscoj-martin\\\/#breadcrumb\",\"itemListElement\":[{\"@type\":\"ListItem\",\"position\":1,\"name\":\"Portada\",\"item\":\"https:\\\/\\\/www.reclamador.es\\\/blog\\\/\"},{\"@type\":\"ListItem\",\"position\":2,\"name\":\"\u201cEra tan evidente que no exist\u00eda plusval\u00eda cuando vend\u00ed mi vivienda que me negaba a aceptarlo\\\"\"}]},{\"@type\":\"WebSite\",\"@id\":\"https:\\\/\\\/www.reclamador.es\\\/blog\\\/#website\",\"url\":\"https:\\\/\\\/www.reclamador.es\\\/blog\\\/\",\"name\":\"Rebeldes con causa, el blog de reclamador.es\",\"description\":\"Noticias, entrevistas y consejos sobre reclamaciones\",\"publisher\":{\"@id\":\"https:\\\/\\\/www.reclamador.es\\\/blog\\\/#organization\"},\"potentialAction\":[{\"@type\":\"SearchAction\",\"target\":{\"@type\":\"EntryPoint\",\"urlTemplate\":\"https:\\\/\\\/www.reclamador.es\\\/blog\\\/?s={search_term_string}\"},\"query-input\":{\"@type\":\"PropertyValueSpecification\",\"valueRequired\":true,\"valueName\":\"search_term_string\"}}],\"inLanguage\":\"es\"},{\"@type\":\"Organization\",\"@id\":\"https:\\\/\\\/www.reclamador.es\\\/blog\\\/#organization\",\"name\":\"reclamador.es\",\"url\":\"https:\\\/\\\/www.reclamador.es\\\/blog\\\/\",\"logo\":{\"@type\":\"ImageObject\",\"inLanguage\":\"es\",\"@id\":\"https:\\\/\\\/www.reclamador.es\\\/blog\\\/#\\\/schema\\\/logo\\\/image\\\/\",\"url\":\"https:\\\/\\\/i0.wp.com\\\/www.reclamador.es\\\/blog\\\/wp-content\\\/uploads\\\/2020\\\/01\\\/logo-reclamador.png?fit=1200%2C144&ssl=1\",\"contentUrl\":\"https:\\\/\\\/i0.wp.com\\\/www.reclamador.es\\\/blog\\\/wp-content\\\/uploads\\\/2020\\\/01\\\/logo-reclamador.png?fit=1200%2C144&ssl=1\",\"width\":1200,\"height\":144,\"caption\":\"reclamador.es\"},\"image\":{\"@id\":\"https:\\\/\\\/www.reclamador.es\\\/blog\\\/#\\\/schema\\\/logo\\\/image\\\/\"},\"sameAs\":[\"https:\\\/\\\/www.facebook.com\\\/reclamador.es\",\"https:\\\/\\\/x.com\\\/reclamador\",\"https:\\\/\\\/www.instagram.com\\\/reclamador.es\\\/\",\"https:\\\/\\\/www.linkedin.com\\\/company\\\/reclamador-es\",\"https:\\\/\\\/www.youtube.com\\\/user\\\/Reclamadores\"]},{\"@type\":\"Person\",\"@id\":\"https:\\\/\\\/www.reclamador.es\\\/blog\\\/#\\\/schema\\\/person\\\/1ed83eef8b6566cb5e4c812d9bc5c4bf\",\"name\":\"Equipo reclamador\",\"image\":{\"@type\":\"ImageObject\",\"inLanguage\":\"es\",\"@id\":\"https:\\\/\\\/secure.gravatar.com\\\/avatar\\\/6442ecdc2c4472c600c113f34d340feca47107d6aa4f42f1e3e75a2a8e28a760?s=96&d=mm&r=g\",\"url\":\"https:\\\/\\\/secure.gravatar.com\\\/avatar\\\/6442ecdc2c4472c600c113f34d340feca47107d6aa4f42f1e3e75a2a8e28a760?s=96&d=mm&r=g\",\"contentUrl\":\"https:\\\/\\\/secure.gravatar.com\\\/avatar\\\/6442ecdc2c4472c600c113f34d340feca47107d6aa4f42f1e3e75a2a8e28a760?s=96&d=mm&r=g\",\"caption\":\"Equipo reclamador\"},\"description\":\"Las personas que hacen posible reclamador.es\",\"url\":\"https:\\\/\\\/www.reclamador.es\\\/blog\\\/author\\\/administrador\\\/\"}]}<\/script>\n<!-- \/ Yoast SEO plugin. -->","yoast_head_json":{"title":"Caso real reclamaci\u00f3n plusval\u00eda municipal: entrevista a Francisco J.","description":"Caso real reclamaci\u00f3n plusval\u00eda. Conocem a Francisco, cliente de reclamador.es que ha conseguido recuperar lo pagado por el Impuesto.","robots":{"index":"index","follow":"follow","max-snippet":"max-snippet:-1","max-image-preview":"max-image-preview:large","max-video-preview":"max-video-preview:-1"},"canonical":"https:\/\/www.reclamador.es\/blog\/entrevista-impuestos-franciscoj-martin\/","og_locale":"es_ES","og_type":"article","og_title":"Caso real reclamaci\u00f3n plusval\u00eda municipal: entrevista a Francisco J.","og_description":"Caso real reclamaci\u00f3n plusval\u00eda. Conocem a Francisco, cliente de reclamador.es que ha conseguido recuperar lo pagado por el Impuesto.","og_url":"https:\/\/www.reclamador.es\/blog\/entrevista-impuestos-franciscoj-martin\/","og_site_name":"Rebeldes con causa, el blog de reclamador.es","article_publisher":"https:\/\/www.facebook.com\/reclamador.es","article_published_time":"2018-01-31T15:06:10+00:00","article_modified_time":"2025-08-27T09:07:10+00:00","og_image":[{"width":800,"height":419,"url":"https:\/\/www.reclamador.es\/blog\/wp-content\/uploads\/2018\/01\/Francisco1200-min_destacada.jpg","type":"image\/jpeg"}],"author":"Equipo reclamador","twitter_card":"summary_large_image","twitter_creator":"@reclamador","twitter_site":"@reclamador","twitter_misc":{"Escrito por":"Equipo reclamador","Tiempo de lectura":"5 minutos"},"schema":{"@context":"https:\/\/schema.org","@graph":[{"@type":"Article","@id":"https:\/\/www.reclamador.es\/blog\/entrevista-impuestos-franciscoj-martin\/#article","isPartOf":{"@id":"https:\/\/www.reclamador.es\/blog\/entrevista-impuestos-franciscoj-martin\/"},"author":{"name":"Equipo reclamador","@id":"https:\/\/www.reclamador.es\/blog\/#\/schema\/person\/1ed83eef8b6566cb5e4c812d9bc5c4bf"},"headline":"\u201cEra tan evidente que no exist\u00eda plusval\u00eda cuando vend\u00ed mi vivienda que me negaba a aceptarlo\"","datePublished":"2018-01-31T15:06:10+00:00","dateModified":"2025-08-27T09:07:10+00:00","mainEntityOfPage":{"@id":"https:\/\/www.reclamador.es\/blog\/entrevista-impuestos-franciscoj-martin\/"},"wordCount":1075,"commentCount":0,"publisher":{"@id":"https:\/\/www.reclamador.es\/blog\/#organization"},"image":{"@id":"https:\/\/www.reclamador.es\/blog\/entrevista-impuestos-franciscoj-martin\/#primaryimage"},"thumbnailUrl":"https:\/\/i0.wp.com\/www.reclamador.es\/blog\/wp-content\/uploads\/2018\/01\/Francisco1200-min_destacada.jpg?fit=800%2C419&ssl=1","keywords":["entrevista","impuestos","plusval\u00eda municipal"],"articleSection":["Conoce todo lo que sucede en reclamador.es"],"inLanguage":"es","potentialAction":[{"@type":"CommentAction","name":"Comment","target":["https:\/\/www.reclamador.es\/blog\/entrevista-impuestos-franciscoj-martin\/#respond"]}]},{"@type":"WebPage","@id":"https:\/\/www.reclamador.es\/blog\/entrevista-impuestos-franciscoj-martin\/","url":"https:\/\/www.reclamador.es\/blog\/entrevista-impuestos-franciscoj-martin\/","name":"Caso real reclamaci\u00f3n plusval\u00eda municipal: entrevista a Francisco J.","isPartOf":{"@id":"https:\/\/www.reclamador.es\/blog\/#website"},"primaryImageOfPage":{"@id":"https:\/\/www.reclamador.es\/blog\/entrevista-impuestos-franciscoj-martin\/#primaryimage"},"image":{"@id":"https:\/\/www.reclamador.es\/blog\/entrevista-impuestos-franciscoj-martin\/#primaryimage"},"thumbnailUrl":"https:\/\/i0.wp.com\/www.reclamador.es\/blog\/wp-content\/uploads\/2018\/01\/Francisco1200-min_destacada.jpg?fit=800%2C419&ssl=1","datePublished":"2018-01-31T15:06:10+00:00","dateModified":"2025-08-27T09:07:10+00:00","description":"Caso real reclamaci\u00f3n plusval\u00eda. Conocem a Francisco, cliente de reclamador.es que ha conseguido recuperar lo pagado por el Impuesto.","breadcrumb":{"@id":"https:\/\/www.reclamador.es\/blog\/entrevista-impuestos-franciscoj-martin\/#breadcrumb"},"inLanguage":"es","potentialAction":[{"@type":"ReadAction","target":["https:\/\/www.reclamador.es\/blog\/entrevista-impuestos-franciscoj-martin\/"]}]},{"@type":"ImageObject","inLanguage":"es","@id":"https:\/\/www.reclamador.es\/blog\/entrevista-impuestos-franciscoj-martin\/#primaryimage","url":"https:\/\/i0.wp.com\/www.reclamador.es\/blog\/wp-content\/uploads\/2018\/01\/Francisco1200-min_destacada.jpg?fit=800%2C419&ssl=1","contentUrl":"https:\/\/i0.wp.com\/www.reclamador.es\/blog\/wp-content\/uploads\/2018\/01\/Francisco1200-min_destacada.jpg?fit=800%2C419&ssl=1","width":800,"height":419,"caption":"Francisco, afectado por la plusval\u00eda municipal. foto cedida a reclamador.es, compa\u00f1\u00eda online de reclamaciones."},{"@type":"BreadcrumbList","@id":"https:\/\/www.reclamador.es\/blog\/entrevista-impuestos-franciscoj-martin\/#breadcrumb","itemListElement":[{"@type":"ListItem","position":1,"name":"Portada","item":"https:\/\/www.reclamador.es\/blog\/"},{"@type":"ListItem","position":2,"name":"\u201cEra tan evidente que no exist\u00eda plusval\u00eda cuando vend\u00ed mi vivienda que me negaba a aceptarlo\""}]},{"@type":"WebSite","@id":"https:\/\/www.reclamador.es\/blog\/#website","url":"https:\/\/www.reclamador.es\/blog\/","name":"Rebeldes con causa, el blog de reclamador.es","description":"Noticias, entrevistas y consejos sobre reclamaciones","publisher":{"@id":"https:\/\/www.reclamador.es\/blog\/#organization"},"potentialAction":[{"@type":"SearchAction","target":{"@type":"EntryPoint","urlTemplate":"https:\/\/www.reclamador.es\/blog\/?s={search_term_string}"},"query-input":{"@type":"PropertyValueSpecification","valueRequired":true,"valueName":"search_term_string"}}],"inLanguage":"es"},{"@type":"Organization","@id":"https:\/\/www.reclamador.es\/blog\/#organization","name":"reclamador.es","url":"https:\/\/www.reclamador.es\/blog\/","logo":{"@type":"ImageObject","inLanguage":"es","@id":"https:\/\/www.reclamador.es\/blog\/#\/schema\/logo\/image\/","url":"https:\/\/i0.wp.com\/www.reclamador.es\/blog\/wp-content\/uploads\/2020\/01\/logo-reclamador.png?fit=1200%2C144&ssl=1","contentUrl":"https:\/\/i0.wp.com\/www.reclamador.es\/blog\/wp-content\/uploads\/2020\/01\/logo-reclamador.png?fit=1200%2C144&ssl=1","width":1200,"height":144,"caption":"reclamador.es"},"image":{"@id":"https:\/\/www.reclamador.es\/blog\/#\/schema\/logo\/image\/"},"sameAs":["https:\/\/www.facebook.com\/reclamador.es","https:\/\/x.com\/reclamador","https:\/\/www.instagram.com\/reclamador.es\/","https:\/\/www.linkedin.com\/company\/reclamador-es","https:\/\/www.youtube.com\/user\/Reclamadores"]},{"@type":"Person","@id":"https:\/\/www.reclamador.es\/blog\/#\/schema\/person\/1ed83eef8b6566cb5e4c812d9bc5c4bf","name":"Equipo reclamador","image":{"@type":"ImageObject","inLanguage":"es","@id":"https:\/\/secure.gravatar.com\/avatar\/6442ecdc2c4472c600c113f34d340feca47107d6aa4f42f1e3e75a2a8e28a760?s=96&d=mm&r=g","url":"https:\/\/secure.gravatar.com\/avatar\/6442ecdc2c4472c600c113f34d340feca47107d6aa4f42f1e3e75a2a8e28a760?s=96&d=mm&r=g","contentUrl":"https:\/\/secure.gravatar.com\/avatar\/6442ecdc2c4472c600c113f34d340feca47107d6aa4f42f1e3e75a2a8e28a760?s=96&d=mm&r=g","caption":"Equipo reclamador"},"description":"Las personas que hacen posible reclamador.es","url":"https:\/\/www.reclamador.es\/blog\/author\/administrador\/"}]}},"jetpack_featured_media_url":"https:\/\/i0.wp.com\/www.reclamador.es\/blog\/wp-content\/uploads\/2018\/01\/Francisco1200-min_destacada.jpg?fit=800%2C419&ssl=1","jetpack-related-posts":[{"id":6528,"url":"https:\/\/www.reclamador.es\/blog\/puedo-reclamar-impuesto-plusvalia-municipal-he-heredado-propiedad\/","url_meta":{"origin":16916,"position":0},"title":"\u00bfSe puede reclamar el impuesto de plusval\u00eda municipal pagado al heredar?","author":"Equipo reclamador","date":"12 noviembre, 2021","format":false,"excerpt":"*Actualizado a fecha junio 2025 Las dudas que se plantean a la hora de gestionar y reclamar una herencia son numerosas. En reclamador.es estamos dando respuesta a muchas de esas cuestiones, por ejemplo, qu\u00e9 pasa con la herencia si uno de los herederos decide renunciar.\u00a0Tambi\u00e9n, si se puede sacar dinero\u2026","rel":"","context":"En \u00abConsejos legales\u00bb","block_context":{"text":"Consejos legales","link":"https:\/\/www.reclamador.es\/blog\/consejos\/"},"img":{"alt_text":"impuesto de plusval\u00eda de una vivienda heredada","src":"https:\/\/i0.wp.com\/www.reclamador.es\/blog\/wp-content\/uploads\/2021\/01\/reclamar-plusvalia-pagada-al-heredar-reclamador.jpg?fit=1200%2C668&ssl=1&resize=350%2C200","width":350,"height":200,"srcset":"https:\/\/i0.wp.com\/www.reclamador.es\/blog\/wp-content\/uploads\/2021\/01\/reclamar-plusvalia-pagada-al-heredar-reclamador.jpg?fit=1200%2C668&ssl=1&resize=350%2C200 1x, https:\/\/i0.wp.com\/www.reclamador.es\/blog\/wp-content\/uploads\/2021\/01\/reclamar-plusvalia-pagada-al-heredar-reclamador.jpg?fit=1200%2C668&ssl=1&resize=525%2C300 1.5x, https:\/\/i0.wp.com\/www.reclamador.es\/blog\/wp-content\/uploads\/2021\/01\/reclamar-plusvalia-pagada-al-heredar-reclamador.jpg?fit=1200%2C668&ssl=1&resize=700%2C400 2x, https:\/\/i0.wp.com\/www.reclamador.es\/blog\/wp-content\/uploads\/2021\/01\/reclamar-plusvalia-pagada-al-heredar-reclamador.jpg?fit=1200%2C668&ssl=1&resize=1050%2C600 3x"},"classes":[]},{"id":34349,"url":"https:\/\/www.reclamador.es\/blog\/quien-esta-exento-de-pagar-la-plusvalia-municipal\/","url_meta":{"origin":16916,"position":1},"title":"\u00bfQui\u00e9n est\u00e1 exento de pagar la plusval\u00eda municipal al heredar o vender una vivienda?","author":"Equipo reclamador","date":"30 mayo, 2025","format":false,"excerpt":"Solo aquellos herederos que reciben una vivienda cuyo valor no ha sufrido un aumento desde que el propietario fallecido la adquiri\u00f3 est\u00e1n exentos de pagar la plusval\u00eda municipal al heredar un inmueble. Por otra parte, respecto al pago de la plusval\u00eda municipal al vender una vivienda, \u00fanicamente aquellos propietarios que\u2026","rel":"","context":"En \u00abConsejos legales\u00bb","block_context":{"text":"Consejos legales","link":"https:\/\/www.reclamador.es\/blog\/consejos\/"},"img":{"alt_text":"quien esta exento de pagar la plusvalia municipal","src":"https:\/\/i0.wp.com\/www.reclamador.es\/blog\/wp-content\/uploads\/2025\/05\/quien-esta-exento-de-pagar-la-plusvalia-municipal-al-heredar-o-vender-una-vivienda-1200x630-1.jpg?fit=1200%2C630&ssl=1&resize=350%2C200","width":350,"height":200,"srcset":"https:\/\/i0.wp.com\/www.reclamador.es\/blog\/wp-content\/uploads\/2025\/05\/quien-esta-exento-de-pagar-la-plusvalia-municipal-al-heredar-o-vender-una-vivienda-1200x630-1.jpg?fit=1200%2C630&ssl=1&resize=350%2C200 1x, https:\/\/i0.wp.com\/www.reclamador.es\/blog\/wp-content\/uploads\/2025\/05\/quien-esta-exento-de-pagar-la-plusvalia-municipal-al-heredar-o-vender-una-vivienda-1200x630-1.jpg?fit=1200%2C630&ssl=1&resize=525%2C300 1.5x, https:\/\/i0.wp.com\/www.reclamador.es\/blog\/wp-content\/uploads\/2025\/05\/quien-esta-exento-de-pagar-la-plusvalia-municipal-al-heredar-o-vender-una-vivienda-1200x630-1.jpg?fit=1200%2C630&ssl=1&resize=700%2C400 2x, https:\/\/i0.wp.com\/www.reclamador.es\/blog\/wp-content\/uploads\/2025\/05\/quien-esta-exento-de-pagar-la-plusvalia-municipal-al-heredar-o-vender-una-vivienda-1200x630-1.jpg?fit=1200%2C630&ssl=1&resize=1050%2C600 3x"},"classes":[]},{"id":19314,"url":"https:\/\/www.reclamador.es\/blog\/reclamar-plusvalia-venta-vpo\/","url_meta":{"origin":16916,"position":2},"title":"\u00bfLas viviendas de VPO pagan plusval\u00eda?","author":"Equipo reclamador","date":"9 noviembre, 2021","format":false,"excerpt":"*Actualizado en junio 2025 Cuando se procede a la venta de una vivienda de protecci\u00f3n oficial hay que tener en cuenta numerosos factores, como por ejemplo, el precio m\u00e1ximo fijado, las posibles ayudas concedidas por la Administraci\u00f3n, los cr\u00e9ditos espec\u00edficos para las famosas VPO o los permisos necesarios para proceder\u2026","rel":"","context":"En \u00abConsejos legales\u00bb","block_context":{"text":"Consejos legales","link":"https:\/\/www.reclamador.es\/blog\/consejos\/"},"img":{"alt_text":"Plusval\u00eda municipal y venta de VPO","src":"https:\/\/i0.wp.com\/www.reclamador.es\/blog\/wp-content\/uploads\/2021\/11\/plusvalia-municipal-y-venta-de-vpo.jpg?fit=1200%2C675&ssl=1&resize=350%2C200","width":350,"height":200,"srcset":"https:\/\/i0.wp.com\/www.reclamador.es\/blog\/wp-content\/uploads\/2021\/11\/plusvalia-municipal-y-venta-de-vpo.jpg?fit=1200%2C675&ssl=1&resize=350%2C200 1x, https:\/\/i0.wp.com\/www.reclamador.es\/blog\/wp-content\/uploads\/2021\/11\/plusvalia-municipal-y-venta-de-vpo.jpg?fit=1200%2C675&ssl=1&resize=525%2C300 1.5x, https:\/\/i0.wp.com\/www.reclamador.es\/blog\/wp-content\/uploads\/2021\/11\/plusvalia-municipal-y-venta-de-vpo.jpg?fit=1200%2C675&ssl=1&resize=700%2C400 2x, https:\/\/i0.wp.com\/www.reclamador.es\/blog\/wp-content\/uploads\/2021\/11\/plusvalia-municipal-y-venta-de-vpo.jpg?fit=1200%2C675&ssl=1&resize=1050%2C600 3x"},"classes":[]},{"id":26578,"url":"https:\/\/www.reclamador.es\/blog\/precio-pactado-sirve-impuesto-plusvalia-municipal\/","url_meta":{"origin":16916,"position":3},"title":"\u00bfSe acepta el precio pactado entre herederos como valor de la vivienda para determinar una p\u00e9rdida patrimonial?","author":"Equipo reclamador","date":"11 marzo, 2021","format":false,"excerpt":"Cuando los herederos se enfrentan al pago del impuesto de plusval\u00eda municipal o estos mismos quieren reclamar al ayuntamiento de la localidad el impuesto de plusval\u00eda municipal al considerar que se ha pagado dicho tributo existiendo en la trasmisi\u00f3n de la vivienda una p\u00e9rdida patrimonial, una cuesti\u00f3n que se debe\u2026","rel":"","context":"En \u00abNoticias y actualidad\u00bb","block_context":{"text":"Noticias y actualidad","link":"https:\/\/www.reclamador.es\/blog\/noticias\/"},"img":{"alt_text":"sentencia barcelona - plusvalia municipal","src":"https:\/\/i0.wp.com\/www.reclamador.es\/blog\/wp-content\/uploads\/2021\/03\/impuesto-plusvalia-municipal-barcelona.jpg?fit=1200%2C673&ssl=1&resize=350%2C200","width":350,"height":200,"srcset":"https:\/\/i0.wp.com\/www.reclamador.es\/blog\/wp-content\/uploads\/2021\/03\/impuesto-plusvalia-municipal-barcelona.jpg?fit=1200%2C673&ssl=1&resize=350%2C200 1x, https:\/\/i0.wp.com\/www.reclamador.es\/blog\/wp-content\/uploads\/2021\/03\/impuesto-plusvalia-municipal-barcelona.jpg?fit=1200%2C673&ssl=1&resize=525%2C300 1.5x, https:\/\/i0.wp.com\/www.reclamador.es\/blog\/wp-content\/uploads\/2021\/03\/impuesto-plusvalia-municipal-barcelona.jpg?fit=1200%2C673&ssl=1&resize=700%2C400 2x, https:\/\/i0.wp.com\/www.reclamador.es\/blog\/wp-content\/uploads\/2021\/03\/impuesto-plusvalia-municipal-barcelona.jpg?fit=1200%2C673&ssl=1&resize=1050%2C600 3x"},"classes":[]},{"id":18366,"url":"https:\/\/www.reclamador.es\/blog\/abogado-plusvalia-municipal\/","url_meta":{"origin":16916,"position":4},"title":"Abogado de plusval\u00eda municipal: conoce sus funciones","author":"Equipo reclamador","date":"27 octubre, 2021","format":false,"excerpt":"Antes de entrar en faena y explicarte cu\u00e1les son las funciones de los abogados expertos en plusval\u00eda municipal y c\u00f3mo pueden ayudarte a defender tus derechos, vamos a contarte qu\u00e9 es este tributo y por qu\u00e9 se habla tanto de \u00e9l desde hace tiempo. \u00a0 \u00bfQu\u00e9 es el impuesto de\u2026","rel":"","context":"En \u00abConsejos legales\u00bb","block_context":{"text":"Consejos legales","link":"https:\/\/www.reclamador.es\/blog\/consejos\/"},"img":{"alt_text":"abogado de plusvalia municipal","src":"https:\/\/i0.wp.com\/www.reclamador.es\/blog\/wp-content\/uploads\/2018\/05\/carlos-de-la-sierra-abogado-experto-en-plusvalia-municipal.jpg?fit=1200%2C785&ssl=1&resize=350%2C200","width":350,"height":200,"srcset":"https:\/\/i0.wp.com\/www.reclamador.es\/blog\/wp-content\/uploads\/2018\/05\/carlos-de-la-sierra-abogado-experto-en-plusvalia-municipal.jpg?fit=1200%2C785&ssl=1&resize=350%2C200 1x, https:\/\/i0.wp.com\/www.reclamador.es\/blog\/wp-content\/uploads\/2018\/05\/carlos-de-la-sierra-abogado-experto-en-plusvalia-municipal.jpg?fit=1200%2C785&ssl=1&resize=525%2C300 1.5x, https:\/\/i0.wp.com\/www.reclamador.es\/blog\/wp-content\/uploads\/2018\/05\/carlos-de-la-sierra-abogado-experto-en-plusvalia-municipal.jpg?fit=1200%2C785&ssl=1&resize=700%2C400 2x, https:\/\/i0.wp.com\/www.reclamador.es\/blog\/wp-content\/uploads\/2018\/05\/carlos-de-la-sierra-abogado-experto-en-plusvalia-municipal.jpg?fit=1200%2C785&ssl=1&resize=1050%2C600 3x"},"classes":[]},{"id":19762,"url":"https:\/\/www.reclamador.es\/blog\/impuesto-plusvalia-dacion-en-pago\/","url_meta":{"origin":16916,"position":5},"title":"El impuesto de plusval\u00eda municipal en una daci\u00f3n en pago","author":"Equipo reclamador","date":"2 octubre, 2018","format":false,"excerpt":"*Contenido ampliado octubre 2025 Daci\u00f3n de pago. Un t\u00e9rmino que ha sonado con fuerza durante los \u00faltimos a\u00f1os, principalmente durante el periodo central de la crisis econ\u00f3mica. Con \u00e9l, se hace referencia a una forma de pago por la cual el deudor realiza el desembolso con el mismo objeto que\u2026","rel":"","context":"En \u00abConsejos legales\u00bb","block_context":{"text":"Consejos legales","link":"https:\/\/www.reclamador.es\/blog\/consejos\/"},"img":{"alt_text":"vivienda costa - daci\u00f3n en pago","src":"https:\/\/i0.wp.com\/www.reclamador.es\/blog\/wp-content\/uploads\/2018\/10\/dacion-en-pago-reclamador.jpg?fit=1200%2C800&ssl=1&resize=350%2C200","width":350,"height":200,"srcset":"https:\/\/i0.wp.com\/www.reclamador.es\/blog\/wp-content\/uploads\/2018\/10\/dacion-en-pago-reclamador.jpg?fit=1200%2C800&ssl=1&resize=350%2C200 1x, https:\/\/i0.wp.com\/www.reclamador.es\/blog\/wp-content\/uploads\/2018\/10\/dacion-en-pago-reclamador.jpg?fit=1200%2C800&ssl=1&resize=525%2C300 1.5x, https:\/\/i0.wp.com\/www.reclamador.es\/blog\/wp-content\/uploads\/2018\/10\/dacion-en-pago-reclamador.jpg?fit=1200%2C800&ssl=1&resize=700%2C400 2x, https:\/\/i0.wp.com\/www.reclamador.es\/blog\/wp-content\/uploads\/2018\/10\/dacion-en-pago-reclamador.jpg?fit=1200%2C800&ssl=1&resize=1050%2C600 3x"},"classes":[]}],"jetpack_sharing_enabled":true,"_links":{"self":[{"href":"https:\/\/www.reclamador.es\/blog\/wp-json\/wp\/v2\/posts\/16916","targetHints":{"allow":["GET"]}}],"collection":[{"href":"https:\/\/www.reclamador.es\/blog\/wp-json\/wp\/v2\/posts"}],"about":[{"href":"https:\/\/www.reclamador.es\/blog\/wp-json\/wp\/v2\/types\/post"}],"author":[{"embeddable":true,"href":"https:\/\/www.reclamador.es\/blog\/wp-json\/wp\/v2\/users\/1"}],"replies":[{"embeddable":true,"href":"https:\/\/www.reclamador.es\/blog\/wp-json\/wp\/v2\/comments?post=16916"}],"version-history":[{"count":18,"href":"https:\/\/www.reclamador.es\/blog\/wp-json\/wp\/v2\/posts\/16916\/revisions"}],"predecessor-version":[{"id":34913,"href":"https:\/\/www.reclamador.es\/blog\/wp-json\/wp\/v2\/posts\/16916\/revisions\/34913"}],"wp:featuredmedia":[{"embeddable":true,"href":"https:\/\/www.reclamador.es\/blog\/wp-json\/wp\/v2\/media\/23621"}],"wp:attachment":[{"href":"https:\/\/www.reclamador.es\/blog\/wp-json\/wp\/v2\/media?parent=16916"}],"wp:term":[{"taxonomy":"category","embeddable":true,"href":"https:\/\/www.reclamador.es\/blog\/wp-json\/wp\/v2\/categories?post=16916"},{"taxonomy":"post_tag","embeddable":true,"href":"https:\/\/www.reclamador.es\/blog\/wp-json\/wp\/v2\/tags?post=16916"}],"curies":[{"name":"wp","href":"https:\/\/api.w.org\/{rel}","templated":true}]}}