{"id":16876,"date":"2018-01-26T11:58:48","date_gmt":"2018-01-26T10:58:48","guid":{"rendered":"https:\/\/www.reclamador.es\/blog\/?p=16876"},"modified":"2020-04-16T12:38:05","modified_gmt":"2020-04-16T10:38:05","slug":"resultados-reclamador-2017","status":"publish","type":"post","link":"https:\/\/www.reclamador.es\/blog\/resultados-reclamador-2017\/","title":{"rendered":"\u00a1Seguimos creciendo! reclamador.es cerr\u00f3 2017 aumentando un 57% su facturaci\u00f3n"},"content":{"rendered":"<div class=\"ttr_start\"><\/div>\n\n<div class=\"kk-star-ratings kksr-auto kksr-align-right kksr-valign-top\"\n    data-payload='{&quot;align&quot;:&quot;right&quot;,&quot;id&quot;:&quot;16876&quot;,&quot;slug&quot;:&quot;default&quot;,&quot;valign&quot;:&quot;top&quot;,&quot;ignore&quot;:&quot;&quot;,&quot;reference&quot;:&quot;auto&quot;,&quot;class&quot;:&quot;&quot;,&quot;count&quot;:&quot;0&quot;,&quot;legendonly&quot;:&quot;&quot;,&quot;readonly&quot;:&quot;&quot;,&quot;score&quot;:&quot;0&quot;,&quot;starsonly&quot;:&quot;&quot;,&quot;best&quot;:&quot;5&quot;,&quot;gap&quot;:&quot;3&quot;,&quot;greet&quot;:&quot;Valora este art\u00edculo&quot;,&quot;legend&quot;:&quot;0\\\/5 - (0 votos)&quot;,&quot;size&quot;:&quot;20&quot;,&quot;title&quot;:&quot;\u00a1Seguimos creciendo! reclamador.es cerr\u00f3 2017 aumentando un 57% su facturaci\u00f3n&quot;,&quot;width&quot;:&quot;0&quot;,&quot;_legend&quot;:&quot;{score}\\\/{best} - ({count} {votes})&quot;,&quot;font_factor&quot;:&quot;1.25&quot;}'>\n            \n<div class=\"kksr-stars\">\n    \n<div class=\"kksr-stars-inactive\">\n            <div class=\"kksr-star\" data-star=\"1\" style=\"padding-right: 3px\">\n            \n\n<div class=\"kksr-icon\" style=\"width: 20px; height: 20px;\"><\/div>\n        <\/div>\n            <div class=\"kksr-star\" data-star=\"2\" style=\"padding-right: 3px\">\n            \n\n<div class=\"kksr-icon\" style=\"width: 20px; height: 20px;\"><\/div>\n        <\/div>\n            <div class=\"kksr-star\" data-star=\"3\" style=\"padding-right: 3px\">\n            \n\n<div class=\"kksr-icon\" style=\"width: 20px; height: 20px;\"><\/div>\n        <\/div>\n            <div class=\"kksr-star\" data-star=\"4\" style=\"padding-right: 3px\">\n            \n\n<div class=\"kksr-icon\" style=\"width: 20px; height: 20px;\"><\/div>\n        <\/div>\n            <div class=\"kksr-star\" data-star=\"5\" style=\"padding-right: 3px\">\n            \n\n<div class=\"kksr-icon\" style=\"width: 20px; height: 20px;\"><\/div>\n        <\/div>\n    <\/div>\n    \n<div class=\"kksr-stars-active\" style=\"width: 0px;\">\n            <div class=\"kksr-star\" style=\"padding-right: 3px\">\n            \n\n<div class=\"kksr-icon\" style=\"width: 20px; height: 20px;\"><\/div>\n        <\/div>\n            <div class=\"kksr-star\" style=\"padding-right: 3px\">\n            \n\n<div class=\"kksr-icon\" style=\"width: 20px; height: 20px;\"><\/div>\n        <\/div>\n            <div class=\"kksr-star\" style=\"padding-right: 3px\">\n            \n\n<div class=\"kksr-icon\" style=\"width: 20px; height: 20px;\"><\/div>\n        <\/div>\n            <div class=\"kksr-star\" style=\"padding-right: 3px\">\n            \n\n<div class=\"kksr-icon\" style=\"width: 20px; height: 20px;\"><\/div>\n        <\/div>\n            <div class=\"kksr-star\" style=\"padding-right: 3px\">\n            \n\n<div class=\"kksr-icon\" style=\"width: 20px; height: 20px;\"><\/div>\n        <\/div>\n    <\/div>\n<\/div>\n                \n\n<div class=\"kksr-legend\" style=\"font-size: 16px;\">\n            <span class=\"kksr-muted\">Valora este art\u00edculo<\/span>\n    <\/div>\n    <\/div>\n<figure id=\"attachment_16879\" aria-describedby=\"caption-attachment-16879\" style=\"width: 1200px\" class=\"wp-caption aligncenter\"><img data-recalc-dims=\"1\" loading=\"lazy\" decoding=\"async\" class=\"size-full wp-image-16879\" src=\"https:\/\/i0.wp.com\/www.reclamador.es\/blog\/wp-content\/uploads\/2018\/01\/nueva-oficina-reclamador.jpg?resize=1200%2C800&#038;ssl=1\" alt=\"reclamador.es-resultados-2017\" width=\"1200\" height=\"800\" srcset=\"https:\/\/i0.wp.com\/www.reclamador.es\/blog\/wp-content\/uploads\/2018\/01\/nueva-oficina-reclamador.jpg?w=1200&amp;ssl=1 1200w, https:\/\/i0.wp.com\/www.reclamador.es\/blog\/wp-content\/uploads\/2018\/01\/nueva-oficina-reclamador.jpg?resize=150%2C100&amp;ssl=1 150w, https:\/\/i0.wp.com\/www.reclamador.es\/blog\/wp-content\/uploads\/2018\/01\/nueva-oficina-reclamador.jpg?resize=300%2C200&amp;ssl=1 300w, https:\/\/i0.wp.com\/www.reclamador.es\/blog\/wp-content\/uploads\/2018\/01\/nueva-oficina-reclamador.jpg?resize=768%2C512&amp;ssl=1 768w, https:\/\/i0.wp.com\/www.reclamador.es\/blog\/wp-content\/uploads\/2018\/01\/nueva-oficina-reclamador.jpg?resize=1024%2C683&amp;ssl=1 1024w\" sizes=\"auto, (max-width: 1000px) 100vw, 1000px\" \/><figcaption id=\"caption-attachment-16879\" class=\"wp-caption-text\"><em>reclamador.es aumenta su facturaci\u00f3n hasta los 3,3 millones<\/em><\/figcaption><\/figure>\n<p><span style=\"font-weight: 400;\">Queremos compartir con todos vosotros una buena noticia sobre el <a href=\"https:\/\/www.reclamador.es\/blog\/20-millones-indemnizaciones\/\">crecimiento de reclamador.es<\/a>. Enero es el mes de hacer n\u00fameros y ver c\u00f3mo fue el a\u00f1o anterior. Y lo hemos hecho. L<\/span><span style=\"font-weight: 400;\">os datos avalan la confianza que tenemos por parte de nuestro clientes<\/span><span style=\"font-weight: 400;\">. <\/span><b>2017 se cerr\u00f3 con un total de 3,3 millones facturados, lo que supone un incremento del 57% <\/b><span style=\"font-weight: 400;\">respecto a 2016.<\/span><\/p>\n<p>Nuestra compa\u00f1\u00eda,\u00a0<strong>creada en 2012 por Pablo Rabanal<\/strong>, ha vuelto aumentar su facturaci\u00f3n en 2017. Desde su creaci\u00f3n, reclamador.es ha multiplicado su cifra de negocio exponencialmente. En 2015 facturamos un mill\u00f3n de euros, duplicando la facturaci\u00f3n de 2014 que fue entonces de 471.000 euros. En 2016 la cifra de negocio alcanz\u00f3 los 2,1 millones de euros y en 2017 ha superado los 3,3 millones de euros, lo que supone un crecimiento del 57%.<\/p>\n<p>El <strong>resultado de explotaci\u00f3n (EBITDA) se multiplic\u00f3 en 2017 hasta superar los quinientos mil euros (507.361\u20ac)<\/strong>, frente a los 62.000 euros del a\u00f1o anterior, lo que supone un crecimiento del 718%. El cierre de cuentas anuales se encuentra en proceso de auditor\u00eda definitiva por parte de E&amp;Y.<\/p>\n<h2>35.000 reclamaciones<\/h2>\n<p>En 2017, reclamador.es gestion\u00f3 un total de 35.000 reclamaciones, <strong>el 60% de ellas en el sector de las aerol\u00edneas<\/strong>, seguido de las reclamaciones a <a href=\"https:\/\/www.reclamador.es\/blog\/ranking-bancos-reclamados-2017\/\">bancos<\/a> (25%), <a href=\"https:\/\/www.reclamador.es\/blog\/plusvalia-municipal-herencias\/\">plusval\u00eda<\/a> (4%) accidentes, laboral y negligencias, las 6 \u00e1reas en las que operamos actualmente. En total, m\u00e1s de 160.000 clientes desde que iniciamos la actividad y m\u00e1s de 58 millones de euros reclamados en nombre de estos.<\/p>\n<p>reclamador.es cuenta adem\u00e1s en cartera, es decir en los juzgados, con 11 millones de euros pendientes de facturaci\u00f3n de reclamaciones a\u00fan pendientes de sentencia dados los plazos actuales de la justicia.<\/p>\n<p>reclamador.es traslad\u00f3 en 2017 sus oficinas centrales en Madrid desde la calle Zurbano a la calle Hierro, en la zona de Legazpi-Matadero. El crecimiento de su actividad hizo necesario reforzar su equipo y sus instalaciones en un espacio di\u00e1fano, sin despachos, de m\u00e1s de 1.000 metros cuadrados.<\/p>\n<h2>M\u00e1s de 100 trabajadores<\/h2>\n<p>Por lo que respecta a la plantilla, en reclamador.es hemos incorporado nuevos profesionales, principalmente abogados e ingenieros, y la integraci\u00f3n en el equipo directivo de nuevos responsables del \u00e1rea de desarrollo de negocio y marketing. Somos m\u00e1s de<strong>\u00a0100 profesionales en las oficinas de Madrid y Barcelona<\/strong> y disponemos una red de abogados colaboradores en toda Espa\u00f1a.<\/p>\n<p>2017 fue un a\u00f1o muy relevante para <strong>reclamador.es. Reforzamos la propuesta de servicio online en el \u00e1mbito legaltech con una estrategia de producto centrada en la experiencia del cliente<\/strong> enfoc\u00e1ndose en el target online. Esto se reflej\u00f3 en una <strong>renovaci\u00f3n de la\u00a0 web y el blog de la compa\u00f1\u00eda. <\/strong>Ahora\u00a0incorpora casos y testimonios reales de clientes, el desarrollo de un <a href=\"https:\/\/www.reclamador.es\/ayuda\/\">centro de ayuda<\/a> e incluye tambi\u00e9n un sistema de valoraciones del servicio para los usuarios. Actualizamos nuestra identidad visual corporativa reforzando su perfil digital y de servicio profesional y abordamos por primera vez acciones de marketing offline. En South Summit, principal evento para potenciar el ecosistema emprendedor del Sur de Europa, reclamador.es fue elegida mejor startup del \u00e1rea B2C del a\u00f1o. El programa \u201cEmprende\u201d de RTVE reconoci\u00f3 como finalista a <strong>reclamador.es<\/strong> como <a href=\"https:\/\/www.reclamador.es\/blog\/premios-rtve-emprende\/\">empresa emergente en 2017<\/a>.<\/p>\n<p>En palabras de Pablo Rabanal, CEO y fundador de reclamador.es \u201c<em>estamos siendo part\u00edcipes del desarrollo de una nueva categor\u00eda de servicios legales online, simples y transparentes para que reclamar sea mucho m\u00e1s sencillo, haciendo accesible la justicia en la era digital, de forma eficaz, profesional y justa a golpe de clic.<\/em> <em>Como empresa legaltech nuestro foco est\u00e1 en el cliente, en hacer crecer la compa\u00f1\u00eda y llevarla a un nuevo nivel ampliando el \u00e1mbito de nuestros servicios en nuevos \u00e1mbitos de reclamaci\u00f3n que sean viables y escalables online\u201d.<\/em><\/p>\n<p><span style=\"font-weight: 400;\">Muchas gracias por tu confianza. <\/span><\/p>\n<p><span style=\"font-weight: 400;\">\ud83d\ude42<\/span><\/p>\n<h6 style=\"text-align: center;\"><strong><a href=\"#mc4wp-form-1 \">Suscr\u00edbete a nuestro bolet\u00edn semanal<\/a> si quieres que te sigamos informando.<\/strong><\/h6>\n<div class=\"ttr_end\"><\/div>","protected":false},"excerpt":{"rendered":"<p>Queremos compartir con todos vosotros una buena noticia sobre el crecimiento de reclamador.es. Enero es el mes de hacer n\u00fameros y ver c\u00f3mo fue el a\u00f1o anterior. Y lo hemos hecho. Los datos avalan la confianza que tenemos por parte de nuestro clientes. 2017 se cerr\u00f3 con un total de 3,3 millones facturados, lo que [&hellip;]<\/p>\n","protected":false},"author":1,"featured_media":16879,"comment_status":"closed","ping_status":"open","sticky":false,"template":"","format":"standard","meta":{"_acf_changed":false,"_genesis_hide_title":false,"_genesis_hide_breadcrumbs":false,"_genesis_hide_singular_image":false,"_genesis_hide_footer_widgets":false,"_genesis_custom_body_class":"","_genesis_custom_post_class":"","_genesis_layout":"","_jetpack_newsletter_access":"","_jetpack_dont_email_post_to_subs":false,"_jetpack_newsletter_tier_id":0,"_jetpack_memberships_contains_paywalled_content":false,"_jetpack_memberships_contains_paid_content":false,"footnotes":""},"categories":[392],"tags":[380,648,255,289],"class_list":{"0":"post-16876","1":"post","2":"type-post","3":"status-publish","4":"format-standard","5":"has-post-thumbnail","7":"category-noticias","8":"tag-aerolineas","9":"tag-branding","10":"tag-indemnizacion","11":"tag-reclamacion","12":"entry"},"acf":[],"yoast_head":"<!-- This site is optimized with the Yoast SEO plugin v27.4 - https:\/\/yoast.com\/product\/yoast-seo-wordpress\/ -->\n<title>reclamador.es acab\u00f3 2017 con una facturaci\u00f3n de 3,3 millones<\/title>\n<meta name=\"description\" content=\"reclamador.es cerr\u00f3 2017 superando los 3,3 millones de facturaci\u00f3n. reclamador.es reforz\u00f3 su estrategia centrada en experiencia del cliente.\" \/>\n<meta name=\"robots\" content=\"index, follow, max-snippet:-1, max-image-preview:large, max-video-preview:-1\" \/>\n<link rel=\"canonical\" href=\"https:\/\/www.reclamador.es\/blog\/resultados-reclamador-2017\/\" \/>\n<meta property=\"og:locale\" content=\"es_ES\" \/>\n<meta property=\"og:type\" content=\"article\" \/>\n<meta property=\"og:title\" content=\"reclamador.es acab\u00f3 2017 con una facturaci\u00f3n de 3,3 millones\" \/>\n<meta property=\"og:description\" content=\"reclamador.es cerr\u00f3 2017 superando los 3,3 millones de facturaci\u00f3n. reclamador.es reforz\u00f3 su estrategia centrada en experiencia del cliente.\" \/>\n<meta property=\"og:url\" content=\"https:\/\/www.reclamador.es\/blog\/resultados-reclamador-2017\/\" \/>\n<meta property=\"og:site_name\" content=\"Rebeldes con causa, el blog de reclamador.es\" \/>\n<meta property=\"article:publisher\" content=\"https:\/\/www.facebook.com\/reclamador.es\" \/>\n<meta property=\"article:published_time\" content=\"2018-01-26T10:58:48+00:00\" \/>\n<meta property=\"article:modified_time\" content=\"2020-04-16T10:38:05+00:00\" \/>\n<meta property=\"og:image\" content=\"https:\/\/i0.wp.com\/www.reclamador.es\/blog\/wp-content\/uploads\/2018\/01\/nueva-oficina-reclamador.jpg?fit=1200%2C800&ssl=1\" \/>\n\t<meta property=\"og:image:width\" content=\"1200\" \/>\n\t<meta property=\"og:image:height\" content=\"800\" \/>\n\t<meta property=\"og:image:type\" content=\"image\/jpeg\" \/>\n<meta name=\"author\" content=\"Equipo reclamador\" \/>\n<meta name=\"twitter:card\" content=\"summary_large_image\" \/>\n<meta name=\"twitter:creator\" content=\"@reclamador\" \/>\n<meta name=\"twitter:site\" content=\"@reclamador\" \/>\n<meta name=\"twitter:label1\" content=\"Escrito por\" \/>\n\t<meta name=\"twitter:data1\" content=\"Equipo reclamador\" \/>\n\t<meta name=\"twitter:label2\" content=\"Tiempo de lectura\" \/>\n\t<meta name=\"twitter:data2\" content=\"3 minutos\" \/>\n<script type=\"application\/ld+json\" class=\"yoast-schema-graph\">{\"@context\":\"https:\\\/\\\/schema.org\",\"@graph\":[{\"@type\":\"Article\",\"@id\":\"https:\\\/\\\/www.reclamador.es\\\/blog\\\/resultados-reclamador-2017\\\/#article\",\"isPartOf\":{\"@id\":\"https:\\\/\\\/www.reclamador.es\\\/blog\\\/resultados-reclamador-2017\\\/\"},\"author\":{\"name\":\"Equipo reclamador\",\"@id\":\"https:\\\/\\\/www.reclamador.es\\\/blog\\\/#\\\/schema\\\/person\\\/1ed83eef8b6566cb5e4c812d9bc5c4bf\"},\"headline\":\"\u00a1Seguimos creciendo! reclamador.es cerr\u00f3 2017 aumentando un 57% su facturaci\u00f3n\",\"datePublished\":\"2018-01-26T10:58:48+00:00\",\"dateModified\":\"2020-04-16T10:38:05+00:00\",\"mainEntityOfPage\":{\"@id\":\"https:\\\/\\\/www.reclamador.es\\\/blog\\\/resultados-reclamador-2017\\\/\"},\"wordCount\":671,\"publisher\":{\"@id\":\"https:\\\/\\\/www.reclamador.es\\\/blog\\\/#organization\"},\"image\":{\"@id\":\"https:\\\/\\\/www.reclamador.es\\\/blog\\\/resultados-reclamador-2017\\\/#primaryimage\"},\"thumbnailUrl\":\"https:\\\/\\\/i0.wp.com\\\/www.reclamador.es\\\/blog\\\/wp-content\\\/uploads\\\/2018\\\/01\\\/nueva-oficina-reclamador.jpg?fit=1200%2C800&ssl=1\",\"keywords\":[\"aerol\u00edneas\",\"branding\",\"indemnizaci\u00f3n\",\"reclamaci\u00f3n\"],\"articleSection\":[\"Noticias y actualidad\"],\"inLanguage\":\"es\"},{\"@type\":\"WebPage\",\"@id\":\"https:\\\/\\\/www.reclamador.es\\\/blog\\\/resultados-reclamador-2017\\\/\",\"url\":\"https:\\\/\\\/www.reclamador.es\\\/blog\\\/resultados-reclamador-2017\\\/\",\"name\":\"reclamador.es acab\u00f3 2017 con una facturaci\u00f3n de 3,3 millones\",\"isPartOf\":{\"@id\":\"https:\\\/\\\/www.reclamador.es\\\/blog\\\/#website\"},\"primaryImageOfPage\":{\"@id\":\"https:\\\/\\\/www.reclamador.es\\\/blog\\\/resultados-reclamador-2017\\\/#primaryimage\"},\"image\":{\"@id\":\"https:\\\/\\\/www.reclamador.es\\\/blog\\\/resultados-reclamador-2017\\\/#primaryimage\"},\"thumbnailUrl\":\"https:\\\/\\\/i0.wp.com\\\/www.reclamador.es\\\/blog\\\/wp-content\\\/uploads\\\/2018\\\/01\\\/nueva-oficina-reclamador.jpg?fit=1200%2C800&ssl=1\",\"datePublished\":\"2018-01-26T10:58:48+00:00\",\"dateModified\":\"2020-04-16T10:38:05+00:00\",\"description\":\"reclamador.es cerr\u00f3 2017 superando los 3,3 millones de facturaci\u00f3n. reclamador.es reforz\u00f3 su estrategia centrada en experiencia del cliente.\",\"breadcrumb\":{\"@id\":\"https:\\\/\\\/www.reclamador.es\\\/blog\\\/resultados-reclamador-2017\\\/#breadcrumb\"},\"inLanguage\":\"es\",\"potentialAction\":[{\"@type\":\"ReadAction\",\"target\":[\"https:\\\/\\\/www.reclamador.es\\\/blog\\\/resultados-reclamador-2017\\\/\"]}]},{\"@type\":\"ImageObject\",\"inLanguage\":\"es\",\"@id\":\"https:\\\/\\\/www.reclamador.es\\\/blog\\\/resultados-reclamador-2017\\\/#primaryimage\",\"url\":\"https:\\\/\\\/i0.wp.com\\\/www.reclamador.es\\\/blog\\\/wp-content\\\/uploads\\\/2018\\\/01\\\/nueva-oficina-reclamador.jpg?fit=1200%2C800&ssl=1\",\"contentUrl\":\"https:\\\/\\\/i0.wp.com\\\/www.reclamador.es\\\/blog\\\/wp-content\\\/uploads\\\/2018\\\/01\\\/nueva-oficina-reclamador.jpg?fit=1200%2C800&ssl=1\",\"width\":1200,\"height\":800,\"caption\":\"reclamador.es aumenta su facturaci\u00f3n hasta los 3,3 millones\"},{\"@type\":\"BreadcrumbList\",\"@id\":\"https:\\\/\\\/www.reclamador.es\\\/blog\\\/resultados-reclamador-2017\\\/#breadcrumb\",\"itemListElement\":[{\"@type\":\"ListItem\",\"position\":1,\"name\":\"Portada\",\"item\":\"https:\\\/\\\/www.reclamador.es\\\/blog\\\/\"},{\"@type\":\"ListItem\",\"position\":2,\"name\":\"\u00a1Seguimos creciendo! reclamador.es cerr\u00f3 2017 aumentando un 57% su facturaci\u00f3n\"}]},{\"@type\":\"WebSite\",\"@id\":\"https:\\\/\\\/www.reclamador.es\\\/blog\\\/#website\",\"url\":\"https:\\\/\\\/www.reclamador.es\\\/blog\\\/\",\"name\":\"Rebeldes con causa, el blog de reclamador.es\",\"description\":\"Noticias, entrevistas y consejos sobre reclamaciones\",\"publisher\":{\"@id\":\"https:\\\/\\\/www.reclamador.es\\\/blog\\\/#organization\"},\"potentialAction\":[{\"@type\":\"SearchAction\",\"target\":{\"@type\":\"EntryPoint\",\"urlTemplate\":\"https:\\\/\\\/www.reclamador.es\\\/blog\\\/?s={search_term_string}\"},\"query-input\":{\"@type\":\"PropertyValueSpecification\",\"valueRequired\":true,\"valueName\":\"search_term_string\"}}],\"inLanguage\":\"es\"},{\"@type\":\"Organization\",\"@id\":\"https:\\\/\\\/www.reclamador.es\\\/blog\\\/#organization\",\"name\":\"reclamador.es\",\"url\":\"https:\\\/\\\/www.reclamador.es\\\/blog\\\/\",\"logo\":{\"@type\":\"ImageObject\",\"inLanguage\":\"es\",\"@id\":\"https:\\\/\\\/www.reclamador.es\\\/blog\\\/#\\\/schema\\\/logo\\\/image\\\/\",\"url\":\"https:\\\/\\\/i0.wp.com\\\/www.reclamador.es\\\/blog\\\/wp-content\\\/uploads\\\/2020\\\/01\\\/logo-reclamador.png?fit=1200%2C144&ssl=1\",\"contentUrl\":\"https:\\\/\\\/i0.wp.com\\\/www.reclamador.es\\\/blog\\\/wp-content\\\/uploads\\\/2020\\\/01\\\/logo-reclamador.png?fit=1200%2C144&ssl=1\",\"width\":1200,\"height\":144,\"caption\":\"reclamador.es\"},\"image\":{\"@id\":\"https:\\\/\\\/www.reclamador.es\\\/blog\\\/#\\\/schema\\\/logo\\\/image\\\/\"},\"sameAs\":[\"https:\\\/\\\/www.facebook.com\\\/reclamador.es\",\"https:\\\/\\\/x.com\\\/reclamador\",\"https:\\\/\\\/www.instagram.com\\\/reclamador.es\\\/\",\"https:\\\/\\\/www.linkedin.com\\\/company\\\/reclamador-es\",\"https:\\\/\\\/www.youtube.com\\\/user\\\/Reclamadores\"]},{\"@type\":\"Person\",\"@id\":\"https:\\\/\\\/www.reclamador.es\\\/blog\\\/#\\\/schema\\\/person\\\/1ed83eef8b6566cb5e4c812d9bc5c4bf\",\"name\":\"Equipo reclamador\",\"image\":{\"@type\":\"ImageObject\",\"inLanguage\":\"es\",\"@id\":\"https:\\\/\\\/secure.gravatar.com\\\/avatar\\\/6442ecdc2c4472c600c113f34d340feca47107d6aa4f42f1e3e75a2a8e28a760?s=96&d=mm&r=g\",\"url\":\"https:\\\/\\\/secure.gravatar.com\\\/avatar\\\/6442ecdc2c4472c600c113f34d340feca47107d6aa4f42f1e3e75a2a8e28a760?s=96&d=mm&r=g\",\"contentUrl\":\"https:\\\/\\\/secure.gravatar.com\\\/avatar\\\/6442ecdc2c4472c600c113f34d340feca47107d6aa4f42f1e3e75a2a8e28a760?s=96&d=mm&r=g\",\"caption\":\"Equipo reclamador\"},\"description\":\"Las personas que hacen posible reclamador.es\",\"url\":\"https:\\\/\\\/www.reclamador.es\\\/blog\\\/author\\\/administrador\\\/\"}]}<\/script>\n<!-- \/ Yoast SEO plugin. -->","yoast_head_json":{"title":"reclamador.es acab\u00f3 2017 con una facturaci\u00f3n de 3,3 millones","description":"reclamador.es cerr\u00f3 2017 superando los 3,3 millones de facturaci\u00f3n. reclamador.es reforz\u00f3 su estrategia centrada en experiencia del cliente.","robots":{"index":"index","follow":"follow","max-snippet":"max-snippet:-1","max-image-preview":"max-image-preview:large","max-video-preview":"max-video-preview:-1"},"canonical":"https:\/\/www.reclamador.es\/blog\/resultados-reclamador-2017\/","og_locale":"es_ES","og_type":"article","og_title":"reclamador.es acab\u00f3 2017 con una facturaci\u00f3n de 3,3 millones","og_description":"reclamador.es cerr\u00f3 2017 superando los 3,3 millones de facturaci\u00f3n. reclamador.es reforz\u00f3 su estrategia centrada en experiencia del cliente.","og_url":"https:\/\/www.reclamador.es\/blog\/resultados-reclamador-2017\/","og_site_name":"Rebeldes con causa, el blog de reclamador.es","article_publisher":"https:\/\/www.facebook.com\/reclamador.es","article_published_time":"2018-01-26T10:58:48+00:00","article_modified_time":"2020-04-16T10:38:05+00:00","og_image":[{"width":1200,"height":800,"url":"https:\/\/i0.wp.com\/www.reclamador.es\/blog\/wp-content\/uploads\/2018\/01\/nueva-oficina-reclamador.jpg?fit=1200%2C800&ssl=1","type":"image\/jpeg"}],"author":"Equipo reclamador","twitter_card":"summary_large_image","twitter_creator":"@reclamador","twitter_site":"@reclamador","twitter_misc":{"Escrito por":"Equipo reclamador","Tiempo de lectura":"3 minutos"},"schema":{"@context":"https:\/\/schema.org","@graph":[{"@type":"Article","@id":"https:\/\/www.reclamador.es\/blog\/resultados-reclamador-2017\/#article","isPartOf":{"@id":"https:\/\/www.reclamador.es\/blog\/resultados-reclamador-2017\/"},"author":{"name":"Equipo reclamador","@id":"https:\/\/www.reclamador.es\/blog\/#\/schema\/person\/1ed83eef8b6566cb5e4c812d9bc5c4bf"},"headline":"\u00a1Seguimos creciendo! reclamador.es cerr\u00f3 2017 aumentando un 57% su facturaci\u00f3n","datePublished":"2018-01-26T10:58:48+00:00","dateModified":"2020-04-16T10:38:05+00:00","mainEntityOfPage":{"@id":"https:\/\/www.reclamador.es\/blog\/resultados-reclamador-2017\/"},"wordCount":671,"publisher":{"@id":"https:\/\/www.reclamador.es\/blog\/#organization"},"image":{"@id":"https:\/\/www.reclamador.es\/blog\/resultados-reclamador-2017\/#primaryimage"},"thumbnailUrl":"https:\/\/i0.wp.com\/www.reclamador.es\/blog\/wp-content\/uploads\/2018\/01\/nueva-oficina-reclamador.jpg?fit=1200%2C800&ssl=1","keywords":["aerol\u00edneas","branding","indemnizaci\u00f3n","reclamaci\u00f3n"],"articleSection":["Noticias y actualidad"],"inLanguage":"es"},{"@type":"WebPage","@id":"https:\/\/www.reclamador.es\/blog\/resultados-reclamador-2017\/","url":"https:\/\/www.reclamador.es\/blog\/resultados-reclamador-2017\/","name":"reclamador.es acab\u00f3 2017 con una facturaci\u00f3n de 3,3 millones","isPartOf":{"@id":"https:\/\/www.reclamador.es\/blog\/#website"},"primaryImageOfPage":{"@id":"https:\/\/www.reclamador.es\/blog\/resultados-reclamador-2017\/#primaryimage"},"image":{"@id":"https:\/\/www.reclamador.es\/blog\/resultados-reclamador-2017\/#primaryimage"},"thumbnailUrl":"https:\/\/i0.wp.com\/www.reclamador.es\/blog\/wp-content\/uploads\/2018\/01\/nueva-oficina-reclamador.jpg?fit=1200%2C800&ssl=1","datePublished":"2018-01-26T10:58:48+00:00","dateModified":"2020-04-16T10:38:05+00:00","description":"reclamador.es cerr\u00f3 2017 superando los 3,3 millones de facturaci\u00f3n. reclamador.es reforz\u00f3 su estrategia centrada en experiencia del cliente.","breadcrumb":{"@id":"https:\/\/www.reclamador.es\/blog\/resultados-reclamador-2017\/#breadcrumb"},"inLanguage":"es","potentialAction":[{"@type":"ReadAction","target":["https:\/\/www.reclamador.es\/blog\/resultados-reclamador-2017\/"]}]},{"@type":"ImageObject","inLanguage":"es","@id":"https:\/\/www.reclamador.es\/blog\/resultados-reclamador-2017\/#primaryimage","url":"https:\/\/i0.wp.com\/www.reclamador.es\/blog\/wp-content\/uploads\/2018\/01\/nueva-oficina-reclamador.jpg?fit=1200%2C800&ssl=1","contentUrl":"https:\/\/i0.wp.com\/www.reclamador.es\/blog\/wp-content\/uploads\/2018\/01\/nueva-oficina-reclamador.jpg?fit=1200%2C800&ssl=1","width":1200,"height":800,"caption":"reclamador.es aumenta su facturaci\u00f3n hasta los 3,3 millones"},{"@type":"BreadcrumbList","@id":"https:\/\/www.reclamador.es\/blog\/resultados-reclamador-2017\/#breadcrumb","itemListElement":[{"@type":"ListItem","position":1,"name":"Portada","item":"https:\/\/www.reclamador.es\/blog\/"},{"@type":"ListItem","position":2,"name":"\u00a1Seguimos creciendo! reclamador.es cerr\u00f3 2017 aumentando un 57% su facturaci\u00f3n"}]},{"@type":"WebSite","@id":"https:\/\/www.reclamador.es\/blog\/#website","url":"https:\/\/www.reclamador.es\/blog\/","name":"Rebeldes con causa, el blog de reclamador.es","description":"Noticias, entrevistas y consejos sobre reclamaciones","publisher":{"@id":"https:\/\/www.reclamador.es\/blog\/#organization"},"potentialAction":[{"@type":"SearchAction","target":{"@type":"EntryPoint","urlTemplate":"https:\/\/www.reclamador.es\/blog\/?s={search_term_string}"},"query-input":{"@type":"PropertyValueSpecification","valueRequired":true,"valueName":"search_term_string"}}],"inLanguage":"es"},{"@type":"Organization","@id":"https:\/\/www.reclamador.es\/blog\/#organization","name":"reclamador.es","url":"https:\/\/www.reclamador.es\/blog\/","logo":{"@type":"ImageObject","inLanguage":"es","@id":"https:\/\/www.reclamador.es\/blog\/#\/schema\/logo\/image\/","url":"https:\/\/i0.wp.com\/www.reclamador.es\/blog\/wp-content\/uploads\/2020\/01\/logo-reclamador.png?fit=1200%2C144&ssl=1","contentUrl":"https:\/\/i0.wp.com\/www.reclamador.es\/blog\/wp-content\/uploads\/2020\/01\/logo-reclamador.png?fit=1200%2C144&ssl=1","width":1200,"height":144,"caption":"reclamador.es"},"image":{"@id":"https:\/\/www.reclamador.es\/blog\/#\/schema\/logo\/image\/"},"sameAs":["https:\/\/www.facebook.com\/reclamador.es","https:\/\/x.com\/reclamador","https:\/\/www.instagram.com\/reclamador.es\/","https:\/\/www.linkedin.com\/company\/reclamador-es","https:\/\/www.youtube.com\/user\/Reclamadores"]},{"@type":"Person","@id":"https:\/\/www.reclamador.es\/blog\/#\/schema\/person\/1ed83eef8b6566cb5e4c812d9bc5c4bf","name":"Equipo reclamador","image":{"@type":"ImageObject","inLanguage":"es","@id":"https:\/\/secure.gravatar.com\/avatar\/6442ecdc2c4472c600c113f34d340feca47107d6aa4f42f1e3e75a2a8e28a760?s=96&d=mm&r=g","url":"https:\/\/secure.gravatar.com\/avatar\/6442ecdc2c4472c600c113f34d340feca47107d6aa4f42f1e3e75a2a8e28a760?s=96&d=mm&r=g","contentUrl":"https:\/\/secure.gravatar.com\/avatar\/6442ecdc2c4472c600c113f34d340feca47107d6aa4f42f1e3e75a2a8e28a760?s=96&d=mm&r=g","caption":"Equipo reclamador"},"description":"Las personas que hacen posible reclamador.es","url":"https:\/\/www.reclamador.es\/blog\/author\/administrador\/"}]}},"jetpack_featured_media_url":"https:\/\/i0.wp.com\/www.reclamador.es\/blog\/wp-content\/uploads\/2018\/01\/nueva-oficina-reclamador.jpg?fit=1200%2C800&ssl=1","jetpack-related-posts":[{"id":21369,"url":"https:\/\/www.reclamador.es\/blog\/resultados-facturacion-reclamador-2018\/","url_meta":{"origin":16876,"position":0},"title":"reclamador.es finaliz\u00f3 2018 con una facturaci\u00f3n de 3,9 millones de euros","author":"Equipo reclamador","date":"14 marzo, 2019","format":false,"excerpt":"Los datos siguen siendo muy positivos. Y esto es gracias a todos los que confi\u00e1is d\u00eda tras d\u00eda en reclamador.es para proteger vuestros derechos. Desde que nuestro CEO fundara la compa\u00f1\u00eda en el a\u00f1o 2012, hemos crecido exponencialmente, cerrando 2018 con 3,9 millones de euros facturados,\u00a0lo que supone un incremento\u2026","rel":"","context":"En \u00abConoce todo lo que sucede en reclamador.es\u00bb","block_context":{"text":"Conoce todo lo que sucede en reclamador.es","link":"https:\/\/www.reclamador.es\/blog\/reclamadores\/"},"img":{"alt_text":"facturacion reclamador 2018 oficina","src":"https:\/\/i0.wp.com\/www.reclamador.es\/blog\/wp-content\/uploads\/2019\/03\/oficina-reclamador.jpg?fit=1200%2C795&ssl=1&resize=350%2C200","width":350,"height":200,"srcset":"https:\/\/i0.wp.com\/www.reclamador.es\/blog\/wp-content\/uploads\/2019\/03\/oficina-reclamador.jpg?fit=1200%2C795&ssl=1&resize=350%2C200 1x, https:\/\/i0.wp.com\/www.reclamador.es\/blog\/wp-content\/uploads\/2019\/03\/oficina-reclamador.jpg?fit=1200%2C795&ssl=1&resize=525%2C300 1.5x, https:\/\/i0.wp.com\/www.reclamador.es\/blog\/wp-content\/uploads\/2019\/03\/oficina-reclamador.jpg?fit=1200%2C795&ssl=1&resize=700%2C400 2x, https:\/\/i0.wp.com\/www.reclamador.es\/blog\/wp-content\/uploads\/2019\/03\/oficina-reclamador.jpg?fit=1200%2C795&ssl=1&resize=1050%2C600 3x"},"classes":[]},{"id":17425,"url":"https:\/\/www.reclamador.es\/blog\/nueva-ronda-de-inversion-reclamador\/","url_meta":{"origin":16876,"position":1},"title":"reclamador.es consigue 1,5 millones de euros en su segunda ronda de inversi\u00f3n","author":"Equipo reclamador","date":"14 marzo, 2018","format":false,"excerpt":"\u00a1Volvemos a estar de celebraci\u00f3n! Si en enero d\u00e1bamos a conocer los buenos resultados de 2017, hoy anunciamos el cierre de una ronda de inversi\u00f3n por valor de un mill\u00f3n y medio de euros, que da entrada a nuevos accionistas a la compa\u00f1\u00eda y reforzar\u00e1 nuestra posici\u00f3n en el mercado.\u00a0\u2026","rel":"","context":"En \u00abNoticias y actualidad\u00bb","block_context":{"text":"Noticias y actualidad","link":"https:\/\/www.reclamador.es\/blog\/noticias\/"},"img":{"alt_text":"reclamador.es oficina","src":"https:\/\/i0.wp.com\/www.reclamador.es\/blog\/wp-content\/uploads\/2018\/03\/oficina-reclamador.png?fit=1200%2C800&ssl=1&resize=350%2C200","width":350,"height":200,"srcset":"https:\/\/i0.wp.com\/www.reclamador.es\/blog\/wp-content\/uploads\/2018\/03\/oficina-reclamador.png?fit=1200%2C800&ssl=1&resize=350%2C200 1x, https:\/\/i0.wp.com\/www.reclamador.es\/blog\/wp-content\/uploads\/2018\/03\/oficina-reclamador.png?fit=1200%2C800&ssl=1&resize=525%2C300 1.5x, https:\/\/i0.wp.com\/www.reclamador.es\/blog\/wp-content\/uploads\/2018\/03\/oficina-reclamador.png?fit=1200%2C800&ssl=1&resize=700%2C400 2x, https:\/\/i0.wp.com\/www.reclamador.es\/blog\/wp-content\/uploads\/2018\/03\/oficina-reclamador.png?fit=1200%2C800&ssl=1&resize=1050%2C600 3x"},"classes":[]},{"id":15352,"url":"https:\/\/www.reclamador.es\/blog\/premios-rtve-emprende\/","url_meta":{"origin":16876,"position":2},"title":"Premios RTVE Emprende, Talento de El Pa\u00eds y South Summit reconocen la labor de reclamador.es","author":"Equipo reclamador","date":"12 septiembre, 2017","format":false,"excerpt":"\u201cAyudar a la gente a defender sus derechos proporcionando una v\u00eda de reclamaci\u00f3n simple y eficaz.\u201d Este es nuestro objetivo, y para ello, ponemos a tu disposici\u00f3n las ventajas de las nuevas tecnolog\u00edas para que hacer una reclamaci\u00f3n y defender tus derechos no sea una misi\u00f3n imposible. Por ello, estamos\u2026","rel":"","context":"En \u00abNoticias y actualidad\u00bb","block_context":{"text":"Noticias y actualidad","link":"https:\/\/www.reclamador.es\/blog\/noticias\/"},"img":{"alt_text":"","src":"https:\/\/i0.wp.com\/www.reclamador.es\/blog\/wp-content\/uploads\/2017\/09\/logo-emprende-1200.png?fit=1200%2C800&ssl=1&resize=350%2C200","width":350,"height":200,"srcset":"https:\/\/i0.wp.com\/www.reclamador.es\/blog\/wp-content\/uploads\/2017\/09\/logo-emprende-1200.png?fit=1200%2C800&ssl=1&resize=350%2C200 1x, https:\/\/i0.wp.com\/www.reclamador.es\/blog\/wp-content\/uploads\/2017\/09\/logo-emprende-1200.png?fit=1200%2C800&ssl=1&resize=525%2C300 1.5x, https:\/\/i0.wp.com\/www.reclamador.es\/blog\/wp-content\/uploads\/2017\/09\/logo-emprende-1200.png?fit=1200%2C800&ssl=1&resize=700%2C400 2x, https:\/\/i0.wp.com\/www.reclamador.es\/blog\/wp-content\/uploads\/2017\/09\/logo-emprende-1200.png?fit=1200%2C800&ssl=1&resize=1050%2C600 3x"},"classes":[]},{"id":4053,"url":"https:\/\/www.reclamador.es\/blog\/quejas-telefonia-movil\/","url_meta":{"origin":16876,"position":3},"title":"\u00bfQuejas de telefon\u00eda m\u00f3vil? Descubre las 3 m\u00e1s usuales","author":"Equipo reclamador","date":"29 abril, 2016","format":false,"excerpt":"Las quejas de telefon\u00eda m\u00f3vil son las que m\u00e1s destacan entre todas las reclamaciones de consumidores y usuarios que se producen en Espa\u00f1a, superando con creces a los dem\u00e1s sectores. En diversos estudios, como los realizados por la Confederaci\u00f3n de Consumidores y Usuarios (CECU), se afirma que una de cada\u2026","rel":"","context":"En \u00abConsejos legales\u00bb","block_context":{"text":"Consejos legales","link":"https:\/\/www.reclamador.es\/blog\/consejos\/"},"img":{"alt_text":"","src":"https:\/\/i0.wp.com\/www.reclamador.es\/blog\/wp-content\/uploads\/2016\/04\/jordan-mcqueen-10434.jpg?fit=1200%2C800&ssl=1&resize=350%2C200","width":350,"height":200,"srcset":"https:\/\/i0.wp.com\/www.reclamador.es\/blog\/wp-content\/uploads\/2016\/04\/jordan-mcqueen-10434.jpg?fit=1200%2C800&ssl=1&resize=350%2C200 1x, https:\/\/i0.wp.com\/www.reclamador.es\/blog\/wp-content\/uploads\/2016\/04\/jordan-mcqueen-10434.jpg?fit=1200%2C800&ssl=1&resize=525%2C300 1.5x, https:\/\/i0.wp.com\/www.reclamador.es\/blog\/wp-content\/uploads\/2016\/04\/jordan-mcqueen-10434.jpg?fit=1200%2C800&ssl=1&resize=700%2C400 2x, https:\/\/i0.wp.com\/www.reclamador.es\/blog\/wp-content\/uploads\/2016\/04\/jordan-mcqueen-10434.jpg?fit=1200%2C800&ssl=1&resize=1050%2C600 3x"},"classes":[]},{"id":16846,"url":"https:\/\/www.reclamador.es\/blog\/aerolineas-mas-reclamadas-2017\/","url_meta":{"origin":16876,"position":4},"title":"Viajero, toma nota: las aerol\u00edneas m\u00e1s reclamadas en 2017","author":"Equipo reclamador","date":"25 enero, 2018","format":false,"excerpt":"Nos gusta viajar. Aprovechar un par de d\u00edas libres para coger un avi\u00f3n y desconectar. Conocer rincones de Espa\u00f1a y del resto del mundo. Prueba de ello es que por los aeropuertos espa\u00f1oles pasaron el a\u00f1o pasado 249,2 millones de viajeros. Sobrepasando as\u00ed en un 8,2% el tr\u00e1fico de pasajeros\u2026","rel":"","context":"En \u00abNoticias y actualidad\u00bb","block_context":{"text":"Noticias y actualidad","link":"https:\/\/www.reclamador.es\/blog\/noticias\/"},"img":{"alt_text":"aerolineas problem\u00e1ticas 2017","src":"https:\/\/i0.wp.com\/www.reclamador.es\/blog\/wp-content\/uploads\/2018\/01\/Ranking_aerolineas2017.jpg?fit=1200%2C800&ssl=1&resize=350%2C200","width":350,"height":200,"srcset":"https:\/\/i0.wp.com\/www.reclamador.es\/blog\/wp-content\/uploads\/2018\/01\/Ranking_aerolineas2017.jpg?fit=1200%2C800&ssl=1&resize=350%2C200 1x, https:\/\/i0.wp.com\/www.reclamador.es\/blog\/wp-content\/uploads\/2018\/01\/Ranking_aerolineas2017.jpg?fit=1200%2C800&ssl=1&resize=525%2C300 1.5x, https:\/\/i0.wp.com\/www.reclamador.es\/blog\/wp-content\/uploads\/2018\/01\/Ranking_aerolineas2017.jpg?fit=1200%2C800&ssl=1&resize=700%2C400 2x, https:\/\/i0.wp.com\/www.reclamador.es\/blog\/wp-content\/uploads\/2018\/01\/Ranking_aerolineas2017.jpg?fit=1200%2C800&ssl=1&resize=1050%2C600 3x"},"classes":[]},{"id":31902,"url":"https:\/\/www.reclamador.es\/blog\/carrito-de-bebe-roto-por-la-aerolinea-que-hacer\/","url_meta":{"origin":16876,"position":5},"title":"Carrito de beb\u00e9 roto por la aerol\u00ednea: \u00bfqu\u00e9 hacer?","author":"Alicia Ria\u00f1o","date":"23 enero, 2024","format":false,"excerpt":"*Contenido actualizado mayo 2025 Si ya hay que tener en cuenta numerosas circunstancias para viajar con beb\u00e9s en avi\u00f3n, cuando, adem\u00e1s, le sumas el inconveniente de llegar al destino y ver el carrito de beb\u00e9 roto por la aerol\u00ednea, esas vacaciones so\u00f1adas se pueden convertir en una pesadilla. Por eso,\u2026","rel":"","context":"En \u00abConsejos legales\u00bb","block_context":{"text":"Consejos legales","link":"https:\/\/www.reclamador.es\/blog\/consejos\/"},"img":{"alt_text":"silla paseo avion rota - reclamaciones","src":"https:\/\/i0.wp.com\/www.reclamador.es\/blog\/wp-content\/uploads\/2024\/01\/carrito-de-bebe-roto-por-la-aerolinea.jpg?fit=1200%2C675&ssl=1&resize=350%2C200","width":350,"height":200,"srcset":"https:\/\/i0.wp.com\/www.reclamador.es\/blog\/wp-content\/uploads\/2024\/01\/carrito-de-bebe-roto-por-la-aerolinea.jpg?fit=1200%2C675&ssl=1&resize=350%2C200 1x, https:\/\/i0.wp.com\/www.reclamador.es\/blog\/wp-content\/uploads\/2024\/01\/carrito-de-bebe-roto-por-la-aerolinea.jpg?fit=1200%2C675&ssl=1&resize=525%2C300 1.5x, https:\/\/i0.wp.com\/www.reclamador.es\/blog\/wp-content\/uploads\/2024\/01\/carrito-de-bebe-roto-por-la-aerolinea.jpg?fit=1200%2C675&ssl=1&resize=700%2C400 2x, https:\/\/i0.wp.com\/www.reclamador.es\/blog\/wp-content\/uploads\/2024\/01\/carrito-de-bebe-roto-por-la-aerolinea.jpg?fit=1200%2C675&ssl=1&resize=1050%2C600 3x"},"classes":[]}],"jetpack_sharing_enabled":true,"_links":{"self":[{"href":"https:\/\/www.reclamador.es\/blog\/wp-json\/wp\/v2\/posts\/16876","targetHints":{"allow":["GET"]}}],"collection":[{"href":"https:\/\/www.reclamador.es\/blog\/wp-json\/wp\/v2\/posts"}],"about":[{"href":"https:\/\/www.reclamador.es\/blog\/wp-json\/wp\/v2\/types\/post"}],"author":[{"embeddable":true,"href":"https:\/\/www.reclamador.es\/blog\/wp-json\/wp\/v2\/users\/1"}],"replies":[{"embeddable":true,"href":"https:\/\/www.reclamador.es\/blog\/wp-json\/wp\/v2\/comments?post=16876"}],"version-history":[{"count":13,"href":"https:\/\/www.reclamador.es\/blog\/wp-json\/wp\/v2\/posts\/16876\/revisions"}],"predecessor-version":[{"id":20754,"href":"https:\/\/www.reclamador.es\/blog\/wp-json\/wp\/v2\/posts\/16876\/revisions\/20754"}],"wp:featuredmedia":[{"embeddable":true,"href":"https:\/\/www.reclamador.es\/blog\/wp-json\/wp\/v2\/media\/16879"}],"wp:attachment":[{"href":"https:\/\/www.reclamador.es\/blog\/wp-json\/wp\/v2\/media?parent=16876"}],"wp:term":[{"taxonomy":"category","embeddable":true,"href":"https:\/\/www.reclamador.es\/blog\/wp-json\/wp\/v2\/categories?post=16876"},{"taxonomy":"post_tag","embeddable":true,"href":"https:\/\/www.reclamador.es\/blog\/wp-json\/wp\/v2\/tags?post=16876"}],"curies":[{"name":"wp","href":"https:\/\/api.w.org\/{rel}","templated":true}]}}