{"id":16846,"date":"2018-01-25T10:09:25","date_gmt":"2018-01-25T09:09:25","guid":{"rendered":"https:\/\/www.reclamador.es\/blog\/?p=16846"},"modified":"2023-11-20T10:31:31","modified_gmt":"2023-11-20T09:31:31","slug":"aerolineas-mas-reclamadas-2017","status":"publish","type":"post","link":"https:\/\/www.reclamador.es\/blog\/aerolineas-mas-reclamadas-2017\/","title":{"rendered":"Viajero, toma nota: las aerol\u00edneas m\u00e1s reclamadas en 2017"},"content":{"rendered":"<div class=\"ttr_start\"><\/div>\n\n<div class=\"kk-star-ratings kksr-auto kksr-align-right kksr-valign-top\"\n    data-payload='{&quot;align&quot;:&quot;right&quot;,&quot;id&quot;:&quot;16846&quot;,&quot;slug&quot;:&quot;default&quot;,&quot;valign&quot;:&quot;top&quot;,&quot;ignore&quot;:&quot;&quot;,&quot;reference&quot;:&quot;auto&quot;,&quot;class&quot;:&quot;&quot;,&quot;count&quot;:&quot;1&quot;,&quot;legendonly&quot;:&quot;&quot;,&quot;readonly&quot;:&quot;&quot;,&quot;score&quot;:&quot;5&quot;,&quot;starsonly&quot;:&quot;&quot;,&quot;best&quot;:&quot;5&quot;,&quot;gap&quot;:&quot;3&quot;,&quot;greet&quot;:&quot;Valora este art\u00edculo&quot;,&quot;legend&quot;:&quot;5\\\/5 - (1 voto)&quot;,&quot;size&quot;:&quot;20&quot;,&quot;title&quot;:&quot;Viajero, toma nota: las aerol\u00edneas m\u00e1s reclamadas en 2017&quot;,&quot;width&quot;:&quot;113.5&quot;,&quot;_legend&quot;:&quot;{score}\\\/{best} - ({count} {votes})&quot;,&quot;font_factor&quot;:&quot;1.25&quot;}'>\n            \n<div class=\"kksr-stars\">\n    \n<div class=\"kksr-stars-inactive\">\n            <div class=\"kksr-star\" data-star=\"1\" style=\"padding-right: 3px\">\n            \n\n<div class=\"kksr-icon\" style=\"width: 20px; height: 20px;\"><\/div>\n        <\/div>\n            <div class=\"kksr-star\" data-star=\"2\" style=\"padding-right: 3px\">\n            \n\n<div class=\"kksr-icon\" style=\"width: 20px; height: 20px;\"><\/div>\n        <\/div>\n            <div class=\"kksr-star\" data-star=\"3\" style=\"padding-right: 3px\">\n            \n\n<div class=\"kksr-icon\" style=\"width: 20px; height: 20px;\"><\/div>\n        <\/div>\n            <div class=\"kksr-star\" data-star=\"4\" style=\"padding-right: 3px\">\n            \n\n<div class=\"kksr-icon\" style=\"width: 20px; height: 20px;\"><\/div>\n        <\/div>\n            <div class=\"kksr-star\" data-star=\"5\" style=\"padding-right: 3px\">\n            \n\n<div class=\"kksr-icon\" style=\"width: 20px; height: 20px;\"><\/div>\n        <\/div>\n    <\/div>\n    \n<div class=\"kksr-stars-active\" style=\"width: 113.5px;\">\n            <div class=\"kksr-star\" style=\"padding-right: 3px\">\n            \n\n<div class=\"kksr-icon\" style=\"width: 20px; height: 20px;\"><\/div>\n        <\/div>\n            <div class=\"kksr-star\" style=\"padding-right: 3px\">\n            \n\n<div class=\"kksr-icon\" style=\"width: 20px; height: 20px;\"><\/div>\n        <\/div>\n            <div class=\"kksr-star\" style=\"padding-right: 3px\">\n            \n\n<div class=\"kksr-icon\" style=\"width: 20px; height: 20px;\"><\/div>\n        <\/div>\n            <div class=\"kksr-star\" style=\"padding-right: 3px\">\n            \n\n<div class=\"kksr-icon\" style=\"width: 20px; height: 20px;\"><\/div>\n        <\/div>\n            <div class=\"kksr-star\" style=\"padding-right: 3px\">\n            \n\n<div class=\"kksr-icon\" style=\"width: 20px; height: 20px;\"><\/div>\n        <\/div>\n    <\/div>\n<\/div>\n                \n\n<div class=\"kksr-legend\" style=\"font-size: 16px;\">\n            5\/5 - (1 voto)    <\/div>\n    <\/div>\n<figure id=\"attachment_16874\" aria-describedby=\"caption-attachment-16874\" style=\"width: 1200px\" class=\"wp-caption aligncenter\"><img data-recalc-dims=\"1\" loading=\"lazy\" decoding=\"async\" class=\"wp-image-16874 size-full\" title=\"aerolineas mas reclamadas\" src=\"https:\/\/i0.wp.com\/www.reclamador.es\/blog\/wp-content\/uploads\/2018\/01\/Ranking_aerolineas2017.jpg?resize=1200%2C800&#038;ssl=1\" alt=\"aerolineas problem\u00e1ticas 2017\" width=\"1200\" height=\"800\" srcset=\"https:\/\/i0.wp.com\/www.reclamador.es\/blog\/wp-content\/uploads\/2018\/01\/Ranking_aerolineas2017.jpg?w=1200&amp;ssl=1 1200w, https:\/\/i0.wp.com\/www.reclamador.es\/blog\/wp-content\/uploads\/2018\/01\/Ranking_aerolineas2017.jpg?resize=150%2C100&amp;ssl=1 150w, https:\/\/i0.wp.com\/www.reclamador.es\/blog\/wp-content\/uploads\/2018\/01\/Ranking_aerolineas2017.jpg?resize=300%2C200&amp;ssl=1 300w, https:\/\/i0.wp.com\/www.reclamador.es\/blog\/wp-content\/uploads\/2018\/01\/Ranking_aerolineas2017.jpg?resize=768%2C512&amp;ssl=1 768w, https:\/\/i0.wp.com\/www.reclamador.es\/blog\/wp-content\/uploads\/2018\/01\/Ranking_aerolineas2017.jpg?resize=1024%2C683&amp;ssl=1 1024w\" sizes=\"auto, (max-width: 1000px) 100vw, 1000px\" \/><figcaption id=\"caption-attachment-16874\" class=\"wp-caption-text\"><em>Ranking de reclamador.es de aerol\u00edneas m\u00e1s reclamadas en 2017<\/em><\/figcaption><\/figure>\n<p><span style=\"font-weight: 400;\">Nos gusta viajar. Aprovechar un par de d\u00edas libres para <a href=\"https:\/\/www.reclamador.es\/blog\/volar-con-carnet-de-conducir\/\">coger un avi\u00f3n<\/a> y desconectar. Conocer rincones de Espa\u00f1a y del resto del mundo. Prueba de ello es que por los aeropuertos espa\u00f1oles pasaron el a\u00f1o pasado 249,2 millones de viajeros. Sobrepasando as\u00ed en un 8,2% el tr\u00e1fico de pasajeros registrado el a\u00f1o anterior. \u00a1Un r\u00e9cord hist\u00f3rico! Producto del movimiento y el colapso en los aeropuertos, nuestro\u00a0<\/span><span style=\"font-weight: 400;\">viaje puede verse alterado si sufrimos <a href=\"https:\/\/www.reclamador.es\/tus-derechos\/derechos-del-pasajero\/\">retrasos en el vuelo<\/a>, cancelaciones o si la compa\u00f1\u00eda a\u00e9rea nos pierde la maleta. A modo de advertencia, \u00bfquieres conocer las aerol\u00edneas m\u00e1s problem\u00e1ticas en 2017? Te lo contamos a continuaci\u00f3n.<\/span><\/p>\n<h2><strong>Ryanair, vueling e Iberia: las aerol\u00edneas m\u00e1s reclamadas en 2017<\/strong><\/h2>\n<p><b><a href=\"https:\/\/www.reclamador.es\/aerolineas\/ryanair\/\">Ryanair<\/a>, seguida de <a href=\"https:\/\/www.reclamador.es\/aerolineas\/vueling\/\">vueling<\/a> e <a href=\"https:\/\/www.reclamador.es\/aerolineas\/iberia\/\">Iberia<\/a> fueron las aerol\u00edneas m\u00e1s denunciadas por los viajeros el pasado a\u00f1o<\/b><span style=\"font-weight: 400;\">.\u00a0<\/span><\/p>\n<p>En esta ocasi\u00f3n,\u00a0<strong>Ryanair desbanca a vueling<\/strong>, que lo fue el a\u00f1o anterior, como la aerol\u00ednea m\u00e1s reclamada. La posici\u00f3n de la low cost irlandesa en esta tabla se explica por la crisis que vivi\u00f3 la compa\u00f1\u00eda debido a las cancelaciones de vuelos que realiz\u00f3 entre septiembre y octubre. Causada por el error en la programaci\u00f3n de vacaciones de sus pilotos. Tal ha sido el problema de la aerol\u00ednea dirigida por Michael O&#8217;Leary que el n\u00famero de reclamaciones ejercidas por sus pasajeros en reclamador.es aument\u00f3 un 43% el pasado a\u00f1o. Llegando casi a las 5.500.<\/p>\n<p><span style=\"font-weight: 400;\"><strong>vueling<\/strong>, que como decimos\u00a0cerr\u00f3 2016 liderando el ranking, ha descendido a la segunda posici\u00f3n en 2017. En reclamador.es gestionamos 3.804 reclamaciones contra la low cost espa\u00f1ola, lo que supone un 65% menos respecto a 2016. La aerol\u00ednea integrada en el grupo brit\u00e1nico IAG fren\u00f3 su crecimiento y ampli\u00f3 sus recursos (flota, personal&#8230;) para dar un mejor servicio a sus usuarios.\u00a0<\/span><span style=\"font-weight: 400;\">Sin duda, un paso adelante.<\/span><\/p>\n<p>Por su parte,<b> Iberia<\/b><span style=\"font-weight: 400;\">, en tercera posici\u00f3n, registr\u00f3 casi 2.400 reclamaciones.\u00a0<\/span>La compa\u00f1\u00eda esap\u00f1ola liderada por Luis Gallego mejora un 2%, reduciendo el n\u00famero de reclamaciones, con respecto a las denuncias tramitadas en reclamador.es en 2016.<\/p>\n<p><span style=\"font-weight: 400;\">Siguen a estas tres compa\u00f1\u00edas <\/span><a href=\"https:\/\/www.reclamador.es\/aerolineas\/air-europa\/\"><b>Air Europa<\/b><\/a><span style=\"font-weight: 400;\">, con 2.202 reclamaciones, y <\/span><b><a href=\"https:\/\/www.reclamador.es\/aerolineas\/norwegian\/\">Norwegian<\/a>, <\/b>con<b> <\/b><span style=\"font-weight: 400;\">1.275 reclamaciones.<\/span><\/p>\n<h2>M\u00e1s de 27.000 reclamaciones a 200 compa\u00f1\u00edas<\/h2>\n<p><span style=\"font-weight: 400;\">En 2017, en reclamador.es gestiononamos m\u00e1s de <\/span><b>27.000 reclamaciones a 200 compa\u00f1\u00edas a\u00e9reas<\/b><span style=\"font-weight: 400;\"> diferentes, consiguiendo indemnizaciones de entre <\/span><b>250 y 600 euros <\/b><span style=\"font-weight: 400;\">por retrasos, cancelaciones y denegaciones de embarque, y de hasta <\/span><b>1.400 euros<\/b><span style=\"font-weight: 400;\"> por incidentes con el equipaje.<\/span><\/p>\n<p>Si quieres conocer cu\u00e1les han sido las aerol\u00edneas m\u00e1s reclamadas por reclamador.es en 2017, mira la siguiente tabla:<\/p>\n<figure id=\"attachment_16852\" aria-describedby=\"caption-attachment-16852\" style=\"width: 555px\" class=\"wp-caption aligncenter\"><img data-recalc-dims=\"1\" loading=\"lazy\" decoding=\"async\" class=\"wp-image-16852 size-full\" title=\"aerol\u00edneas m\u00e1s reclamadas\" src=\"https:\/\/i0.wp.com\/www.reclamador.es\/blog\/wp-content\/uploads\/2018\/01\/ranking-reclamador-aerolineas2017.png?resize=555%2C851&#038;ssl=1\" alt=\"reclamaciones-aerolineas-reclamador\" width=\"555\" height=\"851\" srcset=\"https:\/\/i0.wp.com\/www.reclamador.es\/blog\/wp-content\/uploads\/2018\/01\/ranking-reclamador-aerolineas2017.png?w=555&amp;ssl=1 555w, https:\/\/i0.wp.com\/www.reclamador.es\/blog\/wp-content\/uploads\/2018\/01\/ranking-reclamador-aerolineas2017.png?resize=98%2C150&amp;ssl=1 98w, https:\/\/i0.wp.com\/www.reclamador.es\/blog\/wp-content\/uploads\/2018\/01\/ranking-reclamador-aerolineas2017.png?resize=196%2C300&amp;ssl=1 196w\" sizes=\"auto, (max-width: 555px) 100vw, 555px\" \/><figcaption id=\"caption-attachment-16852\" class=\"wp-caption-text\"><em>Reclamaciones recibidas en reclamador.es para aeropuertos de salida Espa\u00f1a 2017.\u00a0La tabla ha sido elaborada en funci\u00f3n de las reclamaciones recibidas en reclamador.es entre enero y diciembre del pasado a\u00f1o.<\/em><\/figcaption><\/figure>\n<h2><b>El ratio de reclamaciones a las 20 aerol\u00edneas que m\u00e1s pasajeros transportan<\/b><\/h2>\n<p><span style=\"font-weight: 400;\">Con los datos de los viajeros que transport\u00f3 cada aerol\u00ednea en 2017 y el n\u00famero de reclamaciones gestionadas por reclamador.es, hemos elaborado un ranking ponderado que sit\u00faa a <\/span><b>Air Europa en la primera posici\u00f3n en cuanto a la aerol\u00ednea con el ratio m\u00e1s elevado de reclamaciones <\/b><span style=\"font-weight: 400;\">(0,0208%)<\/span>, seguido de<b> TAP<\/b> y<b> Air France<\/b><span style=\"font-weight: 400;\">, respectivamente. <\/span><\/p>\n<p><span style=\"font-weight: 400;\">Tomando como datos el volumen de pasajeros transportados y el n\u00famero de reclamaciones que recibe, <\/span><b>Iberia<\/b><span style=\"font-weight: 400;\"> se sit\u00faa en la cuarta posici\u00f3n del ranking, mientras que <\/span><b>vueling<\/b><span style=\"font-weight: 400;\"> desciende hasta la quinta posici\u00f3n. <\/span><\/p>\n<figure id=\"attachment_16856\" aria-describedby=\"caption-attachment-16856\" style=\"width: 555px\" class=\"wp-caption aligncenter\"><img data-recalc-dims=\"1\" loading=\"lazy\" decoding=\"async\" class=\"size-full wp-image-16856\" src=\"https:\/\/i0.wp.com\/www.reclamador.es\/blog\/wp-content\/uploads\/2018\/01\/aerolineas-mas-viajeros-mas-reclamadas2.png?resize=555%2C696&#038;ssl=1\" alt=\"ranking-reclamador-2017-aerolineas\" width=\"555\" height=\"696\" srcset=\"https:\/\/i0.wp.com\/www.reclamador.es\/blog\/wp-content\/uploads\/2018\/01\/aerolineas-mas-viajeros-mas-reclamadas2.png?w=555&amp;ssl=1 555w, https:\/\/i0.wp.com\/www.reclamador.es\/blog\/wp-content\/uploads\/2018\/01\/aerolineas-mas-viajeros-mas-reclamadas2.png?resize=120%2C150&amp;ssl=1 120w, https:\/\/i0.wp.com\/www.reclamador.es\/blog\/wp-content\/uploads\/2018\/01\/aerolineas-mas-viajeros-mas-reclamadas2.png?resize=239%2C300&amp;ssl=1 239w\" sizes=\"auto, (max-width: 555px) 100vw, 555px\" \/><figcaption id=\"caption-attachment-16856\" class=\"wp-caption-text\"><em>Ranking ponderado de reclamaciones en 2017 entre las 20 compa\u00f1\u00edas que m\u00e1s pasajeros han transportado<\/em><\/figcaption><\/figure>\n<h2><b>Compa\u00f1\u00edas con pocos pasajeros al a\u00f1o pero que tienen muchas reclamaciones <\/b><\/h2>\n<p><span style=\"font-weight: 400;\">Tambi\u00e9n hemos realizado el <\/span><b>an\u00e1lisis de aerol\u00edneas con pocos viajeros y muchas reclamaciones<\/b><span style=\"font-weight: 400;\">. Para este ranking hemos seleccionado las 20 primeras compa\u00f1\u00edas por reclamaciones en reclamador.es en 2017. <\/span><a href=\"https:\/\/www.reclamador.es\/blog\/danirian-gana-reclamacion-a-cubana-de-aviacion\/\"><b>Cubana de Aviaci\u00f3n <\/b><\/a><span style=\"font-weight: 400;\">encabeza este ranking ponderado, con 32.000 viajeros y m\u00e1s de 600 reclamaciones (ratio del 1,8841%). En segunda posici\u00f3n se sit\u00faa\u00a0<\/span><b>Plus Ultra<\/b><span style=\"font-weight: 400;\"> con un ratio de 1,0084%. Cierra el podio <\/span><b>Wamos<\/b><span style=\"font-weight: 400;\">, con un ratio del 0,2588%.<\/span><\/p>\n<p><span style=\"font-weight: 400;\">Comparando estas tres aerol\u00edneas (Cubana de Aviaci\u00f3n<\/span>, <span style=\"font-weight: 400;\">Plus Ultra y Wamos) vemos la diferencia con Air Europa, que se situaba en cabeza del anterior estudio, con un ratio de reclamaciones del 0,0208%.<\/span><\/p>\n<h2 style=\"text-align: center;\"><a class=\"button-lead\" href=\"https:\/\/www.reclamador.es\/aerolineas\/\">\u00bfQuieres hacer una reclamaci\u00f3n a una aerol\u00ednea?<\/a><\/h2>\n<p>Si te ha parecido interesante este ranking de aerol\u00edneas m\u00e1s reclamadas en el a\u00f1o 2017 por reclamador.es, \u00a1comp\u00e1rtelo en tus redes!<\/p>\n<div class=\"ttr_end\"><\/div>","protected":false},"excerpt":{"rendered":"<p>Nos gusta viajar. Aprovechar un par de d\u00edas libres para coger un avi\u00f3n y desconectar. Conocer rincones de Espa\u00f1a y del resto del mundo. Prueba de ello es que por los aeropuertos espa\u00f1oles pasaron el a\u00f1o pasado 249,2 millones de viajeros. Sobrepasando as\u00ed en un 8,2% el tr\u00e1fico de pasajeros registrado el a\u00f1o anterior. \u00a1Un [&hellip;]<\/p>\n","protected":false},"author":1,"featured_media":16874,"comment_status":"closed","ping_status":"open","sticky":false,"template":"","format":"standard","meta":{"_acf_changed":false,"_genesis_hide_title":false,"_genesis_hide_breadcrumbs":false,"_genesis_hide_singular_image":false,"_genesis_hide_footer_widgets":false,"_genesis_custom_body_class":"","_genesis_custom_post_class":"","_genesis_layout":"","_jetpack_newsletter_access":"","_jetpack_dont_email_post_to_subs":false,"_jetpack_newsletter_tier_id":0,"_jetpack_memberships_contains_paywalled_content":false,"_jetpack_memberships_contains_paid_content":false,"footnotes":""},"categories":[392],"tags":[380,619,255,695,289],"class_list":{"0":"post-16846","1":"post","2":"type-post","3":"status-publish","4":"format-standard","5":"has-post-thumbnail","7":"category-noticias","8":"tag-aerolineas","9":"tag-compania-aerea","10":"tag-indemnizacion","11":"tag-ranking","12":"tag-reclamacion","13":"entry"},"acf":[],"yoast_head":"<!-- This site is optimized with the Yoast SEO plugin v27.4 - https:\/\/yoast.com\/product\/yoast-seo-wordpress\/ -->\n<title>Aerol\u00edneas m\u00e1s Reclamadas por los Viajeros en 2017<\/title>\n<meta name=\"description\" content=\"Las tres aerol\u00edneas m\u00e1s reclamadas en 2017, seg\u00fan el ranking de reclamador.es, fueron Ryanair, vueling e Iberia. Conoce las aerol\u00edneas m\u00e1s problem\u00e1ticas.\" \/>\n<meta name=\"robots\" content=\"index, follow, max-snippet:-1, max-image-preview:large, max-video-preview:-1\" \/>\n<link rel=\"canonical\" href=\"https:\/\/www.reclamador.es\/blog\/aerolineas-mas-reclamadas-2017\/\" \/>\n<meta property=\"og:locale\" content=\"es_ES\" \/>\n<meta property=\"og:type\" content=\"article\" \/>\n<meta property=\"og:title\" content=\"Aerol\u00edneas m\u00e1s Reclamadas por los Viajeros en 2017\" \/>\n<meta property=\"og:description\" content=\"Las tres aerol\u00edneas m\u00e1s reclamadas en 2017, seg\u00fan el ranking de reclamador.es, fueron Ryanair, vueling e Iberia. Conoce las aerol\u00edneas m\u00e1s problem\u00e1ticas.\" \/>\n<meta property=\"og:url\" content=\"https:\/\/www.reclamador.es\/blog\/aerolineas-mas-reclamadas-2017\/\" \/>\n<meta property=\"og:site_name\" content=\"Rebeldes con causa, el blog de reclamador.es\" \/>\n<meta property=\"article:publisher\" content=\"https:\/\/www.facebook.com\/reclamador.es\" \/>\n<meta property=\"article:published_time\" content=\"2018-01-25T09:09:25+00:00\" \/>\n<meta property=\"article:modified_time\" content=\"2023-11-20T09:31:31+00:00\" \/>\n<meta property=\"og:image\" content=\"https:\/\/i0.wp.com\/www.reclamador.es\/blog\/wp-content\/uploads\/2018\/01\/Ranking_aerolineas2017.jpg?fit=1200%2C800&ssl=1\" \/>\n\t<meta property=\"og:image:width\" content=\"1200\" \/>\n\t<meta property=\"og:image:height\" content=\"800\" \/>\n\t<meta property=\"og:image:type\" content=\"image\/jpeg\" \/>\n<meta name=\"author\" content=\"Equipo reclamador\" \/>\n<meta name=\"twitter:card\" content=\"summary_large_image\" \/>\n<meta name=\"twitter:creator\" content=\"@reclamador\" \/>\n<meta name=\"twitter:site\" content=\"@reclamador\" \/>\n<meta name=\"twitter:label1\" content=\"Escrito por\" \/>\n\t<meta name=\"twitter:data1\" content=\"Equipo reclamador\" \/>\n\t<meta name=\"twitter:label2\" content=\"Tiempo de lectura\" \/>\n\t<meta name=\"twitter:data2\" content=\"4 minutos\" \/>\n<script type=\"application\/ld+json\" class=\"yoast-schema-graph\">{\"@context\":\"https:\\\/\\\/schema.org\",\"@graph\":[{\"@type\":\"Article\",\"@id\":\"https:\\\/\\\/www.reclamador.es\\\/blog\\\/aerolineas-mas-reclamadas-2017\\\/#article\",\"isPartOf\":{\"@id\":\"https:\\\/\\\/www.reclamador.es\\\/blog\\\/aerolineas-mas-reclamadas-2017\\\/\"},\"author\":{\"name\":\"Equipo reclamador\",\"@id\":\"https:\\\/\\\/www.reclamador.es\\\/blog\\\/#\\\/schema\\\/person\\\/1ed83eef8b6566cb5e4c812d9bc5c4bf\"},\"headline\":\"Viajero, toma nota: las aerol\u00edneas m\u00e1s reclamadas en 2017\",\"datePublished\":\"2018-01-25T09:09:25+00:00\",\"dateModified\":\"2023-11-20T09:31:31+00:00\",\"mainEntityOfPage\":{\"@id\":\"https:\\\/\\\/www.reclamador.es\\\/blog\\\/aerolineas-mas-reclamadas-2017\\\/\"},\"wordCount\":783,\"publisher\":{\"@id\":\"https:\\\/\\\/www.reclamador.es\\\/blog\\\/#organization\"},\"image\":{\"@id\":\"https:\\\/\\\/www.reclamador.es\\\/blog\\\/aerolineas-mas-reclamadas-2017\\\/#primaryimage\"},\"thumbnailUrl\":\"https:\\\/\\\/i0.wp.com\\\/www.reclamador.es\\\/blog\\\/wp-content\\\/uploads\\\/2018\\\/01\\\/Ranking_aerolineas2017.jpg?fit=1200%2C800&ssl=1\",\"keywords\":[\"aerol\u00edneas\",\"compa\u00f1\u00eda a\u00e9rea\",\"indemnizaci\u00f3n\",\"ranking\",\"reclamaci\u00f3n\"],\"articleSection\":[\"Noticias y actualidad\"],\"inLanguage\":\"es\"},{\"@type\":\"WebPage\",\"@id\":\"https:\\\/\\\/www.reclamador.es\\\/blog\\\/aerolineas-mas-reclamadas-2017\\\/\",\"url\":\"https:\\\/\\\/www.reclamador.es\\\/blog\\\/aerolineas-mas-reclamadas-2017\\\/\",\"name\":\"Aerol\u00edneas m\u00e1s Reclamadas por los Viajeros en 2017\",\"isPartOf\":{\"@id\":\"https:\\\/\\\/www.reclamador.es\\\/blog\\\/#website\"},\"primaryImageOfPage\":{\"@id\":\"https:\\\/\\\/www.reclamador.es\\\/blog\\\/aerolineas-mas-reclamadas-2017\\\/#primaryimage\"},\"image\":{\"@id\":\"https:\\\/\\\/www.reclamador.es\\\/blog\\\/aerolineas-mas-reclamadas-2017\\\/#primaryimage\"},\"thumbnailUrl\":\"https:\\\/\\\/i0.wp.com\\\/www.reclamador.es\\\/blog\\\/wp-content\\\/uploads\\\/2018\\\/01\\\/Ranking_aerolineas2017.jpg?fit=1200%2C800&ssl=1\",\"datePublished\":\"2018-01-25T09:09:25+00:00\",\"dateModified\":\"2023-11-20T09:31:31+00:00\",\"description\":\"Las tres aerol\u00edneas m\u00e1s reclamadas en 2017, seg\u00fan el ranking de reclamador.es, fueron Ryanair, vueling e Iberia. Conoce las aerol\u00edneas m\u00e1s problem\u00e1ticas.\",\"breadcrumb\":{\"@id\":\"https:\\\/\\\/www.reclamador.es\\\/blog\\\/aerolineas-mas-reclamadas-2017\\\/#breadcrumb\"},\"inLanguage\":\"es\",\"potentialAction\":[{\"@type\":\"ReadAction\",\"target\":[\"https:\\\/\\\/www.reclamador.es\\\/blog\\\/aerolineas-mas-reclamadas-2017\\\/\"]}]},{\"@type\":\"ImageObject\",\"inLanguage\":\"es\",\"@id\":\"https:\\\/\\\/www.reclamador.es\\\/blog\\\/aerolineas-mas-reclamadas-2017\\\/#primaryimage\",\"url\":\"https:\\\/\\\/i0.wp.com\\\/www.reclamador.es\\\/blog\\\/wp-content\\\/uploads\\\/2018\\\/01\\\/Ranking_aerolineas2017.jpg?fit=1200%2C800&ssl=1\",\"contentUrl\":\"https:\\\/\\\/i0.wp.com\\\/www.reclamador.es\\\/blog\\\/wp-content\\\/uploads\\\/2018\\\/01\\\/Ranking_aerolineas2017.jpg?fit=1200%2C800&ssl=1\",\"width\":1200,\"height\":800,\"caption\":\"Ranking de reclamador.es de aerolineas m\u00e1s reclamadas en 2017\"},{\"@type\":\"BreadcrumbList\",\"@id\":\"https:\\\/\\\/www.reclamador.es\\\/blog\\\/aerolineas-mas-reclamadas-2017\\\/#breadcrumb\",\"itemListElement\":[{\"@type\":\"ListItem\",\"position\":1,\"name\":\"Portada\",\"item\":\"https:\\\/\\\/www.reclamador.es\\\/blog\\\/\"},{\"@type\":\"ListItem\",\"position\":2,\"name\":\"Viajero, toma nota: las aerol\u00edneas m\u00e1s reclamadas en 2017\"}]},{\"@type\":\"WebSite\",\"@id\":\"https:\\\/\\\/www.reclamador.es\\\/blog\\\/#website\",\"url\":\"https:\\\/\\\/www.reclamador.es\\\/blog\\\/\",\"name\":\"Rebeldes con causa, el blog de reclamador.es\",\"description\":\"Noticias, entrevistas y consejos sobre reclamaciones\",\"publisher\":{\"@id\":\"https:\\\/\\\/www.reclamador.es\\\/blog\\\/#organization\"},\"potentialAction\":[{\"@type\":\"SearchAction\",\"target\":{\"@type\":\"EntryPoint\",\"urlTemplate\":\"https:\\\/\\\/www.reclamador.es\\\/blog\\\/?s={search_term_string}\"},\"query-input\":{\"@type\":\"PropertyValueSpecification\",\"valueRequired\":true,\"valueName\":\"search_term_string\"}}],\"inLanguage\":\"es\"},{\"@type\":\"Organization\",\"@id\":\"https:\\\/\\\/www.reclamador.es\\\/blog\\\/#organization\",\"name\":\"reclamador.es\",\"url\":\"https:\\\/\\\/www.reclamador.es\\\/blog\\\/\",\"logo\":{\"@type\":\"ImageObject\",\"inLanguage\":\"es\",\"@id\":\"https:\\\/\\\/www.reclamador.es\\\/blog\\\/#\\\/schema\\\/logo\\\/image\\\/\",\"url\":\"https:\\\/\\\/i0.wp.com\\\/www.reclamador.es\\\/blog\\\/wp-content\\\/uploads\\\/2020\\\/01\\\/logo-reclamador.png?fit=1200%2C144&ssl=1\",\"contentUrl\":\"https:\\\/\\\/i0.wp.com\\\/www.reclamador.es\\\/blog\\\/wp-content\\\/uploads\\\/2020\\\/01\\\/logo-reclamador.png?fit=1200%2C144&ssl=1\",\"width\":1200,\"height\":144,\"caption\":\"reclamador.es\"},\"image\":{\"@id\":\"https:\\\/\\\/www.reclamador.es\\\/blog\\\/#\\\/schema\\\/logo\\\/image\\\/\"},\"sameAs\":[\"https:\\\/\\\/www.facebook.com\\\/reclamador.es\",\"https:\\\/\\\/x.com\\\/reclamador\",\"https:\\\/\\\/www.instagram.com\\\/reclamador.es\\\/\",\"https:\\\/\\\/www.linkedin.com\\\/company\\\/reclamador-es\",\"https:\\\/\\\/www.youtube.com\\\/user\\\/Reclamadores\"]},{\"@type\":\"Person\",\"@id\":\"https:\\\/\\\/www.reclamador.es\\\/blog\\\/#\\\/schema\\\/person\\\/1ed83eef8b6566cb5e4c812d9bc5c4bf\",\"name\":\"Equipo reclamador\",\"image\":{\"@type\":\"ImageObject\",\"inLanguage\":\"es\",\"@id\":\"https:\\\/\\\/secure.gravatar.com\\\/avatar\\\/6442ecdc2c4472c600c113f34d340feca47107d6aa4f42f1e3e75a2a8e28a760?s=96&d=mm&r=g\",\"url\":\"https:\\\/\\\/secure.gravatar.com\\\/avatar\\\/6442ecdc2c4472c600c113f34d340feca47107d6aa4f42f1e3e75a2a8e28a760?s=96&d=mm&r=g\",\"contentUrl\":\"https:\\\/\\\/secure.gravatar.com\\\/avatar\\\/6442ecdc2c4472c600c113f34d340feca47107d6aa4f42f1e3e75a2a8e28a760?s=96&d=mm&r=g\",\"caption\":\"Equipo reclamador\"},\"description\":\"Las personas que hacen posible reclamador.es\",\"url\":\"https:\\\/\\\/www.reclamador.es\\\/blog\\\/author\\\/administrador\\\/\"}]}<\/script>\n<!-- \/ Yoast SEO plugin. -->","yoast_head_json":{"title":"Aerol\u00edneas m\u00e1s Reclamadas por los Viajeros en 2017","description":"Las tres aerol\u00edneas m\u00e1s reclamadas en 2017, seg\u00fan el ranking de reclamador.es, fueron Ryanair, vueling e Iberia. Conoce las aerol\u00edneas m\u00e1s problem\u00e1ticas.","robots":{"index":"index","follow":"follow","max-snippet":"max-snippet:-1","max-image-preview":"max-image-preview:large","max-video-preview":"max-video-preview:-1"},"canonical":"https:\/\/www.reclamador.es\/blog\/aerolineas-mas-reclamadas-2017\/","og_locale":"es_ES","og_type":"article","og_title":"Aerol\u00edneas m\u00e1s Reclamadas por los Viajeros en 2017","og_description":"Las tres aerol\u00edneas m\u00e1s reclamadas en 2017, seg\u00fan el ranking de reclamador.es, fueron Ryanair, vueling e Iberia. Conoce las aerol\u00edneas m\u00e1s problem\u00e1ticas.","og_url":"https:\/\/www.reclamador.es\/blog\/aerolineas-mas-reclamadas-2017\/","og_site_name":"Rebeldes con causa, el blog de reclamador.es","article_publisher":"https:\/\/www.facebook.com\/reclamador.es","article_published_time":"2018-01-25T09:09:25+00:00","article_modified_time":"2023-11-20T09:31:31+00:00","og_image":[{"width":1200,"height":800,"url":"https:\/\/i0.wp.com\/www.reclamador.es\/blog\/wp-content\/uploads\/2018\/01\/Ranking_aerolineas2017.jpg?fit=1200%2C800&ssl=1","type":"image\/jpeg"}],"author":"Equipo reclamador","twitter_card":"summary_large_image","twitter_creator":"@reclamador","twitter_site":"@reclamador","twitter_misc":{"Escrito por":"Equipo reclamador","Tiempo de lectura":"4 minutos"},"schema":{"@context":"https:\/\/schema.org","@graph":[{"@type":"Article","@id":"https:\/\/www.reclamador.es\/blog\/aerolineas-mas-reclamadas-2017\/#article","isPartOf":{"@id":"https:\/\/www.reclamador.es\/blog\/aerolineas-mas-reclamadas-2017\/"},"author":{"name":"Equipo reclamador","@id":"https:\/\/www.reclamador.es\/blog\/#\/schema\/person\/1ed83eef8b6566cb5e4c812d9bc5c4bf"},"headline":"Viajero, toma nota: las aerol\u00edneas m\u00e1s reclamadas en 2017","datePublished":"2018-01-25T09:09:25+00:00","dateModified":"2023-11-20T09:31:31+00:00","mainEntityOfPage":{"@id":"https:\/\/www.reclamador.es\/blog\/aerolineas-mas-reclamadas-2017\/"},"wordCount":783,"publisher":{"@id":"https:\/\/www.reclamador.es\/blog\/#organization"},"image":{"@id":"https:\/\/www.reclamador.es\/blog\/aerolineas-mas-reclamadas-2017\/#primaryimage"},"thumbnailUrl":"https:\/\/i0.wp.com\/www.reclamador.es\/blog\/wp-content\/uploads\/2018\/01\/Ranking_aerolineas2017.jpg?fit=1200%2C800&ssl=1","keywords":["aerol\u00edneas","compa\u00f1\u00eda a\u00e9rea","indemnizaci\u00f3n","ranking","reclamaci\u00f3n"],"articleSection":["Noticias y actualidad"],"inLanguage":"es"},{"@type":"WebPage","@id":"https:\/\/www.reclamador.es\/blog\/aerolineas-mas-reclamadas-2017\/","url":"https:\/\/www.reclamador.es\/blog\/aerolineas-mas-reclamadas-2017\/","name":"Aerol\u00edneas m\u00e1s Reclamadas por los Viajeros en 2017","isPartOf":{"@id":"https:\/\/www.reclamador.es\/blog\/#website"},"primaryImageOfPage":{"@id":"https:\/\/www.reclamador.es\/blog\/aerolineas-mas-reclamadas-2017\/#primaryimage"},"image":{"@id":"https:\/\/www.reclamador.es\/blog\/aerolineas-mas-reclamadas-2017\/#primaryimage"},"thumbnailUrl":"https:\/\/i0.wp.com\/www.reclamador.es\/blog\/wp-content\/uploads\/2018\/01\/Ranking_aerolineas2017.jpg?fit=1200%2C800&ssl=1","datePublished":"2018-01-25T09:09:25+00:00","dateModified":"2023-11-20T09:31:31+00:00","description":"Las tres aerol\u00edneas m\u00e1s reclamadas en 2017, seg\u00fan el ranking de reclamador.es, fueron Ryanair, vueling e Iberia. Conoce las aerol\u00edneas m\u00e1s problem\u00e1ticas.","breadcrumb":{"@id":"https:\/\/www.reclamador.es\/blog\/aerolineas-mas-reclamadas-2017\/#breadcrumb"},"inLanguage":"es","potentialAction":[{"@type":"ReadAction","target":["https:\/\/www.reclamador.es\/blog\/aerolineas-mas-reclamadas-2017\/"]}]},{"@type":"ImageObject","inLanguage":"es","@id":"https:\/\/www.reclamador.es\/blog\/aerolineas-mas-reclamadas-2017\/#primaryimage","url":"https:\/\/i0.wp.com\/www.reclamador.es\/blog\/wp-content\/uploads\/2018\/01\/Ranking_aerolineas2017.jpg?fit=1200%2C800&ssl=1","contentUrl":"https:\/\/i0.wp.com\/www.reclamador.es\/blog\/wp-content\/uploads\/2018\/01\/Ranking_aerolineas2017.jpg?fit=1200%2C800&ssl=1","width":1200,"height":800,"caption":"Ranking de reclamador.es de aerolineas m\u00e1s reclamadas en 2017"},{"@type":"BreadcrumbList","@id":"https:\/\/www.reclamador.es\/blog\/aerolineas-mas-reclamadas-2017\/#breadcrumb","itemListElement":[{"@type":"ListItem","position":1,"name":"Portada","item":"https:\/\/www.reclamador.es\/blog\/"},{"@type":"ListItem","position":2,"name":"Viajero, toma nota: las aerol\u00edneas m\u00e1s reclamadas en 2017"}]},{"@type":"WebSite","@id":"https:\/\/www.reclamador.es\/blog\/#website","url":"https:\/\/www.reclamador.es\/blog\/","name":"Rebeldes con causa, el blog de reclamador.es","description":"Noticias, entrevistas y consejos sobre reclamaciones","publisher":{"@id":"https:\/\/www.reclamador.es\/blog\/#organization"},"potentialAction":[{"@type":"SearchAction","target":{"@type":"EntryPoint","urlTemplate":"https:\/\/www.reclamador.es\/blog\/?s={search_term_string}"},"query-input":{"@type":"PropertyValueSpecification","valueRequired":true,"valueName":"search_term_string"}}],"inLanguage":"es"},{"@type":"Organization","@id":"https:\/\/www.reclamador.es\/blog\/#organization","name":"reclamador.es","url":"https:\/\/www.reclamador.es\/blog\/","logo":{"@type":"ImageObject","inLanguage":"es","@id":"https:\/\/www.reclamador.es\/blog\/#\/schema\/logo\/image\/","url":"https:\/\/i0.wp.com\/www.reclamador.es\/blog\/wp-content\/uploads\/2020\/01\/logo-reclamador.png?fit=1200%2C144&ssl=1","contentUrl":"https:\/\/i0.wp.com\/www.reclamador.es\/blog\/wp-content\/uploads\/2020\/01\/logo-reclamador.png?fit=1200%2C144&ssl=1","width":1200,"height":144,"caption":"reclamador.es"},"image":{"@id":"https:\/\/www.reclamador.es\/blog\/#\/schema\/logo\/image\/"},"sameAs":["https:\/\/www.facebook.com\/reclamador.es","https:\/\/x.com\/reclamador","https:\/\/www.instagram.com\/reclamador.es\/","https:\/\/www.linkedin.com\/company\/reclamador-es","https:\/\/www.youtube.com\/user\/Reclamadores"]},{"@type":"Person","@id":"https:\/\/www.reclamador.es\/blog\/#\/schema\/person\/1ed83eef8b6566cb5e4c812d9bc5c4bf","name":"Equipo reclamador","image":{"@type":"ImageObject","inLanguage":"es","@id":"https:\/\/secure.gravatar.com\/avatar\/6442ecdc2c4472c600c113f34d340feca47107d6aa4f42f1e3e75a2a8e28a760?s=96&d=mm&r=g","url":"https:\/\/secure.gravatar.com\/avatar\/6442ecdc2c4472c600c113f34d340feca47107d6aa4f42f1e3e75a2a8e28a760?s=96&d=mm&r=g","contentUrl":"https:\/\/secure.gravatar.com\/avatar\/6442ecdc2c4472c600c113f34d340feca47107d6aa4f42f1e3e75a2a8e28a760?s=96&d=mm&r=g","caption":"Equipo reclamador"},"description":"Las personas que hacen posible reclamador.es","url":"https:\/\/www.reclamador.es\/blog\/author\/administrador\/"}]}},"jetpack_featured_media_url":"https:\/\/i0.wp.com\/www.reclamador.es\/blog\/wp-content\/uploads\/2018\/01\/Ranking_aerolineas2017.jpg?fit=1200%2C800&ssl=1","jetpack-related-posts":[{"id":32839,"url":"https:\/\/www.reclamador.es\/blog\/ranking-aerolineas-mas-reclamadas-verano\/","url_meta":{"origin":16846,"position":0},"title":"Ranking verano 2024: las aerol\u00edneas m\u00e1s reclamadas","author":"Equipo reclamador","date":"17 septiembre, 2024","format":false,"excerpt":"Durante los meses de junio, julio y agosto de 2024, reclamador.es ha registrado m\u00e1s de 13.000 reclamaciones contra 113 aerol\u00edneas, con Ryanair y Vueling liderando la lista de las m\u00e1s reclamadas por incidentes como retrasos (49 %) y cancelaciones (39,5 %). Las indemnizaciones pueden alcanzar los 600 \u20ac, m\u00e1s los\u2026","rel":"","context":"En \u00abNoticias y actualidad\u00bb","block_context":{"text":"Noticias y actualidad","link":"https:\/\/www.reclamador.es\/blog\/noticias\/"},"img":{"alt_text":"ryanair aeropuerto - aerolinea m\u00e1s reclamada","src":"https:\/\/i0.wp.com\/www.reclamador.es\/blog\/wp-content\/uploads\/2024\/09\/ranking-aerolineas-mas-reclamadas-verano-2024-1200x630-1.jpg?fit=1200%2C630&ssl=1&resize=350%2C200","width":350,"height":200,"srcset":"https:\/\/i0.wp.com\/www.reclamador.es\/blog\/wp-content\/uploads\/2024\/09\/ranking-aerolineas-mas-reclamadas-verano-2024-1200x630-1.jpg?fit=1200%2C630&ssl=1&resize=350%2C200 1x, https:\/\/i0.wp.com\/www.reclamador.es\/blog\/wp-content\/uploads\/2024\/09\/ranking-aerolineas-mas-reclamadas-verano-2024-1200x630-1.jpg?fit=1200%2C630&ssl=1&resize=525%2C300 1.5x, https:\/\/i0.wp.com\/www.reclamador.es\/blog\/wp-content\/uploads\/2024\/09\/ranking-aerolineas-mas-reclamadas-verano-2024-1200x630-1.jpg?fit=1200%2C630&ssl=1&resize=700%2C400 2x, https:\/\/i0.wp.com\/www.reclamador.es\/blog\/wp-content\/uploads\/2024\/09\/ranking-aerolineas-mas-reclamadas-verano-2024-1200x630-1.jpg?fit=1200%2C630&ssl=1&resize=1050%2C600 3x"},"classes":[]},{"id":31967,"url":"https:\/\/www.reclamador.es\/blog\/aerolineas-low-cost-seguras\/","url_meta":{"origin":16846,"position":1},"title":"Las aerol\u00edneas low cost m\u00e1s seguras para viajar en 2024","author":"Alicia Ria\u00f1o","date":"8 febrero, 2024","format":false,"excerpt":"Ya lo escribi\u00f3 Gloria Fuertes: \"Viajar es un placer\". Cada a\u00f1o, millones de personas viajan para descubrir nuevos rincones, culturas, gastronom\u00eda... Y uno de los medios de transporte favorito, y m\u00e1s cuando se trata de un trayecto de ciento o miles de kil\u00f3metros, es el avi\u00f3n. Gracias a las compa\u00f1\u00edas\u2026","rel":"","context":"En \u00abNoticias y actualidad\u00bb","block_context":{"text":"Noticias y actualidad","link":"https:\/\/www.reclamador.es\/blog\/noticias\/"},"img":{"alt_text":"listado aerol\u00edneas low cost m\u00e1s seguras","src":"https:\/\/i0.wp.com\/www.reclamador.es\/blog\/wp-content\/uploads\/2024\/02\/aerolineas-low-cost-seguras-1200x630-1.jpg?fit=1200%2C630&ssl=1&resize=350%2C200","width":350,"height":200,"srcset":"https:\/\/i0.wp.com\/www.reclamador.es\/blog\/wp-content\/uploads\/2024\/02\/aerolineas-low-cost-seguras-1200x630-1.jpg?fit=1200%2C630&ssl=1&resize=350%2C200 1x, https:\/\/i0.wp.com\/www.reclamador.es\/blog\/wp-content\/uploads\/2024\/02\/aerolineas-low-cost-seguras-1200x630-1.jpg?fit=1200%2C630&ssl=1&resize=525%2C300 1.5x, https:\/\/i0.wp.com\/www.reclamador.es\/blog\/wp-content\/uploads\/2024\/02\/aerolineas-low-cost-seguras-1200x630-1.jpg?fit=1200%2C630&ssl=1&resize=700%2C400 2x, https:\/\/i0.wp.com\/www.reclamador.es\/blog\/wp-content\/uploads\/2024\/02\/aerolineas-low-cost-seguras-1200x630-1.jpg?fit=1200%2C630&ssl=1&resize=1050%2C600 3x"},"classes":[]},{"id":32504,"url":"https:\/\/www.reclamador.es\/blog\/que-aerolineas-hacen-overbooking\/","url_meta":{"origin":16846,"position":2},"title":"\u00bfQu\u00e9 aerol\u00edneas hacen overbooking?","author":"Equipo reclamador","date":"18 junio, 2024","format":false,"excerpt":"El overbooking, o sobreventa de billetes, es una pr\u00e1ctica com\u00fan en la industria a\u00e9rea que puede causar muchos inconvenientes a los pasajeros. En reclamador.es hemos recopilado datos de las reclamaciones que hemos gestionado por overbooking a cada aerol\u00ednea, para ofrecerte una visi\u00f3n clara de las compa\u00f1\u00edas a\u00e9reas que m\u00e1s practican\u2026","rel":"","context":"En \u00abNoticias y actualidad\u00bb","block_context":{"text":"Noticias y actualidad","link":"https:\/\/www.reclamador.es\/blog\/noticias\/"},"img":{"alt_text":"ranking reclamaciones aerol\u00edneas overbooking reclamador","src":"https:\/\/i0.wp.com\/www.reclamador.es\/blog\/wp-content\/uploads\/2024\/06\/que-aerolineas-hacen-overbooking-1200x630-1.jpg?fit=1200%2C630&ssl=1&resize=350%2C200","width":350,"height":200,"srcset":"https:\/\/i0.wp.com\/www.reclamador.es\/blog\/wp-content\/uploads\/2024\/06\/que-aerolineas-hacen-overbooking-1200x630-1.jpg?fit=1200%2C630&ssl=1&resize=350%2C200 1x, https:\/\/i0.wp.com\/www.reclamador.es\/blog\/wp-content\/uploads\/2024\/06\/que-aerolineas-hacen-overbooking-1200x630-1.jpg?fit=1200%2C630&ssl=1&resize=525%2C300 1.5x, https:\/\/i0.wp.com\/www.reclamador.es\/blog\/wp-content\/uploads\/2024\/06\/que-aerolineas-hacen-overbooking-1200x630-1.jpg?fit=1200%2C630&ssl=1&resize=700%2C400 2x, https:\/\/i0.wp.com\/www.reclamador.es\/blog\/wp-content\/uploads\/2024\/06\/que-aerolineas-hacen-overbooking-1200x630-1.jpg?fit=1200%2C630&ssl=1&resize=1050%2C600 3x"},"classes":[]},{"id":21006,"url":"https:\/\/www.reclamador.es\/blog\/ranking-aerolineas-mas-reclamadas-2018\/","url_meta":{"origin":16846,"position":3},"title":"\u00bfCu\u00e1l fue la aerol\u00ednea m\u00e1s reclamada en 2018?","author":"Equipo reclamador","date":"7 febrero, 2019","format":false,"excerpt":"Vueling, Ryanair e Iberia. Estas son las tres aerol\u00edneas que durante el pasado 2018 recibieron m\u00e1s reclamaciones en nuestra web. Como ya sucediera en 2016, Vueling vuelve a la primera posici\u00f3n del ranking, desbancando a Ryanair a la segunda posici\u00f3n. Iberia, por su parte, mantiene el tercer puesto que ya\u2026","rel":"","context":"En \u00abNoticias y actualidad\u00bb","block_context":{"text":"Noticias y actualidad","link":"https:\/\/www.reclamador.es\/blog\/noticias\/"},"img":{"alt_text":"aerolineas mas reclamadas 2018 reclamador.es","src":"https:\/\/i0.wp.com\/www.reclamador.es\/blog\/wp-content\/uploads\/2019\/02\/aerolineas-mas-reclamadas-en-2018.jpg?fit=1200%2C799&ssl=1&resize=350%2C200","width":350,"height":200,"srcset":"https:\/\/i0.wp.com\/www.reclamador.es\/blog\/wp-content\/uploads\/2019\/02\/aerolineas-mas-reclamadas-en-2018.jpg?fit=1200%2C799&ssl=1&resize=350%2C200 1x, https:\/\/i0.wp.com\/www.reclamador.es\/blog\/wp-content\/uploads\/2019\/02\/aerolineas-mas-reclamadas-en-2018.jpg?fit=1200%2C799&ssl=1&resize=525%2C300 1.5x, https:\/\/i0.wp.com\/www.reclamador.es\/blog\/wp-content\/uploads\/2019\/02\/aerolineas-mas-reclamadas-en-2018.jpg?fit=1200%2C799&ssl=1&resize=700%2C400 2x, https:\/\/i0.wp.com\/www.reclamador.es\/blog\/wp-content\/uploads\/2019\/02\/aerolineas-mas-reclamadas-en-2018.jpg?fit=1200%2C799&ssl=1&resize=1050%2C600 3x"},"classes":[]},{"id":31928,"url":"https:\/\/www.reclamador.es\/blog\/ranking-aerolineas-mas-reclamadas-2023\/","url_meta":{"origin":16846,"position":4},"title":"Ranking aerol\u00edneas m\u00e1s reclamadas en 2023: Vueling a la cabeza","author":"Equipo reclamador","date":"30 enero, 2024","format":false,"excerpt":"Como cada a\u00f1o, en reclamador.es hemos preparado el ranking de las aerol\u00edneas m\u00e1s reclamadas por los viajeros, para conocer cu\u00e1les son las compa\u00f1\u00edas a\u00e9reas que m\u00e1s incidencias sufren cada a\u00f1o. Seg\u00fan nuestros datos, m\u00e1s de 39.000 personas han reclamado a 184 compa\u00f1\u00edas a\u00e9reas a lo largo de 2023. Las reclamaciones\u2026","rel":"","context":"En \u00abNoticias y actualidad\u00bb","block_context":{"text":"Noticias y actualidad","link":"https:\/\/www.reclamador.es\/blog\/noticias\/"},"img":{"alt_text":"","src":"https:\/\/i0.wp.com\/www.reclamador.es\/blog\/wp-content\/uploads\/2024\/01\/plane-2605014_1280.jpg?fit=1200%2C630&ssl=1&resize=350%2C200","width":350,"height":200,"srcset":"https:\/\/i0.wp.com\/www.reclamador.es\/blog\/wp-content\/uploads\/2024\/01\/plane-2605014_1280.jpg?fit=1200%2C630&ssl=1&resize=350%2C200 1x, https:\/\/i0.wp.com\/www.reclamador.es\/blog\/wp-content\/uploads\/2024\/01\/plane-2605014_1280.jpg?fit=1200%2C630&ssl=1&resize=525%2C300 1.5x, https:\/\/i0.wp.com\/www.reclamador.es\/blog\/wp-content\/uploads\/2024\/01\/plane-2605014_1280.jpg?fit=1200%2C630&ssl=1&resize=700%2C400 2x, https:\/\/i0.wp.com\/www.reclamador.es\/blog\/wp-content\/uploads\/2024\/01\/plane-2605014_1280.jpg?fit=1200%2C630&ssl=1&resize=1050%2C600 3x"},"classes":[]},{"id":31325,"url":"https:\/\/www.reclamador.es\/blog\/ranking-verano-2023\/","url_meta":{"origin":16846,"position":5},"title":"Ranking verano 2023: Ryanair y Vueling, las aerol\u00edneas m\u00e1s reclamadas","author":"Equipo reclamador","date":"14 septiembre, 2023","format":false,"excerpt":"El verano siempre impacta con fuerza en el sector a\u00e9reo. No en vano, m\u00e1s de 12.000 personas han reclamado contra las aerol\u00edneas en los meses centrales de este verano con reclamador.es. Dado este importante volumen, hemos elaborado un ranking con las aerol\u00edneas m\u00e1s reclamadas entre junio, julio y agosto, para\u2026","rel":"","context":"En \u00abNoticias y actualidad\u00bb","block_context":{"text":"Noticias y actualidad","link":"https:\/\/www.reclamador.es\/blog\/noticias\/"},"img":{"alt_text":"reclamador.es reclamaciones a aerol\u00edneas ranking","src":"https:\/\/i0.wp.com\/www.reclamador.es\/blog\/wp-content\/uploads\/2023\/09\/Ranking-aerolineas-mas-reclamadas-verano-2023.jpg?fit=1200%2C639&ssl=1&resize=350%2C200","width":350,"height":200,"srcset":"https:\/\/i0.wp.com\/www.reclamador.es\/blog\/wp-content\/uploads\/2023\/09\/Ranking-aerolineas-mas-reclamadas-verano-2023.jpg?fit=1200%2C639&ssl=1&resize=350%2C200 1x, https:\/\/i0.wp.com\/www.reclamador.es\/blog\/wp-content\/uploads\/2023\/09\/Ranking-aerolineas-mas-reclamadas-verano-2023.jpg?fit=1200%2C639&ssl=1&resize=525%2C300 1.5x, https:\/\/i0.wp.com\/www.reclamador.es\/blog\/wp-content\/uploads\/2023\/09\/Ranking-aerolineas-mas-reclamadas-verano-2023.jpg?fit=1200%2C639&ssl=1&resize=700%2C400 2x, https:\/\/i0.wp.com\/www.reclamador.es\/blog\/wp-content\/uploads\/2023\/09\/Ranking-aerolineas-mas-reclamadas-verano-2023.jpg?fit=1200%2C639&ssl=1&resize=1050%2C600 3x"},"classes":[]}],"jetpack_sharing_enabled":true,"_links":{"self":[{"href":"https:\/\/www.reclamador.es\/blog\/wp-json\/wp\/v2\/posts\/16846","targetHints":{"allow":["GET"]}}],"collection":[{"href":"https:\/\/www.reclamador.es\/blog\/wp-json\/wp\/v2\/posts"}],"about":[{"href":"https:\/\/www.reclamador.es\/blog\/wp-json\/wp\/v2\/types\/post"}],"author":[{"embeddable":true,"href":"https:\/\/www.reclamador.es\/blog\/wp-json\/wp\/v2\/users\/1"}],"replies":[{"embeddable":true,"href":"https:\/\/www.reclamador.es\/blog\/wp-json\/wp\/v2\/comments?post=16846"}],"version-history":[{"count":25,"href":"https:\/\/www.reclamador.es\/blog\/wp-json\/wp\/v2\/posts\/16846\/revisions"}],"predecessor-version":[{"id":31678,"href":"https:\/\/www.reclamador.es\/blog\/wp-json\/wp\/v2\/posts\/16846\/revisions\/31678"}],"wp:featuredmedia":[{"embeddable":true,"href":"https:\/\/www.reclamador.es\/blog\/wp-json\/wp\/v2\/media\/16874"}],"wp:attachment":[{"href":"https:\/\/www.reclamador.es\/blog\/wp-json\/wp\/v2\/media?parent=16846"}],"wp:term":[{"taxonomy":"category","embeddable":true,"href":"https:\/\/www.reclamador.es\/blog\/wp-json\/wp\/v2\/categories?post=16846"},{"taxonomy":"post_tag","embeddable":true,"href":"https:\/\/www.reclamador.es\/blog\/wp-json\/wp\/v2\/tags?post=16846"}],"curies":[{"name":"wp","href":"https:\/\/api.w.org\/{rel}","templated":true}]}}