{"id":16809,"date":"2024-12-28T11:36:00","date_gmt":"2024-12-28T10:36:00","guid":{"rendered":"https:\/\/www.reclamador.es\/blog\/?p=16809"},"modified":"2025-09-16T12:06:49","modified_gmt":"2025-09-16T10:06:49","slug":"volar-con-carnet-de-conducir","status":"publish","type":"post","link":"https:\/\/www.reclamador.es\/blog\/volar-con-carnet-de-conducir\/","title":{"rendered":"Documentaci\u00f3n para viajar en avi\u00f3n: \u00bfse puede volar con el carnet de conducir?"},"content":{"rendered":"<div class=\"ttr_start\"><\/div>\n\n<div class=\"kk-star-ratings kksr-auto kksr-align-right kksr-valign-top\"\n    data-payload='{&quot;align&quot;:&quot;right&quot;,&quot;id&quot;:&quot;16809&quot;,&quot;slug&quot;:&quot;default&quot;,&quot;valign&quot;:&quot;top&quot;,&quot;ignore&quot;:&quot;&quot;,&quot;reference&quot;:&quot;auto&quot;,&quot;class&quot;:&quot;&quot;,&quot;count&quot;:&quot;9&quot;,&quot;legendonly&quot;:&quot;&quot;,&quot;readonly&quot;:&quot;&quot;,&quot;score&quot;:&quot;4.7&quot;,&quot;starsonly&quot;:&quot;&quot;,&quot;best&quot;:&quot;5&quot;,&quot;gap&quot;:&quot;3&quot;,&quot;greet&quot;:&quot;Valora este art\u00edculo&quot;,&quot;legend&quot;:&quot;4.7\\\/5 - (9 votos)&quot;,&quot;size&quot;:&quot;20&quot;,&quot;title&quot;:&quot;Documentaci\u00f3n para viajar en avi\u00f3n: \u00bfse puede volar con el carnet de conducir?&quot;,&quot;width&quot;:&quot;106.6&quot;,&quot;_legend&quot;:&quot;{score}\\\/{best} - ({count} {votes})&quot;,&quot;font_factor&quot;:&quot;1.25&quot;}'>\n            \n<div class=\"kksr-stars\">\n    \n<div class=\"kksr-stars-inactive\">\n            <div class=\"kksr-star\" data-star=\"1\" style=\"padding-right: 3px\">\n            \n\n<div class=\"kksr-icon\" style=\"width: 20px; height: 20px;\"><\/div>\n        <\/div>\n            <div class=\"kksr-star\" data-star=\"2\" style=\"padding-right: 3px\">\n            \n\n<div class=\"kksr-icon\" style=\"width: 20px; height: 20px;\"><\/div>\n        <\/div>\n            <div class=\"kksr-star\" data-star=\"3\" style=\"padding-right: 3px\">\n            \n\n<div class=\"kksr-icon\" style=\"width: 20px; height: 20px;\"><\/div>\n        <\/div>\n            <div class=\"kksr-star\" data-star=\"4\" style=\"padding-right: 3px\">\n            \n\n<div class=\"kksr-icon\" style=\"width: 20px; height: 20px;\"><\/div>\n        <\/div>\n            <div class=\"kksr-star\" data-star=\"5\" style=\"padding-right: 3px\">\n            \n\n<div class=\"kksr-icon\" style=\"width: 20px; height: 20px;\"><\/div>\n        <\/div>\n    <\/div>\n    \n<div class=\"kksr-stars-active\" style=\"width: 106.6px;\">\n            <div class=\"kksr-star\" style=\"padding-right: 3px\">\n            \n\n<div class=\"kksr-icon\" style=\"width: 20px; height: 20px;\"><\/div>\n        <\/div>\n            <div class=\"kksr-star\" style=\"padding-right: 3px\">\n            \n\n<div class=\"kksr-icon\" style=\"width: 20px; height: 20px;\"><\/div>\n        <\/div>\n            <div class=\"kksr-star\" style=\"padding-right: 3px\">\n            \n\n<div class=\"kksr-icon\" style=\"width: 20px; height: 20px;\"><\/div>\n        <\/div>\n            <div class=\"kksr-star\" style=\"padding-right: 3px\">\n            \n\n<div class=\"kksr-icon\" style=\"width: 20px; height: 20px;\"><\/div>\n        <\/div>\n            <div class=\"kksr-star\" style=\"padding-right: 3px\">\n            \n\n<div class=\"kksr-icon\" style=\"width: 20px; height: 20px;\"><\/div>\n        <\/div>\n    <\/div>\n<\/div>\n                \n\n<div class=\"kksr-legend\" style=\"font-size: 16px;\">\n            4.7\/5 - (9 votos)    <\/div>\n    <\/div>\n<figure id=\"attachment_26529\" aria-describedby=\"caption-attachment-26529\" style=\"width: 1200px\" class=\"wp-caption aligncenter\"><img data-recalc-dims=\"1\" loading=\"lazy\" decoding=\"async\" class=\"size-full wp-image-26529\" src=\"https:\/\/i0.wp.com\/www.reclamador.es\/blog\/wp-content\/uploads\/2018\/01\/volar-con-el-carne-de-conducir.jpg?resize=1200%2C797&#038;ssl=1\" alt=\"volar con carne de conducir\" width=\"1200\" height=\"797\" srcset=\"https:\/\/i0.wp.com\/www.reclamador.es\/blog\/wp-content\/uploads\/2018\/01\/volar-con-el-carne-de-conducir.jpg?w=1200&amp;ssl=1 1200w, https:\/\/i0.wp.com\/www.reclamador.es\/blog\/wp-content\/uploads\/2018\/01\/volar-con-el-carne-de-conducir.jpg?resize=300%2C199&amp;ssl=1 300w, https:\/\/i0.wp.com\/www.reclamador.es\/blog\/wp-content\/uploads\/2018\/01\/volar-con-el-carne-de-conducir.jpg?resize=1024%2C680&amp;ssl=1 1024w, https:\/\/i0.wp.com\/www.reclamador.es\/blog\/wp-content\/uploads\/2018\/01\/volar-con-el-carne-de-conducir.jpg?resize=150%2C100&amp;ssl=1 150w, https:\/\/i0.wp.com\/www.reclamador.es\/blog\/wp-content\/uploads\/2018\/01\/volar-con-el-carne-de-conducir.jpg?resize=768%2C510&amp;ssl=1 768w\" sizes=\"auto, (max-width: 1000px) 100vw, 1000px\" \/><figcaption id=\"caption-attachment-26529\" class=\"wp-caption-text\"><em>Volar con el carnet de conducir espa\u00f1ol en Espa\u00f1a, la UE o un tercer pa\u00eds<\/em><\/figcaption><\/figure>\n<p><span style=\"font-weight: 400;\">\u00bfCu\u00e1ntas veces antes de coger un avi\u00f3n te has preguntado si podr\u00e1s volar con el carnet de conducir en lugar del DNI? o \u00bfQu\u00e9 documentaci\u00f3n es obligatoria para poder pasar el control de seguridad? <\/span><span style=\"font-weight: 400;\">En reclamador.es <strong>no queremos que la documentaci\u00f3n a mostrar se sume a los problemas habituales<\/strong> <strong>a los que se enfrentan los pasajeros a\u00e9reos<\/strong>, como son los <a href=\"https:\/\/www.reclamador.es\/aerolineas\/retraso-vuelo\/\">retrasos<\/a>, <a href=\"https:\/\/www.reclamador.es\/aerolineas\/cancelacion-vuelo\/\">cancelaciones de vuelos<\/a> o la <a href=\"https:\/\/www.reclamador.es\/aerolineas\/problemas-equipaje\/\">p\u00e9rdida de maletas<\/a>. Por ello, vamos a ver qu\u00e9 documentaci\u00f3n podr\u00e1n mostrar los usuarios para coger un avi\u00f3n.\u00a0<\/span><\/p>\n<h2 id=\"spain\"><strong>Viajes nacionales: Volar con el carnet de conducir en Espa\u00f1a<\/strong><\/h2>\n<p><span style=\"font-weight: 400;\">\u00bfSirve el carnet de conducir espa\u00f1ol para un vuelo nacional? S\u00ed, un permiso de conducir expedido en Espa\u00f1a te permite volar con este documento para identificarte. <\/span><\/p>\n<p><span style=\"font-weight: 400;\">Para saber qu\u00e9 documentaci\u00f3n es obligatoria aportar para <a href=\"https:\/\/www.reclamador.es\/blog\/trucos-pasar-rapido-control-de-seguridad-aeropuerto\/\">pasar los controles de seguridad<\/a> y el embarque, <strong>debemos tener en cuenta la nacionalidad del viajero.<\/strong><\/span><\/p>\n<ul>\n<li style=\"font-weight: 400;\"><strong>Pasajero de nacionalidad espa\u00f1ola<\/strong><\/li>\n<\/ul>\n<p><span style=\"font-weight: 400;\">Si el vuelo tiene origen y destino Espa\u00f1a, el pasajero podr\u00e1 ense\u00f1ar su carnet de conducir espa\u00f1ol como documento de identidad.<\/span><\/p>\n<p><span style=\"font-weight: 400;\">Los mayores de 14 a\u00f1os podr\u00e1n igualmente embarcar con su DNI o pasaporte. Si el pasajero tiene <a href=\"https:\/\/www.reclamador.es\/blog\/que-documentacion-necesitan-los-menores-para-volar-dentro-espana\/\">menos de 14 a\u00f1os no necesitar\u00e1 documentaci\u00f3n para este tipo de vuelos<\/a>, siendo las personas con las que viaja responsable de estos menores.<\/span><\/p>\n<h6 style=\"text-align: center;\"><strong>En este caso, no es obligatorio que el DNI o pasaporte est\u00e9n en vigor para poder volar.<\/strong><\/h6>\n<ul>\n<li style=\"font-weight: 400;\"><strong> Pasajero de la Uni\u00f3n Europea o espacio Schengen<\/strong><\/li>\n<\/ul>\n<p><span style=\"font-weight: 400;\">Para este grupo no existe una distinci\u00f3n de edad y todos los pasajeros deber\u00e1n disponer de pasaporte o documento de identidad v\u00e1lido no necesariamente en vigor. Si contaran con un carnet de conducir expedido en Espa\u00f1a tambi\u00e9n podr\u00edan volar ense\u00f1ando esta documentaci\u00f3n.<\/span><\/p>\n<p><span style=\"font-weight: 400;\">Ser\u00e1 v\u00e1lido para viajar por Espa\u00f1a el permiso de residencia espa\u00f1ol o de alguno de los Estados Schengen en vigor.<\/span><\/p>\n<ul>\n<li style=\"font-weight: 400;\"><strong>Pasajero con nacionalidad de pa\u00edses no pertenecientes a los grupos anteriores<\/strong><\/li>\n<\/ul>\n<p><span style=\"font-weight: 400;\">Necesitar\u00e1n un pasaporte o documento de viaje en vigor. Si dispusieran de carnet de conducir expedido en Espa\u00f1a tambi\u00e9n ser\u00eda v\u00e1lido para volar.<\/span><\/p>\n<p><span style=\"font-weight: 400;\">Tambi\u00e9n ser\u00e1 v\u00e1lido para viajar dentro de Espa\u00f1a el Permiso de Residencia espa\u00f1ol o de alguno de los Estados Schengen en vigor.<\/span><\/p>\n<h2 id=\"ue\"><strong>El carnet de conducir para vuelos dentro de la Uni\u00f3n Europea<\/strong><\/h2>\n<p><span style=\"font-weight: 400;\">\u00bfSe puede volar con carnet de conducir espa\u00f1ol a un pa\u00eds de la UE? Cuando se trata de un viaje a un pa\u00eds de la UE o firmante del acuerdo Schengen, <strong>no se acepta el permiso de conducir. Debes disponer de otro documento identificativo.\u00a0<\/strong><\/span><\/p>\n<ul>\n<li style=\"font-weight: 400;\"><strong>Pasajero de nacionalidad espa\u00f1ola<\/strong><\/li>\n<\/ul>\n<p><span style=\"font-weight: 400;\">Los vuelos origen Espa\u00f1a y destino un pa\u00eds de la UE o Schengen deber\u00e1n confirmar su identidad mediante pasaporte o DNI en vigor. Podr\u00e1n viajar con el pasaporte caducado (hasta cinco a\u00f1os) los pasajeros con destino Alemania, Austria, B\u00e9lgica, Francia, Holanda, Italia, Liechtenstein, Luxemburgo, Malta, M\u00f3naco, Portugal, Suecia y Suiza.<\/span><\/p>\n<ul>\n<li style=\"font-weight: 400;\"><strong>Pasajero de la Uni\u00f3n Europea o espacio Schengen<\/strong><\/li>\n<\/ul>\n<p><span style=\"font-weight: 400;\">Ser\u00e1 necesario el pasaporte o Documento de Identidad v\u00e1lido en vigor.<\/span><\/p>\n<ul>\n<li style=\"font-weight: 400;\"><strong>Pasajero con nacionalidad de pa\u00edses no pertenecientes a los grupos anteriores<\/strong><\/li>\n<\/ul>\n<p><span style=\"font-weight: 400;\">Deber\u00e1n disponer de la misma documentaci\u00f3n que los viajeros de pa\u00edses de la Uni\u00f3n Europea o Schengen.<\/span><\/p>\n<h2 id=\"tercerospaises\"><strong>Volar con el carnet de conducir a pa\u00edses fuera de la Uni\u00f3n Europea<\/strong><\/h2>\n<p><span style=\"font-weight: 400;\"><strong>\u00bfEs posible usar el carnet de conducir para volar fuera de la UE?<\/strong> Para este tipo de viaje no ser\u00e1 v\u00e1lido el carnet de conducir. A continuaci\u00f3n detallamos qu\u00e9 documentaci\u00f3n deben presentar los viajeros que quieran coger un vuelo en Espa\u00f1a con un tercer pa\u00eds como destino.<\/span><\/p>\n<ul>\n<li style=\"font-weight: 400;\"><strong>Pasajero de nacionalidad espa\u00f1ola<\/strong><\/li>\n<\/ul>\n<p><span style=\"font-weight: 400;\">Los espa\u00f1oles que deseen viajar a un pa\u00eds no perteneciente a la Uni\u00f3n Europea o a alguno de los pa\u00edses firmantes del acuerdo Schengen solo podr\u00e1n utilizar el pasaporte en vigor para identificarse.<\/span><\/p>\n<ul>\n<li style=\"font-weight: 400;\"><strong>Pasajero de la Uni\u00f3n Europea o espacio Schengen<\/strong><\/li>\n<\/ul>\n<p><span style=\"font-weight: 400;\">Para coger un vuelo con un tercer pa\u00eds como destino, los ciudadanos de la UE o Schengen necesitar\u00e1n pasaporte en vigor. Tambi\u00e9n podr\u00e1n embarcar si disponen de un v\u00e1lido un documento de viaje v\u00e1lido y en vigor.<\/span><\/p>\n<ul>\n<li style=\"font-weight: 400;\"><strong>Pasajero con nacionalidad de pa\u00edses no pertenecientes a los grupos anteriores<\/strong><\/li>\n<\/ul>\n<p><span style=\"font-weight: 400;\">Deber\u00e1n disponer de la misma documentaci\u00f3n que los viajeros de pa\u00edses de la Uni\u00f3n Europea o Schengen.<\/span><\/p>\n<h6 style=\"text-align: center;\"><strong>En resumen: Con permiso de conducir espa\u00f1ol podr\u00e1s viajar en vuelos nacionales a\u00fan cuando no seas espa\u00f1ol. Pero no te servir\u00e1 para viajar fuera de Espa\u00f1a.<\/strong><\/h6>\n<h2 id=\"Schengen\"><strong>Pa\u00edses firmantes del Acuerdo de Schengen<\/strong><\/h2>\n<p><span style=\"font-weight: 400;\">Mucho hemos hablado en este art\u00edculo del <a href=\"https:\/\/www.reclamador.es\/blog\/documentos-entrar-cada-pais\/\">Acuerdo de Schengen<\/a>, pero \u00bfqu\u00e9 pa\u00edses firmaron este acuerdo? A continuaci\u00f3n os enumeramos los pa\u00edses firmantes:<\/span><\/p>\n<p><span style=\"font-weight: 400;\">Alemania, Austria, B\u00e9lgica, Dinamarca, Eslovenia, Espa\u00f1a, Estonia, Finlandia, Francia, Grecia, Hungr\u00eda, Italia, Islandia, Letonia, Lituania, Luxemburgo, Malta, Noruega, Pa\u00edses Bajos, Polonia, Portugal, Rep\u00fablica Checa, Rep\u00fablica Eslovaca, Suiza y Suecia.<\/span><\/p>\n<p><span style=\"font-weight: 400;\">En este grupo se a\u00f1aden, adem\u00e1s, Andorra y Liechtenstein.<\/span><\/p>\n<h2 style=\"text-align: center;\"><a class=\"button-lead\" href=\"https:\/\/www.reclamador.es\/aerolineas\/\">\u00bfQuieres hacer una reclamaci\u00f3n de vuelo?<\/a><\/h2>\n<div class=\"ttr_end\"><\/div>","protected":false},"excerpt":{"rendered":"<p>\u00bfCu\u00e1ntas veces antes de coger un avi\u00f3n te has preguntado si podr\u00e1s volar con el carnet de conducir en lugar del DNI? o \u00bfQu\u00e9 documentaci\u00f3n es obligatoria para poder pasar el control de seguridad? En reclamador.es no queremos que la documentaci\u00f3n a mostrar se sume a los problemas habituales a los que se enfrentan los [&hellip;]<\/p>\n","protected":false},"author":28,"featured_media":26529,"comment_status":"closed","ping_status":"open","sticky":false,"template":"","format":"standard","meta":{"_acf_changed":false,"_genesis_hide_title":false,"_genesis_hide_breadcrumbs":false,"_genesis_hide_singular_image":false,"_genesis_hide_footer_widgets":false,"_genesis_custom_body_class":"","_genesis_custom_post_class":"","_genesis_layout":"","_jetpack_newsletter_access":"","_jetpack_dont_email_post_to_subs":false,"_jetpack_newsletter_tier_id":0,"_jetpack_memberships_contains_paywalled_content":false,"_jetpack_memberships_contains_paid_content":false,"footnotes":""},"categories":[393],"tags":[380,506,80],"class_list":{"0":"post-16809","1":"post","2":"type-post","3":"status-publish","4":"format-standard","5":"has-post-thumbnail","7":"category-consejos","8":"tag-aerolineas","9":"tag-aeropuerto","10":"tag-denegacion-de-embarque","11":"entry"},"acf":[],"yoast_head":"<!-- This site is optimized with the Yoast SEO plugin v27.4 - https:\/\/yoast.com\/product\/yoast-seo-wordpress\/ -->\n<title>\u00bfEs posible volar con el carnet de conducir espa\u00f1ol?<\/title>\n<meta name=\"description\" content=\"\u00bfVale el carnet de conducir para volar? Te explicamos cu\u00e1ndo puedes usarlo para coger un avi\u00f3n y la documentaci\u00f3n obligatoria para embarcar.\" \/>\n<meta name=\"robots\" content=\"index, follow, max-snippet:-1, max-image-preview:large, max-video-preview:-1\" \/>\n<link rel=\"canonical\" href=\"https:\/\/www.reclamador.es\/blog\/volar-con-carnet-de-conducir\/\" \/>\n<meta property=\"og:locale\" content=\"es_ES\" \/>\n<meta property=\"og:type\" content=\"article\" \/>\n<meta property=\"og:title\" content=\"\u00bfEs posible volar con el carnet de conducir espa\u00f1ol?\" \/>\n<meta property=\"og:description\" content=\"\u00bfVale el carnet de conducir para volar? Te explicamos cu\u00e1ndo puedes usarlo para coger un avi\u00f3n y la documentaci\u00f3n obligatoria para embarcar.\" \/>\n<meta property=\"og:url\" content=\"https:\/\/www.reclamador.es\/blog\/volar-con-carnet-de-conducir\/\" \/>\n<meta property=\"og:site_name\" content=\"Rebeldes con causa, el blog de reclamador.es\" \/>\n<meta property=\"article:publisher\" content=\"https:\/\/www.facebook.com\/reclamador.es\" \/>\n<meta property=\"article:published_time\" content=\"2024-12-28T10:36:00+00:00\" \/>\n<meta property=\"article:modified_time\" content=\"2025-09-16T10:06:49+00:00\" \/>\n<meta property=\"og:image\" content=\"https:\/\/www.reclamador.es\/blog\/wp-content\/uploads\/2018\/01\/volar-con-el-carne-de-conducir.jpg\" \/>\n\t<meta property=\"og:image:width\" content=\"1200\" \/>\n\t<meta property=\"og:image:height\" content=\"797\" \/>\n\t<meta property=\"og:image:type\" content=\"image\/jpeg\" \/>\n<meta name=\"author\" content=\"Alicia Ria\u00f1o\" \/>\n<meta name=\"twitter:card\" content=\"summary_large_image\" \/>\n<meta name=\"twitter:creator\" content=\"@reclamador\" \/>\n<meta name=\"twitter:site\" content=\"@reclamador\" \/>\n<meta name=\"twitter:label1\" content=\"Escrito por\" \/>\n\t<meta name=\"twitter:data1\" content=\"Alicia Ria\u00f1o\" \/>\n\t<meta name=\"twitter:label2\" content=\"Tiempo de lectura\" \/>\n\t<meta name=\"twitter:data2\" content=\"5 minutos\" \/>\n<script type=\"application\/ld+json\" class=\"yoast-schema-graph\">{\"@context\":\"https:\\\/\\\/schema.org\",\"@graph\":[{\"@type\":\"Article\",\"@id\":\"https:\\\/\\\/www.reclamador.es\\\/blog\\\/volar-con-carnet-de-conducir\\\/#article\",\"isPartOf\":{\"@id\":\"https:\\\/\\\/www.reclamador.es\\\/blog\\\/volar-con-carnet-de-conducir\\\/\"},\"author\":{\"name\":\"Alicia Ria\u00f1o\",\"@id\":\"https:\\\/\\\/www.reclamador.es\\\/blog\\\/#\\\/schema\\\/person\\\/2a9d121a6362255b8129c6fda9caffd5\"},\"headline\":\"Documentaci\u00f3n para viajar en avi\u00f3n: \u00bfse puede volar con el carnet de conducir?\",\"datePublished\":\"2024-12-28T10:36:00+00:00\",\"dateModified\":\"2025-09-16T10:06:49+00:00\",\"mainEntityOfPage\":{\"@id\":\"https:\\\/\\\/www.reclamador.es\\\/blog\\\/volar-con-carnet-de-conducir\\\/\"},\"wordCount\":924,\"publisher\":{\"@id\":\"https:\\\/\\\/www.reclamador.es\\\/blog\\\/#organization\"},\"image\":{\"@id\":\"https:\\\/\\\/www.reclamador.es\\\/blog\\\/volar-con-carnet-de-conducir\\\/#primaryimage\"},\"thumbnailUrl\":\"https:\\\/\\\/i0.wp.com\\\/www.reclamador.es\\\/blog\\\/wp-content\\\/uploads\\\/2018\\\/01\\\/volar-con-el-carne-de-conducir.jpg?fit=1200%2C797&ssl=1\",\"keywords\":[\"aerol\u00edneas\",\"aeropuerto\",\"denegaci\u00f3n de embarque\"],\"articleSection\":[\"Consejos legales\"],\"inLanguage\":\"es\"},{\"@type\":\"WebPage\",\"@id\":\"https:\\\/\\\/www.reclamador.es\\\/blog\\\/volar-con-carnet-de-conducir\\\/\",\"url\":\"https:\\\/\\\/www.reclamador.es\\\/blog\\\/volar-con-carnet-de-conducir\\\/\",\"name\":\"\u00bfEs posible volar con el carnet de conducir espa\u00f1ol?\",\"isPartOf\":{\"@id\":\"https:\\\/\\\/www.reclamador.es\\\/blog\\\/#website\"},\"primaryImageOfPage\":{\"@id\":\"https:\\\/\\\/www.reclamador.es\\\/blog\\\/volar-con-carnet-de-conducir\\\/#primaryimage\"},\"image\":{\"@id\":\"https:\\\/\\\/www.reclamador.es\\\/blog\\\/volar-con-carnet-de-conducir\\\/#primaryimage\"},\"thumbnailUrl\":\"https:\\\/\\\/i0.wp.com\\\/www.reclamador.es\\\/blog\\\/wp-content\\\/uploads\\\/2018\\\/01\\\/volar-con-el-carne-de-conducir.jpg?fit=1200%2C797&ssl=1\",\"datePublished\":\"2024-12-28T10:36:00+00:00\",\"dateModified\":\"2025-09-16T10:06:49+00:00\",\"description\":\"\u00bfVale el carnet de conducir para volar? Te explicamos cu\u00e1ndo puedes usarlo para coger un avi\u00f3n y la documentaci\u00f3n obligatoria para embarcar.\",\"breadcrumb\":{\"@id\":\"https:\\\/\\\/www.reclamador.es\\\/blog\\\/volar-con-carnet-de-conducir\\\/#breadcrumb\"},\"inLanguage\":\"es\",\"potentialAction\":[{\"@type\":\"ReadAction\",\"target\":[\"https:\\\/\\\/www.reclamador.es\\\/blog\\\/volar-con-carnet-de-conducir\\\/\"]}]},{\"@type\":\"ImageObject\",\"inLanguage\":\"es\",\"@id\":\"https:\\\/\\\/www.reclamador.es\\\/blog\\\/volar-con-carnet-de-conducir\\\/#primaryimage\",\"url\":\"https:\\\/\\\/i0.wp.com\\\/www.reclamador.es\\\/blog\\\/wp-content\\\/uploads\\\/2018\\\/01\\\/volar-con-el-carne-de-conducir.jpg?fit=1200%2C797&ssl=1\",\"contentUrl\":\"https:\\\/\\\/i0.wp.com\\\/www.reclamador.es\\\/blog\\\/wp-content\\\/uploads\\\/2018\\\/01\\\/volar-con-el-carne-de-conducir.jpg?fit=1200%2C797&ssl=1\",\"width\":1200,\"height\":797,\"caption\":\"volar con el carn\u00e9 de conducir espa\u00f1ol en Espa\u00f1a, la UE o un tercer pa\u00eds\"},{\"@type\":\"BreadcrumbList\",\"@id\":\"https:\\\/\\\/www.reclamador.es\\\/blog\\\/volar-con-carnet-de-conducir\\\/#breadcrumb\",\"itemListElement\":[{\"@type\":\"ListItem\",\"position\":1,\"name\":\"Portada\",\"item\":\"https:\\\/\\\/www.reclamador.es\\\/blog\\\/\"},{\"@type\":\"ListItem\",\"position\":2,\"name\":\"Documentaci\u00f3n para viajar en avi\u00f3n: \u00bfse puede volar con el carnet de conducir?\"}]},{\"@type\":\"WebSite\",\"@id\":\"https:\\\/\\\/www.reclamador.es\\\/blog\\\/#website\",\"url\":\"https:\\\/\\\/www.reclamador.es\\\/blog\\\/\",\"name\":\"Rebeldes con causa, el blog de reclamador.es\",\"description\":\"Noticias, entrevistas y consejos sobre reclamaciones\",\"publisher\":{\"@id\":\"https:\\\/\\\/www.reclamador.es\\\/blog\\\/#organization\"},\"potentialAction\":[{\"@type\":\"SearchAction\",\"target\":{\"@type\":\"EntryPoint\",\"urlTemplate\":\"https:\\\/\\\/www.reclamador.es\\\/blog\\\/?s={search_term_string}\"},\"query-input\":{\"@type\":\"PropertyValueSpecification\",\"valueRequired\":true,\"valueName\":\"search_term_string\"}}],\"inLanguage\":\"es\"},{\"@type\":\"Organization\",\"@id\":\"https:\\\/\\\/www.reclamador.es\\\/blog\\\/#organization\",\"name\":\"reclamador.es\",\"url\":\"https:\\\/\\\/www.reclamador.es\\\/blog\\\/\",\"logo\":{\"@type\":\"ImageObject\",\"inLanguage\":\"es\",\"@id\":\"https:\\\/\\\/www.reclamador.es\\\/blog\\\/#\\\/schema\\\/logo\\\/image\\\/\",\"url\":\"https:\\\/\\\/i0.wp.com\\\/www.reclamador.es\\\/blog\\\/wp-content\\\/uploads\\\/2020\\\/01\\\/logo-reclamador.png?fit=1200%2C144&ssl=1\",\"contentUrl\":\"https:\\\/\\\/i0.wp.com\\\/www.reclamador.es\\\/blog\\\/wp-content\\\/uploads\\\/2020\\\/01\\\/logo-reclamador.png?fit=1200%2C144&ssl=1\",\"width\":1200,\"height\":144,\"caption\":\"reclamador.es\"},\"image\":{\"@id\":\"https:\\\/\\\/www.reclamador.es\\\/blog\\\/#\\\/schema\\\/logo\\\/image\\\/\"},\"sameAs\":[\"https:\\\/\\\/www.facebook.com\\\/reclamador.es\",\"https:\\\/\\\/x.com\\\/reclamador\",\"https:\\\/\\\/www.instagram.com\\\/reclamador.es\\\/\",\"https:\\\/\\\/www.linkedin.com\\\/company\\\/reclamador-es\",\"https:\\\/\\\/www.youtube.com\\\/user\\\/Reclamadores\"]},{\"@type\":\"Person\",\"@id\":\"https:\\\/\\\/www.reclamador.es\\\/blog\\\/#\\\/schema\\\/person\\\/2a9d121a6362255b8129c6fda9caffd5\",\"name\":\"Alicia Ria\u00f1o\",\"image\":{\"@type\":\"ImageObject\",\"inLanguage\":\"es\",\"@id\":\"https:\\\/\\\/secure.gravatar.com\\\/avatar\\\/2915f7664bf5ed4baf932328fabfe761f32f21ec1b577e7d54a7fee6613de25f?s=96&d=mm&r=g\",\"url\":\"https:\\\/\\\/secure.gravatar.com\\\/avatar\\\/2915f7664bf5ed4baf932328fabfe761f32f21ec1b577e7d54a7fee6613de25f?s=96&d=mm&r=g\",\"contentUrl\":\"https:\\\/\\\/secure.gravatar.com\\\/avatar\\\/2915f7664bf5ed4baf932328fabfe761f32f21ec1b577e7d54a7fee6613de25f?s=96&d=mm&r=g\",\"caption\":\"Alicia Ria\u00f1o\"},\"description\":\"Periodista experta en comunicaci\u00f3n y marketing digital. Escribo para acercar la informaci\u00f3n legal de forma sencilla y comprensible a las personas.\",\"sameAs\":[\"https:\\\/\\\/www.linkedin.com\\\/in\\\/alicia-r-932a2959\"],\"url\":\"https:\\\/\\\/www.reclamador.es\\\/blog\\\/author\\\/alicia-riano\\\/\"}]}<\/script>\n<!-- \/ Yoast SEO plugin. -->","yoast_head_json":{"title":"\u00bfEs posible volar con el carnet de conducir espa\u00f1ol?","description":"\u00bfVale el carnet de conducir para volar? Te explicamos cu\u00e1ndo puedes usarlo para coger un avi\u00f3n y la documentaci\u00f3n obligatoria para embarcar.","robots":{"index":"index","follow":"follow","max-snippet":"max-snippet:-1","max-image-preview":"max-image-preview:large","max-video-preview":"max-video-preview:-1"},"canonical":"https:\/\/www.reclamador.es\/blog\/volar-con-carnet-de-conducir\/","og_locale":"es_ES","og_type":"article","og_title":"\u00bfEs posible volar con el carnet de conducir espa\u00f1ol?","og_description":"\u00bfVale el carnet de conducir para volar? Te explicamos cu\u00e1ndo puedes usarlo para coger un avi\u00f3n y la documentaci\u00f3n obligatoria para embarcar.","og_url":"https:\/\/www.reclamador.es\/blog\/volar-con-carnet-de-conducir\/","og_site_name":"Rebeldes con causa, el blog de reclamador.es","article_publisher":"https:\/\/www.facebook.com\/reclamador.es","article_published_time":"2024-12-28T10:36:00+00:00","article_modified_time":"2025-09-16T10:06:49+00:00","og_image":[{"width":1200,"height":797,"url":"https:\/\/www.reclamador.es\/blog\/wp-content\/uploads\/2018\/01\/volar-con-el-carne-de-conducir.jpg","type":"image\/jpeg"}],"author":"Alicia Ria\u00f1o","twitter_card":"summary_large_image","twitter_creator":"@reclamador","twitter_site":"@reclamador","twitter_misc":{"Escrito por":"Alicia Ria\u00f1o","Tiempo de lectura":"5 minutos"},"schema":{"@context":"https:\/\/schema.org","@graph":[{"@type":"Article","@id":"https:\/\/www.reclamador.es\/blog\/volar-con-carnet-de-conducir\/#article","isPartOf":{"@id":"https:\/\/www.reclamador.es\/blog\/volar-con-carnet-de-conducir\/"},"author":{"name":"Alicia Ria\u00f1o","@id":"https:\/\/www.reclamador.es\/blog\/#\/schema\/person\/2a9d121a6362255b8129c6fda9caffd5"},"headline":"Documentaci\u00f3n para viajar en avi\u00f3n: \u00bfse puede volar con el carnet de conducir?","datePublished":"2024-12-28T10:36:00+00:00","dateModified":"2025-09-16T10:06:49+00:00","mainEntityOfPage":{"@id":"https:\/\/www.reclamador.es\/blog\/volar-con-carnet-de-conducir\/"},"wordCount":924,"publisher":{"@id":"https:\/\/www.reclamador.es\/blog\/#organization"},"image":{"@id":"https:\/\/www.reclamador.es\/blog\/volar-con-carnet-de-conducir\/#primaryimage"},"thumbnailUrl":"https:\/\/i0.wp.com\/www.reclamador.es\/blog\/wp-content\/uploads\/2018\/01\/volar-con-el-carne-de-conducir.jpg?fit=1200%2C797&ssl=1","keywords":["aerol\u00edneas","aeropuerto","denegaci\u00f3n de embarque"],"articleSection":["Consejos legales"],"inLanguage":"es"},{"@type":"WebPage","@id":"https:\/\/www.reclamador.es\/blog\/volar-con-carnet-de-conducir\/","url":"https:\/\/www.reclamador.es\/blog\/volar-con-carnet-de-conducir\/","name":"\u00bfEs posible volar con el carnet de conducir espa\u00f1ol?","isPartOf":{"@id":"https:\/\/www.reclamador.es\/blog\/#website"},"primaryImageOfPage":{"@id":"https:\/\/www.reclamador.es\/blog\/volar-con-carnet-de-conducir\/#primaryimage"},"image":{"@id":"https:\/\/www.reclamador.es\/blog\/volar-con-carnet-de-conducir\/#primaryimage"},"thumbnailUrl":"https:\/\/i0.wp.com\/www.reclamador.es\/blog\/wp-content\/uploads\/2018\/01\/volar-con-el-carne-de-conducir.jpg?fit=1200%2C797&ssl=1","datePublished":"2024-12-28T10:36:00+00:00","dateModified":"2025-09-16T10:06:49+00:00","description":"\u00bfVale el carnet de conducir para volar? Te explicamos cu\u00e1ndo puedes usarlo para coger un avi\u00f3n y la documentaci\u00f3n obligatoria para embarcar.","breadcrumb":{"@id":"https:\/\/www.reclamador.es\/blog\/volar-con-carnet-de-conducir\/#breadcrumb"},"inLanguage":"es","potentialAction":[{"@type":"ReadAction","target":["https:\/\/www.reclamador.es\/blog\/volar-con-carnet-de-conducir\/"]}]},{"@type":"ImageObject","inLanguage":"es","@id":"https:\/\/www.reclamador.es\/blog\/volar-con-carnet-de-conducir\/#primaryimage","url":"https:\/\/i0.wp.com\/www.reclamador.es\/blog\/wp-content\/uploads\/2018\/01\/volar-con-el-carne-de-conducir.jpg?fit=1200%2C797&ssl=1","contentUrl":"https:\/\/i0.wp.com\/www.reclamador.es\/blog\/wp-content\/uploads\/2018\/01\/volar-con-el-carne-de-conducir.jpg?fit=1200%2C797&ssl=1","width":1200,"height":797,"caption":"volar con el carn\u00e9 de conducir espa\u00f1ol en Espa\u00f1a, la UE o un tercer pa\u00eds"},{"@type":"BreadcrumbList","@id":"https:\/\/www.reclamador.es\/blog\/volar-con-carnet-de-conducir\/#breadcrumb","itemListElement":[{"@type":"ListItem","position":1,"name":"Portada","item":"https:\/\/www.reclamador.es\/blog\/"},{"@type":"ListItem","position":2,"name":"Documentaci\u00f3n para viajar en avi\u00f3n: \u00bfse puede volar con el carnet de conducir?"}]},{"@type":"WebSite","@id":"https:\/\/www.reclamador.es\/blog\/#website","url":"https:\/\/www.reclamador.es\/blog\/","name":"Rebeldes con causa, el blog de reclamador.es","description":"Noticias, entrevistas y consejos sobre reclamaciones","publisher":{"@id":"https:\/\/www.reclamador.es\/blog\/#organization"},"potentialAction":[{"@type":"SearchAction","target":{"@type":"EntryPoint","urlTemplate":"https:\/\/www.reclamador.es\/blog\/?s={search_term_string}"},"query-input":{"@type":"PropertyValueSpecification","valueRequired":true,"valueName":"search_term_string"}}],"inLanguage":"es"},{"@type":"Organization","@id":"https:\/\/www.reclamador.es\/blog\/#organization","name":"reclamador.es","url":"https:\/\/www.reclamador.es\/blog\/","logo":{"@type":"ImageObject","inLanguage":"es","@id":"https:\/\/www.reclamador.es\/blog\/#\/schema\/logo\/image\/","url":"https:\/\/i0.wp.com\/www.reclamador.es\/blog\/wp-content\/uploads\/2020\/01\/logo-reclamador.png?fit=1200%2C144&ssl=1","contentUrl":"https:\/\/i0.wp.com\/www.reclamador.es\/blog\/wp-content\/uploads\/2020\/01\/logo-reclamador.png?fit=1200%2C144&ssl=1","width":1200,"height":144,"caption":"reclamador.es"},"image":{"@id":"https:\/\/www.reclamador.es\/blog\/#\/schema\/logo\/image\/"},"sameAs":["https:\/\/www.facebook.com\/reclamador.es","https:\/\/x.com\/reclamador","https:\/\/www.instagram.com\/reclamador.es\/","https:\/\/www.linkedin.com\/company\/reclamador-es","https:\/\/www.youtube.com\/user\/Reclamadores"]},{"@type":"Person","@id":"https:\/\/www.reclamador.es\/blog\/#\/schema\/person\/2a9d121a6362255b8129c6fda9caffd5","name":"Alicia Ria\u00f1o","image":{"@type":"ImageObject","inLanguage":"es","@id":"https:\/\/secure.gravatar.com\/avatar\/2915f7664bf5ed4baf932328fabfe761f32f21ec1b577e7d54a7fee6613de25f?s=96&d=mm&r=g","url":"https:\/\/secure.gravatar.com\/avatar\/2915f7664bf5ed4baf932328fabfe761f32f21ec1b577e7d54a7fee6613de25f?s=96&d=mm&r=g","contentUrl":"https:\/\/secure.gravatar.com\/avatar\/2915f7664bf5ed4baf932328fabfe761f32f21ec1b577e7d54a7fee6613de25f?s=96&d=mm&r=g","caption":"Alicia Ria\u00f1o"},"description":"Periodista experta en comunicaci\u00f3n y marketing digital. Escribo para acercar la informaci\u00f3n legal de forma sencilla y comprensible a las personas.","sameAs":["https:\/\/www.linkedin.com\/in\/alicia-r-932a2959"],"url":"https:\/\/www.reclamador.es\/blog\/author\/alicia-riano\/"}]}},"jetpack_featured_media_url":"https:\/\/i0.wp.com\/www.reclamador.es\/blog\/wp-content\/uploads\/2018\/01\/volar-con-el-carne-de-conducir.jpg?fit=1200%2C797&ssl=1","jetpack-related-posts":[{"id":23351,"url":"https:\/\/www.reclamador.es\/blog\/renovar-el-carne-de-conducir\/","url_meta":{"origin":16809,"position":0},"title":"Qu\u00e9 hacer si sufres un accidente con carnet caducado y c\u00f3mo renovar el permiso de conducir","author":"Equipo reclamador","date":"5 enero, 2024","format":false,"excerpt":"Si hace 10 a\u00f1os que te sacaste el carn\u00e9 de conducir o est\u00e1s a punto de cumplir una d\u00e9cada desde que renovaste el permiso de conducci\u00f3n por \u00faltima vez -si eres menor de 65 a\u00f1os-, tienes que volver a renovar el carnet de conducir. Los tr\u00e1mites no son complicados y,\u2026","rel":"","context":"En \u00abConsejos legales\u00bb","block_context":{"text":"Consejos legales","link":"https:\/\/www.reclamador.es\/blog\/consejos\/"},"img":{"alt_text":"renovar cern\u00e9 de conducir o tener un accidente con carnet caducado","src":"https:\/\/i0.wp.com\/www.reclamador.es\/blog\/wp-content\/uploads\/2019\/11\/renovar-permiso-conducir-accidente-con-carnet-caducado-espana.jpg?fit=1199%2C631&ssl=1&resize=350%2C200","width":350,"height":200,"srcset":"https:\/\/i0.wp.com\/www.reclamador.es\/blog\/wp-content\/uploads\/2019\/11\/renovar-permiso-conducir-accidente-con-carnet-caducado-espana.jpg?fit=1199%2C631&ssl=1&resize=350%2C200 1x, https:\/\/i0.wp.com\/www.reclamador.es\/blog\/wp-content\/uploads\/2019\/11\/renovar-permiso-conducir-accidente-con-carnet-caducado-espana.jpg?fit=1199%2C631&ssl=1&resize=525%2C300 1.5x, https:\/\/i0.wp.com\/www.reclamador.es\/blog\/wp-content\/uploads\/2019\/11\/renovar-permiso-conducir-accidente-con-carnet-caducado-espana.jpg?fit=1199%2C631&ssl=1&resize=700%2C400 2x, https:\/\/i0.wp.com\/www.reclamador.es\/blog\/wp-content\/uploads\/2019\/11\/renovar-permiso-conducir-accidente-con-carnet-caducado-espana.jpg?fit=1199%2C631&ssl=1&resize=1050%2C600 3x"},"classes":[]},{"id":33896,"url":"https:\/\/www.reclamador.es\/blog\/que-documentacion-necesitan-los-menores-para-volar-dentro-espana\/","url_meta":{"origin":16809,"position":1},"title":"\u00bfQu\u00e9 documentaci\u00f3n necesitan los menores para volar dentro de Espa\u00f1a?","author":"Alicia Ria\u00f1o","date":"2 abril, 2025","format":false,"excerpt":"En el \u00faltimo post de nuestro blog os explic\u00e1bamos la documentaci\u00f3n para ni\u00f1os para viajar en avi\u00f3n fuera de Espa\u00f1a. Y, ahora, vamos a explicar los documentos que necesita un menor para volar dentro de nuestras fronteras.\u00a0 Documentaci\u00f3n ni\u00f1os para viajar en avi\u00f3n dentro de Espa\u00f1a Para viajar en avi\u00f3n\u2026","rel":"","context":"En \u00abConsejos legales\u00bb","block_context":{"text":"Consejos legales","link":"https:\/\/www.reclamador.es\/blog\/consejos\/"},"img":{"alt_text":"vuelos nacionales - documentacion ni\u00f1os","src":"https:\/\/i0.wp.com\/www.reclamador.es\/blog\/wp-content\/uploads\/2025\/04\/documentacion-ninos-para-viajar-en-avion-dentro-de-espana-1200x630-1.jpg?fit=1200%2C630&ssl=1&resize=350%2C200","width":350,"height":200,"srcset":"https:\/\/i0.wp.com\/www.reclamador.es\/blog\/wp-content\/uploads\/2025\/04\/documentacion-ninos-para-viajar-en-avion-dentro-de-espana-1200x630-1.jpg?fit=1200%2C630&ssl=1&resize=350%2C200 1x, https:\/\/i0.wp.com\/www.reclamador.es\/blog\/wp-content\/uploads\/2025\/04\/documentacion-ninos-para-viajar-en-avion-dentro-de-espana-1200x630-1.jpg?fit=1200%2C630&ssl=1&resize=525%2C300 1.5x, https:\/\/i0.wp.com\/www.reclamador.es\/blog\/wp-content\/uploads\/2025\/04\/documentacion-ninos-para-viajar-en-avion-dentro-de-espana-1200x630-1.jpg?fit=1200%2C630&ssl=1&resize=700%2C400 2x, https:\/\/i0.wp.com\/www.reclamador.es\/blog\/wp-content\/uploads\/2025\/04\/documentacion-ninos-para-viajar-en-avion-dentro-de-espana-1200x630-1.jpg?fit=1200%2C630&ssl=1&resize=1050%2C600 3x"},"classes":[]},{"id":22836,"url":"https:\/\/www.reclamador.es\/blog\/denegacion-de-embarque-no-reclamable\/","url_meta":{"origin":16809,"position":2},"title":"Viajar bajo los efectos del alcohol o llegar con la puerta de embarque cerrada: Denegaciones de embarque no reclamables","author":"Alicia Ria\u00f1o","date":"3 diciembre, 2020","format":false,"excerpt":"*Texto modificado septiembre 2025 La denegaci\u00f3n de embarque m\u00e1s conocida es el overbooking. Una pr\u00e1ctica que, pese a ser legal, es indemnizable cuando no te presentas como voluntario para no embarcar. El overbooking se produce porque la aerol\u00ednea vende m\u00e1s billetes que plazas tiene la aeronave y, si todo el\u2026","rel":"","context":"En \u00abConsejos legales\u00bb","block_context":{"text":"Consejos legales","link":"https:\/\/www.reclamador.es\/blog\/consejos\/"},"img":{"alt_text":"aerolineas denegaciones de embarque","src":"https:\/\/i0.wp.com\/www.reclamador.es\/blog\/wp-content\/uploads\/2020\/09\/denegacion-de-embarque-no-reclamable.jpg?fit=1200%2C630&ssl=1&resize=350%2C200","width":350,"height":200,"srcset":"https:\/\/i0.wp.com\/www.reclamador.es\/blog\/wp-content\/uploads\/2020\/09\/denegacion-de-embarque-no-reclamable.jpg?fit=1200%2C630&ssl=1&resize=350%2C200 1x, https:\/\/i0.wp.com\/www.reclamador.es\/blog\/wp-content\/uploads\/2020\/09\/denegacion-de-embarque-no-reclamable.jpg?fit=1200%2C630&ssl=1&resize=525%2C300 1.5x, https:\/\/i0.wp.com\/www.reclamador.es\/blog\/wp-content\/uploads\/2020\/09\/denegacion-de-embarque-no-reclamable.jpg?fit=1200%2C630&ssl=1&resize=700%2C400 2x, https:\/\/i0.wp.com\/www.reclamador.es\/blog\/wp-content\/uploads\/2020\/09\/denegacion-de-embarque-no-reclamable.jpg?fit=1200%2C630&ssl=1&resize=1050%2C600 3x"},"classes":[]},{"id":34359,"url":"https:\/\/www.reclamador.es\/blog\/viajes-en-avion-volar-con-escayola\/","url_meta":{"origin":16809,"position":3},"title":"Viajes en avi\u00f3n: \u00bfSe puede volar con la pierna o el brazo con escayola?","author":"Alicia Ria\u00f1o","date":"3 junio, 2025","format":false,"excerpt":"S\u00ed, est\u00e1 permitido volar con escayola, pero hay una serie de restricciones (principalmente por motivos de salud) que se deben tomar en consideraci\u00f3n antes de un vuelo. Tambi\u00e9n es importante informar a la aerol\u00ednea de este hecho, tanto por si necesitas asistencia como por si la compa\u00f1\u00eda a\u00e9rea te solicita\u2026","rel":"","context":"En \u00abConsejos legales\u00bb","block_context":{"text":"Consejos legales","link":"https:\/\/www.reclamador.es\/blog\/consejos\/"},"img":{"alt_text":"volar con yeso en avi\u00f3n . cu\u00e1ndo est\u00e1 prohibido volar con escayola","src":"https:\/\/i0.wp.com\/www.reclamador.es\/blog\/wp-content\/uploads\/2025\/06\/volar-con-un-yeso-1200x630-1.jpg?fit=1200%2C630&ssl=1&resize=350%2C200","width":350,"height":200,"srcset":"https:\/\/i0.wp.com\/www.reclamador.es\/blog\/wp-content\/uploads\/2025\/06\/volar-con-un-yeso-1200x630-1.jpg?fit=1200%2C630&ssl=1&resize=350%2C200 1x, https:\/\/i0.wp.com\/www.reclamador.es\/blog\/wp-content\/uploads\/2025\/06\/volar-con-un-yeso-1200x630-1.jpg?fit=1200%2C630&ssl=1&resize=525%2C300 1.5x, https:\/\/i0.wp.com\/www.reclamador.es\/blog\/wp-content\/uploads\/2025\/06\/volar-con-un-yeso-1200x630-1.jpg?fit=1200%2C630&ssl=1&resize=700%2C400 2x, https:\/\/i0.wp.com\/www.reclamador.es\/blog\/wp-content\/uploads\/2025\/06\/volar-con-un-yeso-1200x630-1.jpg?fit=1200%2C630&ssl=1&resize=1050%2C600 3x"},"classes":[]},{"id":1020,"url":"https:\/\/www.reclamador.es\/blog\/recuerda-tus-derechos-esta-semana-santa\/","url_meta":{"origin":16809,"position":4},"title":"Consejos para volar en Semana Santa","author":"Equipo reclamador","date":"15 abril, 2019","format":false,"excerpt":"La Semana Santa ya est\u00e1 aqu\u00ed. Como en a\u00f1os anteriores, se prev\u00e9 que se produzca un elevado n\u00famero de desplazamientos debido fundamentalmente a las vacaciones. Entre los medios de transportes m\u00e1s utilizados en estas fechas sigue encontr\u00e1ndose el avi\u00f3n. Y a\u00f1o tras a\u00f1o durante Semana Santa el n\u00famero de retrasos\u2026","rel":"","context":"En \u00abConsejos legales\u00bb","block_context":{"text":"Consejos legales","link":"https:\/\/www.reclamador.es\/blog\/consejos\/"},"img":{"alt_text":"avion que hace un vuelo en semana santa","src":"https:\/\/i0.wp.com\/www.reclamador.es\/blog\/wp-content\/uploads\/2014\/04\/consejo-volar-semana-santa-min.png?fit=1200%2C800&ssl=1&resize=350%2C200","width":350,"height":200,"srcset":"https:\/\/i0.wp.com\/www.reclamador.es\/blog\/wp-content\/uploads\/2014\/04\/consejo-volar-semana-santa-min.png?fit=1200%2C800&ssl=1&resize=350%2C200 1x, https:\/\/i0.wp.com\/www.reclamador.es\/blog\/wp-content\/uploads\/2014\/04\/consejo-volar-semana-santa-min.png?fit=1200%2C800&ssl=1&resize=525%2C300 1.5x, https:\/\/i0.wp.com\/www.reclamador.es\/blog\/wp-content\/uploads\/2014\/04\/consejo-volar-semana-santa-min.png?fit=1200%2C800&ssl=1&resize=700%2C400 2x, https:\/\/i0.wp.com\/www.reclamador.es\/blog\/wp-content\/uploads\/2014\/04\/consejo-volar-semana-santa-min.png?fit=1200%2C800&ssl=1&resize=1050%2C600 3x"},"classes":[]},{"id":26481,"url":"https:\/\/www.reclamador.es\/blog\/documentacion-viajar-reino-unido\/","url_meta":{"origin":16809,"position":5},"title":"2025: \u00bfQu\u00e9 documentaci\u00f3n es necesaria para viajar a Reino Unido desde Espa\u00f1a?","author":"Alicia Ria\u00f1o","date":"21 enero, 2025","format":false,"excerpt":"Muchos son los cambios que ha tra\u00eddo la salida de Reino Unido de la Uni\u00f3n Europea. Uno de ellos es la documentaci\u00f3n que ser\u00e1 necesaria para viajar a este territorio. Pues bien, el primer gran cambio importante se produjo en octubre de 2021, fecha a partir de la cual los\u2026","rel":"","context":"En \u00abConsejos legales\u00bb","block_context":{"text":"Consejos legales","link":"https:\/\/www.reclamador.es\/blog\/consejos\/"},"img":{"alt_text":"documentos para viajar a Reino Unido: pasaporte y ETA (autorizacion electronica de viaje) Espa\u00f1a","src":"https:\/\/i0.wp.com\/www.reclamador.es\/blog\/wp-content\/uploads\/2021\/02\/documentacion-necesaria-viajar-Reino-Unido-desde-Espan%CC%83a-1200x630-1.jpg?fit=1200%2C630&ssl=1&resize=350%2C200","width":350,"height":200,"srcset":"https:\/\/i0.wp.com\/www.reclamador.es\/blog\/wp-content\/uploads\/2021\/02\/documentacion-necesaria-viajar-Reino-Unido-desde-Espan%CC%83a-1200x630-1.jpg?fit=1200%2C630&ssl=1&resize=350%2C200 1x, https:\/\/i0.wp.com\/www.reclamador.es\/blog\/wp-content\/uploads\/2021\/02\/documentacion-necesaria-viajar-Reino-Unido-desde-Espan%CC%83a-1200x630-1.jpg?fit=1200%2C630&ssl=1&resize=525%2C300 1.5x, https:\/\/i0.wp.com\/www.reclamador.es\/blog\/wp-content\/uploads\/2021\/02\/documentacion-necesaria-viajar-Reino-Unido-desde-Espan%CC%83a-1200x630-1.jpg?fit=1200%2C630&ssl=1&resize=700%2C400 2x, https:\/\/i0.wp.com\/www.reclamador.es\/blog\/wp-content\/uploads\/2021\/02\/documentacion-necesaria-viajar-Reino-Unido-desde-Espan%CC%83a-1200x630-1.jpg?fit=1200%2C630&ssl=1&resize=1050%2C600 3x"},"classes":[]}],"jetpack_sharing_enabled":true,"_links":{"self":[{"href":"https:\/\/www.reclamador.es\/blog\/wp-json\/wp\/v2\/posts\/16809","targetHints":{"allow":["GET"]}}],"collection":[{"href":"https:\/\/www.reclamador.es\/blog\/wp-json\/wp\/v2\/posts"}],"about":[{"href":"https:\/\/www.reclamador.es\/blog\/wp-json\/wp\/v2\/types\/post"}],"author":[{"embeddable":true,"href":"https:\/\/www.reclamador.es\/blog\/wp-json\/wp\/v2\/users\/28"}],"replies":[{"embeddable":true,"href":"https:\/\/www.reclamador.es\/blog\/wp-json\/wp\/v2\/comments?post=16809"}],"version-history":[{"count":13,"href":"https:\/\/www.reclamador.es\/blog\/wp-json\/wp\/v2\/posts\/16809\/revisions"}],"predecessor-version":[{"id":35011,"href":"https:\/\/www.reclamador.es\/blog\/wp-json\/wp\/v2\/posts\/16809\/revisions\/35011"}],"wp:featuredmedia":[{"embeddable":true,"href":"https:\/\/www.reclamador.es\/blog\/wp-json\/wp\/v2\/media\/26529"}],"wp:attachment":[{"href":"https:\/\/www.reclamador.es\/blog\/wp-json\/wp\/v2\/media?parent=16809"}],"wp:term":[{"taxonomy":"category","embeddable":true,"href":"https:\/\/www.reclamador.es\/blog\/wp-json\/wp\/v2\/categories?post=16809"},{"taxonomy":"post_tag","embeddable":true,"href":"https:\/\/www.reclamador.es\/blog\/wp-json\/wp\/v2\/tags?post=16809"}],"curies":[{"name":"wp","href":"https:\/\/api.w.org\/{rel}","templated":true}]}}