{"id":15916,"date":"2017-10-31T17:49:46","date_gmt":"2017-10-31T16:49:46","guid":{"rendered":"https:\/\/www.reclamador.es\/blog\/?p=15916"},"modified":"2024-06-28T09:50:43","modified_gmt":"2024-06-28T07:50:43","slug":"mobbing","status":"publish","type":"post","link":"https:\/\/www.reclamador.es\/blog\/mobbing\/","title":{"rendered":"\u00bfC\u00f3mo defenderte si sufres mobbing o acoso psicol\u00f3gico laboral?"},"content":{"rendered":"<div class=\"ttr_start\"><\/div>\n\n<div class=\"kk-star-ratings kksr-auto kksr-align-right kksr-valign-top\"\n    data-payload='{&quot;align&quot;:&quot;right&quot;,&quot;id&quot;:&quot;15916&quot;,&quot;slug&quot;:&quot;default&quot;,&quot;valign&quot;:&quot;top&quot;,&quot;ignore&quot;:&quot;&quot;,&quot;reference&quot;:&quot;auto&quot;,&quot;class&quot;:&quot;&quot;,&quot;count&quot;:&quot;13&quot;,&quot;legendonly&quot;:&quot;&quot;,&quot;readonly&quot;:&quot;&quot;,&quot;score&quot;:&quot;4.4&quot;,&quot;starsonly&quot;:&quot;&quot;,&quot;best&quot;:&quot;5&quot;,&quot;gap&quot;:&quot;3&quot;,&quot;greet&quot;:&quot;Valora este art\u00edculo&quot;,&quot;legend&quot;:&quot;4.4\\\/5 - (13 votos)&quot;,&quot;size&quot;:&quot;20&quot;,&quot;title&quot;:&quot;\u00bfC\u00f3mo defenderte si sufres mobbing o acoso psicol\u00f3gico laboral?&quot;,&quot;width&quot;:&quot;99.7&quot;,&quot;_legend&quot;:&quot;{score}\\\/{best} - ({count} {votes})&quot;,&quot;font_factor&quot;:&quot;1.25&quot;}'>\n            \n<div class=\"kksr-stars\">\n    \n<div class=\"kksr-stars-inactive\">\n            <div class=\"kksr-star\" data-star=\"1\" style=\"padding-right: 3px\">\n            \n\n<div class=\"kksr-icon\" style=\"width: 20px; height: 20px;\"><\/div>\n        <\/div>\n            <div class=\"kksr-star\" data-star=\"2\" style=\"padding-right: 3px\">\n            \n\n<div class=\"kksr-icon\" style=\"width: 20px; height: 20px;\"><\/div>\n        <\/div>\n            <div class=\"kksr-star\" data-star=\"3\" style=\"padding-right: 3px\">\n            \n\n<div class=\"kksr-icon\" style=\"width: 20px; height: 20px;\"><\/div>\n        <\/div>\n            <div class=\"kksr-star\" data-star=\"4\" style=\"padding-right: 3px\">\n            \n\n<div class=\"kksr-icon\" style=\"width: 20px; height: 20px;\"><\/div>\n        <\/div>\n            <div class=\"kksr-star\" data-star=\"5\" style=\"padding-right: 3px\">\n            \n\n<div class=\"kksr-icon\" style=\"width: 20px; height: 20px;\"><\/div>\n        <\/div>\n    <\/div>\n    \n<div class=\"kksr-stars-active\" style=\"width: 99.7px;\">\n            <div class=\"kksr-star\" style=\"padding-right: 3px\">\n            \n\n<div class=\"kksr-icon\" style=\"width: 20px; height: 20px;\"><\/div>\n        <\/div>\n            <div class=\"kksr-star\" style=\"padding-right: 3px\">\n            \n\n<div class=\"kksr-icon\" style=\"width: 20px; height: 20px;\"><\/div>\n        <\/div>\n            <div class=\"kksr-star\" style=\"padding-right: 3px\">\n            \n\n<div class=\"kksr-icon\" style=\"width: 20px; height: 20px;\"><\/div>\n        <\/div>\n            <div class=\"kksr-star\" style=\"padding-right: 3px\">\n            \n\n<div class=\"kksr-icon\" style=\"width: 20px; height: 20px;\"><\/div>\n        <\/div>\n            <div class=\"kksr-star\" style=\"padding-right: 3px\">\n            \n\n<div class=\"kksr-icon\" style=\"width: 20px; height: 20px;\"><\/div>\n        <\/div>\n    <\/div>\n<\/div>\n                \n\n<div class=\"kksr-legend\" style=\"font-size: 16px;\">\n            4.4\/5 - (13 votos)    <\/div>\n    <\/div>\n<figure id=\"attachment_15923\" aria-describedby=\"caption-attachment-15923\" style=\"width: 1200px\" class=\"wp-caption alignnone\"><img data-recalc-dims=\"1\" loading=\"lazy\" decoding=\"async\" class=\"wp-image-15923 size-full\" src=\"https:\/\/i0.wp.com\/www.reclamador.es\/blog\/wp-content\/uploads\/2017\/10\/empleadas-mobbing-reclamador-1.jpg?resize=1200%2C800&#038;ssl=1\" alt=\"empleada en su puesto de trabajo mientras sufre mobbing, foto de reclamador.es, compa\u00f1\u00eda online de reclamaciones\" width=\"1200\" height=\"800\" srcset=\"https:\/\/i0.wp.com\/www.reclamador.es\/blog\/wp-content\/uploads\/2017\/10\/empleadas-mobbing-reclamador-1.jpg?w=1200&amp;ssl=1 1200w, https:\/\/i0.wp.com\/www.reclamador.es\/blog\/wp-content\/uploads\/2017\/10\/empleadas-mobbing-reclamador-1.jpg?resize=150%2C100&amp;ssl=1 150w, https:\/\/i0.wp.com\/www.reclamador.es\/blog\/wp-content\/uploads\/2017\/10\/empleadas-mobbing-reclamador-1.jpg?resize=300%2C200&amp;ssl=1 300w, https:\/\/i0.wp.com\/www.reclamador.es\/blog\/wp-content\/uploads\/2017\/10\/empleadas-mobbing-reclamador-1.jpg?resize=768%2C512&amp;ssl=1 768w, https:\/\/i0.wp.com\/www.reclamador.es\/blog\/wp-content\/uploads\/2017\/10\/empleadas-mobbing-reclamador-1.jpg?resize=1024%2C683&amp;ssl=1 1024w\" sizes=\"auto, (max-width: 1000px) 100vw, 1000px\" \/><figcaption id=\"caption-attachment-15923\" class=\"wp-caption-text\"><em>La dificultad probatoria es uno de los principales problemas que presenta el acoso laboral<\/em><\/figcaption><\/figure>\n<p><i><span style=\"font-weight: 400;\">\u201cToda situaci\u00f3n o conducta que, por su reiteraci\u00f3n en el tiempo, por su car\u00e1cter degradante de las condiciones de trabajo y por la hostilidad o intimidaci\u00f3n del ambiente laboral que genera, tiene por finalidad atentar o poner en peligro la integridad del trabajador\u201d<\/span><\/i><span style=\"font-weight: 400;\">.<\/span><span style=\"font-weight: 400;\"> As\u00ed definen los tribunales el <\/span><b>acoso laboral<\/b><span style=\"font-weight: 400;\">, tambi\u00e9n conocido como <\/span><b><i>mobbing<\/i><\/b><b> o acoso psicol\u00f3gico laboral (APL)<\/b><span style=\"font-weight: 400;\">.<\/span><\/p>\n<p><span style=\"font-weight: 400;\">No obstante, a pesar de existir una descripci\u00f3n clara por parte de la justicia, el acoso en el trabajo <\/span><b>es un tema complicado y comprometido<\/b><span style=\"font-weight: 400;\">. Por ello, vamos a explicarte de una forma cuidadosa <\/span><b>qu\u00e9 es y qu\u00e9 medidas legales pueden tomarse para remediar este tipo de situaci\u00f3n<\/b><span style=\"font-weight: 400;\">. Adem\u00e1s, <a href=\"https:\/\/www.reclamador.es\/blog\/acoso-laboral\/\">este art\u00edculo<\/a> puede ayudarte para saber si lo sufres o no.<\/span><\/p>\n<h2><b>\u00bfEn qu\u00e9 consiste el <\/b><b><i>mobbing<\/i><\/b><b> o acoso laboral?<\/b><\/h2>\n<p><span style=\"font-weight: 400;\">El <\/span><i><span style=\"font-weight: 400;\">mobbing<\/span><\/i><span style=\"font-weight: 400;\"> o acoso psicol\u00f3gico laboral (APL)<\/span><b> es el trato hostil o vejatorio al que es sometida una persona en su \u00e1mbito laboral de forma continuada<\/b><span style=\"font-weight: 400;\">. Este trato puede provocar problemas psicol\u00f3gicos y profesionales en el individuo afectado, quien puede llegar a sufrir <\/span><b>depresi\u00f3n, hast\u00edo y ansiedad<\/b><span style=\"font-weight: 400;\">. Estas enfermedades tambi\u00e9n son consideradas como <\/span><i><span style=\"font-weight: 400;\">mobbing<\/span><\/i><span style=\"font-weight: 400;\"> cuando aparecen como consecuencia del acoso laboral.<\/span><\/p>\n<h2><b>Dificultad probatoria, el principal problema que presenta el acoso laboral<\/b><\/h2>\n<p><span style=\"font-weight: 400;\">Como es l\u00f3gico, <strong>quien denuncia un acoso laboral tiene la obligaci\u00f3n de demostrar que el <\/strong><\/span><strong><i>mobbing<\/i><\/strong><span style=\"font-weight: 400;\"><strong> que sufre es cierto<\/strong>. Por tanto, ser\u00e1 el propio trabajador quien tenga que aportar pruebas de la existencia de dicho acoso. Sin embargo, el principal problema al que tendr\u00e1 que enfrentarse el afectado, ser\u00e1 el de acreditar los hechos y conductas que constituyen el maltrato psicol\u00f3gico laboral. Esto se debe a que uno de los principales rasgos del APL es que se lleva a cabo con una apariencia de total normalidad.<\/span><\/p>\n<h2><b>\u00bfQu\u00e9 hacer ante el <\/b><b><i>mobbing<\/i><\/b><b>? Recopilaci\u00f3n de pruebas<\/b><\/h2>\n<p><span style=\"font-weight: 400;\">El 20 de noviembre de 2014, la Sala de lo Civil del Tribunal Supremo dictaba una sentencia que marcar\u00eda un antes y un despu\u00e9s en lo que a la validez de las pruebas para acreditar la existencia de <\/span><i><span style=\"font-weight: 400;\">mobbing<\/span><\/i><span style=\"font-weight: 400;\"> se refiere. Esta sentencia daba validez a utilizar grabaciones y conversaciones de <\/span><i><span style=\"font-weight: 400;\">WhatsApp<\/span><\/i><span style=\"font-weight: 400;\"> como pruebas de acoso laboral.<\/span><\/p>\n<p><span style=\"font-weight: 400;\">Adem\u00e1s de las grabaciones y de los mensajes de texto, el afectado podr\u00eda utilizar tambi\u00e9n otros medios de prueba tales como: <\/span><b>el interrogatorio de la persona acosadora, la declaraci\u00f3n del trabajador acosado <\/b><span style=\"font-weight: 400;\">(siempre y cuando la empresa demandada lo solicitase)<\/span><b>, la declaraci\u00f3n de los testigos, el informe pericial m\u00e9dico\/psicol\u00f3gico, las actas de la Inspecci\u00f3n de Trabajo y los correos electr\u00f3nicos<\/b><span style=\"font-weight: 400;\">.<\/span><\/p>\n<p><span style=\"font-weight: 400;\">Es muy importante que, si quieres comenzar un procedimiento legal para acabar con una situaci\u00f3n de acoso psicol\u00f3gico laboral, recopiles la mayor informaci\u00f3n que sea posible. De esta manera, ser\u00e1 m\u00e1s sencillo probar la realidad por la que est\u00e1s pasando.<\/span><\/p>\n<h2><b>C\u00f3mo defenderse del acoso laboral: los distintos procedimientos legales<\/b><\/h2>\n<p><span style=\"font-weight: 400;\">Existen <strong>distintos procedimientos legales para defenderse del <\/strong><\/span><strong><i>mobbing<\/i><\/strong><span style=\"font-weight: 400;\"><strong> o acoso laboral<\/strong>:<\/span><\/p>\n<h2><b>1<\/b><span style=\"font-weight: 400;\">. <\/span><b>Denuncia ante la Inspecci\u00f3n de Trabajo<\/b><\/h2>\n<p><span style=\"font-weight: 400;\">El trabajador afectado podr\u00eda presentar una denuncia ante la Inspecci\u00f3n de Trabajo. De esta manera, podr\u00eda conseguir que un inspector investigase de forma personal los hechos denunciados acudiendo al lugar de trabajo. As\u00ed, conseguir\u00eda acceder a testimonios de testigos, consultar documentos e emails. Las actas emitidas por la Inspecci\u00f3n de Trabajo cuentan con <\/span><b>presunci\u00f3n de veracidad, objetividad e imparcialidad<\/b><span style=\"font-weight: 400;\">. Por tanto, <\/span><b>ser\u00eda un paso previo id\u00f3neo para utilizar en un procedimiento judicial<\/b> <b>posterior<\/b><span style=\"font-weight: 400;\">.<\/span><\/p>\n<h2><b>2<\/b>.<b> Demanda por violaci\u00f3n de derechos fundamentales en el trabajo<\/b><\/h2>\n<p>Esta demanda debe interponerse por el trabajador afectado ante el Juzgado de lo Social. En ella tienen que indicarse expresamente:<\/p>\n<ul>\n<li style=\"font-weight: 400;\"><b>Los hechos que suponen el acoso, el derecho o la libertad vulnerados<\/b><span style=\"font-weight: 400;\"> (por ejemplo, el derecho a la privacidad, al honor, a la intimidad personal y familiar, a la imagen, a la libertad ideol\u00f3gica y religiosa, etc.). <\/span><\/li>\n<li style=\"font-weight: 400;\"><b>Los da\u00f1os y perjuicios ocasionados en la v\u00edctima<\/b><span style=\"font-weight: 400;\">. Esto es, demostrar la angustia, padecimiento, depresi\u00f3n o enfermedad que se sufra. La forma m\u00e1s t\u00edpica de demostrar estos perjuicios son las dolencias psicol\u00f3gicas, pues, por norma general, son tratadas por psic\u00f3logos y psiquiatras y pueden derivar en bajas laborales por enfermedad. Por tanto, ser\u00edan hechos demostrables. <\/span><\/li>\n<\/ul>\n<p><span style=\"font-weight: 400;\">La sentencia de esta demanda determinar\u00e1 si existe o no una vulneraci\u00f3n de esos derechos fundamentales. En caso afirmativo, <\/span><b>tendr\u00e1 que darse una cesaci\u00f3n inmediata de las violaciones que el trabajador ven\u00eda sufriendo<\/b><span style=\"font-weight: 400;\">. Adem\u00e1s, se impondr\u00e1 a la empresa el pago de una indemnizaci\u00f3n por los da\u00f1os ocasionados. No obstante, muchas veces aparecer\u00e1 el problema de c\u00f3mo cuantificar el da\u00f1o sufrido.<\/span><\/p>\n<p><span style=\"font-weight: 400;\">En aquellos casos en los que el trabajador interponga la demanda cuando ya ha finalizado su relaci\u00f3n laboral con la empresa, la petici\u00f3n se limitar\u00eda al reconocimiento de las violaciones y a la pertinente indemnizaci\u00f3n por los da\u00f1os sufridos.<\/span><\/p>\n<h2><b>3<\/b>.<b> Extinci\u00f3n de la relaci\u00f3n laboral a solicitud del trabajador<\/b><\/h2>\n<p>Cuando un trabajador se encuentra en una situaci\u00f3n de acoso laboral, puede no querer seguir trabajando en esa empresa. Tambi\u00e9n es posible que su m\u00e9dico, psic\u00f3logo o psiquiatra le aconseje no continuar prestando servicios en ella por motivos de salud. Por ello, y para que el trabajador no se vea obligado a solicitar una baja voluntaria (que no conlleva indemnizaci\u00f3n y derecho a paro) la ley prev\u00e9 que <b>el trabajador solicite la extinci\u00f3n de la relaci\u00f3n laboral con derecho a indemnizaci\u00f3n y paro<\/b>. La indemnizaci\u00f3n ser\u00e1 la misma que se recibe en caso de despido improcedente, es decir, <b>33 d\u00edas por a\u00f1o trabajado<\/b>.<\/p>\n<p><span style=\"font-weight: 400;\">Como ves, uno de los principales problemas que tienen los afectados es la dificultad que supone acreditar la conducta de hostigamiento y la relaci\u00f3n de la misma con su estado de salud. <\/span><\/p>\n<p><span style=\"font-weight: 400;\">Sin embargo, cada vez son m\u00e1s los medios a disposici\u00f3n de los trabajadores para denunciar la existencia de acoso laboral.<\/span><\/p>\n<h6 style=\"text-align: center;\"><strong><a href=\"#mc4wp_form_widget-2\">Suscr\u00edbete a nuestro bolet\u00edn de noticias<\/a>\u00a0si quieres que te sigamos informando.<\/strong><\/h6>\n<div class=\"ttr_end\"><\/div>","protected":false},"excerpt":{"rendered":"<p>\u201cToda situaci\u00f3n o conducta que, por su reiteraci\u00f3n en el tiempo, por su car\u00e1cter degradante de las condiciones de trabajo y por la hostilidad o intimidaci\u00f3n del ambiente laboral que genera, tiene por finalidad atentar o poner en peligro la integridad del trabajador\u201d. As\u00ed definen los tribunales el acoso laboral, tambi\u00e9n conocido como mobbing o [&hellip;]<\/p>\n","protected":false},"author":1,"featured_media":15923,"comment_status":"closed","ping_status":"open","sticky":false,"template":"","format":"standard","meta":{"_acf_changed":false,"_genesis_hide_title":false,"_genesis_hide_breadcrumbs":false,"_genesis_hide_singular_image":false,"_genesis_hide_footer_widgets":false,"_genesis_custom_body_class":"","_genesis_custom_post_class":"","_genesis_layout":"","_jetpack_newsletter_access":"","_jetpack_dont_email_post_to_subs":false,"_jetpack_newsletter_tier_id":0,"_jetpack_memberships_contains_paywalled_content":false,"_jetpack_memberships_contains_paid_content":false,"footnotes":""},"categories":[393],"tags":[266,289],"class_list":{"0":"post-15916","1":"post","2":"type-post","3":"status-publish","4":"format-standard","5":"has-post-thumbnail","7":"category-consejos","8":"tag-laboral","9":"tag-reclamacion","10":"entry"},"acf":[],"yoast_head":"<!-- This site is optimized with the Yoast SEO plugin v27.4 - https:\/\/yoast.com\/product\/yoast-seo-wordpress\/ -->\n<title>C\u00f3mo defenderse ante el Mobbing o Acoso en el trabajo<\/title>\n<meta name=\"description\" content=\"\u00bfSufres acoso psicol\u00f3gico laboral o mobbing? En este post encontrar\u00e1s consejos para saber c\u00f3mo tienes que actuar ante ello.\" \/>\n<meta name=\"robots\" content=\"index, follow, max-snippet:-1, max-image-preview:large, max-video-preview:-1\" \/>\n<link rel=\"canonical\" href=\"https:\/\/www.reclamador.es\/blog\/mobbing\/\" \/>\n<meta property=\"og:locale\" content=\"es_ES\" \/>\n<meta property=\"og:type\" content=\"article\" \/>\n<meta property=\"og:title\" content=\"C\u00f3mo defenderse ante el Mobbing o Acoso en el trabajo\" \/>\n<meta property=\"og:description\" content=\"\u00bfSufres acoso psicol\u00f3gico laboral o mobbing? En este post encontrar\u00e1s consejos para saber c\u00f3mo tienes que actuar ante ello.\" \/>\n<meta property=\"og:url\" content=\"https:\/\/www.reclamador.es\/blog\/mobbing\/\" \/>\n<meta property=\"og:site_name\" content=\"Rebeldes con causa, el blog de reclamador.es\" \/>\n<meta property=\"article:publisher\" content=\"https:\/\/www.facebook.com\/reclamador.es\" \/>\n<meta property=\"article:published_time\" content=\"2017-10-31T16:49:46+00:00\" \/>\n<meta property=\"article:modified_time\" content=\"2024-06-28T07:50:43+00:00\" \/>\n<meta property=\"og:image\" content=\"https:\/\/www.reclamador.es\/blog\/wp-content\/uploads\/2017\/10\/empleadas-mobbing-reclamador-1.jpg\" \/>\n\t<meta property=\"og:image:width\" content=\"1200\" \/>\n\t<meta property=\"og:image:height\" content=\"800\" \/>\n\t<meta property=\"og:image:type\" content=\"image\/jpeg\" \/>\n<meta name=\"author\" content=\"Equipo reclamador\" \/>\n<meta name=\"twitter:card\" content=\"summary_large_image\" \/>\n<meta name=\"twitter:creator\" content=\"@reclamador\" \/>\n<meta name=\"twitter:site\" content=\"@reclamador\" \/>\n<meta name=\"twitter:label1\" content=\"Escrito por\" \/>\n\t<meta name=\"twitter:data1\" content=\"Equipo reclamador\" \/>\n\t<meta name=\"twitter:label2\" content=\"Tiempo de lectura\" \/>\n\t<meta name=\"twitter:data2\" content=\"5 minutos\" \/>\n<script type=\"application\/ld+json\" class=\"yoast-schema-graph\">{\"@context\":\"https:\\\/\\\/schema.org\",\"@graph\":[{\"@type\":\"Article\",\"@id\":\"https:\\\/\\\/www.reclamador.es\\\/blog\\\/mobbing\\\/#article\",\"isPartOf\":{\"@id\":\"https:\\\/\\\/www.reclamador.es\\\/blog\\\/mobbing\\\/\"},\"author\":{\"name\":\"Equipo reclamador\",\"@id\":\"https:\\\/\\\/www.reclamador.es\\\/blog\\\/#\\\/schema\\\/person\\\/1ed83eef8b6566cb5e4c812d9bc5c4bf\"},\"headline\":\"\u00bfC\u00f3mo defenderte si sufres mobbing o acoso psicol\u00f3gico laboral?\",\"datePublished\":\"2017-10-31T16:49:46+00:00\",\"dateModified\":\"2024-06-28T07:50:43+00:00\",\"mainEntityOfPage\":{\"@id\":\"https:\\\/\\\/www.reclamador.es\\\/blog\\\/mobbing\\\/\"},\"wordCount\":1062,\"publisher\":{\"@id\":\"https:\\\/\\\/www.reclamador.es\\\/blog\\\/#organization\"},\"image\":{\"@id\":\"https:\\\/\\\/www.reclamador.es\\\/blog\\\/mobbing\\\/#primaryimage\"},\"thumbnailUrl\":\"https:\\\/\\\/i0.wp.com\\\/www.reclamador.es\\\/blog\\\/wp-content\\\/uploads\\\/2017\\\/10\\\/empleadas-mobbing-reclamador-1.jpg?fit=1200%2C800&ssl=1\",\"keywords\":[\"laboral\",\"reclamaci\u00f3n\"],\"articleSection\":[\"Consejos legales\"],\"inLanguage\":\"es\"},{\"@type\":\"WebPage\",\"@id\":\"https:\\\/\\\/www.reclamador.es\\\/blog\\\/mobbing\\\/\",\"url\":\"https:\\\/\\\/www.reclamador.es\\\/blog\\\/mobbing\\\/\",\"name\":\"C\u00f3mo defenderse ante el Mobbing o Acoso en el trabajo\",\"isPartOf\":{\"@id\":\"https:\\\/\\\/www.reclamador.es\\\/blog\\\/#website\"},\"primaryImageOfPage\":{\"@id\":\"https:\\\/\\\/www.reclamador.es\\\/blog\\\/mobbing\\\/#primaryimage\"},\"image\":{\"@id\":\"https:\\\/\\\/www.reclamador.es\\\/blog\\\/mobbing\\\/#primaryimage\"},\"thumbnailUrl\":\"https:\\\/\\\/i0.wp.com\\\/www.reclamador.es\\\/blog\\\/wp-content\\\/uploads\\\/2017\\\/10\\\/empleadas-mobbing-reclamador-1.jpg?fit=1200%2C800&ssl=1\",\"datePublished\":\"2017-10-31T16:49:46+00:00\",\"dateModified\":\"2024-06-28T07:50:43+00:00\",\"description\":\"\u00bfSufres acoso psicol\u00f3gico laboral o mobbing? En este post encontrar\u00e1s consejos para saber c\u00f3mo tienes que actuar ante ello.\",\"breadcrumb\":{\"@id\":\"https:\\\/\\\/www.reclamador.es\\\/blog\\\/mobbing\\\/#breadcrumb\"},\"inLanguage\":\"es\",\"potentialAction\":[{\"@type\":\"ReadAction\",\"target\":[\"https:\\\/\\\/www.reclamador.es\\\/blog\\\/mobbing\\\/\"]}]},{\"@type\":\"ImageObject\",\"inLanguage\":\"es\",\"@id\":\"https:\\\/\\\/www.reclamador.es\\\/blog\\\/mobbing\\\/#primaryimage\",\"url\":\"https:\\\/\\\/i0.wp.com\\\/www.reclamador.es\\\/blog\\\/wp-content\\\/uploads\\\/2017\\\/10\\\/empleadas-mobbing-reclamador-1.jpg?fit=1200%2C800&ssl=1\",\"contentUrl\":\"https:\\\/\\\/i0.wp.com\\\/www.reclamador.es\\\/blog\\\/wp-content\\\/uploads\\\/2017\\\/10\\\/empleadas-mobbing-reclamador-1.jpg?fit=1200%2C800&ssl=1\",\"width\":1200,\"height\":800},{\"@type\":\"BreadcrumbList\",\"@id\":\"https:\\\/\\\/www.reclamador.es\\\/blog\\\/mobbing\\\/#breadcrumb\",\"itemListElement\":[{\"@type\":\"ListItem\",\"position\":1,\"name\":\"Portada\",\"item\":\"https:\\\/\\\/www.reclamador.es\\\/blog\\\/\"},{\"@type\":\"ListItem\",\"position\":2,\"name\":\"\u00bfC\u00f3mo defenderte si sufres mobbing o acoso psicol\u00f3gico laboral?\"}]},{\"@type\":\"WebSite\",\"@id\":\"https:\\\/\\\/www.reclamador.es\\\/blog\\\/#website\",\"url\":\"https:\\\/\\\/www.reclamador.es\\\/blog\\\/\",\"name\":\"Rebeldes con causa, el blog de reclamador.es\",\"description\":\"Noticias, entrevistas y consejos sobre reclamaciones\",\"publisher\":{\"@id\":\"https:\\\/\\\/www.reclamador.es\\\/blog\\\/#organization\"},\"potentialAction\":[{\"@type\":\"SearchAction\",\"target\":{\"@type\":\"EntryPoint\",\"urlTemplate\":\"https:\\\/\\\/www.reclamador.es\\\/blog\\\/?s={search_term_string}\"},\"query-input\":{\"@type\":\"PropertyValueSpecification\",\"valueRequired\":true,\"valueName\":\"search_term_string\"}}],\"inLanguage\":\"es\"},{\"@type\":\"Organization\",\"@id\":\"https:\\\/\\\/www.reclamador.es\\\/blog\\\/#organization\",\"name\":\"reclamador.es\",\"url\":\"https:\\\/\\\/www.reclamador.es\\\/blog\\\/\",\"logo\":{\"@type\":\"ImageObject\",\"inLanguage\":\"es\",\"@id\":\"https:\\\/\\\/www.reclamador.es\\\/blog\\\/#\\\/schema\\\/logo\\\/image\\\/\",\"url\":\"https:\\\/\\\/i0.wp.com\\\/www.reclamador.es\\\/blog\\\/wp-content\\\/uploads\\\/2020\\\/01\\\/logo-reclamador.png?fit=1200%2C144&ssl=1\",\"contentUrl\":\"https:\\\/\\\/i0.wp.com\\\/www.reclamador.es\\\/blog\\\/wp-content\\\/uploads\\\/2020\\\/01\\\/logo-reclamador.png?fit=1200%2C144&ssl=1\",\"width\":1200,\"height\":144,\"caption\":\"reclamador.es\"},\"image\":{\"@id\":\"https:\\\/\\\/www.reclamador.es\\\/blog\\\/#\\\/schema\\\/logo\\\/image\\\/\"},\"sameAs\":[\"https:\\\/\\\/www.facebook.com\\\/reclamador.es\",\"https:\\\/\\\/x.com\\\/reclamador\",\"https:\\\/\\\/www.instagram.com\\\/reclamador.es\\\/\",\"https:\\\/\\\/www.linkedin.com\\\/company\\\/reclamador-es\",\"https:\\\/\\\/www.youtube.com\\\/user\\\/Reclamadores\"]},{\"@type\":\"Person\",\"@id\":\"https:\\\/\\\/www.reclamador.es\\\/blog\\\/#\\\/schema\\\/person\\\/1ed83eef8b6566cb5e4c812d9bc5c4bf\",\"name\":\"Equipo reclamador\",\"image\":{\"@type\":\"ImageObject\",\"inLanguage\":\"es\",\"@id\":\"https:\\\/\\\/secure.gravatar.com\\\/avatar\\\/6442ecdc2c4472c600c113f34d340feca47107d6aa4f42f1e3e75a2a8e28a760?s=96&d=mm&r=g\",\"url\":\"https:\\\/\\\/secure.gravatar.com\\\/avatar\\\/6442ecdc2c4472c600c113f34d340feca47107d6aa4f42f1e3e75a2a8e28a760?s=96&d=mm&r=g\",\"contentUrl\":\"https:\\\/\\\/secure.gravatar.com\\\/avatar\\\/6442ecdc2c4472c600c113f34d340feca47107d6aa4f42f1e3e75a2a8e28a760?s=96&d=mm&r=g\",\"caption\":\"Equipo reclamador\"},\"description\":\"Las personas que hacen posible reclamador.es\",\"url\":\"https:\\\/\\\/www.reclamador.es\\\/blog\\\/author\\\/administrador\\\/\"}]}<\/script>\n<!-- \/ Yoast SEO plugin. -->","yoast_head_json":{"title":"C\u00f3mo defenderse ante el Mobbing o Acoso en el trabajo","description":"\u00bfSufres acoso psicol\u00f3gico laboral o mobbing? En este post encontrar\u00e1s consejos para saber c\u00f3mo tienes que actuar ante ello.","robots":{"index":"index","follow":"follow","max-snippet":"max-snippet:-1","max-image-preview":"max-image-preview:large","max-video-preview":"max-video-preview:-1"},"canonical":"https:\/\/www.reclamador.es\/blog\/mobbing\/","og_locale":"es_ES","og_type":"article","og_title":"C\u00f3mo defenderse ante el Mobbing o Acoso en el trabajo","og_description":"\u00bfSufres acoso psicol\u00f3gico laboral o mobbing? En este post encontrar\u00e1s consejos para saber c\u00f3mo tienes que actuar ante ello.","og_url":"https:\/\/www.reclamador.es\/blog\/mobbing\/","og_site_name":"Rebeldes con causa, el blog de reclamador.es","article_publisher":"https:\/\/www.facebook.com\/reclamador.es","article_published_time":"2017-10-31T16:49:46+00:00","article_modified_time":"2024-06-28T07:50:43+00:00","og_image":[{"width":1200,"height":800,"url":"https:\/\/www.reclamador.es\/blog\/wp-content\/uploads\/2017\/10\/empleadas-mobbing-reclamador-1.jpg","type":"image\/jpeg"}],"author":"Equipo reclamador","twitter_card":"summary_large_image","twitter_creator":"@reclamador","twitter_site":"@reclamador","twitter_misc":{"Escrito por":"Equipo reclamador","Tiempo de lectura":"5 minutos"},"schema":{"@context":"https:\/\/schema.org","@graph":[{"@type":"Article","@id":"https:\/\/www.reclamador.es\/blog\/mobbing\/#article","isPartOf":{"@id":"https:\/\/www.reclamador.es\/blog\/mobbing\/"},"author":{"name":"Equipo reclamador","@id":"https:\/\/www.reclamador.es\/blog\/#\/schema\/person\/1ed83eef8b6566cb5e4c812d9bc5c4bf"},"headline":"\u00bfC\u00f3mo defenderte si sufres mobbing o acoso psicol\u00f3gico laboral?","datePublished":"2017-10-31T16:49:46+00:00","dateModified":"2024-06-28T07:50:43+00:00","mainEntityOfPage":{"@id":"https:\/\/www.reclamador.es\/blog\/mobbing\/"},"wordCount":1062,"publisher":{"@id":"https:\/\/www.reclamador.es\/blog\/#organization"},"image":{"@id":"https:\/\/www.reclamador.es\/blog\/mobbing\/#primaryimage"},"thumbnailUrl":"https:\/\/i0.wp.com\/www.reclamador.es\/blog\/wp-content\/uploads\/2017\/10\/empleadas-mobbing-reclamador-1.jpg?fit=1200%2C800&ssl=1","keywords":["laboral","reclamaci\u00f3n"],"articleSection":["Consejos legales"],"inLanguage":"es"},{"@type":"WebPage","@id":"https:\/\/www.reclamador.es\/blog\/mobbing\/","url":"https:\/\/www.reclamador.es\/blog\/mobbing\/","name":"C\u00f3mo defenderse ante el Mobbing o Acoso en el trabajo","isPartOf":{"@id":"https:\/\/www.reclamador.es\/blog\/#website"},"primaryImageOfPage":{"@id":"https:\/\/www.reclamador.es\/blog\/mobbing\/#primaryimage"},"image":{"@id":"https:\/\/www.reclamador.es\/blog\/mobbing\/#primaryimage"},"thumbnailUrl":"https:\/\/i0.wp.com\/www.reclamador.es\/blog\/wp-content\/uploads\/2017\/10\/empleadas-mobbing-reclamador-1.jpg?fit=1200%2C800&ssl=1","datePublished":"2017-10-31T16:49:46+00:00","dateModified":"2024-06-28T07:50:43+00:00","description":"\u00bfSufres acoso psicol\u00f3gico laboral o mobbing? En este post encontrar\u00e1s consejos para saber c\u00f3mo tienes que actuar ante ello.","breadcrumb":{"@id":"https:\/\/www.reclamador.es\/blog\/mobbing\/#breadcrumb"},"inLanguage":"es","potentialAction":[{"@type":"ReadAction","target":["https:\/\/www.reclamador.es\/blog\/mobbing\/"]}]},{"@type":"ImageObject","inLanguage":"es","@id":"https:\/\/www.reclamador.es\/blog\/mobbing\/#primaryimage","url":"https:\/\/i0.wp.com\/www.reclamador.es\/blog\/wp-content\/uploads\/2017\/10\/empleadas-mobbing-reclamador-1.jpg?fit=1200%2C800&ssl=1","contentUrl":"https:\/\/i0.wp.com\/www.reclamador.es\/blog\/wp-content\/uploads\/2017\/10\/empleadas-mobbing-reclamador-1.jpg?fit=1200%2C800&ssl=1","width":1200,"height":800},{"@type":"BreadcrumbList","@id":"https:\/\/www.reclamador.es\/blog\/mobbing\/#breadcrumb","itemListElement":[{"@type":"ListItem","position":1,"name":"Portada","item":"https:\/\/www.reclamador.es\/blog\/"},{"@type":"ListItem","position":2,"name":"\u00bfC\u00f3mo defenderte si sufres mobbing o acoso psicol\u00f3gico laboral?"}]},{"@type":"WebSite","@id":"https:\/\/www.reclamador.es\/blog\/#website","url":"https:\/\/www.reclamador.es\/blog\/","name":"Rebeldes con causa, el blog de reclamador.es","description":"Noticias, entrevistas y consejos sobre reclamaciones","publisher":{"@id":"https:\/\/www.reclamador.es\/blog\/#organization"},"potentialAction":[{"@type":"SearchAction","target":{"@type":"EntryPoint","urlTemplate":"https:\/\/www.reclamador.es\/blog\/?s={search_term_string}"},"query-input":{"@type":"PropertyValueSpecification","valueRequired":true,"valueName":"search_term_string"}}],"inLanguage":"es"},{"@type":"Organization","@id":"https:\/\/www.reclamador.es\/blog\/#organization","name":"reclamador.es","url":"https:\/\/www.reclamador.es\/blog\/","logo":{"@type":"ImageObject","inLanguage":"es","@id":"https:\/\/www.reclamador.es\/blog\/#\/schema\/logo\/image\/","url":"https:\/\/i0.wp.com\/www.reclamador.es\/blog\/wp-content\/uploads\/2020\/01\/logo-reclamador.png?fit=1200%2C144&ssl=1","contentUrl":"https:\/\/i0.wp.com\/www.reclamador.es\/blog\/wp-content\/uploads\/2020\/01\/logo-reclamador.png?fit=1200%2C144&ssl=1","width":1200,"height":144,"caption":"reclamador.es"},"image":{"@id":"https:\/\/www.reclamador.es\/blog\/#\/schema\/logo\/image\/"},"sameAs":["https:\/\/www.facebook.com\/reclamador.es","https:\/\/x.com\/reclamador","https:\/\/www.instagram.com\/reclamador.es\/","https:\/\/www.linkedin.com\/company\/reclamador-es","https:\/\/www.youtube.com\/user\/Reclamadores"]},{"@type":"Person","@id":"https:\/\/www.reclamador.es\/blog\/#\/schema\/person\/1ed83eef8b6566cb5e4c812d9bc5c4bf","name":"Equipo reclamador","image":{"@type":"ImageObject","inLanguage":"es","@id":"https:\/\/secure.gravatar.com\/avatar\/6442ecdc2c4472c600c113f34d340feca47107d6aa4f42f1e3e75a2a8e28a760?s=96&d=mm&r=g","url":"https:\/\/secure.gravatar.com\/avatar\/6442ecdc2c4472c600c113f34d340feca47107d6aa4f42f1e3e75a2a8e28a760?s=96&d=mm&r=g","contentUrl":"https:\/\/secure.gravatar.com\/avatar\/6442ecdc2c4472c600c113f34d340feca47107d6aa4f42f1e3e75a2a8e28a760?s=96&d=mm&r=g","caption":"Equipo reclamador"},"description":"Las personas que hacen posible reclamador.es","url":"https:\/\/www.reclamador.es\/blog\/author\/administrador\/"}]}},"jetpack_featured_media_url":"https:\/\/i0.wp.com\/www.reclamador.es\/blog\/wp-content\/uploads\/2017\/10\/empleadas-mobbing-reclamador-1.jpg?fit=1200%2C800&ssl=1","jetpack-related-posts":[{"id":5143,"url":"https:\/\/www.reclamador.es\/blog\/acoso-laboral\/","url_meta":{"origin":15916,"position":0},"title":"5 tips para conocer si sufres acoso laboral","author":"Equipo reclamador","date":"4 noviembre, 2023","format":false,"excerpt":"El acoso laboral es cada vez m\u00e1s patente en cualquier empleo. Conseguir que un entorno de trabajo est\u00e9 libre de mobbing es un reto para todos los expertos en recursos humanos y directores de empresa, que ven como este problema afecta directamente la estabilidad laboral y productiva de su negocio.\u2026","rel":"","context":"En \u00abConsejos legales\u00bb","block_context":{"text":"Consejos legales","link":"https:\/\/www.reclamador.es\/blog\/consejos\/"},"img":{"alt_text":"camareros - descubrir acoso laboral","src":"https:\/\/i0.wp.com\/www.reclamador.es\/blog\/wp-content\/uploads\/2016\/11\/acoso-laboral-1.jpg?fit=1199%2C631&ssl=1&resize=350%2C200","width":350,"height":200,"srcset":"https:\/\/i0.wp.com\/www.reclamador.es\/blog\/wp-content\/uploads\/2016\/11\/acoso-laboral-1.jpg?fit=1199%2C631&ssl=1&resize=350%2C200 1x, https:\/\/i0.wp.com\/www.reclamador.es\/blog\/wp-content\/uploads\/2016\/11\/acoso-laboral-1.jpg?fit=1199%2C631&ssl=1&resize=525%2C300 1.5x, https:\/\/i0.wp.com\/www.reclamador.es\/blog\/wp-content\/uploads\/2016\/11\/acoso-laboral-1.jpg?fit=1199%2C631&ssl=1&resize=700%2C400 2x, https:\/\/i0.wp.com\/www.reclamador.es\/blog\/wp-content\/uploads\/2016\/11\/acoso-laboral-1.jpg?fit=1199%2C631&ssl=1&resize=1050%2C600 3x"},"classes":[]},{"id":17209,"url":"https:\/\/www.reclamador.es\/blog\/abogado-laboralista\/","url_meta":{"origin":15916,"position":1},"title":"Abogado laboralista: qu\u00e9 es y c\u00f3mo te puede ayudar","author":"Equipo reclamador","date":"6 abril, 2020","format":false,"excerpt":"Antes de hablar de la figura del abogado laboralista -o abogado laboral-, sus funciones y en qu\u00e9 casos te ayuda como trabajador, en reclamador.es queremos se\u00f1alar que las relaciones laborales y los derechos de los trabajadores vienen regulados en nuestro ordenamiento jur\u00eddico desde la propia Constituci\u00f3n. Ya el primer art\u00edculo\u2026","rel":"","context":"En \u00abConsejos legales\u00bb","block_context":{"text":"Consejos legales","link":"https:\/\/www.reclamador.es\/blog\/consejos\/"},"img":{"alt_text":"abogados laboralistas reclamador.es","src":"https:\/\/i0.wp.com\/www.reclamador.es\/blog\/wp-content\/uploads\/2018\/02\/abogado-laboralista.jpg?fit=1200%2C800&ssl=1&resize=350%2C200","width":350,"height":200,"srcset":"https:\/\/i0.wp.com\/www.reclamador.es\/blog\/wp-content\/uploads\/2018\/02\/abogado-laboralista.jpg?fit=1200%2C800&ssl=1&resize=350%2C200 1x, https:\/\/i0.wp.com\/www.reclamador.es\/blog\/wp-content\/uploads\/2018\/02\/abogado-laboralista.jpg?fit=1200%2C800&ssl=1&resize=525%2C300 1.5x, https:\/\/i0.wp.com\/www.reclamador.es\/blog\/wp-content\/uploads\/2018\/02\/abogado-laboralista.jpg?fit=1200%2C800&ssl=1&resize=700%2C400 2x, https:\/\/i0.wp.com\/www.reclamador.es\/blog\/wp-content\/uploads\/2018\/02\/abogado-laboralista.jpg?fit=1200%2C800&ssl=1&resize=1050%2C600 3x"},"classes":[]},{"id":22315,"url":"https:\/\/www.reclamador.es\/blog\/difusion-video-intimo-ambito-laboral\/","url_meta":{"origin":15916,"position":2},"title":"Difusi\u00f3n de un v\u00eddeo \u00edntimo en el \u00e1mbito laboral: \u00bfqu\u00e9 deben hacer los trabajadores?","author":"Equipo reclamador","date":"20 junio, 2019","format":false,"excerpt":"La difusi\u00f3n de contenidos \u00edntimos a trav\u00e9s de redes sociales o aplicaciones de mensajer\u00eda instant\u00e1nea, como WhatsApp, est\u00e1 de triste actualidad por el ya conocido como \"Caso Iveco\". La cuesti\u00f3n que ahora se plantea es \u00bfqu\u00e9 pueden hacer los trabajadores a los que les llega a su m\u00f3vil un v\u00eddeo\u2026","rel":"","context":"En \u00abConsejos legales\u00bb","block_context":{"text":"Consejos legales","link":"https:\/\/www.reclamador.es\/blog\/consejos\/"},"img":{"alt_text":"c\u00e1mara grabando - v\u00eddeo intimo","src":"https:\/\/i0.wp.com\/www.reclamador.es\/blog\/wp-content\/uploads\/2019\/06\/video-intimo.jpg?fit=1199%2C631&ssl=1&resize=350%2C200","width":350,"height":200,"srcset":"https:\/\/i0.wp.com\/www.reclamador.es\/blog\/wp-content\/uploads\/2019\/06\/video-intimo.jpg?fit=1199%2C631&ssl=1&resize=350%2C200 1x, https:\/\/i0.wp.com\/www.reclamador.es\/blog\/wp-content\/uploads\/2019\/06\/video-intimo.jpg?fit=1199%2C631&ssl=1&resize=525%2C300 1.5x, https:\/\/i0.wp.com\/www.reclamador.es\/blog\/wp-content\/uploads\/2019\/06\/video-intimo.jpg?fit=1199%2C631&ssl=1&resize=700%2C400 2x, https:\/\/i0.wp.com\/www.reclamador.es\/blog\/wp-content\/uploads\/2019\/06\/video-intimo.jpg?fit=1199%2C631&ssl=1&resize=1050%2C600 3x"},"classes":[]},{"id":4004,"url":"https:\/\/www.reclamador.es\/blog\/despido-procedente-causas\/","url_meta":{"origin":15916,"position":3},"title":"\u00bfCu\u00e1ndo un despido es considerado procedente?","author":"Equipo reclamador","date":"1 septiembre, 2018","format":false,"excerpt":"El Estatuto de los Trabajadores regula, en su cap\u00edtulo III secci\u00f3n 4\u00aa, las causas de la extinci\u00f3n del contrato de trabajo. M\u00e1s concretamente, desde el art\u00edculo 51 al 56 del Estatuto de los Trabajadores, podremos analizar las causas y efectos de los diferentes tipos de despido. Con \u00e1nimo de informar\u2026","rel":"","context":"En \u00abConsejos legales\u00bb","block_context":{"text":"Consejos legales","link":"https:\/\/www.reclamador.es\/blog\/consejos\/"},"img":{"alt_text":"abogado laboralista despido procedente","src":"https:\/\/i0.wp.com\/www.reclamador.es\/blog\/wp-content\/uploads\/2018\/09\/despido-procedente.jpg?fit=1200%2C675&ssl=1&resize=350%2C200","width":350,"height":200,"srcset":"https:\/\/i0.wp.com\/www.reclamador.es\/blog\/wp-content\/uploads\/2018\/09\/despido-procedente.jpg?fit=1200%2C675&ssl=1&resize=350%2C200 1x, https:\/\/i0.wp.com\/www.reclamador.es\/blog\/wp-content\/uploads\/2018\/09\/despido-procedente.jpg?fit=1200%2C675&ssl=1&resize=525%2C300 1.5x, https:\/\/i0.wp.com\/www.reclamador.es\/blog\/wp-content\/uploads\/2018\/09\/despido-procedente.jpg?fit=1200%2C675&ssl=1&resize=700%2C400 2x, https:\/\/i0.wp.com\/www.reclamador.es\/blog\/wp-content\/uploads\/2018\/09\/despido-procedente.jpg?fit=1200%2C675&ssl=1&resize=1050%2C600 3x"},"classes":[]},{"id":18420,"url":"https:\/\/www.reclamador.es\/blog\/entrevista-laboral-abdou\/","url_meta":{"origin":15916,"position":4},"title":"\u201cMe chantajearon para no pagarme la indemnizaci\u00f3n, pero no me daban miedo\u201d","author":"Cristina Naveda","date":"27 junio, 2018","format":false,"excerpt":"Os traemos un nuevo caso real de reclamaci\u00f3n laboral: Chantajes y muchas conductas de acoso laboral. Nuestro entrevistado esta semana ha pasado por todo este trato degradante en los \u00faltimos meses como ch\u00f3fer de la Embajada de Mali en Espa\u00f1a, donde finalmente fue despedido, no sin antes luchar y exigir\u2026","rel":"","context":"En \u00abConoce todo lo que sucede en reclamador.es\u00bb","block_context":{"text":"Conoce todo lo que sucede en reclamador.es","link":"https:\/\/www.reclamador.es\/blog\/reclamadores\/"},"img":{"alt_text":"","src":"https:\/\/i0.wp.com\/www.reclamador.es\/blog\/wp-content\/uploads\/2018\/06\/abdou1200-min.png?fit=1200%2C800&ssl=1&resize=350%2C200","width":350,"height":200,"srcset":"https:\/\/i0.wp.com\/www.reclamador.es\/blog\/wp-content\/uploads\/2018\/06\/abdou1200-min.png?fit=1200%2C800&ssl=1&resize=350%2C200 1x, https:\/\/i0.wp.com\/www.reclamador.es\/blog\/wp-content\/uploads\/2018\/06\/abdou1200-min.png?fit=1200%2C800&ssl=1&resize=525%2C300 1.5x, https:\/\/i0.wp.com\/www.reclamador.es\/blog\/wp-content\/uploads\/2018\/06\/abdou1200-min.png?fit=1200%2C800&ssl=1&resize=700%2C400 2x, https:\/\/i0.wp.com\/www.reclamador.es\/blog\/wp-content\/uploads\/2018\/06\/abdou1200-min.png?fit=1200%2C800&ssl=1&resize=1050%2C600 3x"},"classes":[]},{"id":27334,"url":"https:\/\/www.reclamador.es\/blog\/impugnar-sancion-laboral\/","url_meta":{"origin":15916,"position":5},"title":"La importancia de impugnar las sanciones impuestas a los trabajadores","author":"Equipo reclamador","date":"8 enero, 2024","format":false,"excerpt":"Amonestaci\u00f3n laboral o sanci\u00f3n laboral, con ambos t\u00e9rminos se hace referencia a las sanciones disciplinarias que, por motivos muy diferentes, las empresas pueden imponer a sus empleados. Y aqu\u00ed una de las cuestiones m\u00e1s importantes para el trabajador es saber qu\u00e9 hacer ante una amonestaci\u00f3n. Hablamos en este post de\u2026","rel":"","context":"En \u00abConsejos legales\u00bb","block_context":{"text":"Consejos legales","link":"https:\/\/www.reclamador.es\/blog\/consejos\/"},"img":{"alt_text":"c\u00f3mo impugnar una sanci\u00f3n laboral","src":"https:\/\/i0.wp.com\/www.reclamador.es\/blog\/wp-content\/uploads\/2021\/09\/impugnar-sancion-laboral.jpg?fit=1200%2C673&ssl=1&resize=350%2C200","width":350,"height":200,"srcset":"https:\/\/i0.wp.com\/www.reclamador.es\/blog\/wp-content\/uploads\/2021\/09\/impugnar-sancion-laboral.jpg?fit=1200%2C673&ssl=1&resize=350%2C200 1x, https:\/\/i0.wp.com\/www.reclamador.es\/blog\/wp-content\/uploads\/2021\/09\/impugnar-sancion-laboral.jpg?fit=1200%2C673&ssl=1&resize=525%2C300 1.5x, https:\/\/i0.wp.com\/www.reclamador.es\/blog\/wp-content\/uploads\/2021\/09\/impugnar-sancion-laboral.jpg?fit=1200%2C673&ssl=1&resize=700%2C400 2x, https:\/\/i0.wp.com\/www.reclamador.es\/blog\/wp-content\/uploads\/2021\/09\/impugnar-sancion-laboral.jpg?fit=1200%2C673&ssl=1&resize=1050%2C600 3x"},"classes":[]}],"jetpack_sharing_enabled":true,"_links":{"self":[{"href":"https:\/\/www.reclamador.es\/blog\/wp-json\/wp\/v2\/posts\/15916","targetHints":{"allow":["GET"]}}],"collection":[{"href":"https:\/\/www.reclamador.es\/blog\/wp-json\/wp\/v2\/posts"}],"about":[{"href":"https:\/\/www.reclamador.es\/blog\/wp-json\/wp\/v2\/types\/post"}],"author":[{"embeddable":true,"href":"https:\/\/www.reclamador.es\/blog\/wp-json\/wp\/v2\/users\/1"}],"replies":[{"embeddable":true,"href":"https:\/\/www.reclamador.es\/blog\/wp-json\/wp\/v2\/comments?post=15916"}],"version-history":[{"count":7,"href":"https:\/\/www.reclamador.es\/blog\/wp-json\/wp\/v2\/posts\/15916\/revisions"}],"predecessor-version":[{"id":32550,"href":"https:\/\/www.reclamador.es\/blog\/wp-json\/wp\/v2\/posts\/15916\/revisions\/32550"}],"wp:featuredmedia":[{"embeddable":true,"href":"https:\/\/www.reclamador.es\/blog\/wp-json\/wp\/v2\/media\/15923"}],"wp:attachment":[{"href":"https:\/\/www.reclamador.es\/blog\/wp-json\/wp\/v2\/media?parent=15916"}],"wp:term":[{"taxonomy":"category","embeddable":true,"href":"https:\/\/www.reclamador.es\/blog\/wp-json\/wp\/v2\/categories?post=15916"},{"taxonomy":"post_tag","embeddable":true,"href":"https:\/\/www.reclamador.es\/blog\/wp-json\/wp\/v2\/tags?post=15916"}],"curies":[{"name":"wp","href":"https:\/\/api.w.org\/{rel}","templated":true}]}}