{"id":15880,"date":"2017-10-24T13:03:16","date_gmt":"2017-10-24T11:03:16","guid":{"rendered":"https:\/\/www.reclamador.es\/blog\/?p=15880"},"modified":"2022-11-25T10:43:48","modified_gmt":"2022-11-25T09:43:48","slug":"20-millones-indemnizaciones","status":"publish","type":"post","link":"https:\/\/www.reclamador.es\/blog\/20-millones-indemnizaciones\/","title":{"rendered":"M\u00e1s de 20 millones de euros recuperados para m\u00e1s de 150.000 clientes"},"content":{"rendered":"<div class=\"ttr_start\"><\/div>\n\n<div class=\"kk-star-ratings kksr-auto kksr-align-right kksr-valign-top\"\n    data-payload='{&quot;align&quot;:&quot;right&quot;,&quot;id&quot;:&quot;15880&quot;,&quot;slug&quot;:&quot;default&quot;,&quot;valign&quot;:&quot;top&quot;,&quot;ignore&quot;:&quot;&quot;,&quot;reference&quot;:&quot;auto&quot;,&quot;class&quot;:&quot;&quot;,&quot;count&quot;:&quot;1&quot;,&quot;legendonly&quot;:&quot;&quot;,&quot;readonly&quot;:&quot;&quot;,&quot;score&quot;:&quot;5&quot;,&quot;starsonly&quot;:&quot;&quot;,&quot;best&quot;:&quot;5&quot;,&quot;gap&quot;:&quot;3&quot;,&quot;greet&quot;:&quot;Valora este art\u00edculo&quot;,&quot;legend&quot;:&quot;5\\\/5 - (1 voto)&quot;,&quot;size&quot;:&quot;20&quot;,&quot;title&quot;:&quot;M\u00e1s de 20 millones de euros recuperados para m\u00e1s de 150.000 clientes&quot;,&quot;width&quot;:&quot;113.5&quot;,&quot;_legend&quot;:&quot;{score}\\\/{best} - ({count} {votes})&quot;,&quot;font_factor&quot;:&quot;1.25&quot;}'>\n            \n<div class=\"kksr-stars\">\n    \n<div class=\"kksr-stars-inactive\">\n            <div class=\"kksr-star\" data-star=\"1\" style=\"padding-right: 3px\">\n            \n\n<div class=\"kksr-icon\" style=\"width: 20px; height: 20px;\"><\/div>\n        <\/div>\n            <div class=\"kksr-star\" data-star=\"2\" style=\"padding-right: 3px\">\n            \n\n<div class=\"kksr-icon\" style=\"width: 20px; height: 20px;\"><\/div>\n        <\/div>\n            <div class=\"kksr-star\" data-star=\"3\" style=\"padding-right: 3px\">\n            \n\n<div class=\"kksr-icon\" style=\"width: 20px; height: 20px;\"><\/div>\n        <\/div>\n            <div class=\"kksr-star\" data-star=\"4\" style=\"padding-right: 3px\">\n            \n\n<div class=\"kksr-icon\" style=\"width: 20px; height: 20px;\"><\/div>\n        <\/div>\n            <div class=\"kksr-star\" data-star=\"5\" style=\"padding-right: 3px\">\n            \n\n<div class=\"kksr-icon\" style=\"width: 20px; height: 20px;\"><\/div>\n        <\/div>\n    <\/div>\n    \n<div class=\"kksr-stars-active\" style=\"width: 113.5px;\">\n            <div class=\"kksr-star\" style=\"padding-right: 3px\">\n            \n\n<div class=\"kksr-icon\" style=\"width: 20px; height: 20px;\"><\/div>\n        <\/div>\n            <div class=\"kksr-star\" style=\"padding-right: 3px\">\n            \n\n<div class=\"kksr-icon\" style=\"width: 20px; height: 20px;\"><\/div>\n        <\/div>\n            <div class=\"kksr-star\" style=\"padding-right: 3px\">\n            \n\n<div class=\"kksr-icon\" style=\"width: 20px; height: 20px;\"><\/div>\n        <\/div>\n            <div class=\"kksr-star\" style=\"padding-right: 3px\">\n            \n\n<div class=\"kksr-icon\" style=\"width: 20px; height: 20px;\"><\/div>\n        <\/div>\n            <div class=\"kksr-star\" style=\"padding-right: 3px\">\n            \n\n<div class=\"kksr-icon\" style=\"width: 20px; height: 20px;\"><\/div>\n        <\/div>\n    <\/div>\n<\/div>\n                \n\n<div class=\"kksr-legend\" style=\"font-size: 16px;\">\n            5\/5 - (1 voto)    <\/div>\n    <\/div>\n<p>Estamos de celebraci\u00f3n en <a href=\"https:\/\/www.reclamador.es\/\">reclamador.es<\/a>. Tenemos buenas noticias que contarte y que agradecerte. Para nosotros es un orgullo poder crecer al ritmo que lo estamos haciendo. Ya que eso significa que <strong>podemos ayudar cada vez a m\u00e1s personas haciendo accesible la justicia gracias a la tecnolog\u00eda<\/strong>.<\/p>\n<p>En los \u00faltimos d\u00edas se han producido una serie de novedades que queremos compartir contigo ya que no ser\u00edan posible sin tu confianza.<\/p>\n<p><span style=\"font-weight: 400;\"><img data-recalc-dims=\"1\" loading=\"lazy\" decoding=\"async\" class=\"aligncenter size-full wp-image-15898\" src=\"https:\/\/i0.wp.com\/www.reclamador.es\/blog\/wp-content\/uploads\/2017\/10\/espacio-diafano-oficinas-reclamador.jpg?resize=1200%2C800&#038;ssl=1\" alt=\"espacio di\u00e1fano en las nuevas oficinas de reclamador.es en legazpi\" width=\"1200\" height=\"800\" srcset=\"https:\/\/i0.wp.com\/www.reclamador.es\/blog\/wp-content\/uploads\/2017\/10\/espacio-diafano-oficinas-reclamador.jpg?w=1200&amp;ssl=1 1200w, https:\/\/i0.wp.com\/www.reclamador.es\/blog\/wp-content\/uploads\/2017\/10\/espacio-diafano-oficinas-reclamador.jpg?resize=150%2C100&amp;ssl=1 150w, https:\/\/i0.wp.com\/www.reclamador.es\/blog\/wp-content\/uploads\/2017\/10\/espacio-diafano-oficinas-reclamador.jpg?resize=300%2C200&amp;ssl=1 300w, https:\/\/i0.wp.com\/www.reclamador.es\/blog\/wp-content\/uploads\/2017\/10\/espacio-diafano-oficinas-reclamador.jpg?resize=768%2C512&amp;ssl=1 768w, https:\/\/i0.wp.com\/www.reclamador.es\/blog\/wp-content\/uploads\/2017\/10\/espacio-diafano-oficinas-reclamador.jpg?resize=1024%2C683&amp;ssl=1 1024w\" sizes=\"auto, (max-width: 1000px) 100vw, 1000px\" \/><\/span><\/p>\n<h2><b>M\u00e1s de 20 millones de euros recuperados en indemnizaciones<\/b><\/h2>\n<p><span style=\"font-weight: 400;\">Desde que arrancamos en 2012, <strong>hemos recuperado a fecha de hoy m\u00e1s de 20 millones de euros en indemnizaciones<\/strong> para nuestros clientes. Si bajamos la cifra al detalle, quiere decir que m\u00e1s de 150.000 clientes han podido hacer justicia gracias a sus reclamaciones por incidencias en vuelos o las cl\u00e1usulas abusivas de sus hipotecas, por ejemplo. Y tenemos en los juzgados otros 5 millones de euros pendientes de pago.<\/span><\/p>\n<p><span style=\"font-weight: 400;\">Atender de manera eficaz y sencilla tu reclamaci\u00f3n es posible gracias a la gesti\u00f3n online y al equipo humano que hay detr\u00e1s. En los \u00faltimos meses <strong>hemos reforzado la plantilla con nuevos abogados y t\u00e9cnicos. Ya somos m\u00e1s de 80 empleados<\/strong> los que trabajamos para conseguir este objetivo. Lo cual supone un aumento de un 30% en nuestra plantilla desde enero de este a\u00f1o. Consecuencia de ello, nos hemos trasladado a unas oficinas m\u00e1s grandes, di\u00e1fanas y sin despachos en la zona de Legazpi &#8211; Matadero, en Madrid.<\/span><\/p>\n<h2><b>Estrenamos nuestro primer spot en televisi\u00f3n<\/b><\/h2>\n<p><span style=\"font-weight: 400;\">Queremos seguir informando a cada vez m\u00e1s personas sobre sus derechos. Por eso, por primera vez esta semana <strong>estrenamos nuestro primer spot de televisi\u00f3n<\/strong>. En \u00e9l se va a dar difusi\u00f3n acerca de la posibilidad de recuperar los gastos que pagaste al formalizar la hipoteca. Tambi\u00e9n sobre el error de c\u00e1lculo que han llevado a cabo los ayuntamientos en el impuesto de plusval\u00eda municipal. Este error supone que m\u00e1s de 5 millones de inmuebles se vean afectados. Y que se pueda recuperar la totalidad o una parte de lo pagado por dicho tributo. En total, se ha cobrado de m\u00e1s 3.000 millones de euros por este impuesto en los \u00faltimos a\u00f1os. Y de nuevo gracias a la justicia es posible recuperar lo pagado de m\u00e1s.<\/span><\/p>\n<h2><b>Hemos recibido varios premios<\/b><\/h2>\n<p><span style=\"font-weight: 400;\">Otro de los hitos que queremos compartir contigo es la obtenci\u00f3n de varios premios. Hace unos d\u00edas, recibimos el galard\u00f3n a mejor empresa B2C (de servicios a los consumidores) en <a href=\"https:\/\/www.reclamador.es\/blog\/premio-b2c-southsummit\/\"><strong>South Summit 2017<\/strong><\/a>. Este evento congrega a las mejores startups de todo el sur de Europa y en la competici\u00f3n tomaron parte 3.500 proyectos de m\u00e1s de 70 pa\u00edses. El reconocimiento a nuestra labor nos hace poner a\u00fan m\u00e1s ah\u00ednco a la hora de defender los derechos de los consumidores y hacerlo, adem\u00e1s, cada vez mejor y a mayor escala. <\/span><\/p>\n<p><span style=\"font-weight: 400;\">Adem\u00e1s, somos finalistas en la tercera edici\u00f3n de los <strong>premios RTVE Emprende<\/strong>, en la categor\u00eda de empresa emergente. Estos galardones se entregar\u00e1n el pr\u00f3ximo noviembre en la madrile\u00f1a Casa de Am\u00e9rica.<\/span><\/p>\n<h2><b>Queremos seguir creciendo contigo<\/b><\/h2>\n<p><span style=\"font-weight: 400;\"><strong>El pasado a\u00f1o gestionamos un total de 30.000 reclamaciones<\/strong>. De las cuales el 75% fueron a aerol\u00edneas y un 18% bancarias. Este a\u00f1o hemos abierto dos nuevas v\u00edas de reclamaci\u00f3n, como son las de <strong>negligencias<\/strong> (m\u00e9dicas y dentales) y las de <strong>impuestos<\/strong>, en concreto, sobre el impuesto de plusval\u00eda municipal. Con estas dos \u00e1reas suman ya seis los \u00e1mbitos en los que reclamamos, con aerol\u00edneas, banca, accidentes y laboral. Y esperamos seguir creciendo para poder ayudar cada vez a m\u00e1s personas.<\/span><\/p>\n<p><span style=\"font-weight: 400;\">Muchas gracias por tu confianza. <\/span><\/p>\n<p><span style=\"font-weight: 400;\">\ud83d\ude42<\/span><\/p>\n<div class=\"ttr_end\"><\/div>","protected":false},"excerpt":{"rendered":"<p>Estamos de celebraci\u00f3n en reclamador.es. Tenemos buenas noticias que contarte y que agradecerte. Para nosotros es un orgullo poder crecer al ritmo que lo estamos haciendo. Ya que eso significa que podemos ayudar cada vez a m\u00e1s personas haciendo accesible la justicia gracias a la tecnolog\u00eda. En los \u00faltimos d\u00edas se han producido una serie [&hellip;]<\/p>\n","protected":false},"author":1,"featured_media":15898,"comment_status":"closed","ping_status":"open","sticky":false,"template":"","format":"standard","meta":{"_acf_changed":false,"_genesis_hide_title":false,"_genesis_hide_breadcrumbs":false,"_genesis_hide_singular_image":false,"_genesis_hide_footer_widgets":false,"_genesis_custom_body_class":"","_genesis_custom_post_class":"","_genesis_layout":"","_jetpack_newsletter_access":"","_jetpack_dont_email_post_to_subs":false,"_jetpack_newsletter_tier_id":0,"_jetpack_memberships_contains_paywalled_content":false,"_jetpack_memberships_contains_paid_content":false,"footnotes":""},"categories":[392],"tags":[648,704],"class_list":{"0":"post-15880","1":"post","2":"type-post","3":"status-publish","4":"format-standard","5":"has-post-thumbnail","7":"category-noticias","8":"tag-branding","9":"tag-gastos-de-hipoteca","10":"entry"},"acf":[],"yoast_head":"<!-- This site is optimized with the Yoast SEO plugin v27.4 - https:\/\/yoast.com\/product\/yoast-seo-wordpress\/ -->\n<title>reclamador.es recupera m\u00e1s de 20 millones en indemnizaciones a clientes<\/title>\n<meta name=\"description\" content=\"reclamador.es ha recuperado ya m\u00e1s de 20 millones de euros para m\u00e1s de 150.000 clientes. Te contamos m\u00e1s novedades en este post.\" \/>\n<meta name=\"robots\" content=\"index, follow, max-snippet:-1, max-image-preview:large, max-video-preview:-1\" \/>\n<link rel=\"canonical\" href=\"https:\/\/www.reclamador.es\/blog\/20-millones-indemnizaciones\/\" \/>\n<meta property=\"og:locale\" content=\"es_ES\" \/>\n<meta property=\"og:type\" content=\"article\" \/>\n<meta property=\"og:title\" content=\"reclamador.es recupera m\u00e1s de 20 millones en indemnizaciones a clientes\" \/>\n<meta property=\"og:description\" content=\"reclamador.es ha recuperado ya m\u00e1s de 20 millones de euros para m\u00e1s de 150.000 clientes. Te contamos m\u00e1s novedades en este post.\" \/>\n<meta property=\"og:url\" content=\"https:\/\/www.reclamador.es\/blog\/20-millones-indemnizaciones\/\" \/>\n<meta property=\"og:site_name\" content=\"Rebeldes con causa, el blog de reclamador.es\" \/>\n<meta property=\"article:publisher\" content=\"https:\/\/www.facebook.com\/reclamador.es\" \/>\n<meta property=\"article:published_time\" content=\"2017-10-24T11:03:16+00:00\" \/>\n<meta property=\"article:modified_time\" content=\"2022-11-25T09:43:48+00:00\" \/>\n<meta property=\"og:image\" content=\"https:\/\/i0.wp.com\/www.reclamador.es\/blog\/wp-content\/uploads\/2017\/10\/espacio-diafano-oficinas-reclamador.jpg?fit=1200%2C800&ssl=1\" \/>\n\t<meta property=\"og:image:width\" content=\"1200\" \/>\n\t<meta property=\"og:image:height\" content=\"800\" \/>\n\t<meta property=\"og:image:type\" content=\"image\/jpeg\" \/>\n<meta name=\"author\" content=\"Equipo reclamador\" \/>\n<meta name=\"twitter:card\" content=\"summary_large_image\" \/>\n<meta name=\"twitter:creator\" content=\"@reclamador\" \/>\n<meta name=\"twitter:site\" content=\"@reclamador\" \/>\n<meta name=\"twitter:label1\" content=\"Escrito por\" \/>\n\t<meta name=\"twitter:data1\" content=\"Equipo reclamador\" \/>\n\t<meta name=\"twitter:label2\" content=\"Tiempo de lectura\" \/>\n\t<meta name=\"twitter:data2\" content=\"3 minutos\" \/>\n<script type=\"application\/ld+json\" class=\"yoast-schema-graph\">{\"@context\":\"https:\\\/\\\/schema.org\",\"@graph\":[{\"@type\":\"Article\",\"@id\":\"https:\\\/\\\/www.reclamador.es\\\/blog\\\/20-millones-indemnizaciones\\\/#article\",\"isPartOf\":{\"@id\":\"https:\\\/\\\/www.reclamador.es\\\/blog\\\/20-millones-indemnizaciones\\\/\"},\"author\":{\"name\":\"Equipo reclamador\",\"@id\":\"https:\\\/\\\/www.reclamador.es\\\/blog\\\/#\\\/schema\\\/person\\\/1ed83eef8b6566cb5e4c812d9bc5c4bf\"},\"headline\":\"M\u00e1s de 20 millones de euros recuperados para m\u00e1s de 150.000 clientes\",\"datePublished\":\"2017-10-24T11:03:16+00:00\",\"dateModified\":\"2022-11-25T09:43:48+00:00\",\"mainEntityOfPage\":{\"@id\":\"https:\\\/\\\/www.reclamador.es\\\/blog\\\/20-millones-indemnizaciones\\\/\"},\"wordCount\":634,\"publisher\":{\"@id\":\"https:\\\/\\\/www.reclamador.es\\\/blog\\\/#organization\"},\"image\":{\"@id\":\"https:\\\/\\\/www.reclamador.es\\\/blog\\\/20-millones-indemnizaciones\\\/#primaryimage\"},\"thumbnailUrl\":\"https:\\\/\\\/i0.wp.com\\\/www.reclamador.es\\\/blog\\\/wp-content\\\/uploads\\\/2017\\\/10\\\/espacio-diafano-oficinas-reclamador.jpg?fit=1200%2C800&ssl=1\",\"keywords\":[\"branding\",\"gastos de hipoteca\"],\"articleSection\":[\"Noticias y actualidad\"],\"inLanguage\":\"es\"},{\"@type\":\"WebPage\",\"@id\":\"https:\\\/\\\/www.reclamador.es\\\/blog\\\/20-millones-indemnizaciones\\\/\",\"url\":\"https:\\\/\\\/www.reclamador.es\\\/blog\\\/20-millones-indemnizaciones\\\/\",\"name\":\"reclamador.es recupera m\u00e1s de 20 millones en indemnizaciones a clientes\",\"isPartOf\":{\"@id\":\"https:\\\/\\\/www.reclamador.es\\\/blog\\\/#website\"},\"primaryImageOfPage\":{\"@id\":\"https:\\\/\\\/www.reclamador.es\\\/blog\\\/20-millones-indemnizaciones\\\/#primaryimage\"},\"image\":{\"@id\":\"https:\\\/\\\/www.reclamador.es\\\/blog\\\/20-millones-indemnizaciones\\\/#primaryimage\"},\"thumbnailUrl\":\"https:\\\/\\\/i0.wp.com\\\/www.reclamador.es\\\/blog\\\/wp-content\\\/uploads\\\/2017\\\/10\\\/espacio-diafano-oficinas-reclamador.jpg?fit=1200%2C800&ssl=1\",\"datePublished\":\"2017-10-24T11:03:16+00:00\",\"dateModified\":\"2022-11-25T09:43:48+00:00\",\"description\":\"reclamador.es ha recuperado ya m\u00e1s de 20 millones de euros para m\u00e1s de 150.000 clientes. Te contamos m\u00e1s novedades en este post.\",\"breadcrumb\":{\"@id\":\"https:\\\/\\\/www.reclamador.es\\\/blog\\\/20-millones-indemnizaciones\\\/#breadcrumb\"},\"inLanguage\":\"es\",\"potentialAction\":[{\"@type\":\"ReadAction\",\"target\":[\"https:\\\/\\\/www.reclamador.es\\\/blog\\\/20-millones-indemnizaciones\\\/\"]}]},{\"@type\":\"ImageObject\",\"inLanguage\":\"es\",\"@id\":\"https:\\\/\\\/www.reclamador.es\\\/blog\\\/20-millones-indemnizaciones\\\/#primaryimage\",\"url\":\"https:\\\/\\\/i0.wp.com\\\/www.reclamador.es\\\/blog\\\/wp-content\\\/uploads\\\/2017\\\/10\\\/espacio-diafano-oficinas-reclamador.jpg?fit=1200%2C800&ssl=1\",\"contentUrl\":\"https:\\\/\\\/i0.wp.com\\\/www.reclamador.es\\\/blog\\\/wp-content\\\/uploads\\\/2017\\\/10\\\/espacio-diafano-oficinas-reclamador.jpg?fit=1200%2C800&ssl=1\",\"width\":1200,\"height\":800},{\"@type\":\"BreadcrumbList\",\"@id\":\"https:\\\/\\\/www.reclamador.es\\\/blog\\\/20-millones-indemnizaciones\\\/#breadcrumb\",\"itemListElement\":[{\"@type\":\"ListItem\",\"position\":1,\"name\":\"Portada\",\"item\":\"https:\\\/\\\/www.reclamador.es\\\/blog\\\/\"},{\"@type\":\"ListItem\",\"position\":2,\"name\":\"M\u00e1s de 20 millones de euros recuperados para m\u00e1s de 150.000 clientes\"}]},{\"@type\":\"WebSite\",\"@id\":\"https:\\\/\\\/www.reclamador.es\\\/blog\\\/#website\",\"url\":\"https:\\\/\\\/www.reclamador.es\\\/blog\\\/\",\"name\":\"Rebeldes con causa, el blog de reclamador.es\",\"description\":\"Noticias, entrevistas y consejos sobre reclamaciones\",\"publisher\":{\"@id\":\"https:\\\/\\\/www.reclamador.es\\\/blog\\\/#organization\"},\"potentialAction\":[{\"@type\":\"SearchAction\",\"target\":{\"@type\":\"EntryPoint\",\"urlTemplate\":\"https:\\\/\\\/www.reclamador.es\\\/blog\\\/?s={search_term_string}\"},\"query-input\":{\"@type\":\"PropertyValueSpecification\",\"valueRequired\":true,\"valueName\":\"search_term_string\"}}],\"inLanguage\":\"es\"},{\"@type\":\"Organization\",\"@id\":\"https:\\\/\\\/www.reclamador.es\\\/blog\\\/#organization\",\"name\":\"reclamador.es\",\"url\":\"https:\\\/\\\/www.reclamador.es\\\/blog\\\/\",\"logo\":{\"@type\":\"ImageObject\",\"inLanguage\":\"es\",\"@id\":\"https:\\\/\\\/www.reclamador.es\\\/blog\\\/#\\\/schema\\\/logo\\\/image\\\/\",\"url\":\"https:\\\/\\\/i0.wp.com\\\/www.reclamador.es\\\/blog\\\/wp-content\\\/uploads\\\/2020\\\/01\\\/logo-reclamador.png?fit=1200%2C144&ssl=1\",\"contentUrl\":\"https:\\\/\\\/i0.wp.com\\\/www.reclamador.es\\\/blog\\\/wp-content\\\/uploads\\\/2020\\\/01\\\/logo-reclamador.png?fit=1200%2C144&ssl=1\",\"width\":1200,\"height\":144,\"caption\":\"reclamador.es\"},\"image\":{\"@id\":\"https:\\\/\\\/www.reclamador.es\\\/blog\\\/#\\\/schema\\\/logo\\\/image\\\/\"},\"sameAs\":[\"https:\\\/\\\/www.facebook.com\\\/reclamador.es\",\"https:\\\/\\\/x.com\\\/reclamador\",\"https:\\\/\\\/www.instagram.com\\\/reclamador.es\\\/\",\"https:\\\/\\\/www.linkedin.com\\\/company\\\/reclamador-es\",\"https:\\\/\\\/www.youtube.com\\\/user\\\/Reclamadores\"]},{\"@type\":\"Person\",\"@id\":\"https:\\\/\\\/www.reclamador.es\\\/blog\\\/#\\\/schema\\\/person\\\/1ed83eef8b6566cb5e4c812d9bc5c4bf\",\"name\":\"Equipo reclamador\",\"image\":{\"@type\":\"ImageObject\",\"inLanguage\":\"es\",\"@id\":\"https:\\\/\\\/secure.gravatar.com\\\/avatar\\\/6442ecdc2c4472c600c113f34d340feca47107d6aa4f42f1e3e75a2a8e28a760?s=96&d=mm&r=g\",\"url\":\"https:\\\/\\\/secure.gravatar.com\\\/avatar\\\/6442ecdc2c4472c600c113f34d340feca47107d6aa4f42f1e3e75a2a8e28a760?s=96&d=mm&r=g\",\"contentUrl\":\"https:\\\/\\\/secure.gravatar.com\\\/avatar\\\/6442ecdc2c4472c600c113f34d340feca47107d6aa4f42f1e3e75a2a8e28a760?s=96&d=mm&r=g\",\"caption\":\"Equipo reclamador\"},\"description\":\"Las personas que hacen posible reclamador.es\",\"url\":\"https:\\\/\\\/www.reclamador.es\\\/blog\\\/author\\\/administrador\\\/\"}]}<\/script>\n<!-- \/ Yoast SEO plugin. -->","yoast_head_json":{"title":"reclamador.es recupera m\u00e1s de 20 millones en indemnizaciones a clientes","description":"reclamador.es ha recuperado ya m\u00e1s de 20 millones de euros para m\u00e1s de 150.000 clientes. Te contamos m\u00e1s novedades en este post.","robots":{"index":"index","follow":"follow","max-snippet":"max-snippet:-1","max-image-preview":"max-image-preview:large","max-video-preview":"max-video-preview:-1"},"canonical":"https:\/\/www.reclamador.es\/blog\/20-millones-indemnizaciones\/","og_locale":"es_ES","og_type":"article","og_title":"reclamador.es recupera m\u00e1s de 20 millones en indemnizaciones a clientes","og_description":"reclamador.es ha recuperado ya m\u00e1s de 20 millones de euros para m\u00e1s de 150.000 clientes. Te contamos m\u00e1s novedades en este post.","og_url":"https:\/\/www.reclamador.es\/blog\/20-millones-indemnizaciones\/","og_site_name":"Rebeldes con causa, el blog de reclamador.es","article_publisher":"https:\/\/www.facebook.com\/reclamador.es","article_published_time":"2017-10-24T11:03:16+00:00","article_modified_time":"2022-11-25T09:43:48+00:00","og_image":[{"width":1200,"height":800,"url":"https:\/\/i0.wp.com\/www.reclamador.es\/blog\/wp-content\/uploads\/2017\/10\/espacio-diafano-oficinas-reclamador.jpg?fit=1200%2C800&ssl=1","type":"image\/jpeg"}],"author":"Equipo reclamador","twitter_card":"summary_large_image","twitter_creator":"@reclamador","twitter_site":"@reclamador","twitter_misc":{"Escrito por":"Equipo reclamador","Tiempo de lectura":"3 minutos"},"schema":{"@context":"https:\/\/schema.org","@graph":[{"@type":"Article","@id":"https:\/\/www.reclamador.es\/blog\/20-millones-indemnizaciones\/#article","isPartOf":{"@id":"https:\/\/www.reclamador.es\/blog\/20-millones-indemnizaciones\/"},"author":{"name":"Equipo reclamador","@id":"https:\/\/www.reclamador.es\/blog\/#\/schema\/person\/1ed83eef8b6566cb5e4c812d9bc5c4bf"},"headline":"M\u00e1s de 20 millones de euros recuperados para m\u00e1s de 150.000 clientes","datePublished":"2017-10-24T11:03:16+00:00","dateModified":"2022-11-25T09:43:48+00:00","mainEntityOfPage":{"@id":"https:\/\/www.reclamador.es\/blog\/20-millones-indemnizaciones\/"},"wordCount":634,"publisher":{"@id":"https:\/\/www.reclamador.es\/blog\/#organization"},"image":{"@id":"https:\/\/www.reclamador.es\/blog\/20-millones-indemnizaciones\/#primaryimage"},"thumbnailUrl":"https:\/\/i0.wp.com\/www.reclamador.es\/blog\/wp-content\/uploads\/2017\/10\/espacio-diafano-oficinas-reclamador.jpg?fit=1200%2C800&ssl=1","keywords":["branding","gastos de hipoteca"],"articleSection":["Noticias y actualidad"],"inLanguage":"es"},{"@type":"WebPage","@id":"https:\/\/www.reclamador.es\/blog\/20-millones-indemnizaciones\/","url":"https:\/\/www.reclamador.es\/blog\/20-millones-indemnizaciones\/","name":"reclamador.es recupera m\u00e1s de 20 millones en indemnizaciones a clientes","isPartOf":{"@id":"https:\/\/www.reclamador.es\/blog\/#website"},"primaryImageOfPage":{"@id":"https:\/\/www.reclamador.es\/blog\/20-millones-indemnizaciones\/#primaryimage"},"image":{"@id":"https:\/\/www.reclamador.es\/blog\/20-millones-indemnizaciones\/#primaryimage"},"thumbnailUrl":"https:\/\/i0.wp.com\/www.reclamador.es\/blog\/wp-content\/uploads\/2017\/10\/espacio-diafano-oficinas-reclamador.jpg?fit=1200%2C800&ssl=1","datePublished":"2017-10-24T11:03:16+00:00","dateModified":"2022-11-25T09:43:48+00:00","description":"reclamador.es ha recuperado ya m\u00e1s de 20 millones de euros para m\u00e1s de 150.000 clientes. Te contamos m\u00e1s novedades en este post.","breadcrumb":{"@id":"https:\/\/www.reclamador.es\/blog\/20-millones-indemnizaciones\/#breadcrumb"},"inLanguage":"es","potentialAction":[{"@type":"ReadAction","target":["https:\/\/www.reclamador.es\/blog\/20-millones-indemnizaciones\/"]}]},{"@type":"ImageObject","inLanguage":"es","@id":"https:\/\/www.reclamador.es\/blog\/20-millones-indemnizaciones\/#primaryimage","url":"https:\/\/i0.wp.com\/www.reclamador.es\/blog\/wp-content\/uploads\/2017\/10\/espacio-diafano-oficinas-reclamador.jpg?fit=1200%2C800&ssl=1","contentUrl":"https:\/\/i0.wp.com\/www.reclamador.es\/blog\/wp-content\/uploads\/2017\/10\/espacio-diafano-oficinas-reclamador.jpg?fit=1200%2C800&ssl=1","width":1200,"height":800},{"@type":"BreadcrumbList","@id":"https:\/\/www.reclamador.es\/blog\/20-millones-indemnizaciones\/#breadcrumb","itemListElement":[{"@type":"ListItem","position":1,"name":"Portada","item":"https:\/\/www.reclamador.es\/blog\/"},{"@type":"ListItem","position":2,"name":"M\u00e1s de 20 millones de euros recuperados para m\u00e1s de 150.000 clientes"}]},{"@type":"WebSite","@id":"https:\/\/www.reclamador.es\/blog\/#website","url":"https:\/\/www.reclamador.es\/blog\/","name":"Rebeldes con causa, el blog de reclamador.es","description":"Noticias, entrevistas y consejos sobre reclamaciones","publisher":{"@id":"https:\/\/www.reclamador.es\/blog\/#organization"},"potentialAction":[{"@type":"SearchAction","target":{"@type":"EntryPoint","urlTemplate":"https:\/\/www.reclamador.es\/blog\/?s={search_term_string}"},"query-input":{"@type":"PropertyValueSpecification","valueRequired":true,"valueName":"search_term_string"}}],"inLanguage":"es"},{"@type":"Organization","@id":"https:\/\/www.reclamador.es\/blog\/#organization","name":"reclamador.es","url":"https:\/\/www.reclamador.es\/blog\/","logo":{"@type":"ImageObject","inLanguage":"es","@id":"https:\/\/www.reclamador.es\/blog\/#\/schema\/logo\/image\/","url":"https:\/\/i0.wp.com\/www.reclamador.es\/blog\/wp-content\/uploads\/2020\/01\/logo-reclamador.png?fit=1200%2C144&ssl=1","contentUrl":"https:\/\/i0.wp.com\/www.reclamador.es\/blog\/wp-content\/uploads\/2020\/01\/logo-reclamador.png?fit=1200%2C144&ssl=1","width":1200,"height":144,"caption":"reclamador.es"},"image":{"@id":"https:\/\/www.reclamador.es\/blog\/#\/schema\/logo\/image\/"},"sameAs":["https:\/\/www.facebook.com\/reclamador.es","https:\/\/x.com\/reclamador","https:\/\/www.instagram.com\/reclamador.es\/","https:\/\/www.linkedin.com\/company\/reclamador-es","https:\/\/www.youtube.com\/user\/Reclamadores"]},{"@type":"Person","@id":"https:\/\/www.reclamador.es\/blog\/#\/schema\/person\/1ed83eef8b6566cb5e4c812d9bc5c4bf","name":"Equipo reclamador","image":{"@type":"ImageObject","inLanguage":"es","@id":"https:\/\/secure.gravatar.com\/avatar\/6442ecdc2c4472c600c113f34d340feca47107d6aa4f42f1e3e75a2a8e28a760?s=96&d=mm&r=g","url":"https:\/\/secure.gravatar.com\/avatar\/6442ecdc2c4472c600c113f34d340feca47107d6aa4f42f1e3e75a2a8e28a760?s=96&d=mm&r=g","contentUrl":"https:\/\/secure.gravatar.com\/avatar\/6442ecdc2c4472c600c113f34d340feca47107d6aa4f42f1e3e75a2a8e28a760?s=96&d=mm&r=g","caption":"Equipo reclamador"},"description":"Las personas que hacen posible reclamador.es","url":"https:\/\/www.reclamador.es\/blog\/author\/administrador\/"}]}},"jetpack_featured_media_url":"https:\/\/i0.wp.com\/www.reclamador.es\/blog\/wp-content\/uploads\/2017\/10\/espacio-diafano-oficinas-reclamador.jpg?fit=1200%2C800&ssl=1","jetpack-related-posts":[{"id":21369,"url":"https:\/\/www.reclamador.es\/blog\/resultados-facturacion-reclamador-2018\/","url_meta":{"origin":15880,"position":0},"title":"reclamador.es finaliz\u00f3 2018 con una facturaci\u00f3n de 3,9 millones de euros","author":"Equipo reclamador","date":"14 marzo, 2019","format":false,"excerpt":"Los datos siguen siendo muy positivos. Y esto es gracias a todos los que confi\u00e1is d\u00eda tras d\u00eda en reclamador.es para proteger vuestros derechos. Desde que nuestro CEO fundara la compa\u00f1\u00eda en el a\u00f1o 2012, hemos crecido exponencialmente, cerrando 2018 con 3,9 millones de euros facturados,\u00a0lo que supone un incremento\u2026","rel":"","context":"En \u00abConoce todo lo que sucede en reclamador.es\u00bb","block_context":{"text":"Conoce todo lo que sucede en reclamador.es","link":"https:\/\/www.reclamador.es\/blog\/reclamadores\/"},"img":{"alt_text":"facturacion reclamador 2018 oficina","src":"https:\/\/i0.wp.com\/www.reclamador.es\/blog\/wp-content\/uploads\/2019\/03\/oficina-reclamador.jpg?fit=1200%2C795&ssl=1&resize=350%2C200","width":350,"height":200,"srcset":"https:\/\/i0.wp.com\/www.reclamador.es\/blog\/wp-content\/uploads\/2019\/03\/oficina-reclamador.jpg?fit=1200%2C795&ssl=1&resize=350%2C200 1x, https:\/\/i0.wp.com\/www.reclamador.es\/blog\/wp-content\/uploads\/2019\/03\/oficina-reclamador.jpg?fit=1200%2C795&ssl=1&resize=525%2C300 1.5x, https:\/\/i0.wp.com\/www.reclamador.es\/blog\/wp-content\/uploads\/2019\/03\/oficina-reclamador.jpg?fit=1200%2C795&ssl=1&resize=700%2C400 2x, https:\/\/i0.wp.com\/www.reclamador.es\/blog\/wp-content\/uploads\/2019\/03\/oficina-reclamador.jpg?fit=1200%2C795&ssl=1&resize=1050%2C600 3x"},"classes":[]},{"id":17425,"url":"https:\/\/www.reclamador.es\/blog\/nueva-ronda-de-inversion-reclamador\/","url_meta":{"origin":15880,"position":1},"title":"reclamador.es consigue 1,5 millones de euros en su segunda ronda de inversi\u00f3n","author":"Equipo reclamador","date":"14 marzo, 2018","format":false,"excerpt":"\u00a1Volvemos a estar de celebraci\u00f3n! Si en enero d\u00e1bamos a conocer los buenos resultados de 2017, hoy anunciamos el cierre de una ronda de inversi\u00f3n por valor de un mill\u00f3n y medio de euros, que da entrada a nuevos accionistas a la compa\u00f1\u00eda y reforzar\u00e1 nuestra posici\u00f3n en el mercado.\u00a0\u2026","rel":"","context":"En \u00abNoticias y actualidad\u00bb","block_context":{"text":"Noticias y actualidad","link":"https:\/\/www.reclamador.es\/blog\/noticias\/"},"img":{"alt_text":"reclamador.es oficina","src":"https:\/\/i0.wp.com\/www.reclamador.es\/blog\/wp-content\/uploads\/2018\/03\/oficina-reclamador.png?fit=1200%2C800&ssl=1&resize=350%2C200","width":350,"height":200,"srcset":"https:\/\/i0.wp.com\/www.reclamador.es\/blog\/wp-content\/uploads\/2018\/03\/oficina-reclamador.png?fit=1200%2C800&ssl=1&resize=350%2C200 1x, https:\/\/i0.wp.com\/www.reclamador.es\/blog\/wp-content\/uploads\/2018\/03\/oficina-reclamador.png?fit=1200%2C800&ssl=1&resize=525%2C300 1.5x, https:\/\/i0.wp.com\/www.reclamador.es\/blog\/wp-content\/uploads\/2018\/03\/oficina-reclamador.png?fit=1200%2C800&ssl=1&resize=700%2C400 2x, https:\/\/i0.wp.com\/www.reclamador.es\/blog\/wp-content\/uploads\/2018\/03\/oficina-reclamador.png?fit=1200%2C800&ssl=1&resize=1050%2C600 3x"},"classes":[]},{"id":22921,"url":"https:\/\/www.reclamador.es\/blog\/reclamador-es-vuelve-a-south-summit\/","url_meta":{"origin":15880,"position":2},"title":"reclamador.es vuelve a South Summit, uno de los espacios de referencia para el emprendimiento en Madrid","author":"Cristina Naveda","date":"7 octubre, 2019","format":false,"excerpt":"Inteligencia artificial. Estas han sido las dos palabras m\u00e1s repetidas en la sexta edi\u00adci\u00f3n de South Summit, que cerr\u00f3 sus puertas La Nave, el pasado viernes en Madrid. Como hervidero de ideas y personas, se trata de la cita anual por excelencia que convierte a la capital durante cuatro d\u00edas\u2026","rel":"","context":"En \u00abConoce todo lo que sucede en reclamador.es\u00bb","block_context":{"text":"Conoce todo lo que sucede en reclamador.es","link":"https:\/\/www.reclamador.es\/blog\/reclamadores\/"},"img":{"alt_text":"reclamador South Summit2019","src":"https:\/\/i0.wp.com\/www.reclamador.es\/blog\/wp-content\/uploads\/2019\/10\/pablo-rabanal-SouthSummit2019_destacada.jpg?fit=800%2C419&ssl=1&resize=350%2C200","width":350,"height":200,"srcset":"https:\/\/i0.wp.com\/www.reclamador.es\/blog\/wp-content\/uploads\/2019\/10\/pablo-rabanal-SouthSummit2019_destacada.jpg?fit=800%2C419&ssl=1&resize=350%2C200 1x, https:\/\/i0.wp.com\/www.reclamador.es\/blog\/wp-content\/uploads\/2019\/10\/pablo-rabanal-SouthSummit2019_destacada.jpg?fit=800%2C419&ssl=1&resize=525%2C300 1.5x, https:\/\/i0.wp.com\/www.reclamador.es\/blog\/wp-content\/uploads\/2019\/10\/pablo-rabanal-SouthSummit2019_destacada.jpg?fit=800%2C419&ssl=1&resize=700%2C400 2x"},"classes":[]},{"id":18972,"url":"https:\/\/www.reclamador.es\/blog\/balance-juzgados-especializados-clausulas-abusivas\/","url_meta":{"origin":15880,"position":3},"title":"Balance del primer a\u00f1o de los juzgados especializados en cl\u00e1usulas abusivas","author":"Equipo reclamador","date":"26 julio, 2018","format":false,"excerpt":"Junio del a\u00f1o 2017. Fecha importante para los afectados por cl\u00e1usulas bancarias abusivas. Comenzaron a funcionar los famosos juzgados especializados\u00a0para intentar solucionar el colapso de la Justicia, debido al aluvi\u00f3n de demandas por cl\u00e1usula suelo, hipoteca multidivisa o gastos de formalizaci\u00f3n. Se acaba de cumplir un a\u00f1o de vida y\u2026","rel":"","context":"En \u00abNoticias y actualidad\u00bb","block_context":{"text":"Noticias y actualidad","link":"https:\/\/www.reclamador.es\/blog\/noticias\/"},"img":{"alt_text":"juzgados especializados reclamaciones bancarias","src":"https:\/\/i0.wp.com\/www.reclamador.es\/blog\/wp-content\/uploads\/2018\/07\/reclamaciones-banco-ano-juzgados-especializados.jpg?fit=1200%2C630&ssl=1&resize=350%2C200","width":350,"height":200,"srcset":"https:\/\/i0.wp.com\/www.reclamador.es\/blog\/wp-content\/uploads\/2018\/07\/reclamaciones-banco-ano-juzgados-especializados.jpg?fit=1200%2C630&ssl=1&resize=350%2C200 1x, https:\/\/i0.wp.com\/www.reclamador.es\/blog\/wp-content\/uploads\/2018\/07\/reclamaciones-banco-ano-juzgados-especializados.jpg?fit=1200%2C630&ssl=1&resize=525%2C300 1.5x, https:\/\/i0.wp.com\/www.reclamador.es\/blog\/wp-content\/uploads\/2018\/07\/reclamaciones-banco-ano-juzgados-especializados.jpg?fit=1200%2C630&ssl=1&resize=700%2C400 2x, https:\/\/i0.wp.com\/www.reclamador.es\/blog\/wp-content\/uploads\/2018\/07\/reclamaciones-banco-ano-juzgados-especializados.jpg?fit=1200%2C630&ssl=1&resize=1050%2C600 3x"},"classes":[]},{"id":6837,"url":"https:\/\/www.reclamador.es\/blog\/cuales-son-bancos-mas-reclamados-clausula-suelo\/","url_meta":{"origin":15880,"position":4},"title":"\u00bfCu\u00e1les son los bancos m\u00e1s reclamados por cl\u00e1usula suelo?","author":"Cristina Naveda","date":"13 marzo, 2017","format":false,"excerpt":"La cl\u00e1usula suelo ha supuesto un rev\u00e9s para los bancos en nuestro pa\u00eds. Es una de las cl\u00e1usulas abusivas que han venido imponiendo desde hace unos a\u00f1os en las hipotecas. Desde 2014 hemos asesorado a m\u00e1s de 20.000 clientes en reclamaciones bancarias, teniendo m\u00e1s de 2.000 demandas interpuesta ante los\u2026","rel":"","context":"En \u00abNoticias y actualidad\u00bb","block_context":{"text":"Noticias y actualidad","link":"https:\/\/www.reclamador.es\/blog\/noticias\/"},"img":{"alt_text":"","src":"https:\/\/i0.wp.com\/www.reclamador.es\/blog\/wp-content\/uploads\/2017\/03\/Ranking_bancos_V2.png?fit=1200%2C800&ssl=1&resize=350%2C200","width":350,"height":200,"srcset":"https:\/\/i0.wp.com\/www.reclamador.es\/blog\/wp-content\/uploads\/2017\/03\/Ranking_bancos_V2.png?fit=1200%2C800&ssl=1&resize=350%2C200 1x, https:\/\/i0.wp.com\/www.reclamador.es\/blog\/wp-content\/uploads\/2017\/03\/Ranking_bancos_V2.png?fit=1200%2C800&ssl=1&resize=525%2C300 1.5x, https:\/\/i0.wp.com\/www.reclamador.es\/blog\/wp-content\/uploads\/2017\/03\/Ranking_bancos_V2.png?fit=1200%2C800&ssl=1&resize=700%2C400 2x, https:\/\/i0.wp.com\/www.reclamador.es\/blog\/wp-content\/uploads\/2017\/03\/Ranking_bancos_V2.png?fit=1200%2C800&ssl=1&resize=1050%2C600 3x"},"classes":[]},{"id":31296,"url":"https:\/\/www.reclamador.es\/blog\/madrid-debe-millones-plusvalia-municipal\/","url_meta":{"origin":15880,"position":5},"title":"El Ayuntamiento de Madrid debe millones de euros del impuesto de plusval\u00eda a los contribuyentes","author":"Equipo reclamador","date":"5 septiembre, 2023","format":false,"excerpt":"Muchos son los contribuyentes que est\u00e1n recibiendo sentencias y resoluciones favorables donde los ayuntamientos est\u00e1n obligados a la devoluci\u00f3n del Impuesto sobre el Incremento de Valor de los Terrenos de Naturaleza Urbana (IIVTNU), tambi\u00e9n conocido como plusval\u00eda municipal. Sin embargo, a pesar de la inconstitucionalidad del m\u00e9todo de c\u00e1lculo de\u2026","rel":"","context":"En \u00abNoticias y actualidad\u00bb","block_context":{"text":"Noticias y actualidad","link":"https:\/\/www.reclamador.es\/blog\/noticias\/"},"img":{"alt_text":"El ayuntamiento de Madrid debe millones en plusval\u00eda municipal","src":"https:\/\/i0.wp.com\/www.reclamador.es\/blog\/wp-content\/uploads\/2023\/09\/ayuntamiento-de-madrid-debe-millones-en-plusvalia.jpg?fit=1200%2C690&ssl=1&resize=350%2C200","width":350,"height":200,"srcset":"https:\/\/i0.wp.com\/www.reclamador.es\/blog\/wp-content\/uploads\/2023\/09\/ayuntamiento-de-madrid-debe-millones-en-plusvalia.jpg?fit=1200%2C690&ssl=1&resize=350%2C200 1x, https:\/\/i0.wp.com\/www.reclamador.es\/blog\/wp-content\/uploads\/2023\/09\/ayuntamiento-de-madrid-debe-millones-en-plusvalia.jpg?fit=1200%2C690&ssl=1&resize=525%2C300 1.5x, https:\/\/i0.wp.com\/www.reclamador.es\/blog\/wp-content\/uploads\/2023\/09\/ayuntamiento-de-madrid-debe-millones-en-plusvalia.jpg?fit=1200%2C690&ssl=1&resize=700%2C400 2x, https:\/\/i0.wp.com\/www.reclamador.es\/blog\/wp-content\/uploads\/2023\/09\/ayuntamiento-de-madrid-debe-millones-en-plusvalia.jpg?fit=1200%2C690&ssl=1&resize=1050%2C600 3x"},"classes":[]}],"jetpack_sharing_enabled":true,"_links":{"self":[{"href":"https:\/\/www.reclamador.es\/blog\/wp-json\/wp\/v2\/posts\/15880","targetHints":{"allow":["GET"]}}],"collection":[{"href":"https:\/\/www.reclamador.es\/blog\/wp-json\/wp\/v2\/posts"}],"about":[{"href":"https:\/\/www.reclamador.es\/blog\/wp-json\/wp\/v2\/types\/post"}],"author":[{"embeddable":true,"href":"https:\/\/www.reclamador.es\/blog\/wp-json\/wp\/v2\/users\/1"}],"replies":[{"embeddable":true,"href":"https:\/\/www.reclamador.es\/blog\/wp-json\/wp\/v2\/comments?post=15880"}],"version-history":[{"count":12,"href":"https:\/\/www.reclamador.es\/blog\/wp-json\/wp\/v2\/posts\/15880\/revisions"}],"predecessor-version":[{"id":24397,"href":"https:\/\/www.reclamador.es\/blog\/wp-json\/wp\/v2\/posts\/15880\/revisions\/24397"}],"wp:featuredmedia":[{"embeddable":true,"href":"https:\/\/www.reclamador.es\/blog\/wp-json\/wp\/v2\/media\/15898"}],"wp:attachment":[{"href":"https:\/\/www.reclamador.es\/blog\/wp-json\/wp\/v2\/media?parent=15880"}],"wp:term":[{"taxonomy":"category","embeddable":true,"href":"https:\/\/www.reclamador.es\/blog\/wp-json\/wp\/v2\/categories?post=15880"},{"taxonomy":"post_tag","embeddable":true,"href":"https:\/\/www.reclamador.es\/blog\/wp-json\/wp\/v2\/tags?post=15880"}],"curies":[{"name":"wp","href":"https:\/\/api.w.org\/{rel}","templated":true}]}}