{"id":15712,"date":"2017-09-28T11:00:00","date_gmt":"2017-09-28T09:00:00","guid":{"rendered":"https:\/\/www.reclamador.es\/blog\/?p=15712"},"modified":"2024-10-04T11:25:11","modified_gmt":"2024-10-04T09:25:11","slug":"contrato-temporal-fraude-ley","status":"publish","type":"post","link":"https:\/\/www.reclamador.es\/blog\/contrato-temporal-fraude-ley\/","title":{"rendered":"Contrato temporal en fraude de ley: qu\u00e9 hacer cuando se te acaba"},"content":{"rendered":"<div class=\"ttr_start\"><\/div>\n\n<div class=\"kk-star-ratings kksr-auto kksr-align-right kksr-valign-top\"\n    data-payload='{&quot;align&quot;:&quot;right&quot;,&quot;id&quot;:&quot;15712&quot;,&quot;slug&quot;:&quot;default&quot;,&quot;valign&quot;:&quot;top&quot;,&quot;ignore&quot;:&quot;&quot;,&quot;reference&quot;:&quot;auto&quot;,&quot;class&quot;:&quot;&quot;,&quot;count&quot;:&quot;4&quot;,&quot;legendonly&quot;:&quot;&quot;,&quot;readonly&quot;:&quot;&quot;,&quot;score&quot;:&quot;5&quot;,&quot;starsonly&quot;:&quot;&quot;,&quot;best&quot;:&quot;5&quot;,&quot;gap&quot;:&quot;3&quot;,&quot;greet&quot;:&quot;Valora este art\u00edculo&quot;,&quot;legend&quot;:&quot;5\\\/5 - (4 votos)&quot;,&quot;size&quot;:&quot;20&quot;,&quot;title&quot;:&quot;Contrato temporal en fraude de ley: qu\u00e9 hacer cuando se te acaba&quot;,&quot;width&quot;:&quot;113.5&quot;,&quot;_legend&quot;:&quot;{score}\\\/{best} - ({count} {votes})&quot;,&quot;font_factor&quot;:&quot;1.25&quot;}'>\n            \n<div class=\"kksr-stars\">\n    \n<div class=\"kksr-stars-inactive\">\n            <div class=\"kksr-star\" data-star=\"1\" style=\"padding-right: 3px\">\n            \n\n<div class=\"kksr-icon\" style=\"width: 20px; height: 20px;\"><\/div>\n        <\/div>\n            <div class=\"kksr-star\" data-star=\"2\" style=\"padding-right: 3px\">\n            \n\n<div class=\"kksr-icon\" style=\"width: 20px; height: 20px;\"><\/div>\n        <\/div>\n            <div class=\"kksr-star\" data-star=\"3\" style=\"padding-right: 3px\">\n            \n\n<div class=\"kksr-icon\" style=\"width: 20px; height: 20px;\"><\/div>\n        <\/div>\n            <div class=\"kksr-star\" data-star=\"4\" style=\"padding-right: 3px\">\n            \n\n<div class=\"kksr-icon\" style=\"width: 20px; height: 20px;\"><\/div>\n        <\/div>\n            <div class=\"kksr-star\" data-star=\"5\" style=\"padding-right: 3px\">\n            \n\n<div class=\"kksr-icon\" style=\"width: 20px; height: 20px;\"><\/div>\n        <\/div>\n    <\/div>\n    \n<div class=\"kksr-stars-active\" style=\"width: 113.5px;\">\n            <div class=\"kksr-star\" style=\"padding-right: 3px\">\n            \n\n<div class=\"kksr-icon\" style=\"width: 20px; height: 20px;\"><\/div>\n        <\/div>\n            <div class=\"kksr-star\" style=\"padding-right: 3px\">\n            \n\n<div class=\"kksr-icon\" style=\"width: 20px; height: 20px;\"><\/div>\n        <\/div>\n            <div class=\"kksr-star\" style=\"padding-right: 3px\">\n            \n\n<div class=\"kksr-icon\" style=\"width: 20px; height: 20px;\"><\/div>\n        <\/div>\n            <div class=\"kksr-star\" style=\"padding-right: 3px\">\n            \n\n<div class=\"kksr-icon\" style=\"width: 20px; height: 20px;\"><\/div>\n        <\/div>\n            <div class=\"kksr-star\" style=\"padding-right: 3px\">\n            \n\n<div class=\"kksr-icon\" style=\"width: 20px; height: 20px;\"><\/div>\n        <\/div>\n    <\/div>\n<\/div>\n                \n\n<div class=\"kksr-legend\" style=\"font-size: 16px;\">\n            5\/5 - (4 votos)    <\/div>\n    <\/div>\n<figure id=\"attachment_32984\" aria-describedby=\"caption-attachment-32984\" style=\"width: 1200px\" class=\"wp-caption aligncenter\"><img data-recalc-dims=\"1\" loading=\"lazy\" decoding=\"async\" class=\"size-full wp-image-32984\" src=\"https:\/\/i0.wp.com\/www.reclamador.es\/blog\/wp-content\/uploads\/2017\/09\/reclamar-contrato-en-fraude-de-ley.jpg?resize=1200%2C630&#038;ssl=1\" alt=\"Contrato en fraude de ley - reclamador\" width=\"1200\" height=\"630\" srcset=\"https:\/\/i0.wp.com\/www.reclamador.es\/blog\/wp-content\/uploads\/2017\/09\/reclamar-contrato-en-fraude-de-ley.jpg?w=1200&amp;ssl=1 1200w, https:\/\/i0.wp.com\/www.reclamador.es\/blog\/wp-content\/uploads\/2017\/09\/reclamar-contrato-en-fraude-de-ley.jpg?resize=800%2C420&amp;ssl=1 800w, https:\/\/i0.wp.com\/www.reclamador.es\/blog\/wp-content\/uploads\/2017\/09\/reclamar-contrato-en-fraude-de-ley.jpg?resize=150%2C79&amp;ssl=1 150w, https:\/\/i0.wp.com\/www.reclamador.es\/blog\/wp-content\/uploads\/2017\/09\/reclamar-contrato-en-fraude-de-ley.jpg?resize=768%2C403&amp;ssl=1 768w\" sizes=\"auto, (max-width: 1000px) 100vw, 1000px\" \/><figcaption id=\"caption-attachment-32984\" class=\"wp-caption-text\"><em>Contrato temporal en fraude de ley<\/em><\/figcaption><\/figure>\n<p><span style=\"font-weight: 400;\">Seis meses. Es lo que ha durado la racha positiva del empleo en Espa\u00f1a.\u00a0<\/span><span style=\"font-weight: 400;\">El fin de agosto y de la alta temporada tur\u00edstica han tra\u00eddo malas noticias para el mercado laboral: una crecida del paro que implica <\/span><b>la mayor destrucci\u00f3n de puestos de trabajo desde el a\u00f1o 2008<\/b><span style=\"font-weight: 400;\">. Ahora, ya entrado septiembre, los datos mejoran, pero siguen sin ser alentadores. Y es que, hasta octubre y noviembre (los mejores meses para encontrar un trabajo estable y cualificado), no se ir\u00e1 equilibrando esta situaci\u00f3n. <\/span><\/p>\n<p><span style=\"font-weight: 400;\">Si bien anteriormente te cont\u00e1bamos <\/span><a href=\"https:\/\/www.reclamador.es\/blog\/condiciones-trabajo-en-verano\/\"><span style=\"font-weight: 400;\">qu\u00e9 condiciones deben tener los trabajos de verano<\/span><\/a><span style=\"font-weight: 400;\">, hoy te vamos a contar c\u00f3mo ha quedado el empleo espa\u00f1ol tras finalizar la mayor\u00eda de los contratos estivales y <strong>qu\u00e9 hacer si el tuyo tambi\u00e9n tambi\u00e9n ha llegado a su fin, y crees que hay algo en \u00e9l que no ha sido del todo correcto<\/strong>.<\/span><\/p>\n<h2>Contrato temporal: Un agosto duro<\/h2>\n<p><span style=\"font-weight: 400;\">El n\u00famero de parados registrados en las oficinas de los servicios p\u00fablicos de empleo (antiguamente INEM) subi\u00f3 en agosto en 46.400 personas. Acabando as\u00ed con un semestre de bajadas consecutivas del paro. En total, la cifra de desempleados alcanz\u00f3 las <\/span><b>3.382.324 personas<\/b><span style=\"font-weight: 400;\">.<\/span><\/p>\n<p><span style=\"font-weight: 400;\">No obstante, tienes que saber que es a\u00fan m\u00e1s alarmante la situaci\u00f3n que afecta a la <\/span><b>Seguridad Social<\/b><span style=\"font-weight: 400;\">, que ha perdido 179.485 afiliados. Es <\/span><b>su peor dato desde el a\u00f1o 2008<\/b><span style=\"font-weight: 400;\">. Esta cifra sit\u00faa al n\u00famero de ocupados cotizantes en los 18.309.844, seg\u00fan el Ministerio de Empleo y Seguridad Social.<\/span><\/p>\n<p><span style=\"font-weight: 400;\">Tambi\u00e9n es cierto que el final de agosto siempre ha sido incompatible con el empleo. Pero este a\u00f1o ha sido especialmente duro con \u00e9l. <\/span><\/p>\n<p><span style=\"font-weight: 400;\">Estos datos no solo muestran una mala situaci\u00f3n del empleo, sino que confirman otro dato negativo: <strong>la precariedad laboral y<\/strong> <\/span><b>los contratos laborales temporales<\/b><span style=\"font-weight: 400;\">. Estos tipos de contratos son, a d\u00eda de hoy, los que m\u00e1s se firman, principalmente en temporada estival. No obstante, <\/span><b>algunos de ellos suelen acabar en fraude de ley<\/b><span style=\"font-weight: 400;\">, sobre todo los contratos por <\/span><b>obra o servicio<\/b><span style=\"font-weight: 400;\">.\u00a0<\/span><\/p>\n<h2><b>\u00bfCu\u00e1ndo existe fraude de ley en un contrato temporal?<\/b><\/h2>\n<p><span style=\"font-weight: 400;\">El fraude de ley en un contrato temporal, sobre todo cuando se trata de un contrato por obra o servicio, se da cuando no se usa de manera correcta la contrataci\u00f3n temporal. En otras palabras, se da <strong>cuando las empresas utilizan estos contratos temporales para enmascarar una relaci\u00f3n laboral indefinida<\/strong>. <\/span><\/p>\n<p><span style=\"font-weight: 400;\">Cuando te contratan temporalmente por obra y servicio, te est\u00e1n contratando para <\/span><i><span style=\"font-weight: 400;\">una obra<\/span><\/i><span style=\"font-weight: 400;\">, es decir, para desempe\u00f1ar funciones que tienen autonom\u00eda y sustantividad dentro de la empresa. <\/span><b>Te ponemos un ejemplo<\/b><span style=\"font-weight: 400;\">:<\/span><\/p>\n<p><span style=\"font-weight: 400;\">Un bar contrata a una chica para realizar la funci\u00f3n de azafata durante una semana. Ser azafata es una obra o un servicio determinado que no tiene nada que ver con la actividad normal de un bar (servir bebidas, comidas&#8230;). Sin embargo, si esta misma chica es contratada por obra o servicio y termina haciendo las funciones propias del bar, se tratar\u00eda de un fraude, porque no estar\u00eda realizando funciones distintas a las propias de la empresa.<\/span><\/p>\n<h2><b>\u00bfQu\u00e9 derechos tienes una vez finaliza tu contrato temporal en fraude de ley?<\/b><\/h2>\n<p><span style=\"font-weight: 400;\">Cuando existe fraude de ley en un contrato temporal, te corresponden los siguientes derechos:<\/span><\/p>\n<ul>\n<li style=\"font-weight: 400;\"><span style=\"font-weight: 400;\">Que se declare la relaci\u00f3n laboral como <strong>indefinida<\/strong>.<\/span><\/li>\n<li style=\"font-weight: 400;\"><span style=\"font-weight: 400;\">Si te abone el correspondiente <strong>recibo de saldo y finiquito<\/strong> en caso de que no se te hubiese dado ya.<\/span><\/li>\n<li style=\"font-weight: 400;\"><span style=\"font-weight: 400;\">A que te indemnicen con <strong>33 d\u00edas de salario<\/strong> por a\u00f1o trabajado. O la parte proporcional al tiempo que hayas estado trabajando.<\/span><\/li>\n<\/ul>\n<h2><b>\u00bfC\u00f3mo puedo reclamar mi contrato en fraude de ley?<\/b><\/h2>\n<p><span style=\"font-weight: 400;\">Por si lo desconoces, <strong>dispones de 20 d\u00edas desde que finaliza tu contrato temporal para presentar papeleta de conciliaci\u00f3n<\/strong> ante el SMAC (Servicio de Mediaci\u00f3n, Arbitraje y Conciliaci\u00f3n laboral). Con esta papeleta, solicitas que se declare tu contrato en fraude de ley. Y as\u00ed que se te abone la indemnizaci\u00f3n correspondiente. Que son 33 d\u00edas por a\u00f1o trabajado o la parte proporcional al tiempo que lo hayas hecho.<\/span><\/p>\n<p>Si crees que tu contrato laboral estaba en fraude de ley, podemos ayudarte a reclamarlo.<\/p>\n<div class=\"ttr_end\"><\/div>","protected":false},"excerpt":{"rendered":"<p>Seis meses. Es lo que ha durado la racha positiva del empleo en Espa\u00f1a.\u00a0El fin de agosto y de la alta temporada tur\u00edstica han tra\u00eddo malas noticias para el mercado laboral: una crecida del paro que implica la mayor destrucci\u00f3n de puestos de trabajo desde el a\u00f1o 2008. Ahora, ya entrado septiembre, los datos mejoran, [&hellip;]<\/p>\n","protected":false},"author":1,"featured_media":32984,"comment_status":"open","ping_status":"open","sticky":false,"template":"","format":"standard","meta":{"_acf_changed":false,"_genesis_hide_title":false,"_genesis_hide_breadcrumbs":false,"_genesis_hide_singular_image":false,"_genesis_hide_footer_widgets":false,"_genesis_custom_body_class":"","_genesis_custom_post_class":"","_genesis_layout":"","_jetpack_newsletter_access":"","_jetpack_dont_email_post_to_subs":false,"_jetpack_newsletter_tier_id":0,"_jetpack_memberships_contains_paywalled_content":false,"_jetpack_memberships_contains_paid_content":false,"footnotes":""},"categories":[392],"tags":[266],"class_list":{"0":"post-15712","1":"post","2":"type-post","3":"status-publish","4":"format-standard","5":"has-post-thumbnail","7":"category-noticias","8":"tag-laboral","9":"entry"},"acf":[],"yoast_head":"<!-- This site is optimized with the Yoast SEO plugin v27.4 - https:\/\/yoast.com\/product\/yoast-seo-wordpress\/ -->\n<title>Contrato temporal en fraude de ley: \u00bfqu\u00e9 hacer al terminar?<\/title>\n<meta name=\"description\" content=\"\u00bfHas tenido un contrato temporal en fraude de ley estas vacaciones y ya se te ha terminado? Te contamos qu\u00e9 puedes hacer al respecto.\" \/>\n<meta name=\"robots\" content=\"index, follow, max-snippet:-1, max-image-preview:large, max-video-preview:-1\" \/>\n<link rel=\"canonical\" href=\"https:\/\/www.reclamador.es\/blog\/contrato-temporal-fraude-ley\/\" \/>\n<meta property=\"og:locale\" content=\"es_ES\" \/>\n<meta property=\"og:type\" content=\"article\" \/>\n<meta property=\"og:title\" content=\"Contrato temporal en fraude de ley: \u00bfqu\u00e9 hacer al terminar?\" \/>\n<meta property=\"og:description\" content=\"\u00bfHas tenido un contrato temporal en fraude de ley estas vacaciones y ya se te ha terminado? Te contamos qu\u00e9 puedes hacer al respecto.\" \/>\n<meta property=\"og:url\" content=\"https:\/\/www.reclamador.es\/blog\/contrato-temporal-fraude-ley\/\" \/>\n<meta property=\"og:site_name\" content=\"Rebeldes con causa, el blog de reclamador.es\" \/>\n<meta property=\"article:publisher\" content=\"https:\/\/www.facebook.com\/reclamador.es\" \/>\n<meta property=\"article:published_time\" content=\"2017-09-28T09:00:00+00:00\" \/>\n<meta property=\"article:modified_time\" content=\"2024-10-04T09:25:11+00:00\" \/>\n<meta property=\"og:image\" content=\"https:\/\/www.reclamador.es\/blog\/wp-content\/uploads\/2017\/09\/reclamar-contrato-en-fraude-de-ley.jpg\" \/>\n\t<meta property=\"og:image:width\" content=\"1200\" \/>\n\t<meta property=\"og:image:height\" content=\"630\" \/>\n\t<meta property=\"og:image:type\" content=\"image\/jpeg\" \/>\n<meta name=\"author\" content=\"Equipo reclamador\" \/>\n<meta name=\"twitter:card\" content=\"summary_large_image\" \/>\n<meta name=\"twitter:creator\" content=\"@reclamador\" \/>\n<meta name=\"twitter:site\" content=\"@reclamador\" \/>\n<meta name=\"twitter:label1\" content=\"Escrito por\" \/>\n\t<meta name=\"twitter:data1\" content=\"Equipo reclamador\" \/>\n\t<meta name=\"twitter:label2\" content=\"Tiempo de lectura\" \/>\n\t<meta name=\"twitter:data2\" content=\"4 minutos\" \/>\n<script type=\"application\/ld+json\" class=\"yoast-schema-graph\">{\"@context\":\"https:\\\/\\\/schema.org\",\"@graph\":[{\"@type\":\"Article\",\"@id\":\"https:\\\/\\\/www.reclamador.es\\\/blog\\\/contrato-temporal-fraude-ley\\\/#article\",\"isPartOf\":{\"@id\":\"https:\\\/\\\/www.reclamador.es\\\/blog\\\/contrato-temporal-fraude-ley\\\/\"},\"author\":{\"name\":\"Equipo reclamador\",\"@id\":\"https:\\\/\\\/www.reclamador.es\\\/blog\\\/#\\\/schema\\\/person\\\/1ed83eef8b6566cb5e4c812d9bc5c4bf\"},\"headline\":\"Contrato temporal en fraude de ley: qu\u00e9 hacer cuando se te acaba\",\"datePublished\":\"2017-09-28T09:00:00+00:00\",\"dateModified\":\"2024-10-04T09:25:11+00:00\",\"mainEntityOfPage\":{\"@id\":\"https:\\\/\\\/www.reclamador.es\\\/blog\\\/contrato-temporal-fraude-ley\\\/\"},\"wordCount\":724,\"commentCount\":6,\"publisher\":{\"@id\":\"https:\\\/\\\/www.reclamador.es\\\/blog\\\/#organization\"},\"image\":{\"@id\":\"https:\\\/\\\/www.reclamador.es\\\/blog\\\/contrato-temporal-fraude-ley\\\/#primaryimage\"},\"thumbnailUrl\":\"https:\\\/\\\/i0.wp.com\\\/www.reclamador.es\\\/blog\\\/wp-content\\\/uploads\\\/2017\\\/09\\\/reclamar-contrato-en-fraude-de-ley.jpg?fit=1200%2C630&ssl=1\",\"keywords\":[\"laboral\"],\"articleSection\":[\"Noticias y actualidad\"],\"inLanguage\":\"es\",\"potentialAction\":[{\"@type\":\"CommentAction\",\"name\":\"Comment\",\"target\":[\"https:\\\/\\\/www.reclamador.es\\\/blog\\\/contrato-temporal-fraude-ley\\\/#respond\"]}]},{\"@type\":\"WebPage\",\"@id\":\"https:\\\/\\\/www.reclamador.es\\\/blog\\\/contrato-temporal-fraude-ley\\\/\",\"url\":\"https:\\\/\\\/www.reclamador.es\\\/blog\\\/contrato-temporal-fraude-ley\\\/\",\"name\":\"Contrato temporal en fraude de ley: \u00bfqu\u00e9 hacer al terminar?\",\"isPartOf\":{\"@id\":\"https:\\\/\\\/www.reclamador.es\\\/blog\\\/#website\"},\"primaryImageOfPage\":{\"@id\":\"https:\\\/\\\/www.reclamador.es\\\/blog\\\/contrato-temporal-fraude-ley\\\/#primaryimage\"},\"image\":{\"@id\":\"https:\\\/\\\/www.reclamador.es\\\/blog\\\/contrato-temporal-fraude-ley\\\/#primaryimage\"},\"thumbnailUrl\":\"https:\\\/\\\/i0.wp.com\\\/www.reclamador.es\\\/blog\\\/wp-content\\\/uploads\\\/2017\\\/09\\\/reclamar-contrato-en-fraude-de-ley.jpg?fit=1200%2C630&ssl=1\",\"datePublished\":\"2017-09-28T09:00:00+00:00\",\"dateModified\":\"2024-10-04T09:25:11+00:00\",\"description\":\"\u00bfHas tenido un contrato temporal en fraude de ley estas vacaciones y ya se te ha terminado? Te contamos qu\u00e9 puedes hacer al respecto.\",\"breadcrumb\":{\"@id\":\"https:\\\/\\\/www.reclamador.es\\\/blog\\\/contrato-temporal-fraude-ley\\\/#breadcrumb\"},\"inLanguage\":\"es\",\"potentialAction\":[{\"@type\":\"ReadAction\",\"target\":[\"https:\\\/\\\/www.reclamador.es\\\/blog\\\/contrato-temporal-fraude-ley\\\/\"]}]},{\"@type\":\"ImageObject\",\"inLanguage\":\"es\",\"@id\":\"https:\\\/\\\/www.reclamador.es\\\/blog\\\/contrato-temporal-fraude-ley\\\/#primaryimage\",\"url\":\"https:\\\/\\\/i0.wp.com\\\/www.reclamador.es\\\/blog\\\/wp-content\\\/uploads\\\/2017\\\/09\\\/reclamar-contrato-en-fraude-de-ley.jpg?fit=1200%2C630&ssl=1\",\"contentUrl\":\"https:\\\/\\\/i0.wp.com\\\/www.reclamador.es\\\/blog\\\/wp-content\\\/uploads\\\/2017\\\/09\\\/reclamar-contrato-en-fraude-de-ley.jpg?fit=1200%2C630&ssl=1\",\"width\":1200,\"height\":630,\"caption\":\"Contrato en fraude de ley\"},{\"@type\":\"BreadcrumbList\",\"@id\":\"https:\\\/\\\/www.reclamador.es\\\/blog\\\/contrato-temporal-fraude-ley\\\/#breadcrumb\",\"itemListElement\":[{\"@type\":\"ListItem\",\"position\":1,\"name\":\"Portada\",\"item\":\"https:\\\/\\\/www.reclamador.es\\\/blog\\\/\"},{\"@type\":\"ListItem\",\"position\":2,\"name\":\"Contrato temporal en fraude de ley: qu\u00e9 hacer cuando se te acaba\"}]},{\"@type\":\"WebSite\",\"@id\":\"https:\\\/\\\/www.reclamador.es\\\/blog\\\/#website\",\"url\":\"https:\\\/\\\/www.reclamador.es\\\/blog\\\/\",\"name\":\"Rebeldes con causa, el blog de reclamador.es\",\"description\":\"Noticias, entrevistas y consejos sobre reclamaciones\",\"publisher\":{\"@id\":\"https:\\\/\\\/www.reclamador.es\\\/blog\\\/#organization\"},\"potentialAction\":[{\"@type\":\"SearchAction\",\"target\":{\"@type\":\"EntryPoint\",\"urlTemplate\":\"https:\\\/\\\/www.reclamador.es\\\/blog\\\/?s={search_term_string}\"},\"query-input\":{\"@type\":\"PropertyValueSpecification\",\"valueRequired\":true,\"valueName\":\"search_term_string\"}}],\"inLanguage\":\"es\"},{\"@type\":\"Organization\",\"@id\":\"https:\\\/\\\/www.reclamador.es\\\/blog\\\/#organization\",\"name\":\"reclamador.es\",\"url\":\"https:\\\/\\\/www.reclamador.es\\\/blog\\\/\",\"logo\":{\"@type\":\"ImageObject\",\"inLanguage\":\"es\",\"@id\":\"https:\\\/\\\/www.reclamador.es\\\/blog\\\/#\\\/schema\\\/logo\\\/image\\\/\",\"url\":\"https:\\\/\\\/i0.wp.com\\\/www.reclamador.es\\\/blog\\\/wp-content\\\/uploads\\\/2020\\\/01\\\/logo-reclamador.png?fit=1200%2C144&ssl=1\",\"contentUrl\":\"https:\\\/\\\/i0.wp.com\\\/www.reclamador.es\\\/blog\\\/wp-content\\\/uploads\\\/2020\\\/01\\\/logo-reclamador.png?fit=1200%2C144&ssl=1\",\"width\":1200,\"height\":144,\"caption\":\"reclamador.es\"},\"image\":{\"@id\":\"https:\\\/\\\/www.reclamador.es\\\/blog\\\/#\\\/schema\\\/logo\\\/image\\\/\"},\"sameAs\":[\"https:\\\/\\\/www.facebook.com\\\/reclamador.es\",\"https:\\\/\\\/x.com\\\/reclamador\",\"https:\\\/\\\/www.instagram.com\\\/reclamador.es\\\/\",\"https:\\\/\\\/www.linkedin.com\\\/company\\\/reclamador-es\",\"https:\\\/\\\/www.youtube.com\\\/user\\\/Reclamadores\"]},{\"@type\":\"Person\",\"@id\":\"https:\\\/\\\/www.reclamador.es\\\/blog\\\/#\\\/schema\\\/person\\\/1ed83eef8b6566cb5e4c812d9bc5c4bf\",\"name\":\"Equipo reclamador\",\"image\":{\"@type\":\"ImageObject\",\"inLanguage\":\"es\",\"@id\":\"https:\\\/\\\/secure.gravatar.com\\\/avatar\\\/6442ecdc2c4472c600c113f34d340feca47107d6aa4f42f1e3e75a2a8e28a760?s=96&d=mm&r=g\",\"url\":\"https:\\\/\\\/secure.gravatar.com\\\/avatar\\\/6442ecdc2c4472c600c113f34d340feca47107d6aa4f42f1e3e75a2a8e28a760?s=96&d=mm&r=g\",\"contentUrl\":\"https:\\\/\\\/secure.gravatar.com\\\/avatar\\\/6442ecdc2c4472c600c113f34d340feca47107d6aa4f42f1e3e75a2a8e28a760?s=96&d=mm&r=g\",\"caption\":\"Equipo reclamador\"},\"description\":\"Las personas que hacen posible reclamador.es\",\"url\":\"https:\\\/\\\/www.reclamador.es\\\/blog\\\/author\\\/administrador\\\/\"}]}<\/script>\n<!-- \/ Yoast SEO plugin. -->","yoast_head_json":{"title":"Contrato temporal en fraude de ley: \u00bfqu\u00e9 hacer al terminar?","description":"\u00bfHas tenido un contrato temporal en fraude de ley estas vacaciones y ya se te ha terminado? Te contamos qu\u00e9 puedes hacer al respecto.","robots":{"index":"index","follow":"follow","max-snippet":"max-snippet:-1","max-image-preview":"max-image-preview:large","max-video-preview":"max-video-preview:-1"},"canonical":"https:\/\/www.reclamador.es\/blog\/contrato-temporal-fraude-ley\/","og_locale":"es_ES","og_type":"article","og_title":"Contrato temporal en fraude de ley: \u00bfqu\u00e9 hacer al terminar?","og_description":"\u00bfHas tenido un contrato temporal en fraude de ley estas vacaciones y ya se te ha terminado? Te contamos qu\u00e9 puedes hacer al respecto.","og_url":"https:\/\/www.reclamador.es\/blog\/contrato-temporal-fraude-ley\/","og_site_name":"Rebeldes con causa, el blog de reclamador.es","article_publisher":"https:\/\/www.facebook.com\/reclamador.es","article_published_time":"2017-09-28T09:00:00+00:00","article_modified_time":"2024-10-04T09:25:11+00:00","og_image":[{"width":1200,"height":630,"url":"https:\/\/www.reclamador.es\/blog\/wp-content\/uploads\/2017\/09\/reclamar-contrato-en-fraude-de-ley.jpg","type":"image\/jpeg"}],"author":"Equipo reclamador","twitter_card":"summary_large_image","twitter_creator":"@reclamador","twitter_site":"@reclamador","twitter_misc":{"Escrito por":"Equipo reclamador","Tiempo de lectura":"4 minutos"},"schema":{"@context":"https:\/\/schema.org","@graph":[{"@type":"Article","@id":"https:\/\/www.reclamador.es\/blog\/contrato-temporal-fraude-ley\/#article","isPartOf":{"@id":"https:\/\/www.reclamador.es\/blog\/contrato-temporal-fraude-ley\/"},"author":{"name":"Equipo reclamador","@id":"https:\/\/www.reclamador.es\/blog\/#\/schema\/person\/1ed83eef8b6566cb5e4c812d9bc5c4bf"},"headline":"Contrato temporal en fraude de ley: qu\u00e9 hacer cuando se te acaba","datePublished":"2017-09-28T09:00:00+00:00","dateModified":"2024-10-04T09:25:11+00:00","mainEntityOfPage":{"@id":"https:\/\/www.reclamador.es\/blog\/contrato-temporal-fraude-ley\/"},"wordCount":724,"commentCount":6,"publisher":{"@id":"https:\/\/www.reclamador.es\/blog\/#organization"},"image":{"@id":"https:\/\/www.reclamador.es\/blog\/contrato-temporal-fraude-ley\/#primaryimage"},"thumbnailUrl":"https:\/\/i0.wp.com\/www.reclamador.es\/blog\/wp-content\/uploads\/2017\/09\/reclamar-contrato-en-fraude-de-ley.jpg?fit=1200%2C630&ssl=1","keywords":["laboral"],"articleSection":["Noticias y actualidad"],"inLanguage":"es","potentialAction":[{"@type":"CommentAction","name":"Comment","target":["https:\/\/www.reclamador.es\/blog\/contrato-temporal-fraude-ley\/#respond"]}]},{"@type":"WebPage","@id":"https:\/\/www.reclamador.es\/blog\/contrato-temporal-fraude-ley\/","url":"https:\/\/www.reclamador.es\/blog\/contrato-temporal-fraude-ley\/","name":"Contrato temporal en fraude de ley: \u00bfqu\u00e9 hacer al terminar?","isPartOf":{"@id":"https:\/\/www.reclamador.es\/blog\/#website"},"primaryImageOfPage":{"@id":"https:\/\/www.reclamador.es\/blog\/contrato-temporal-fraude-ley\/#primaryimage"},"image":{"@id":"https:\/\/www.reclamador.es\/blog\/contrato-temporal-fraude-ley\/#primaryimage"},"thumbnailUrl":"https:\/\/i0.wp.com\/www.reclamador.es\/blog\/wp-content\/uploads\/2017\/09\/reclamar-contrato-en-fraude-de-ley.jpg?fit=1200%2C630&ssl=1","datePublished":"2017-09-28T09:00:00+00:00","dateModified":"2024-10-04T09:25:11+00:00","description":"\u00bfHas tenido un contrato temporal en fraude de ley estas vacaciones y ya se te ha terminado? Te contamos qu\u00e9 puedes hacer al respecto.","breadcrumb":{"@id":"https:\/\/www.reclamador.es\/blog\/contrato-temporal-fraude-ley\/#breadcrumb"},"inLanguage":"es","potentialAction":[{"@type":"ReadAction","target":["https:\/\/www.reclamador.es\/blog\/contrato-temporal-fraude-ley\/"]}]},{"@type":"ImageObject","inLanguage":"es","@id":"https:\/\/www.reclamador.es\/blog\/contrato-temporal-fraude-ley\/#primaryimage","url":"https:\/\/i0.wp.com\/www.reclamador.es\/blog\/wp-content\/uploads\/2017\/09\/reclamar-contrato-en-fraude-de-ley.jpg?fit=1200%2C630&ssl=1","contentUrl":"https:\/\/i0.wp.com\/www.reclamador.es\/blog\/wp-content\/uploads\/2017\/09\/reclamar-contrato-en-fraude-de-ley.jpg?fit=1200%2C630&ssl=1","width":1200,"height":630,"caption":"Contrato en fraude de ley"},{"@type":"BreadcrumbList","@id":"https:\/\/www.reclamador.es\/blog\/contrato-temporal-fraude-ley\/#breadcrumb","itemListElement":[{"@type":"ListItem","position":1,"name":"Portada","item":"https:\/\/www.reclamador.es\/blog\/"},{"@type":"ListItem","position":2,"name":"Contrato temporal en fraude de ley: qu\u00e9 hacer cuando se te acaba"}]},{"@type":"WebSite","@id":"https:\/\/www.reclamador.es\/blog\/#website","url":"https:\/\/www.reclamador.es\/blog\/","name":"Rebeldes con causa, el blog de reclamador.es","description":"Noticias, entrevistas y consejos sobre reclamaciones","publisher":{"@id":"https:\/\/www.reclamador.es\/blog\/#organization"},"potentialAction":[{"@type":"SearchAction","target":{"@type":"EntryPoint","urlTemplate":"https:\/\/www.reclamador.es\/blog\/?s={search_term_string}"},"query-input":{"@type":"PropertyValueSpecification","valueRequired":true,"valueName":"search_term_string"}}],"inLanguage":"es"},{"@type":"Organization","@id":"https:\/\/www.reclamador.es\/blog\/#organization","name":"reclamador.es","url":"https:\/\/www.reclamador.es\/blog\/","logo":{"@type":"ImageObject","inLanguage":"es","@id":"https:\/\/www.reclamador.es\/blog\/#\/schema\/logo\/image\/","url":"https:\/\/i0.wp.com\/www.reclamador.es\/blog\/wp-content\/uploads\/2020\/01\/logo-reclamador.png?fit=1200%2C144&ssl=1","contentUrl":"https:\/\/i0.wp.com\/www.reclamador.es\/blog\/wp-content\/uploads\/2020\/01\/logo-reclamador.png?fit=1200%2C144&ssl=1","width":1200,"height":144,"caption":"reclamador.es"},"image":{"@id":"https:\/\/www.reclamador.es\/blog\/#\/schema\/logo\/image\/"},"sameAs":["https:\/\/www.facebook.com\/reclamador.es","https:\/\/x.com\/reclamador","https:\/\/www.instagram.com\/reclamador.es\/","https:\/\/www.linkedin.com\/company\/reclamador-es","https:\/\/www.youtube.com\/user\/Reclamadores"]},{"@type":"Person","@id":"https:\/\/www.reclamador.es\/blog\/#\/schema\/person\/1ed83eef8b6566cb5e4c812d9bc5c4bf","name":"Equipo reclamador","image":{"@type":"ImageObject","inLanguage":"es","@id":"https:\/\/secure.gravatar.com\/avatar\/6442ecdc2c4472c600c113f34d340feca47107d6aa4f42f1e3e75a2a8e28a760?s=96&d=mm&r=g","url":"https:\/\/secure.gravatar.com\/avatar\/6442ecdc2c4472c600c113f34d340feca47107d6aa4f42f1e3e75a2a8e28a760?s=96&d=mm&r=g","contentUrl":"https:\/\/secure.gravatar.com\/avatar\/6442ecdc2c4472c600c113f34d340feca47107d6aa4f42f1e3e75a2a8e28a760?s=96&d=mm&r=g","caption":"Equipo reclamador"},"description":"Las personas que hacen posible reclamador.es","url":"https:\/\/www.reclamador.es\/blog\/author\/administrador\/"}]}},"jetpack_featured_media_url":"https:\/\/i0.wp.com\/www.reclamador.es\/blog\/wp-content\/uploads\/2017\/09\/reclamar-contrato-en-fraude-de-ley.jpg?fit=1200%2C630&ssl=1","jetpack-related-posts":[{"id":18785,"url":"https:\/\/www.reclamador.es\/blog\/derechos-trabajadores-san-fermin\/","url_meta":{"origin":15712,"position":0},"title":"Sanfermines y otros eventos de verano: que tus derechos laborales no se vayan de fiesta","author":"Equipo reclamador","date":"5 julio, 2019","format":false,"excerpt":"\u201cPamplonesas, pamploneses, gora San Ferm\u00edn\u201d. Con estas palabras durante el chupinazo, el pr\u00f3ximo s\u00e1bado 6 de julio, dar\u00e1n comienzo las fiestas m\u00e1s esperadas de la capital de Navarra: los sanfermines. Durar\u00e1n hasta el 14 de julio y llenar\u00e1n de vida y de color rojiblanco las calles de la ciudad. Esta\u2026","rel":"","context":"En \u00abConsejos legales\u00bb","block_context":{"text":"Consejos legales","link":"https:\/\/www.reclamador.es\/blog\/consejos\/"},"img":{"alt_text":"Derechos trabajadores en San Ferm\u00edn y otras fiestas","src":"https:\/\/i0.wp.com\/www.reclamador.es\/blog\/wp-content\/uploads\/2019\/07\/pixabay-san-fermin-derechos-trabajadores.jpg?fit=1200%2C630&ssl=1&resize=350%2C200","width":350,"height":200,"srcset":"https:\/\/i0.wp.com\/www.reclamador.es\/blog\/wp-content\/uploads\/2019\/07\/pixabay-san-fermin-derechos-trabajadores.jpg?fit=1200%2C630&ssl=1&resize=350%2C200 1x, https:\/\/i0.wp.com\/www.reclamador.es\/blog\/wp-content\/uploads\/2019\/07\/pixabay-san-fermin-derechos-trabajadores.jpg?fit=1200%2C630&ssl=1&resize=525%2C300 1.5x, https:\/\/i0.wp.com\/www.reclamador.es\/blog\/wp-content\/uploads\/2019\/07\/pixabay-san-fermin-derechos-trabajadores.jpg?fit=1200%2C630&ssl=1&resize=700%2C400 2x, https:\/\/i0.wp.com\/www.reclamador.es\/blog\/wp-content\/uploads\/2019\/07\/pixabay-san-fermin-derechos-trabajadores.jpg?fit=1200%2C630&ssl=1&resize=1050%2C600 3x"},"classes":[]},{"id":17670,"url":"https:\/\/www.reclamador.es\/blog\/irregularidades-habituales-contratos-de-trabajo\/","url_meta":{"origin":15712,"position":1},"title":"Sin finiquito y \"trabajar en negro\", dos de las irregularidades laborales m\u00e1s habituales","author":"Equipo reclamador","date":"24 julio, 2020","format":false,"excerpt":"Periodos como la Semana Santa, verano o Navidad supone un aumento de las contrataciones en Espa\u00f1a. Sin embargo, ese aumento de los datos del empleo, en no pocas ocasiones, oculta irregularidades en los contratos e, incluso, contrataciones sin contrato durante ese periodo de pico de trabajo. Empleados sin dar de\u2026","rel":"","context":"En \u00abNoticias y actualidad\u00bb","block_context":{"text":"Noticias y actualidad","link":"https:\/\/www.reclamador.es\/blog\/noticias\/"},"img":{"alt_text":"irregularidades contratos de trabajo","src":"https:\/\/i0.wp.com\/www.reclamador.es\/blog\/wp-content\/uploads\/2018\/04\/contratos-de-trabajo-reclamador.jpg?fit=1200%2C800&ssl=1&resize=350%2C200","width":350,"height":200,"srcset":"https:\/\/i0.wp.com\/www.reclamador.es\/blog\/wp-content\/uploads\/2018\/04\/contratos-de-trabajo-reclamador.jpg?fit=1200%2C800&ssl=1&resize=350%2C200 1x, https:\/\/i0.wp.com\/www.reclamador.es\/blog\/wp-content\/uploads\/2018\/04\/contratos-de-trabajo-reclamador.jpg?fit=1200%2C800&ssl=1&resize=525%2C300 1.5x, https:\/\/i0.wp.com\/www.reclamador.es\/blog\/wp-content\/uploads\/2018\/04\/contratos-de-trabajo-reclamador.jpg?fit=1200%2C800&ssl=1&resize=700%2C400 2x, https:\/\/i0.wp.com\/www.reclamador.es\/blog\/wp-content\/uploads\/2018\/04\/contratos-de-trabajo-reclamador.jpg?fit=1200%2C800&ssl=1&resize=1050%2C600 3x"},"classes":[]},{"id":28678,"url":"https:\/\/www.reclamador.es\/blog\/reforma-laboral-principales-novedades\/","url_meta":{"origin":15712,"position":2},"title":"Reforma laboral: principales novedades para trabajadores y empresarios","author":"Almudena Vel\u00e1zquez","date":"4 enero, 2022","format":false,"excerpt":"Ya est\u00e1 publicada y en vigor -salvo lo relativo a los contratos de formaci\u00f3n- la reforma laboral. A falta de su confirmaci\u00f3n en el Congreso, el Real Decreto-ley 32\/2021, de 28 de diciembre, trae importantes novedades para los trabajadores y los empresarios, tanto en materia de contrato temporales, como para\u2026","rel":"","context":"En \u00abNoticias y actualidad\u00bb","block_context":{"text":"Noticias y actualidad","link":"https:\/\/www.reclamador.es\/blog\/noticias\/"},"img":{"alt_text":"cambios trabajadores reforma laboral","src":"https:\/\/i0.wp.com\/www.reclamador.es\/blog\/wp-content\/uploads\/2021\/12\/novedades-reforma-laboral.jpg?fit=1200%2C675&ssl=1&resize=350%2C200","width":350,"height":200,"srcset":"https:\/\/i0.wp.com\/www.reclamador.es\/blog\/wp-content\/uploads\/2021\/12\/novedades-reforma-laboral.jpg?fit=1200%2C675&ssl=1&resize=350%2C200 1x, https:\/\/i0.wp.com\/www.reclamador.es\/blog\/wp-content\/uploads\/2021\/12\/novedades-reforma-laboral.jpg?fit=1200%2C675&ssl=1&resize=525%2C300 1.5x, https:\/\/i0.wp.com\/www.reclamador.es\/blog\/wp-content\/uploads\/2021\/12\/novedades-reforma-laboral.jpg?fit=1200%2C675&ssl=1&resize=700%2C400 2x, https:\/\/i0.wp.com\/www.reclamador.es\/blog\/wp-content\/uploads\/2021\/12\/novedades-reforma-laboral.jpg?fit=1200%2C675&ssl=1&resize=1050%2C600 3x"},"classes":[]},{"id":29375,"url":"https:\/\/www.reclamador.es\/blog\/no-renovacion-contrato-trabajo\/","url_meta":{"origin":15712,"position":3},"title":"No renovaci\u00f3n del contrato de trabajo: \u00bfqu\u00e9 pasar\u00e1?","author":"Equipo reclamador","date":"3 marzo, 2022","format":false,"excerpt":"Uno de los objetivos de la reforma laboral es luchar contra la temporalidad. Es por esto que, entre otras circunstancias, se elimin\u00f3 el contrato por obra y servicio y \u00fanicamente se podr\u00e1 utilizar el contrato por circunstancias de producci\u00f3n para atender situaciones ocasionales 90 d\u00edas al a\u00f1o. Pero como consecuencia\u2026","rel":"","context":"En \u00abConsejos legales\u00bb","block_context":{"text":"Consejos legales","link":"https:\/\/www.reclamador.es\/blog\/consejos\/"},"img":{"alt_text":"consultas abogados - no renovacion de contrato","src":"https:\/\/i0.wp.com\/www.reclamador.es\/blog\/wp-content\/uploads\/2022\/03\/abogados-laborales-no-renovacion-del-contrato-de-trabajo.jpg?fit=1200%2C698&ssl=1&resize=350%2C200","width":350,"height":200,"srcset":"https:\/\/i0.wp.com\/www.reclamador.es\/blog\/wp-content\/uploads\/2022\/03\/abogados-laborales-no-renovacion-del-contrato-de-trabajo.jpg?fit=1200%2C698&ssl=1&resize=350%2C200 1x, https:\/\/i0.wp.com\/www.reclamador.es\/blog\/wp-content\/uploads\/2022\/03\/abogados-laborales-no-renovacion-del-contrato-de-trabajo.jpg?fit=1200%2C698&ssl=1&resize=525%2C300 1.5x, https:\/\/i0.wp.com\/www.reclamador.es\/blog\/wp-content\/uploads\/2022\/03\/abogados-laborales-no-renovacion-del-contrato-de-trabajo.jpg?fit=1200%2C698&ssl=1&resize=700%2C400 2x, https:\/\/i0.wp.com\/www.reclamador.es\/blog\/wp-content\/uploads\/2022\/03\/abogados-laborales-no-renovacion-del-contrato-de-trabajo.jpg?fit=1200%2C698&ssl=1&resize=1050%2C600 3x"},"classes":[]},{"id":19121,"url":"https:\/\/www.reclamador.es\/blog\/finalizacion-contrato-temporal-que-corresponde\/","url_meta":{"origin":15712,"position":4},"title":"Finalizaci\u00f3n de un contrato temporal: \u00bfqu\u00e9 me corresponde?","author":"Equipo reclamador","date":"31 agosto, 2018","format":false,"excerpt":"*Contenido actualizado mayo 2025 Con la actual normativa laboral, en Espa\u00f1a en 2025 \u00fanicamente se pueden realizar dos tipos de contrato temporal: contrato temporal de sustituci\u00f3n y el contrato temporal por circunstancias de la producci\u00f3n (muy usado en verano o campa\u00f1as). Pero pese a que se intenta primar el contrato\u2026","rel":"","context":"En \u00abConsejos legales\u00bb","block_context":{"text":"Consejos legales","link":"https:\/\/www.reclamador.es\/blog\/consejos\/"},"img":{"alt_text":"Fin contrato temporal: finiquito e indemnizaci\u00f3n","src":"https:\/\/i0.wp.com\/www.reclamador.es\/blog\/wp-content\/uploads\/2018\/08\/finiquito-indemnzacion-fin-contrato-temporal.jpg?fit=1200%2C630&ssl=1&resize=350%2C200","width":350,"height":200,"srcset":"https:\/\/i0.wp.com\/www.reclamador.es\/blog\/wp-content\/uploads\/2018\/08\/finiquito-indemnzacion-fin-contrato-temporal.jpg?fit=1200%2C630&ssl=1&resize=350%2C200 1x, https:\/\/i0.wp.com\/www.reclamador.es\/blog\/wp-content\/uploads\/2018\/08\/finiquito-indemnzacion-fin-contrato-temporal.jpg?fit=1200%2C630&ssl=1&resize=525%2C300 1.5x, https:\/\/i0.wp.com\/www.reclamador.es\/blog\/wp-content\/uploads\/2018\/08\/finiquito-indemnzacion-fin-contrato-temporal.jpg?fit=1200%2C630&ssl=1&resize=700%2C400 2x, https:\/\/i0.wp.com\/www.reclamador.es\/blog\/wp-content\/uploads\/2018\/08\/finiquito-indemnzacion-fin-contrato-temporal.jpg?fit=1200%2C630&ssl=1&resize=1050%2C600 3x"},"classes":[]},{"id":21087,"url":"https:\/\/www.reclamador.es\/blog\/contrato-ett-trabajadores\/","url_meta":{"origin":15712,"position":5},"title":"\u00bfEn qu\u00e9 consisten las Empresas de Trabajo Temporal? Ventajas e inconvenientes de las ETT","author":"Equipo reclamador","date":"18 febrero, 2019","format":false,"excerpt":"4,1 millones. Esta es la cifra que muestra el n\u00famero de contratos laborales firmados por medio de una ETT en 2018. Un 6,4% m\u00e1s que el a\u00f1o anterior, seg\u00fan datos del Observatorio Sectorial DBK Informa. Esto hace que tambi\u00e9n se produzcan reclamaciones laborales en ETT. Aunque es llamativa, esta cantidad\u2026","rel":"","context":"En \u00abConsejos legales\u00bb","block_context":{"text":"Consejos legales","link":"https:\/\/www.reclamador.es\/blog\/consejos\/"},"img":{"alt_text":"manos escribiendo en ordenador","src":"https:\/\/i0.wp.com\/www.reclamador.es\/blog\/wp-content\/uploads\/2019\/02\/ett-reclamador.png?fit=1200%2C800&ssl=1&resize=350%2C200","width":350,"height":200,"srcset":"https:\/\/i0.wp.com\/www.reclamador.es\/blog\/wp-content\/uploads\/2019\/02\/ett-reclamador.png?fit=1200%2C800&ssl=1&resize=350%2C200 1x, https:\/\/i0.wp.com\/www.reclamador.es\/blog\/wp-content\/uploads\/2019\/02\/ett-reclamador.png?fit=1200%2C800&ssl=1&resize=525%2C300 1.5x, https:\/\/i0.wp.com\/www.reclamador.es\/blog\/wp-content\/uploads\/2019\/02\/ett-reclamador.png?fit=1200%2C800&ssl=1&resize=700%2C400 2x, https:\/\/i0.wp.com\/www.reclamador.es\/blog\/wp-content\/uploads\/2019\/02\/ett-reclamador.png?fit=1200%2C800&ssl=1&resize=1050%2C600 3x"},"classes":[]}],"jetpack_sharing_enabled":true,"_links":{"self":[{"href":"https:\/\/www.reclamador.es\/blog\/wp-json\/wp\/v2\/posts\/15712","targetHints":{"allow":["GET"]}}],"collection":[{"href":"https:\/\/www.reclamador.es\/blog\/wp-json\/wp\/v2\/posts"}],"about":[{"href":"https:\/\/www.reclamador.es\/blog\/wp-json\/wp\/v2\/types\/post"}],"author":[{"embeddable":true,"href":"https:\/\/www.reclamador.es\/blog\/wp-json\/wp\/v2\/users\/1"}],"replies":[{"embeddable":true,"href":"https:\/\/www.reclamador.es\/blog\/wp-json\/wp\/v2\/comments?post=15712"}],"version-history":[{"count":10,"href":"https:\/\/www.reclamador.es\/blog\/wp-json\/wp\/v2\/posts\/15712\/revisions"}],"predecessor-version":[{"id":32985,"href":"https:\/\/www.reclamador.es\/blog\/wp-json\/wp\/v2\/posts\/15712\/revisions\/32985"}],"wp:featuredmedia":[{"embeddable":true,"href":"https:\/\/www.reclamador.es\/blog\/wp-json\/wp\/v2\/media\/32984"}],"wp:attachment":[{"href":"https:\/\/www.reclamador.es\/blog\/wp-json\/wp\/v2\/media?parent=15712"}],"wp:term":[{"taxonomy":"category","embeddable":true,"href":"https:\/\/www.reclamador.es\/blog\/wp-json\/wp\/v2\/categories?post=15712"},{"taxonomy":"post_tag","embeddable":true,"href":"https:\/\/www.reclamador.es\/blog\/wp-json\/wp\/v2\/tags?post=15712"}],"curies":[{"name":"wp","href":"https:\/\/api.w.org\/{rel}","templated":true}]}}