{"id":15707,"date":"2022-10-11T10:20:00","date_gmt":"2022-10-11T08:20:00","guid":{"rendered":"https:\/\/www.reclamador.es\/blog\/?p=15707"},"modified":"2024-05-22T19:13:54","modified_gmt":"2024-05-22T17:13:54","slug":"convenios-colectivos","status":"publish","type":"post","link":"https:\/\/www.reclamador.es\/blog\/convenios-colectivos\/","title":{"rendered":"\u00bfQu\u00e9 son los convenios colectivos?"},"content":{"rendered":"<div class=\"ttr_start\"><\/div>\n\n<div class=\"kk-star-ratings kksr-auto kksr-align-right kksr-valign-top\"\n    data-payload='{&quot;align&quot;:&quot;right&quot;,&quot;id&quot;:&quot;15707&quot;,&quot;slug&quot;:&quot;default&quot;,&quot;valign&quot;:&quot;top&quot;,&quot;ignore&quot;:&quot;&quot;,&quot;reference&quot;:&quot;auto&quot;,&quot;class&quot;:&quot;&quot;,&quot;count&quot;:&quot;15&quot;,&quot;legendonly&quot;:&quot;&quot;,&quot;readonly&quot;:&quot;&quot;,&quot;score&quot;:&quot;2.3&quot;,&quot;starsonly&quot;:&quot;&quot;,&quot;best&quot;:&quot;5&quot;,&quot;gap&quot;:&quot;3&quot;,&quot;greet&quot;:&quot;Valora este art\u00edculo&quot;,&quot;legend&quot;:&quot;2.3\\\/5 - (15 votos)&quot;,&quot;size&quot;:&quot;20&quot;,&quot;title&quot;:&quot;\u00bfQu\u00e9 son los convenios colectivos?&quot;,&quot;width&quot;:&quot;51.4&quot;,&quot;_legend&quot;:&quot;{score}\\\/{best} - ({count} {votes})&quot;,&quot;font_factor&quot;:&quot;1.25&quot;}'>\n            \n<div class=\"kksr-stars\">\n    \n<div class=\"kksr-stars-inactive\">\n            <div class=\"kksr-star\" data-star=\"1\" style=\"padding-right: 3px\">\n            \n\n<div class=\"kksr-icon\" style=\"width: 20px; height: 20px;\"><\/div>\n        <\/div>\n            <div class=\"kksr-star\" data-star=\"2\" style=\"padding-right: 3px\">\n            \n\n<div class=\"kksr-icon\" style=\"width: 20px; height: 20px;\"><\/div>\n        <\/div>\n            <div class=\"kksr-star\" data-star=\"3\" style=\"padding-right: 3px\">\n            \n\n<div class=\"kksr-icon\" style=\"width: 20px; height: 20px;\"><\/div>\n        <\/div>\n            <div class=\"kksr-star\" data-star=\"4\" style=\"padding-right: 3px\">\n            \n\n<div class=\"kksr-icon\" style=\"width: 20px; height: 20px;\"><\/div>\n        <\/div>\n            <div class=\"kksr-star\" data-star=\"5\" style=\"padding-right: 3px\">\n            \n\n<div class=\"kksr-icon\" style=\"width: 20px; height: 20px;\"><\/div>\n        <\/div>\n    <\/div>\n    \n<div class=\"kksr-stars-active\" style=\"width: 51.4px;\">\n            <div class=\"kksr-star\" style=\"padding-right: 3px\">\n            \n\n<div class=\"kksr-icon\" style=\"width: 20px; height: 20px;\"><\/div>\n        <\/div>\n            <div class=\"kksr-star\" style=\"padding-right: 3px\">\n            \n\n<div class=\"kksr-icon\" style=\"width: 20px; height: 20px;\"><\/div>\n        <\/div>\n            <div class=\"kksr-star\" style=\"padding-right: 3px\">\n            \n\n<div class=\"kksr-icon\" style=\"width: 20px; height: 20px;\"><\/div>\n        <\/div>\n            <div class=\"kksr-star\" style=\"padding-right: 3px\">\n            \n\n<div class=\"kksr-icon\" style=\"width: 20px; height: 20px;\"><\/div>\n        <\/div>\n            <div class=\"kksr-star\" style=\"padding-right: 3px\">\n            \n\n<div class=\"kksr-icon\" style=\"width: 20px; height: 20px;\"><\/div>\n        <\/div>\n    <\/div>\n<\/div>\n                \n\n<div class=\"kksr-legend\" style=\"font-size: 16px;\">\n            2.3\/5 - (15 votos)    <\/div>\n    <\/div>\n<figure id=\"attachment_30234\" aria-describedby=\"caption-attachment-30234\" style=\"width: 1200px\" class=\"wp-caption aligncenter\"><img data-recalc-dims=\"1\" loading=\"lazy\" decoding=\"async\" class=\"size-full wp-image-30234\" src=\"https:\/\/i0.wp.com\/www.reclamador.es\/blog\/wp-content\/uploads\/2017\/09\/convenios-colectivos.jpg?resize=1200%2C675&#038;ssl=1\" alt=\"cuando se aplican los convenios colectivos\" width=\"1200\" height=\"675\" srcset=\"https:\/\/i0.wp.com\/www.reclamador.es\/blog\/wp-content\/uploads\/2017\/09\/convenios-colectivos.jpg?w=1200&amp;ssl=1 1200w, https:\/\/i0.wp.com\/www.reclamador.es\/blog\/wp-content\/uploads\/2017\/09\/convenios-colectivos.jpg?resize=800%2C450&amp;ssl=1 800w, https:\/\/i0.wp.com\/www.reclamador.es\/blog\/wp-content\/uploads\/2017\/09\/convenios-colectivos.jpg?resize=150%2C84&amp;ssl=1 150w, https:\/\/i0.wp.com\/www.reclamador.es\/blog\/wp-content\/uploads\/2017\/09\/convenios-colectivos.jpg?resize=768%2C432&amp;ssl=1 768w\" sizes=\"auto, (max-width: 1000px) 100vw, 1000px\" \/><figcaption id=\"caption-attachment-30234\" class=\"wp-caption-text\"><em>Cosas importantes a saber sobre los convenios colectivos<\/em><\/figcaption><\/figure>\n<p><span style=\"font-weight: 400;\">Cuando hablamos de asuntos laborales <strong>hay varias normas que afectan a los derechos de los trabajadores<\/strong>. En primer lugar hay que tener en cuenta lo que dice la Constituci\u00f3n Espa\u00f1ola, que es la norma suprema del ordenamiento jur\u00eddico espa\u00f1ol. Luego, el <a href=\"https:\/\/www.reclamador.es\/blog\/estatuto-de-los-trabajadores\/\">Estatuto de los trabajadores<\/a>, que es la normativa en la que se desarrollan legalmente dichos derechos. Tambi\u00e9n los convenios colectivos y, por \u00faltimo, el contrato de trabajo entre la empresa y el trabajador. <\/span><\/p>\n<p><span style=\"font-weight: 400;\">Del contrato hemos hablado en numerosas ocasiones en este blog. Y tambi\u00e9n te hemos contado qu\u00e9 es el <a href=\"https:\/\/www.boe.es\/boe\/dias\/2015\/10\/24\/pdfs\/BOE-A-2015-11430.pdf\" target=\"_blank\" rel=\"noopener noreferrer\">Estatuto de los Trabajadores<\/a> y qu\u00e9 se recoge en el mismo. Por eso, en esta ocasi\u00f3n vamos a desarrollar <strong>qu\u00e9 son los convenios colectivos<\/strong>, de qu\u00e9 tipolog\u00eda hay, cu\u00e1l es su vigencia y c\u00f3mo afecta la misma a la validez del convenio y a los derechos de los trabajadores.<\/span><\/p>\n<h2><b>\u00bfQu\u00e9 son los convenios colectivos?<\/b><\/h2>\n<p><span style=\"font-weight: 400;\">El convenio colectivo es la <strong>norma que regula los derechos de los trabajadores de manera colectiva<\/strong>. Es decir, desarrolla c\u00f3mo se ejercen los derechos en un determinado \u00e1mbito de aplicaci\u00f3n a ra\u00edz de unas negociaciones previas.<\/span><\/p>\n<p><span style=\"font-weight: 400;\">Su principal misi\u00f3n es mejorar los derechos b\u00e1sicos que se recogen en el Estatuto de los Trabajadores.<\/span><\/p>\n<p><span style=\"font-weight: 400;\">Normalmente los convenios colectivos se firman para un grupo de profesionales que comparten ocupaci\u00f3n. Los distintos <strong>\u00e1mbitos de aplicaci\u00f3n<\/strong> en los que se pueden firmar son los siguientes:<\/span><\/p>\n<ul>\n<li style=\"font-weight: 400;\"><span style=\"font-weight: 400;\">La empresa.<\/span><\/li>\n<li style=\"font-weight: 400;\"><span style=\"font-weight: 400;\">La provincia.<\/span><\/li>\n<li style=\"font-weight: 400;\"><span style=\"font-weight: 400;\">La comunidad aut\u00f3noma.<\/span><\/li>\n<li style=\"font-weight: 400;\"><span style=\"font-weight: 400;\">A nivel estatal.<\/span><\/li>\n<li style=\"font-weight: 400;\"><span style=\"font-weight: 400;\">En un sector o industria determinado.<\/span><\/li>\n<\/ul>\n<p><span style=\"font-weight: 400;\">Estas normas son muy importantes ya que el propio Estatuto de los Trabajadores remite a los convenios en algunas cuestiones espec\u00edficas de algunos sectores o profesiones. Y tiene sentido porque dicho estatuto es una norma estatal que se pretende tenga cierta perdurabilidad en el tiempo. Sin embargo, los convenios son m\u00e1s din\u00e1micos y se van renovando cada cierto tiempo.<\/span><\/p>\n<h2><b>\u00bfCu\u00e1nto dura un convenio colectivo?<\/b><\/h2>\n<p><span style=\"font-weight: 400;\">El tiempo de duraci\u00f3n (o de vigencia) de cada convenio <strong>se fija cuando se negocia el mismo<\/strong>. Una vez terminado este per\u00edodo, el convenio se va renovando anualmente hasta que una de las partes lo denuncia, abriendo as\u00ed de nuevo el plazo a una nueva negociaci\u00f3n colectiva.<\/span><\/p>\n<p><span style=\"font-weight: 400;\">Hay algunos convenios en los que se recoge en el propio texto que una vez finalizado el plazo que se establece, el convenio queda denunciado y, por lo tanto, dejar\u00e1 de tener vigor y comenzar\u00edan de nuevo las negociaciones colectivas.<\/span><\/p>\n<p><span style=\"font-weight: 400;\"><strong>Una vez se denuncia un convenio<\/strong>, hay un plazo de un a\u00f1o para que las partes negocien uno nuevo. En este a\u00f1o se sigue aplicando el convenio que se ha denunciado. <\/span><span style=\"font-weight: 400;\">Una vez acabado este a\u00f1o, si no se ha firmado un acuerdo, se empezar\u00eda a aplicar el convenio colectivo de \u00e1mbito superior que fuera de aplicaci\u00f3n. <\/span><\/p>\n<p><span style=\"font-weight: 400;\">Si no hubiera convenio de \u00e1mbito superior, tras varios debates sobre la materia, el Tribunal Supremo ha dictado que:<\/span><\/p>\n<p><em><span style=\"font-weight: 400;\">\u201cLas condiciones laborales se contractualizan y se convierten en condici\u00f3n m\u00e1s beneficiosa o derecho adquirido de los trabajadores, pero ello no afectar\u00eda a los trabajadores de nuevo ingreso a la empresa\u201d.<\/span><\/em><\/p>\n<p><span style=\"font-weight: 400;\">Es decir, <strong>los trabajadores de la empresa que estuvieran contratados estando vigente el convenio seguir\u00edan benefici\u00e1ndose de las condiciones del mismo<\/strong>. Sin embargo, los que entraran nuevos, no. Por tanto, se aplicar\u00eda a nivel de salario no el del convenio sino el Salario M\u00ednimo Interprofesional vigente en ese momento.<\/span><\/p>\n<div class=\"ttr_end\"><\/div>","protected":false},"excerpt":{"rendered":"<p>Cuando hablamos de asuntos laborales hay varias normas que afectan a los derechos de los trabajadores. En primer lugar hay que tener en cuenta lo que dice la Constituci\u00f3n Espa\u00f1ola, que es la norma suprema del ordenamiento jur\u00eddico espa\u00f1ol. Luego, el Estatuto de los trabajadores, que es la normativa en la que se desarrollan legalmente [&hellip;]<\/p>\n","protected":false},"author":1,"featured_media":30234,"comment_status":"open","ping_status":"open","sticky":false,"template":"","format":"standard","meta":{"_acf_changed":false,"_genesis_hide_title":false,"_genesis_hide_breadcrumbs":false,"_genesis_hide_singular_image":false,"_genesis_hide_footer_widgets":false,"_genesis_custom_body_class":"","_genesis_custom_post_class":"","_genesis_layout":"","_jetpack_newsletter_access":"","_jetpack_dont_email_post_to_subs":false,"_jetpack_newsletter_tier_id":0,"_jetpack_memberships_contains_paywalled_content":false,"_jetpack_memberships_contains_paid_content":false,"footnotes":""},"categories":[393],"tags":[266,762],"class_list":{"0":"post-15707","1":"post","2":"type-post","3":"status-publish","4":"format-standard","5":"has-post-thumbnail","7":"category-consejos","8":"tag-laboral","9":"tag-servicios","10":"entry"},"acf":[],"yoast_head":"<!-- This site is optimized with the Yoast SEO plugin v27.4 - https:\/\/yoast.com\/product\/yoast-seo-wordpress\/ -->\n<title>Convenios Colectivos: aclaraciones y \u00e1mbitos de aplicaci\u00f3n<\/title>\n<meta name=\"description\" content=\"Te contamos qu\u00e9 son y cu\u00e1ndo se aplican los convenios colectivos. As\u00ed podr\u00e1s saber cu\u00e1l te tienen que aplicar para tu salario.\" \/>\n<meta name=\"robots\" content=\"index, follow, max-snippet:-1, max-image-preview:large, max-video-preview:-1\" \/>\n<link rel=\"canonical\" href=\"https:\/\/www.reclamador.es\/blog\/convenios-colectivos\/\" \/>\n<meta property=\"og:locale\" content=\"es_ES\" \/>\n<meta property=\"og:type\" content=\"article\" \/>\n<meta property=\"og:title\" content=\"Convenios Colectivos: aclaraciones y \u00e1mbitos de aplicaci\u00f3n\" \/>\n<meta property=\"og:description\" content=\"Te contamos qu\u00e9 son y cu\u00e1ndo se aplican los convenios colectivos. As\u00ed podr\u00e1s saber cu\u00e1l te tienen que aplicar para tu salario.\" \/>\n<meta property=\"og:url\" content=\"https:\/\/www.reclamador.es\/blog\/convenios-colectivos\/\" \/>\n<meta property=\"og:site_name\" content=\"Rebeldes con causa, el blog de reclamador.es\" \/>\n<meta property=\"article:publisher\" content=\"https:\/\/www.facebook.com\/reclamador.es\" \/>\n<meta property=\"article:published_time\" content=\"2022-10-11T08:20:00+00:00\" \/>\n<meta property=\"article:modified_time\" content=\"2024-05-22T17:13:54+00:00\" \/>\n<meta property=\"og:image\" content=\"https:\/\/www.reclamador.es\/blog\/wp-content\/uploads\/2017\/09\/convenios-colectivos.jpg\" \/>\n\t<meta property=\"og:image:width\" content=\"1200\" \/>\n\t<meta property=\"og:image:height\" content=\"675\" \/>\n\t<meta property=\"og:image:type\" content=\"image\/jpeg\" \/>\n<meta name=\"author\" content=\"Equipo reclamador\" \/>\n<meta name=\"twitter:card\" content=\"summary_large_image\" \/>\n<meta name=\"twitter:creator\" content=\"@reclamador\" \/>\n<meta name=\"twitter:site\" content=\"@reclamador\" \/>\n<meta name=\"twitter:label1\" content=\"Escrito por\" \/>\n\t<meta name=\"twitter:data1\" content=\"Equipo reclamador\" \/>\n\t<meta name=\"twitter:label2\" content=\"Tiempo de lectura\" \/>\n\t<meta name=\"twitter:data2\" content=\"4 minutos\" \/>\n<script type=\"application\/ld+json\" class=\"yoast-schema-graph\">{\"@context\":\"https:\\\/\\\/schema.org\",\"@graph\":[{\"@type\":\"Article\",\"@id\":\"https:\\\/\\\/www.reclamador.es\\\/blog\\\/convenios-colectivos\\\/#article\",\"isPartOf\":{\"@id\":\"https:\\\/\\\/www.reclamador.es\\\/blog\\\/convenios-colectivos\\\/\"},\"author\":{\"name\":\"Equipo reclamador\",\"@id\":\"https:\\\/\\\/www.reclamador.es\\\/blog\\\/#\\\/schema\\\/person\\\/1ed83eef8b6566cb5e4c812d9bc5c4bf\"},\"headline\":\"\u00bfQu\u00e9 son los convenios colectivos?\",\"datePublished\":\"2022-10-11T08:20:00+00:00\",\"dateModified\":\"2024-05-22T17:13:54+00:00\",\"mainEntityOfPage\":{\"@id\":\"https:\\\/\\\/www.reclamador.es\\\/blog\\\/convenios-colectivos\\\/\"},\"wordCount\":608,\"commentCount\":3,\"publisher\":{\"@id\":\"https:\\\/\\\/www.reclamador.es\\\/blog\\\/#organization\"},\"image\":{\"@id\":\"https:\\\/\\\/www.reclamador.es\\\/blog\\\/convenios-colectivos\\\/#primaryimage\"},\"thumbnailUrl\":\"https:\\\/\\\/i0.wp.com\\\/www.reclamador.es\\\/blog\\\/wp-content\\\/uploads\\\/2017\\\/09\\\/convenios-colectivos.jpg?fit=1200%2C675&ssl=1\",\"keywords\":[\"laboral\",\"servicios\"],\"articleSection\":[\"Consejos legales\"],\"inLanguage\":\"es\",\"potentialAction\":[{\"@type\":\"CommentAction\",\"name\":\"Comment\",\"target\":[\"https:\\\/\\\/www.reclamador.es\\\/blog\\\/convenios-colectivos\\\/#respond\"]}]},{\"@type\":\"WebPage\",\"@id\":\"https:\\\/\\\/www.reclamador.es\\\/blog\\\/convenios-colectivos\\\/\",\"url\":\"https:\\\/\\\/www.reclamador.es\\\/blog\\\/convenios-colectivos\\\/\",\"name\":\"Convenios Colectivos: aclaraciones y \u00e1mbitos de aplicaci\u00f3n\",\"isPartOf\":{\"@id\":\"https:\\\/\\\/www.reclamador.es\\\/blog\\\/#website\"},\"primaryImageOfPage\":{\"@id\":\"https:\\\/\\\/www.reclamador.es\\\/blog\\\/convenios-colectivos\\\/#primaryimage\"},\"image\":{\"@id\":\"https:\\\/\\\/www.reclamador.es\\\/blog\\\/convenios-colectivos\\\/#primaryimage\"},\"thumbnailUrl\":\"https:\\\/\\\/i0.wp.com\\\/www.reclamador.es\\\/blog\\\/wp-content\\\/uploads\\\/2017\\\/09\\\/convenios-colectivos.jpg?fit=1200%2C675&ssl=1\",\"datePublished\":\"2022-10-11T08:20:00+00:00\",\"dateModified\":\"2024-05-22T17:13:54+00:00\",\"description\":\"Te contamos qu\u00e9 son y cu\u00e1ndo se aplican los convenios colectivos. As\u00ed podr\u00e1s saber cu\u00e1l te tienen que aplicar para tu salario.\",\"breadcrumb\":{\"@id\":\"https:\\\/\\\/www.reclamador.es\\\/blog\\\/convenios-colectivos\\\/#breadcrumb\"},\"inLanguage\":\"es\",\"potentialAction\":[{\"@type\":\"ReadAction\",\"target\":[\"https:\\\/\\\/www.reclamador.es\\\/blog\\\/convenios-colectivos\\\/\"]}]},{\"@type\":\"ImageObject\",\"inLanguage\":\"es\",\"@id\":\"https:\\\/\\\/www.reclamador.es\\\/blog\\\/convenios-colectivos\\\/#primaryimage\",\"url\":\"https:\\\/\\\/i0.wp.com\\\/www.reclamador.es\\\/blog\\\/wp-content\\\/uploads\\\/2017\\\/09\\\/convenios-colectivos.jpg?fit=1200%2C675&ssl=1\",\"contentUrl\":\"https:\\\/\\\/i0.wp.com\\\/www.reclamador.es\\\/blog\\\/wp-content\\\/uploads\\\/2017\\\/09\\\/convenios-colectivos.jpg?fit=1200%2C675&ssl=1\",\"width\":1200,\"height\":675,\"caption\":\"Cosas importantes a saber sobre los convenios colectivos\"},{\"@type\":\"BreadcrumbList\",\"@id\":\"https:\\\/\\\/www.reclamador.es\\\/blog\\\/convenios-colectivos\\\/#breadcrumb\",\"itemListElement\":[{\"@type\":\"ListItem\",\"position\":1,\"name\":\"Portada\",\"item\":\"https:\\\/\\\/www.reclamador.es\\\/blog\\\/\"},{\"@type\":\"ListItem\",\"position\":2,\"name\":\"\u00bfQu\u00e9 son los convenios colectivos?\"}]},{\"@type\":\"WebSite\",\"@id\":\"https:\\\/\\\/www.reclamador.es\\\/blog\\\/#website\",\"url\":\"https:\\\/\\\/www.reclamador.es\\\/blog\\\/\",\"name\":\"Rebeldes con causa, el blog de reclamador.es\",\"description\":\"Noticias, entrevistas y consejos sobre reclamaciones\",\"publisher\":{\"@id\":\"https:\\\/\\\/www.reclamador.es\\\/blog\\\/#organization\"},\"potentialAction\":[{\"@type\":\"SearchAction\",\"target\":{\"@type\":\"EntryPoint\",\"urlTemplate\":\"https:\\\/\\\/www.reclamador.es\\\/blog\\\/?s={search_term_string}\"},\"query-input\":{\"@type\":\"PropertyValueSpecification\",\"valueRequired\":true,\"valueName\":\"search_term_string\"}}],\"inLanguage\":\"es\"},{\"@type\":\"Organization\",\"@id\":\"https:\\\/\\\/www.reclamador.es\\\/blog\\\/#organization\",\"name\":\"reclamador.es\",\"url\":\"https:\\\/\\\/www.reclamador.es\\\/blog\\\/\",\"logo\":{\"@type\":\"ImageObject\",\"inLanguage\":\"es\",\"@id\":\"https:\\\/\\\/www.reclamador.es\\\/blog\\\/#\\\/schema\\\/logo\\\/image\\\/\",\"url\":\"https:\\\/\\\/i0.wp.com\\\/www.reclamador.es\\\/blog\\\/wp-content\\\/uploads\\\/2020\\\/01\\\/logo-reclamador.png?fit=1200%2C144&ssl=1\",\"contentUrl\":\"https:\\\/\\\/i0.wp.com\\\/www.reclamador.es\\\/blog\\\/wp-content\\\/uploads\\\/2020\\\/01\\\/logo-reclamador.png?fit=1200%2C144&ssl=1\",\"width\":1200,\"height\":144,\"caption\":\"reclamador.es\"},\"image\":{\"@id\":\"https:\\\/\\\/www.reclamador.es\\\/blog\\\/#\\\/schema\\\/logo\\\/image\\\/\"},\"sameAs\":[\"https:\\\/\\\/www.facebook.com\\\/reclamador.es\",\"https:\\\/\\\/x.com\\\/reclamador\",\"https:\\\/\\\/www.instagram.com\\\/reclamador.es\\\/\",\"https:\\\/\\\/www.linkedin.com\\\/company\\\/reclamador-es\",\"https:\\\/\\\/www.youtube.com\\\/user\\\/Reclamadores\"]},{\"@type\":\"Person\",\"@id\":\"https:\\\/\\\/www.reclamador.es\\\/blog\\\/#\\\/schema\\\/person\\\/1ed83eef8b6566cb5e4c812d9bc5c4bf\",\"name\":\"Equipo reclamador\",\"image\":{\"@type\":\"ImageObject\",\"inLanguage\":\"es\",\"@id\":\"https:\\\/\\\/secure.gravatar.com\\\/avatar\\\/6442ecdc2c4472c600c113f34d340feca47107d6aa4f42f1e3e75a2a8e28a760?s=96&d=mm&r=g\",\"url\":\"https:\\\/\\\/secure.gravatar.com\\\/avatar\\\/6442ecdc2c4472c600c113f34d340feca47107d6aa4f42f1e3e75a2a8e28a760?s=96&d=mm&r=g\",\"contentUrl\":\"https:\\\/\\\/secure.gravatar.com\\\/avatar\\\/6442ecdc2c4472c600c113f34d340feca47107d6aa4f42f1e3e75a2a8e28a760?s=96&d=mm&r=g\",\"caption\":\"Equipo reclamador\"},\"description\":\"Las personas que hacen posible reclamador.es\",\"url\":\"https:\\\/\\\/www.reclamador.es\\\/blog\\\/author\\\/administrador\\\/\"}]}<\/script>\n<!-- \/ Yoast SEO plugin. -->","yoast_head_json":{"title":"Convenios Colectivos: aclaraciones y \u00e1mbitos de aplicaci\u00f3n","description":"Te contamos qu\u00e9 son y cu\u00e1ndo se aplican los convenios colectivos. As\u00ed podr\u00e1s saber cu\u00e1l te tienen que aplicar para tu salario.","robots":{"index":"index","follow":"follow","max-snippet":"max-snippet:-1","max-image-preview":"max-image-preview:large","max-video-preview":"max-video-preview:-1"},"canonical":"https:\/\/www.reclamador.es\/blog\/convenios-colectivos\/","og_locale":"es_ES","og_type":"article","og_title":"Convenios Colectivos: aclaraciones y \u00e1mbitos de aplicaci\u00f3n","og_description":"Te contamos qu\u00e9 son y cu\u00e1ndo se aplican los convenios colectivos. As\u00ed podr\u00e1s saber cu\u00e1l te tienen que aplicar para tu salario.","og_url":"https:\/\/www.reclamador.es\/blog\/convenios-colectivos\/","og_site_name":"Rebeldes con causa, el blog de reclamador.es","article_publisher":"https:\/\/www.facebook.com\/reclamador.es","article_published_time":"2022-10-11T08:20:00+00:00","article_modified_time":"2024-05-22T17:13:54+00:00","og_image":[{"width":1200,"height":675,"url":"https:\/\/www.reclamador.es\/blog\/wp-content\/uploads\/2017\/09\/convenios-colectivos.jpg","type":"image\/jpeg"}],"author":"Equipo reclamador","twitter_card":"summary_large_image","twitter_creator":"@reclamador","twitter_site":"@reclamador","twitter_misc":{"Escrito por":"Equipo reclamador","Tiempo de lectura":"4 minutos"},"schema":{"@context":"https:\/\/schema.org","@graph":[{"@type":"Article","@id":"https:\/\/www.reclamador.es\/blog\/convenios-colectivos\/#article","isPartOf":{"@id":"https:\/\/www.reclamador.es\/blog\/convenios-colectivos\/"},"author":{"name":"Equipo reclamador","@id":"https:\/\/www.reclamador.es\/blog\/#\/schema\/person\/1ed83eef8b6566cb5e4c812d9bc5c4bf"},"headline":"\u00bfQu\u00e9 son los convenios colectivos?","datePublished":"2022-10-11T08:20:00+00:00","dateModified":"2024-05-22T17:13:54+00:00","mainEntityOfPage":{"@id":"https:\/\/www.reclamador.es\/blog\/convenios-colectivos\/"},"wordCount":608,"commentCount":3,"publisher":{"@id":"https:\/\/www.reclamador.es\/blog\/#organization"},"image":{"@id":"https:\/\/www.reclamador.es\/blog\/convenios-colectivos\/#primaryimage"},"thumbnailUrl":"https:\/\/i0.wp.com\/www.reclamador.es\/blog\/wp-content\/uploads\/2017\/09\/convenios-colectivos.jpg?fit=1200%2C675&ssl=1","keywords":["laboral","servicios"],"articleSection":["Consejos legales"],"inLanguage":"es","potentialAction":[{"@type":"CommentAction","name":"Comment","target":["https:\/\/www.reclamador.es\/blog\/convenios-colectivos\/#respond"]}]},{"@type":"WebPage","@id":"https:\/\/www.reclamador.es\/blog\/convenios-colectivos\/","url":"https:\/\/www.reclamador.es\/blog\/convenios-colectivos\/","name":"Convenios Colectivos: aclaraciones y \u00e1mbitos de aplicaci\u00f3n","isPartOf":{"@id":"https:\/\/www.reclamador.es\/blog\/#website"},"primaryImageOfPage":{"@id":"https:\/\/www.reclamador.es\/blog\/convenios-colectivos\/#primaryimage"},"image":{"@id":"https:\/\/www.reclamador.es\/blog\/convenios-colectivos\/#primaryimage"},"thumbnailUrl":"https:\/\/i0.wp.com\/www.reclamador.es\/blog\/wp-content\/uploads\/2017\/09\/convenios-colectivos.jpg?fit=1200%2C675&ssl=1","datePublished":"2022-10-11T08:20:00+00:00","dateModified":"2024-05-22T17:13:54+00:00","description":"Te contamos qu\u00e9 son y cu\u00e1ndo se aplican los convenios colectivos. As\u00ed podr\u00e1s saber cu\u00e1l te tienen que aplicar para tu salario.","breadcrumb":{"@id":"https:\/\/www.reclamador.es\/blog\/convenios-colectivos\/#breadcrumb"},"inLanguage":"es","potentialAction":[{"@type":"ReadAction","target":["https:\/\/www.reclamador.es\/blog\/convenios-colectivos\/"]}]},{"@type":"ImageObject","inLanguage":"es","@id":"https:\/\/www.reclamador.es\/blog\/convenios-colectivos\/#primaryimage","url":"https:\/\/i0.wp.com\/www.reclamador.es\/blog\/wp-content\/uploads\/2017\/09\/convenios-colectivos.jpg?fit=1200%2C675&ssl=1","contentUrl":"https:\/\/i0.wp.com\/www.reclamador.es\/blog\/wp-content\/uploads\/2017\/09\/convenios-colectivos.jpg?fit=1200%2C675&ssl=1","width":1200,"height":675,"caption":"Cosas importantes a saber sobre los convenios colectivos"},{"@type":"BreadcrumbList","@id":"https:\/\/www.reclamador.es\/blog\/convenios-colectivos\/#breadcrumb","itemListElement":[{"@type":"ListItem","position":1,"name":"Portada","item":"https:\/\/www.reclamador.es\/blog\/"},{"@type":"ListItem","position":2,"name":"\u00bfQu\u00e9 son los convenios colectivos?"}]},{"@type":"WebSite","@id":"https:\/\/www.reclamador.es\/blog\/#website","url":"https:\/\/www.reclamador.es\/blog\/","name":"Rebeldes con causa, el blog de reclamador.es","description":"Noticias, entrevistas y consejos sobre reclamaciones","publisher":{"@id":"https:\/\/www.reclamador.es\/blog\/#organization"},"potentialAction":[{"@type":"SearchAction","target":{"@type":"EntryPoint","urlTemplate":"https:\/\/www.reclamador.es\/blog\/?s={search_term_string}"},"query-input":{"@type":"PropertyValueSpecification","valueRequired":true,"valueName":"search_term_string"}}],"inLanguage":"es"},{"@type":"Organization","@id":"https:\/\/www.reclamador.es\/blog\/#organization","name":"reclamador.es","url":"https:\/\/www.reclamador.es\/blog\/","logo":{"@type":"ImageObject","inLanguage":"es","@id":"https:\/\/www.reclamador.es\/blog\/#\/schema\/logo\/image\/","url":"https:\/\/i0.wp.com\/www.reclamador.es\/blog\/wp-content\/uploads\/2020\/01\/logo-reclamador.png?fit=1200%2C144&ssl=1","contentUrl":"https:\/\/i0.wp.com\/www.reclamador.es\/blog\/wp-content\/uploads\/2020\/01\/logo-reclamador.png?fit=1200%2C144&ssl=1","width":1200,"height":144,"caption":"reclamador.es"},"image":{"@id":"https:\/\/www.reclamador.es\/blog\/#\/schema\/logo\/image\/"},"sameAs":["https:\/\/www.facebook.com\/reclamador.es","https:\/\/x.com\/reclamador","https:\/\/www.instagram.com\/reclamador.es\/","https:\/\/www.linkedin.com\/company\/reclamador-es","https:\/\/www.youtube.com\/user\/Reclamadores"]},{"@type":"Person","@id":"https:\/\/www.reclamador.es\/blog\/#\/schema\/person\/1ed83eef8b6566cb5e4c812d9bc5c4bf","name":"Equipo reclamador","image":{"@type":"ImageObject","inLanguage":"es","@id":"https:\/\/secure.gravatar.com\/avatar\/6442ecdc2c4472c600c113f34d340feca47107d6aa4f42f1e3e75a2a8e28a760?s=96&d=mm&r=g","url":"https:\/\/secure.gravatar.com\/avatar\/6442ecdc2c4472c600c113f34d340feca47107d6aa4f42f1e3e75a2a8e28a760?s=96&d=mm&r=g","contentUrl":"https:\/\/secure.gravatar.com\/avatar\/6442ecdc2c4472c600c113f34d340feca47107d6aa4f42f1e3e75a2a8e28a760?s=96&d=mm&r=g","caption":"Equipo reclamador"},"description":"Las personas que hacen posible reclamador.es","url":"https:\/\/www.reclamador.es\/blog\/author\/administrador\/"}]}},"jetpack_featured_media_url":"https:\/\/i0.wp.com\/www.reclamador.es\/blog\/wp-content\/uploads\/2017\/09\/convenios-colectivos.jpg?fit=1200%2C675&ssl=1","jetpack-related-posts":[{"id":4845,"url":"https:\/\/www.reclamador.es\/blog\/estatuto-de-los-trabajadores\/","url_meta":{"origin":15707,"position":0},"title":"\u00bfQu\u00e9 regula el Estatuto de los Trabajadores?","author":"Equipo reclamador","date":"21 septiembre, 2016","format":false,"excerpt":"Actualmente, el Estatuto de los Trabajadores vigente es el del Real Decreto Legislativo 2\/2015, de 23 de octubre, que aprob\u00f3 el texto refundido tras numerosas reformas legislativas. Su misi\u00f3n es regular las relaciones laborales, aquellas que surgen entre el empleador y el empleado a partir de un contrato de trabajo.\u2026","rel":"","context":"En \u00abConsejos legales\u00bb","block_context":{"text":"Consejos legales","link":"https:\/\/www.reclamador.es\/blog\/consejos\/"},"img":{"alt_text":"Estatuto de los Trabajadores","src":"https:\/\/i0.wp.com\/www.reclamador.es\/blog\/wp-content\/uploads\/2016\/09\/estatuto-de-los-trabajadores-cosas-que-saber.jpg?fit=1200%2C630&ssl=1&resize=350%2C200","width":350,"height":200,"srcset":"https:\/\/i0.wp.com\/www.reclamador.es\/blog\/wp-content\/uploads\/2016\/09\/estatuto-de-los-trabajadores-cosas-que-saber.jpg?fit=1200%2C630&ssl=1&resize=350%2C200 1x, https:\/\/i0.wp.com\/www.reclamador.es\/blog\/wp-content\/uploads\/2016\/09\/estatuto-de-los-trabajadores-cosas-que-saber.jpg?fit=1200%2C630&ssl=1&resize=525%2C300 1.5x, https:\/\/i0.wp.com\/www.reclamador.es\/blog\/wp-content\/uploads\/2016\/09\/estatuto-de-los-trabajadores-cosas-que-saber.jpg?fit=1200%2C630&ssl=1&resize=700%2C400 2x, https:\/\/i0.wp.com\/www.reclamador.es\/blog\/wp-content\/uploads\/2016\/09\/estatuto-de-los-trabajadores-cosas-que-saber.jpg?fit=1200%2C630&ssl=1&resize=1050%2C600 3x"},"classes":[]},{"id":21422,"url":"https:\/\/www.reclamador.es\/blog\/tipos-contrato-trabajo\/","url_meta":{"origin":15707,"position":1},"title":"Estos son los tipos de contrato de trabajo que existen en Espa\u00f1a","author":"Laura M\u00e9ndez","date":"22 marzo, 2019","format":false,"excerpt":"Una de las caracter\u00edsticas que tiene el sistema laboral espa\u00f1ol es la variedad en los tipos de contrato que se pueden formalizar. Las diversas reformas laborales que se han producido en los \u00faltimos a\u00f1os han ido reduciendo el n\u00famero, pero a\u00fan as\u00ed son varias las opciones que el empresariado espa\u00f1ol\u2026","rel":"","context":"En \u00abConsejos legales\u00bb","block_context":{"text":"Consejos legales","link":"https:\/\/www.reclamador.es\/blog\/consejos\/"},"img":{"alt_text":"persona firmando contrato de trabajo","src":"https:\/\/i0.wp.com\/www.reclamador.es\/blog\/wp-content\/uploads\/2019\/03\/contratos-reclamador-min.png?fit=1200%2C800&ssl=1&resize=350%2C200","width":350,"height":200,"srcset":"https:\/\/i0.wp.com\/www.reclamador.es\/blog\/wp-content\/uploads\/2019\/03\/contratos-reclamador-min.png?fit=1200%2C800&ssl=1&resize=350%2C200 1x, https:\/\/i0.wp.com\/www.reclamador.es\/blog\/wp-content\/uploads\/2019\/03\/contratos-reclamador-min.png?fit=1200%2C800&ssl=1&resize=525%2C300 1.5x, https:\/\/i0.wp.com\/www.reclamador.es\/blog\/wp-content\/uploads\/2019\/03\/contratos-reclamador-min.png?fit=1200%2C800&ssl=1&resize=700%2C400 2x, https:\/\/i0.wp.com\/www.reclamador.es\/blog\/wp-content\/uploads\/2019\/03\/contratos-reclamador-min.png?fit=1200%2C800&ssl=1&resize=1050%2C600 3x"},"classes":[]},{"id":21041,"url":"https:\/\/www.reclamador.es\/blog\/finiquito-por-jubilacion-trabajador\/","url_meta":{"origin":15707,"position":2},"title":"Finiquito por jubilaci\u00f3n: \u00bfqu\u00e9 corresponde al trabajador?","author":"Equipo reclamador","date":"1 junio, 2023","format":false,"excerpt":"*Contenido actualizado mayo 2025 Llegado el momento de poner punto y final a la vida laboral, al trabajador le asaltan numerosas dudas sobre su futuro. Pero hay que solucionar bien el presente y ese momento pasa por, entre otras cosas, el finiquito por jubilaci\u00f3n del trabajador. Aqu\u00ed la duda es\u2026","rel":"","context":"En \u00abConsejos legales\u00bb","block_context":{"text":"Consejos legales","link":"https:\/\/www.reclamador.es\/blog\/consejos\/"},"img":{"alt_text":"Finiquito por jubilaci\u00f3n: qu\u00e9 corresponde al trabajador","src":"https:\/\/i0.wp.com\/www.reclamador.es\/blog\/wp-content\/uploads\/2019\/02\/Finiquito-por-jubilacion_que-corresponde-al-trabajador.jpg?fit=1200%2C675&ssl=1&resize=350%2C200","width":350,"height":200,"srcset":"https:\/\/i0.wp.com\/www.reclamador.es\/blog\/wp-content\/uploads\/2019\/02\/Finiquito-por-jubilacion_que-corresponde-al-trabajador.jpg?fit=1200%2C675&ssl=1&resize=350%2C200 1x, https:\/\/i0.wp.com\/www.reclamador.es\/blog\/wp-content\/uploads\/2019\/02\/Finiquito-por-jubilacion_que-corresponde-al-trabajador.jpg?fit=1200%2C675&ssl=1&resize=525%2C300 1.5x, https:\/\/i0.wp.com\/www.reclamador.es\/blog\/wp-content\/uploads\/2019\/02\/Finiquito-por-jubilacion_que-corresponde-al-trabajador.jpg?fit=1200%2C675&ssl=1&resize=700%2C400 2x, https:\/\/i0.wp.com\/www.reclamador.es\/blog\/wp-content\/uploads\/2019\/02\/Finiquito-por-jubilacion_que-corresponde-al-trabajador.jpg?fit=1200%2C675&ssl=1&resize=1050%2C600 3x"},"classes":[]},{"id":21249,"url":"https:\/\/www.reclamador.es\/blog\/cambio-titularidad-empresa-trabajadores\/","url_meta":{"origin":15707,"position":3},"title":"Cambio de due\u00f1os en una empresa: \u00bfqu\u00e9 ocurre con los trabajadores?","author":"Equipo reclamador","date":"5 marzo, 2019","format":false,"excerpt":"Sucesi\u00f3n empresarial. Este es el t\u00e9rmino t\u00e9cnico que recibe el cambio de due\u00f1os de una compa\u00f1\u00eda. Tambi\u00e9n es conocido como subrogaci\u00f3n empresarial. Se trata de una situaci\u00f3n muy habitual en nuestro pa\u00eds, pero que no por ello deja de generar inseguridad entre los trabajadores de aquellas empresas que cambian de\u2026","rel":"","context":"En \u00abConsejos legales\u00bb","block_context":{"text":"Consejos legales","link":"https:\/\/www.reclamador.es\/blog\/consejos\/"},"img":{"alt_text":"abogado laboralista reclamador cambio de titularidad de empresa","src":"https:\/\/i0.wp.com\/www.reclamador.es\/blog\/wp-content\/uploads\/2019\/03\/trabajadores-cambio-duenos-empresa.jpg?fit=1200%2C799&ssl=1&resize=350%2C200","width":350,"height":200,"srcset":"https:\/\/i0.wp.com\/www.reclamador.es\/blog\/wp-content\/uploads\/2019\/03\/trabajadores-cambio-duenos-empresa.jpg?fit=1200%2C799&ssl=1&resize=350%2C200 1x, https:\/\/i0.wp.com\/www.reclamador.es\/blog\/wp-content\/uploads\/2019\/03\/trabajadores-cambio-duenos-empresa.jpg?fit=1200%2C799&ssl=1&resize=525%2C300 1.5x, https:\/\/i0.wp.com\/www.reclamador.es\/blog\/wp-content\/uploads\/2019\/03\/trabajadores-cambio-duenos-empresa.jpg?fit=1200%2C799&ssl=1&resize=700%2C400 2x, https:\/\/i0.wp.com\/www.reclamador.es\/blog\/wp-content\/uploads\/2019\/03\/trabajadores-cambio-duenos-empresa.jpg?fit=1200%2C799&ssl=1&resize=1050%2C600 3x"},"classes":[]},{"id":5139,"url":"https:\/\/www.reclamador.es\/blog\/absentismo-laboral\/","url_meta":{"origin":15707,"position":4},"title":"Absentismo laboral: \u00bfQu\u00e9 es y qu\u00e9 consecuencias tiene?","author":"Equipo reclamador","date":"11 noviembre, 2021","format":false,"excerpt":"El absentismo laboral\u00a0o ausentismo es aquella situaci\u00f3n en la que el trabajador falta en la empresa justificada o injustificadamente. Seg\u00fan los soci\u00f3logos el absentismo laboral puede ser de tres tipos: No previsible y no justificado.\u00a0El trabajador no acude a su puesto de trabajo y no ha avisado antes.\u00a0Deber\u00e1 presentar un\u2026","rel":"","context":"En \u00abConsejos legales\u00bb","block_context":{"text":"Consejos legales","link":"https:\/\/www.reclamador.es\/blog\/consejos\/"},"img":{"alt_text":"Absentismo laboral: consecuencias para el trabajador que falta en la empresa, justificada o injustificadamente.","src":"https:\/\/i0.wp.com\/www.reclamador.es\/blog\/wp-content\/uploads\/2018\/10\/oficina-vacia-2.jpg?fit=1200%2C870&ssl=1&resize=350%2C200","width":350,"height":200,"srcset":"https:\/\/i0.wp.com\/www.reclamador.es\/blog\/wp-content\/uploads\/2018\/10\/oficina-vacia-2.jpg?fit=1200%2C870&ssl=1&resize=350%2C200 1x, https:\/\/i0.wp.com\/www.reclamador.es\/blog\/wp-content\/uploads\/2018\/10\/oficina-vacia-2.jpg?fit=1200%2C870&ssl=1&resize=525%2C300 1.5x, https:\/\/i0.wp.com\/www.reclamador.es\/blog\/wp-content\/uploads\/2018\/10\/oficina-vacia-2.jpg?fit=1200%2C870&ssl=1&resize=700%2C400 2x, https:\/\/i0.wp.com\/www.reclamador.es\/blog\/wp-content\/uploads\/2018\/10\/oficina-vacia-2.jpg?fit=1200%2C870&ssl=1&resize=1050%2C600 3x"},"classes":[]},{"id":30908,"url":"https:\/\/www.reclamador.es\/blog\/cuantos-dias-me-corresponden-por-mudanza-en-el-trabajo\/","url_meta":{"origin":15707,"position":5},"title":"Permiso por mudanza: \u00bfcu\u00e1ntos d\u00edas corresponden?","author":"Equipo reclamador","date":"5 enero, 2025","format":false,"excerpt":"Como trabajadores hay muchos derechos que tenemos pero que desconocemos, en ocasiones, ya el simple hecho de una visita m\u00e9dica o un familiar ingresado en el hospital genera dudas\u2026 Pues que sepas que tienes derecho a un permiso retribuido en caso de mudanza.\u00a0 Sigue leyendo y te lo contamos m\u00e1s\u2026","rel":"","context":"En \u00abNoticias y actualidad\u00bb","block_context":{"text":"Noticias y actualidad","link":"https:\/\/www.reclamador.es\/blog\/noticias\/"},"img":{"alt_text":"Cuantos d\u00edas me corresponden por mudanza en el trabajo","src":"https:\/\/i0.wp.com\/www.reclamador.es\/blog\/wp-content\/uploads\/2023\/04\/Cuantos-dias-me-corresponden-por-mudanza-en-el-trabajo.jpg?fit=1200%2C675&ssl=1&resize=350%2C200","width":350,"height":200,"srcset":"https:\/\/i0.wp.com\/www.reclamador.es\/blog\/wp-content\/uploads\/2023\/04\/Cuantos-dias-me-corresponden-por-mudanza-en-el-trabajo.jpg?fit=1200%2C675&ssl=1&resize=350%2C200 1x, https:\/\/i0.wp.com\/www.reclamador.es\/blog\/wp-content\/uploads\/2023\/04\/Cuantos-dias-me-corresponden-por-mudanza-en-el-trabajo.jpg?fit=1200%2C675&ssl=1&resize=525%2C300 1.5x, https:\/\/i0.wp.com\/www.reclamador.es\/blog\/wp-content\/uploads\/2023\/04\/Cuantos-dias-me-corresponden-por-mudanza-en-el-trabajo.jpg?fit=1200%2C675&ssl=1&resize=700%2C400 2x, https:\/\/i0.wp.com\/www.reclamador.es\/blog\/wp-content\/uploads\/2023\/04\/Cuantos-dias-me-corresponden-por-mudanza-en-el-trabajo.jpg?fit=1200%2C675&ssl=1&resize=1050%2C600 3x"},"classes":[]}],"jetpack_sharing_enabled":true,"_links":{"self":[{"href":"https:\/\/www.reclamador.es\/blog\/wp-json\/wp\/v2\/posts\/15707","targetHints":{"allow":["GET"]}}],"collection":[{"href":"https:\/\/www.reclamador.es\/blog\/wp-json\/wp\/v2\/posts"}],"about":[{"href":"https:\/\/www.reclamador.es\/blog\/wp-json\/wp\/v2\/types\/post"}],"author":[{"embeddable":true,"href":"https:\/\/www.reclamador.es\/blog\/wp-json\/wp\/v2\/users\/1"}],"replies":[{"embeddable":true,"href":"https:\/\/www.reclamador.es\/blog\/wp-json\/wp\/v2\/comments?post=15707"}],"version-history":[{"count":7,"href":"https:\/\/www.reclamador.es\/blog\/wp-json\/wp\/v2\/posts\/15707\/revisions"}],"predecessor-version":[{"id":32355,"href":"https:\/\/www.reclamador.es\/blog\/wp-json\/wp\/v2\/posts\/15707\/revisions\/32355"}],"wp:featuredmedia":[{"embeddable":true,"href":"https:\/\/www.reclamador.es\/blog\/wp-json\/wp\/v2\/media\/30234"}],"wp:attachment":[{"href":"https:\/\/www.reclamador.es\/blog\/wp-json\/wp\/v2\/media?parent=15707"}],"wp:term":[{"taxonomy":"category","embeddable":true,"href":"https:\/\/www.reclamador.es\/blog\/wp-json\/wp\/v2\/categories?post=15707"},{"taxonomy":"post_tag","embeddable":true,"href":"https:\/\/www.reclamador.es\/blog\/wp-json\/wp\/v2\/tags?post=15707"}],"curies":[{"name":"wp","href":"https:\/\/api.w.org\/{rel}","templated":true}]}}