{"id":15352,"date":"2017-09-12T13:15:31","date_gmt":"2017-09-12T11:15:31","guid":{"rendered":"https:\/\/www.reclamador.es\/blog\/?p=15352"},"modified":"2020-02-17T10:32:19","modified_gmt":"2020-02-17T09:32:19","slug":"premios-rtve-emprende","status":"publish","type":"post","link":"https:\/\/www.reclamador.es\/blog\/premios-rtve-emprende\/","title":{"rendered":"Premios RTVE Emprende, Talento de El Pa\u00eds y South Summit reconocen la labor de reclamador.es"},"content":{"rendered":"<div class=\"ttr_start\"><\/div>\n\n<div class=\"kk-star-ratings kksr-auto kksr-align-right kksr-valign-top\"\n    data-payload='{&quot;align&quot;:&quot;right&quot;,&quot;id&quot;:&quot;15352&quot;,&quot;slug&quot;:&quot;default&quot;,&quot;valign&quot;:&quot;top&quot;,&quot;ignore&quot;:&quot;&quot;,&quot;reference&quot;:&quot;auto&quot;,&quot;class&quot;:&quot;&quot;,&quot;count&quot;:&quot;1&quot;,&quot;legendonly&quot;:&quot;&quot;,&quot;readonly&quot;:&quot;&quot;,&quot;score&quot;:&quot;5&quot;,&quot;starsonly&quot;:&quot;&quot;,&quot;best&quot;:&quot;5&quot;,&quot;gap&quot;:&quot;3&quot;,&quot;greet&quot;:&quot;Valora este art\u00edculo&quot;,&quot;legend&quot;:&quot;5\\\/5 - (1 voto)&quot;,&quot;size&quot;:&quot;20&quot;,&quot;title&quot;:&quot;Premios RTVE Emprende, Talento de El Pa\u00eds y South Summit reconocen la labor de reclamador.es&quot;,&quot;width&quot;:&quot;113.5&quot;,&quot;_legend&quot;:&quot;{score}\\\/{best} - ({count} {votes})&quot;,&quot;font_factor&quot;:&quot;1.25&quot;}'>\n            \n<div class=\"kksr-stars\">\n    \n<div class=\"kksr-stars-inactive\">\n            <div class=\"kksr-star\" data-star=\"1\" style=\"padding-right: 3px\">\n            \n\n<div class=\"kksr-icon\" style=\"width: 20px; height: 20px;\"><\/div>\n        <\/div>\n            <div class=\"kksr-star\" data-star=\"2\" style=\"padding-right: 3px\">\n            \n\n<div class=\"kksr-icon\" style=\"width: 20px; height: 20px;\"><\/div>\n        <\/div>\n            <div class=\"kksr-star\" data-star=\"3\" style=\"padding-right: 3px\">\n            \n\n<div class=\"kksr-icon\" style=\"width: 20px; height: 20px;\"><\/div>\n        <\/div>\n            <div class=\"kksr-star\" data-star=\"4\" style=\"padding-right: 3px\">\n            \n\n<div class=\"kksr-icon\" style=\"width: 20px; height: 20px;\"><\/div>\n        <\/div>\n            <div class=\"kksr-star\" data-star=\"5\" style=\"padding-right: 3px\">\n            \n\n<div class=\"kksr-icon\" style=\"width: 20px; height: 20px;\"><\/div>\n        <\/div>\n    <\/div>\n    \n<div class=\"kksr-stars-active\" style=\"width: 113.5px;\">\n            <div class=\"kksr-star\" style=\"padding-right: 3px\">\n            \n\n<div class=\"kksr-icon\" style=\"width: 20px; height: 20px;\"><\/div>\n        <\/div>\n            <div class=\"kksr-star\" style=\"padding-right: 3px\">\n            \n\n<div class=\"kksr-icon\" style=\"width: 20px; height: 20px;\"><\/div>\n        <\/div>\n            <div class=\"kksr-star\" style=\"padding-right: 3px\">\n            \n\n<div class=\"kksr-icon\" style=\"width: 20px; height: 20px;\"><\/div>\n        <\/div>\n            <div class=\"kksr-star\" style=\"padding-right: 3px\">\n            \n\n<div class=\"kksr-icon\" style=\"width: 20px; height: 20px;\"><\/div>\n        <\/div>\n            <div class=\"kksr-star\" style=\"padding-right: 3px\">\n            \n\n<div class=\"kksr-icon\" style=\"width: 20px; height: 20px;\"><\/div>\n        <\/div>\n    <\/div>\n<\/div>\n                \n\n<div class=\"kksr-legend\" style=\"font-size: 16px;\">\n            5\/5 - (1 voto)    <\/div>\n    <\/div>\n<p><strong>\u201cAyudar a la gente a defender sus derechos proporcionando una v\u00eda de reclamaci\u00f3n simple y eficaz.\u201d<\/strong> Este es nuestro objetivo, y para ello, ponemos a tu disposici\u00f3n las ventajas de las nuevas tecnolog\u00edas para que hacer una reclamaci\u00f3n y defender tus derechos no sea una misi\u00f3n imposible.<\/p>\n<p>Por ello, estamos en tres eventos que reconocen esta labor: Los <strong>Premios del programa de RTVE Emprende<\/strong>, los de Talento Digital del diario El Pa\u00eds y el evento internacional de emprendedores South Summit.<\/p>\n<h2><b>Premios del programa RTVE emprende<\/b><\/h2>\n<figure id=\"attachment_15587\" aria-describedby=\"caption-attachment-15587\" style=\"width: 1000px\" class=\"wp-caption aligncenter\"><img data-recalc-dims=\"1\" loading=\"lazy\" decoding=\"async\" class=\"wp-image-15587 size-full\" src=\"https:\/\/i0.wp.com\/www.reclamador.es\/blog\/wp-content\/uploads\/2017\/09\/logo-emprende-1000.png?resize=1000%2C667&#038;ssl=1\" alt=\"logo del programa emprende de rtve, de los que reclamador.es es finalista en sus premios\" width=\"1000\" height=\"667\" srcset=\"https:\/\/i0.wp.com\/www.reclamador.es\/blog\/wp-content\/uploads\/2017\/09\/logo-emprende-1000.png?w=1000&amp;ssl=1 1000w, https:\/\/i0.wp.com\/www.reclamador.es\/blog\/wp-content\/uploads\/2017\/09\/logo-emprende-1000.png?resize=150%2C100&amp;ssl=1 150w, https:\/\/i0.wp.com\/www.reclamador.es\/blog\/wp-content\/uploads\/2017\/09\/logo-emprende-1000.png?resize=300%2C200&amp;ssl=1 300w, https:\/\/i0.wp.com\/www.reclamador.es\/blog\/wp-content\/uploads\/2017\/09\/logo-emprende-1000.png?resize=768%2C512&amp;ssl=1 768w\" sizes=\"auto, (max-width: 1000px) 100vw, 1000px\" \/><figcaption id=\"caption-attachment-15587\" class=\"wp-caption-text\"><em>reclamador.es es finalista de los premios de RTVE emprende 2017<\/em><\/figcaption><\/figure>\n<p><span style=\"font-weight: 400;\">Estos premios reconocen <strong>\u201cque el desarrollo de una idea funcione y sea capaz de generar riqueza y empleo\u201d<\/strong>. Adem\u00e1s, quieren dar a conocer a las empresas \u201cque han destacado por su excelencia\u201d. <\/span><\/p>\n<p><span style=\"font-weight: 400;\">Somos los finalistas de la categor\u00eda \u201cEmpresa Emergente\u201d, <strong>poniendo en valor el crecimiento de nuestra facturaci\u00f3n y equipo en los \u00faltimos a\u00f1os.<\/strong> En concreto, venimos duplicando la facturaci\u00f3n cada a\u00f1o. Adem\u00e1s, somos m\u00e1s de <a href=\"https:\/\/www.reclamador.es\/quienes-somos\/\">80 reclamadores<\/a> de diferentes \u00e1mbitos y disciplinas los que intentamos hacer de este proceso engorroso algo que sea asequible y f\u00e1cil para ti.<\/span><\/p>\n<p><span style=\"font-weight: 400;\">La entrega de premios <strong>se celebrar\u00e1 el pr\u00f3ximo 6 de noviembre<\/strong> en una gala en la emblem\u00e1tica Casa de Am\u00e9rica de Madrid. Para nosotros es un orgullo este reconocimiento. Y nos anima a seguir trabajando para romper las barreras y acercarte cada vez m\u00e1s una justicia asequible.<\/span><\/p>\n<h2><b>Premios Talento Digital del Diario El Pa\u00eds<\/b><\/h2>\n<p><span style=\"font-weight: 400;\"><strong>Nos encontramos inmersos en fase de votaciones de los premios que el Diario El Pa\u00eds concede<\/strong> reconociendo el talento digital en las nuevas empresas. De hecho, su objetivo es \u201cincentivar e impulsar las ideas, la creatividad y el talento de los emprendedores en relaci\u00f3n con proyectos, conceptos o ideas digitales\u201d. <\/span><\/p>\n<p><span style=\"font-weight: 400;\">Este concurso est\u00e1 abierto a la votaci\u00f3n de los lectores de El Pa\u00eds. Por lo que, <strong>si consideras que somos merecedores del galard\u00f3n, puedes votarnos.<\/strong> Para ello s\u00f3lo tienes que <\/span><a href=\"https:\/\/elpais.com\/concursos\/2017\/talento-digital\/\"><span style=\"font-weight: 400;\">entrar en la web<\/span><\/a><span style=\"font-weight: 400;\">, registrarte como lector de El Pa\u00eds (si no lo est\u00e1s). Una vez all\u00ed, b\u00fascanos y pincha en el bot\u00f3n de votar.<\/span><\/p>\n<h2><b>South Summit<\/b><\/h2>\n<p><span style=\"font-weight: 400;\">Del cuatro al seis de Octubre se dar\u00e1n cita en Madrid <strong>100 compa\u00f1\u00edas que destacan por su labor emprendedora e innovadora<\/strong>. \u00c9stas han sido seleccionadas entre m\u00e1s 3.500 proyectos de 70 pa\u00edses diferentes. Y para nosotros es un orgullo poder estar entre estos 100 elegidos. <\/span><\/p>\n<p><span style=\"font-weight: 400;\">Este evento que se celebra todos los a\u00f1os<strong> conecta a los emprendedores que m\u00e1s innovan con inversores mundiales<\/strong>. El evento se compone de conferencias, paneles, debates con los l\u00edderes mundiales en el campo del emprendimiento y la innovaci\u00f3n.<\/span><\/p>\n<p><span style=\"font-weight: 400;\">Son buenas noticias para reclamador.es. <strong>Para nosotros es muy importante compartirlas contigo y hacerte part\u00edcipe de nuestros triunfos.<\/strong> Porque sin <a href=\"https:\/\/www.reclamador.es\/blog\/reclamadores\/\">nuestros reclamadores<\/a>, no hubieran sido posibles.<\/span><\/p>\n<div class=\"ttr_end\"><\/div>","protected":false},"excerpt":{"rendered":"<p>\u201cAyudar a la gente a defender sus derechos proporcionando una v\u00eda de reclamaci\u00f3n simple y eficaz.\u201d Este es nuestro objetivo, y para ello, ponemos a tu disposici\u00f3n las ventajas de las nuevas tecnolog\u00edas para que hacer una reclamaci\u00f3n y defender tus derechos no sea una misi\u00f3n imposible. Por ello, estamos en tres eventos que reconocen [&hellip;]<\/p>\n","protected":false},"author":1,"featured_media":15582,"comment_status":"closed","ping_status":"open","sticky":false,"template":"","format":"standard","meta":{"_acf_changed":false,"_genesis_hide_title":false,"_genesis_hide_breadcrumbs":false,"_genesis_hide_singular_image":false,"_genesis_hide_footer_widgets":false,"_genesis_custom_body_class":"","_genesis_custom_post_class":"","_genesis_layout":"","_jetpack_newsletter_access":"","_jetpack_dont_email_post_to_subs":true,"_jetpack_newsletter_tier_id":0,"_jetpack_memberships_contains_paywalled_content":false,"_jetpack_memberships_contains_paid_content":false,"footnotes":""},"categories":[392],"tags":[648],"class_list":{"0":"post-15352","1":"post","2":"type-post","3":"status-publish","4":"format-standard","5":"has-post-thumbnail","7":"category-noticias","8":"tag-branding","9":"entry"},"acf":[],"yoast_head":"<!-- This site is optimized with the Yoast SEO plugin v27.4 - https:\/\/yoast.com\/product\/yoast-seo-wordpress\/ -->\n<title>reclamador.es, finalista en los premios RTVE emprende<\/title>\n<meta name=\"description\" content=\"Los premios RTVE Emprende, los de Talento Digital de El Pa\u00eds y el South Summit reconocen el trabajo y la labor de reclamador.es\" \/>\n<meta name=\"robots\" content=\"index, follow, max-snippet:-1, max-image-preview:large, max-video-preview:-1\" \/>\n<link rel=\"canonical\" href=\"https:\/\/www.reclamador.es\/blog\/premios-rtve-emprende\/\" \/>\n<meta property=\"og:locale\" content=\"es_ES\" \/>\n<meta property=\"og:type\" content=\"article\" \/>\n<meta property=\"og:title\" content=\"reclamador.es, finalista en los premios RTVE emprende\" \/>\n<meta property=\"og:description\" content=\"Los premios RTVE Emprende, los de Talento Digital de El Pa\u00eds y el South Summit reconocen el trabajo y la labor de reclamador.es\" \/>\n<meta property=\"og:url\" content=\"https:\/\/www.reclamador.es\/blog\/premios-rtve-emprende\/\" \/>\n<meta property=\"og:site_name\" content=\"Rebeldes con causa, el blog de reclamador.es\" \/>\n<meta property=\"article:publisher\" content=\"https:\/\/www.facebook.com\/reclamador.es\" \/>\n<meta property=\"article:published_time\" content=\"2017-09-12T11:15:31+00:00\" \/>\n<meta property=\"article:modified_time\" content=\"2020-02-17T09:32:19+00:00\" \/>\n<meta property=\"og:image\" content=\"https:\/\/i0.wp.com\/www.reclamador.es\/blog\/wp-content\/uploads\/2017\/09\/logo-emprende-1200.png?fit=1200%2C800&ssl=1\" \/>\n\t<meta property=\"og:image:width\" content=\"1200\" \/>\n\t<meta property=\"og:image:height\" content=\"800\" \/>\n\t<meta property=\"og:image:type\" content=\"image\/png\" \/>\n<meta name=\"author\" content=\"Equipo reclamador\" \/>\n<meta name=\"twitter:card\" content=\"summary_large_image\" \/>\n<meta name=\"twitter:creator\" content=\"@reclamador\" \/>\n<meta name=\"twitter:site\" content=\"@reclamador\" \/>\n<meta name=\"twitter:label1\" content=\"Escrito por\" \/>\n\t<meta name=\"twitter:data1\" content=\"Equipo reclamador\" \/>\n\t<meta name=\"twitter:label2\" content=\"Tiempo de lectura\" \/>\n\t<meta name=\"twitter:data2\" content=\"2 minutos\" \/>\n<script type=\"application\/ld+json\" class=\"yoast-schema-graph\">{\"@context\":\"https:\\\/\\\/schema.org\",\"@graph\":[{\"@type\":\"Article\",\"@id\":\"https:\\\/\\\/www.reclamador.es\\\/blog\\\/premios-rtve-emprende\\\/#article\",\"isPartOf\":{\"@id\":\"https:\\\/\\\/www.reclamador.es\\\/blog\\\/premios-rtve-emprende\\\/\"},\"author\":{\"name\":\"Equipo reclamador\",\"@id\":\"https:\\\/\\\/www.reclamador.es\\\/blog\\\/#\\\/schema\\\/person\\\/1ed83eef8b6566cb5e4c812d9bc5c4bf\"},\"headline\":\"Premios RTVE Emprende, Talento de El Pa\u00eds y South Summit reconocen la labor de reclamador.es\",\"datePublished\":\"2017-09-12T11:15:31+00:00\",\"dateModified\":\"2020-02-17T09:32:19+00:00\",\"mainEntityOfPage\":{\"@id\":\"https:\\\/\\\/www.reclamador.es\\\/blog\\\/premios-rtve-emprende\\\/\"},\"wordCount\":513,\"publisher\":{\"@id\":\"https:\\\/\\\/www.reclamador.es\\\/blog\\\/#organization\"},\"image\":{\"@id\":\"https:\\\/\\\/www.reclamador.es\\\/blog\\\/premios-rtve-emprende\\\/#primaryimage\"},\"thumbnailUrl\":\"https:\\\/\\\/i0.wp.com\\\/www.reclamador.es\\\/blog\\\/wp-content\\\/uploads\\\/2017\\\/09\\\/logo-emprende-1200.png?fit=1200%2C800&ssl=1\",\"keywords\":[\"branding\"],\"articleSection\":[\"Noticias y actualidad\"],\"inLanguage\":\"es\"},{\"@type\":\"WebPage\",\"@id\":\"https:\\\/\\\/www.reclamador.es\\\/blog\\\/premios-rtve-emprende\\\/\",\"url\":\"https:\\\/\\\/www.reclamador.es\\\/blog\\\/premios-rtve-emprende\\\/\",\"name\":\"reclamador.es, finalista en los premios RTVE emprende\",\"isPartOf\":{\"@id\":\"https:\\\/\\\/www.reclamador.es\\\/blog\\\/#website\"},\"primaryImageOfPage\":{\"@id\":\"https:\\\/\\\/www.reclamador.es\\\/blog\\\/premios-rtve-emprende\\\/#primaryimage\"},\"image\":{\"@id\":\"https:\\\/\\\/www.reclamador.es\\\/blog\\\/premios-rtve-emprende\\\/#primaryimage\"},\"thumbnailUrl\":\"https:\\\/\\\/i0.wp.com\\\/www.reclamador.es\\\/blog\\\/wp-content\\\/uploads\\\/2017\\\/09\\\/logo-emprende-1200.png?fit=1200%2C800&ssl=1\",\"datePublished\":\"2017-09-12T11:15:31+00:00\",\"dateModified\":\"2020-02-17T09:32:19+00:00\",\"description\":\"Los premios RTVE Emprende, los de Talento Digital de El Pa\u00eds y el South Summit reconocen el trabajo y la labor de reclamador.es\",\"breadcrumb\":{\"@id\":\"https:\\\/\\\/www.reclamador.es\\\/blog\\\/premios-rtve-emprende\\\/#breadcrumb\"},\"inLanguage\":\"es\",\"potentialAction\":[{\"@type\":\"ReadAction\",\"target\":[\"https:\\\/\\\/www.reclamador.es\\\/blog\\\/premios-rtve-emprende\\\/\"]}]},{\"@type\":\"ImageObject\",\"inLanguage\":\"es\",\"@id\":\"https:\\\/\\\/www.reclamador.es\\\/blog\\\/premios-rtve-emprende\\\/#primaryimage\",\"url\":\"https:\\\/\\\/i0.wp.com\\\/www.reclamador.es\\\/blog\\\/wp-content\\\/uploads\\\/2017\\\/09\\\/logo-emprende-1200.png?fit=1200%2C800&ssl=1\",\"contentUrl\":\"https:\\\/\\\/i0.wp.com\\\/www.reclamador.es\\\/blog\\\/wp-content\\\/uploads\\\/2017\\\/09\\\/logo-emprende-1200.png?fit=1200%2C800&ssl=1\",\"width\":1200,\"height\":800},{\"@type\":\"BreadcrumbList\",\"@id\":\"https:\\\/\\\/www.reclamador.es\\\/blog\\\/premios-rtve-emprende\\\/#breadcrumb\",\"itemListElement\":[{\"@type\":\"ListItem\",\"position\":1,\"name\":\"Portada\",\"item\":\"https:\\\/\\\/www.reclamador.es\\\/blog\\\/\"},{\"@type\":\"ListItem\",\"position\":2,\"name\":\"Premios RTVE Emprende, Talento de El Pa\u00eds y South Summit reconocen la labor de reclamador.es\"}]},{\"@type\":\"WebSite\",\"@id\":\"https:\\\/\\\/www.reclamador.es\\\/blog\\\/#website\",\"url\":\"https:\\\/\\\/www.reclamador.es\\\/blog\\\/\",\"name\":\"Rebeldes con causa, el blog de reclamador.es\",\"description\":\"Noticias, entrevistas y consejos sobre reclamaciones\",\"publisher\":{\"@id\":\"https:\\\/\\\/www.reclamador.es\\\/blog\\\/#organization\"},\"potentialAction\":[{\"@type\":\"SearchAction\",\"target\":{\"@type\":\"EntryPoint\",\"urlTemplate\":\"https:\\\/\\\/www.reclamador.es\\\/blog\\\/?s={search_term_string}\"},\"query-input\":{\"@type\":\"PropertyValueSpecification\",\"valueRequired\":true,\"valueName\":\"search_term_string\"}}],\"inLanguage\":\"es\"},{\"@type\":\"Organization\",\"@id\":\"https:\\\/\\\/www.reclamador.es\\\/blog\\\/#organization\",\"name\":\"reclamador.es\",\"url\":\"https:\\\/\\\/www.reclamador.es\\\/blog\\\/\",\"logo\":{\"@type\":\"ImageObject\",\"inLanguage\":\"es\",\"@id\":\"https:\\\/\\\/www.reclamador.es\\\/blog\\\/#\\\/schema\\\/logo\\\/image\\\/\",\"url\":\"https:\\\/\\\/i0.wp.com\\\/www.reclamador.es\\\/blog\\\/wp-content\\\/uploads\\\/2020\\\/01\\\/logo-reclamador.png?fit=1200%2C144&ssl=1\",\"contentUrl\":\"https:\\\/\\\/i0.wp.com\\\/www.reclamador.es\\\/blog\\\/wp-content\\\/uploads\\\/2020\\\/01\\\/logo-reclamador.png?fit=1200%2C144&ssl=1\",\"width\":1200,\"height\":144,\"caption\":\"reclamador.es\"},\"image\":{\"@id\":\"https:\\\/\\\/www.reclamador.es\\\/blog\\\/#\\\/schema\\\/logo\\\/image\\\/\"},\"sameAs\":[\"https:\\\/\\\/www.facebook.com\\\/reclamador.es\",\"https:\\\/\\\/x.com\\\/reclamador\",\"https:\\\/\\\/www.instagram.com\\\/reclamador.es\\\/\",\"https:\\\/\\\/www.linkedin.com\\\/company\\\/reclamador-es\",\"https:\\\/\\\/www.youtube.com\\\/user\\\/Reclamadores\"]},{\"@type\":\"Person\",\"@id\":\"https:\\\/\\\/www.reclamador.es\\\/blog\\\/#\\\/schema\\\/person\\\/1ed83eef8b6566cb5e4c812d9bc5c4bf\",\"name\":\"Equipo reclamador\",\"image\":{\"@type\":\"ImageObject\",\"inLanguage\":\"es\",\"@id\":\"https:\\\/\\\/secure.gravatar.com\\\/avatar\\\/6442ecdc2c4472c600c113f34d340feca47107d6aa4f42f1e3e75a2a8e28a760?s=96&d=mm&r=g\",\"url\":\"https:\\\/\\\/secure.gravatar.com\\\/avatar\\\/6442ecdc2c4472c600c113f34d340feca47107d6aa4f42f1e3e75a2a8e28a760?s=96&d=mm&r=g\",\"contentUrl\":\"https:\\\/\\\/secure.gravatar.com\\\/avatar\\\/6442ecdc2c4472c600c113f34d340feca47107d6aa4f42f1e3e75a2a8e28a760?s=96&d=mm&r=g\",\"caption\":\"Equipo reclamador\"},\"description\":\"Las personas que hacen posible reclamador.es\",\"url\":\"https:\\\/\\\/www.reclamador.es\\\/blog\\\/author\\\/administrador\\\/\"}]}<\/script>\n<!-- \/ Yoast SEO plugin. -->","yoast_head_json":{"title":"reclamador.es, finalista en los premios RTVE emprende","description":"Los premios RTVE Emprende, los de Talento Digital de El Pa\u00eds y el South Summit reconocen el trabajo y la labor de reclamador.es","robots":{"index":"index","follow":"follow","max-snippet":"max-snippet:-1","max-image-preview":"max-image-preview:large","max-video-preview":"max-video-preview:-1"},"canonical":"https:\/\/www.reclamador.es\/blog\/premios-rtve-emprende\/","og_locale":"es_ES","og_type":"article","og_title":"reclamador.es, finalista en los premios RTVE emprende","og_description":"Los premios RTVE Emprende, los de Talento Digital de El Pa\u00eds y el South Summit reconocen el trabajo y la labor de reclamador.es","og_url":"https:\/\/www.reclamador.es\/blog\/premios-rtve-emprende\/","og_site_name":"Rebeldes con causa, el blog de reclamador.es","article_publisher":"https:\/\/www.facebook.com\/reclamador.es","article_published_time":"2017-09-12T11:15:31+00:00","article_modified_time":"2020-02-17T09:32:19+00:00","og_image":[{"width":1200,"height":800,"url":"https:\/\/i0.wp.com\/www.reclamador.es\/blog\/wp-content\/uploads\/2017\/09\/logo-emprende-1200.png?fit=1200%2C800&ssl=1","type":"image\/png"}],"author":"Equipo reclamador","twitter_card":"summary_large_image","twitter_creator":"@reclamador","twitter_site":"@reclamador","twitter_misc":{"Escrito por":"Equipo reclamador","Tiempo de lectura":"2 minutos"},"schema":{"@context":"https:\/\/schema.org","@graph":[{"@type":"Article","@id":"https:\/\/www.reclamador.es\/blog\/premios-rtve-emprende\/#article","isPartOf":{"@id":"https:\/\/www.reclamador.es\/blog\/premios-rtve-emprende\/"},"author":{"name":"Equipo reclamador","@id":"https:\/\/www.reclamador.es\/blog\/#\/schema\/person\/1ed83eef8b6566cb5e4c812d9bc5c4bf"},"headline":"Premios RTVE Emprende, Talento de El Pa\u00eds y South Summit reconocen la labor de reclamador.es","datePublished":"2017-09-12T11:15:31+00:00","dateModified":"2020-02-17T09:32:19+00:00","mainEntityOfPage":{"@id":"https:\/\/www.reclamador.es\/blog\/premios-rtve-emprende\/"},"wordCount":513,"publisher":{"@id":"https:\/\/www.reclamador.es\/blog\/#organization"},"image":{"@id":"https:\/\/www.reclamador.es\/blog\/premios-rtve-emprende\/#primaryimage"},"thumbnailUrl":"https:\/\/i0.wp.com\/www.reclamador.es\/blog\/wp-content\/uploads\/2017\/09\/logo-emprende-1200.png?fit=1200%2C800&ssl=1","keywords":["branding"],"articleSection":["Noticias y actualidad"],"inLanguage":"es"},{"@type":"WebPage","@id":"https:\/\/www.reclamador.es\/blog\/premios-rtve-emprende\/","url":"https:\/\/www.reclamador.es\/blog\/premios-rtve-emprende\/","name":"reclamador.es, finalista en los premios RTVE emprende","isPartOf":{"@id":"https:\/\/www.reclamador.es\/blog\/#website"},"primaryImageOfPage":{"@id":"https:\/\/www.reclamador.es\/blog\/premios-rtve-emprende\/#primaryimage"},"image":{"@id":"https:\/\/www.reclamador.es\/blog\/premios-rtve-emprende\/#primaryimage"},"thumbnailUrl":"https:\/\/i0.wp.com\/www.reclamador.es\/blog\/wp-content\/uploads\/2017\/09\/logo-emprende-1200.png?fit=1200%2C800&ssl=1","datePublished":"2017-09-12T11:15:31+00:00","dateModified":"2020-02-17T09:32:19+00:00","description":"Los premios RTVE Emprende, los de Talento Digital de El Pa\u00eds y el South Summit reconocen el trabajo y la labor de reclamador.es","breadcrumb":{"@id":"https:\/\/www.reclamador.es\/blog\/premios-rtve-emprende\/#breadcrumb"},"inLanguage":"es","potentialAction":[{"@type":"ReadAction","target":["https:\/\/www.reclamador.es\/blog\/premios-rtve-emprende\/"]}]},{"@type":"ImageObject","inLanguage":"es","@id":"https:\/\/www.reclamador.es\/blog\/premios-rtve-emprende\/#primaryimage","url":"https:\/\/i0.wp.com\/www.reclamador.es\/blog\/wp-content\/uploads\/2017\/09\/logo-emprende-1200.png?fit=1200%2C800&ssl=1","contentUrl":"https:\/\/i0.wp.com\/www.reclamador.es\/blog\/wp-content\/uploads\/2017\/09\/logo-emprende-1200.png?fit=1200%2C800&ssl=1","width":1200,"height":800},{"@type":"BreadcrumbList","@id":"https:\/\/www.reclamador.es\/blog\/premios-rtve-emprende\/#breadcrumb","itemListElement":[{"@type":"ListItem","position":1,"name":"Portada","item":"https:\/\/www.reclamador.es\/blog\/"},{"@type":"ListItem","position":2,"name":"Premios RTVE Emprende, Talento de El Pa\u00eds y South Summit reconocen la labor de reclamador.es"}]},{"@type":"WebSite","@id":"https:\/\/www.reclamador.es\/blog\/#website","url":"https:\/\/www.reclamador.es\/blog\/","name":"Rebeldes con causa, el blog de reclamador.es","description":"Noticias, entrevistas y consejos sobre reclamaciones","publisher":{"@id":"https:\/\/www.reclamador.es\/blog\/#organization"},"potentialAction":[{"@type":"SearchAction","target":{"@type":"EntryPoint","urlTemplate":"https:\/\/www.reclamador.es\/blog\/?s={search_term_string}"},"query-input":{"@type":"PropertyValueSpecification","valueRequired":true,"valueName":"search_term_string"}}],"inLanguage":"es"},{"@type":"Organization","@id":"https:\/\/www.reclamador.es\/blog\/#organization","name":"reclamador.es","url":"https:\/\/www.reclamador.es\/blog\/","logo":{"@type":"ImageObject","inLanguage":"es","@id":"https:\/\/www.reclamador.es\/blog\/#\/schema\/logo\/image\/","url":"https:\/\/i0.wp.com\/www.reclamador.es\/blog\/wp-content\/uploads\/2020\/01\/logo-reclamador.png?fit=1200%2C144&ssl=1","contentUrl":"https:\/\/i0.wp.com\/www.reclamador.es\/blog\/wp-content\/uploads\/2020\/01\/logo-reclamador.png?fit=1200%2C144&ssl=1","width":1200,"height":144,"caption":"reclamador.es"},"image":{"@id":"https:\/\/www.reclamador.es\/blog\/#\/schema\/logo\/image\/"},"sameAs":["https:\/\/www.facebook.com\/reclamador.es","https:\/\/x.com\/reclamador","https:\/\/www.instagram.com\/reclamador.es\/","https:\/\/www.linkedin.com\/company\/reclamador-es","https:\/\/www.youtube.com\/user\/Reclamadores"]},{"@type":"Person","@id":"https:\/\/www.reclamador.es\/blog\/#\/schema\/person\/1ed83eef8b6566cb5e4c812d9bc5c4bf","name":"Equipo reclamador","image":{"@type":"ImageObject","inLanguage":"es","@id":"https:\/\/secure.gravatar.com\/avatar\/6442ecdc2c4472c600c113f34d340feca47107d6aa4f42f1e3e75a2a8e28a760?s=96&d=mm&r=g","url":"https:\/\/secure.gravatar.com\/avatar\/6442ecdc2c4472c600c113f34d340feca47107d6aa4f42f1e3e75a2a8e28a760?s=96&d=mm&r=g","contentUrl":"https:\/\/secure.gravatar.com\/avatar\/6442ecdc2c4472c600c113f34d340feca47107d6aa4f42f1e3e75a2a8e28a760?s=96&d=mm&r=g","caption":"Equipo reclamador"},"description":"Las personas que hacen posible reclamador.es","url":"https:\/\/www.reclamador.es\/blog\/author\/administrador\/"}]}},"jetpack_featured_media_url":"https:\/\/i0.wp.com\/www.reclamador.es\/blog\/wp-content\/uploads\/2017\/09\/logo-emprende-1200.png?fit=1200%2C800&ssl=1","jetpack-related-posts":[{"id":15995,"url":"https:\/\/www.reclamador.es\/blog\/premios-rtve-emprende-2\/","url_meta":{"origin":15352,"position":0},"title":"Los III premios RTVE Emprende reconocen a reclamador.es como empresa emergente","author":"Equipo reclamador","date":"7 noviembre, 2017","format":false,"excerpt":"Ayer, 6 de noviembre, tuvo lugar en la madrile\u00f1a Casa de Am\u00e9rica la entrega de los premios RTVE Emprende 2017. La gala fue presentada por la periodista Ana Bel\u00e9n Roy. Estos premios se crearon en el a\u00f1o 2015 y alcanzan su tercera edici\u00f3n. Son organizados por el programa del mismo\u2026","rel":"","context":"En \u00abNoticias y actualidad\u00bb","block_context":{"text":"Noticias y actualidad","link":"https:\/\/www.reclamador.es\/blog\/noticias\/"},"img":{"alt_text":"","src":"https:\/\/i0.wp.com\/www.reclamador.es\/blog\/wp-content\/uploads\/2017\/11\/premios-emprende-reclamador.png?fit=1200%2C800&ssl=1&resize=350%2C200","width":350,"height":200,"srcset":"https:\/\/i0.wp.com\/www.reclamador.es\/blog\/wp-content\/uploads\/2017\/11\/premios-emprende-reclamador.png?fit=1200%2C800&ssl=1&resize=350%2C200 1x, https:\/\/i0.wp.com\/www.reclamador.es\/blog\/wp-content\/uploads\/2017\/11\/premios-emprende-reclamador.png?fit=1200%2C800&ssl=1&resize=525%2C300 1.5x, https:\/\/i0.wp.com\/www.reclamador.es\/blog\/wp-content\/uploads\/2017\/11\/premios-emprende-reclamador.png?fit=1200%2C800&ssl=1&resize=700%2C400 2x, https:\/\/i0.wp.com\/www.reclamador.es\/blog\/wp-content\/uploads\/2017\/11\/premios-emprende-reclamador.png?fit=1200%2C800&ssl=1&resize=1050%2C600 3x"},"classes":[]},{"id":15794,"url":"https:\/\/www.reclamador.es\/blog\/premio-b2c-southsummit\/","url_meta":{"origin":15352,"position":1},"title":"reclamador.es premio South Summit 2017 mejor servicio orientado al consumidor","author":"Crist\u00f3bal Fern\u00e1ndez","date":"9 octubre, 2017","format":false,"excerpt":"La semana pasada miles de emprendedores se dieron cita en Madrid en South Summit 2017, la cita de emprendimiento e innovaci\u00f3n m\u00e1s importante de Espa\u00f1a y el Sur de Europa. Y all\u00ed estaba reclamador.es.\u00a0 Hemos sido noticia, primero porque fuimos seleccionadas como una de las 100 compa\u00f1\u00edas finalistas. Estas destacan\u2026","rel":"","context":"En \u00abNoticias y actualidad\u00bb","block_context":{"text":"Noticias y actualidad","link":"https:\/\/www.reclamador.es\/blog\/noticias\/"},"img":{"alt_text":"pablo-rabanal-south-summit-reclamador","src":"https:\/\/i0.wp.com\/www.reclamador.es\/blog\/wp-content\/uploads\/2017\/10\/pablo-rabanal-south-summit-reclamador-edit.png?fit=1199%2C618&ssl=1&resize=350%2C200","width":350,"height":200,"srcset":"https:\/\/i0.wp.com\/www.reclamador.es\/blog\/wp-content\/uploads\/2017\/10\/pablo-rabanal-south-summit-reclamador-edit.png?fit=1199%2C618&ssl=1&resize=350%2C200 1x, https:\/\/i0.wp.com\/www.reclamador.es\/blog\/wp-content\/uploads\/2017\/10\/pablo-rabanal-south-summit-reclamador-edit.png?fit=1199%2C618&ssl=1&resize=525%2C300 1.5x, https:\/\/i0.wp.com\/www.reclamador.es\/blog\/wp-content\/uploads\/2017\/10\/pablo-rabanal-south-summit-reclamador-edit.png?fit=1199%2C618&ssl=1&resize=700%2C400 2x, https:\/\/i0.wp.com\/www.reclamador.es\/blog\/wp-content\/uploads\/2017\/10\/pablo-rabanal-south-summit-reclamador-edit.png?fit=1199%2C618&ssl=1&resize=1050%2C600 3x"},"classes":[]},{"id":15880,"url":"https:\/\/www.reclamador.es\/blog\/20-millones-indemnizaciones\/","url_meta":{"origin":15352,"position":2},"title":"M\u00e1s de 20 millones de euros recuperados para m\u00e1s de 150.000 clientes","author":"Equipo reclamador","date":"24 octubre, 2017","format":false,"excerpt":"Estamos de celebraci\u00f3n en reclamador.es. Tenemos buenas noticias que contarte y que agradecerte. Para nosotros es un orgullo poder crecer al ritmo que lo estamos haciendo. Ya que eso significa que podemos ayudar cada vez a m\u00e1s personas haciendo accesible la justicia gracias a la tecnolog\u00eda. En los \u00faltimos d\u00edas\u2026","rel":"","context":"En \u00abNoticias y actualidad\u00bb","block_context":{"text":"Noticias y actualidad","link":"https:\/\/www.reclamador.es\/blog\/noticias\/"},"img":{"alt_text":"","src":"https:\/\/i0.wp.com\/www.reclamador.es\/blog\/wp-content\/uploads\/2017\/10\/espacio-diafano-oficinas-reclamador.jpg?fit=1200%2C800&ssl=1&resize=350%2C200","width":350,"height":200,"srcset":"https:\/\/i0.wp.com\/www.reclamador.es\/blog\/wp-content\/uploads\/2017\/10\/espacio-diafano-oficinas-reclamador.jpg?fit=1200%2C800&ssl=1&resize=350%2C200 1x, https:\/\/i0.wp.com\/www.reclamador.es\/blog\/wp-content\/uploads\/2017\/10\/espacio-diafano-oficinas-reclamador.jpg?fit=1200%2C800&ssl=1&resize=525%2C300 1.5x, https:\/\/i0.wp.com\/www.reclamador.es\/blog\/wp-content\/uploads\/2017\/10\/espacio-diafano-oficinas-reclamador.jpg?fit=1200%2C800&ssl=1&resize=700%2C400 2x, https:\/\/i0.wp.com\/www.reclamador.es\/blog\/wp-content\/uploads\/2017\/10\/espacio-diafano-oficinas-reclamador.jpg?fit=1200%2C800&ssl=1&resize=1050%2C600 3x"},"classes":[]},{"id":22921,"url":"https:\/\/www.reclamador.es\/blog\/reclamador-es-vuelve-a-south-summit\/","url_meta":{"origin":15352,"position":3},"title":"reclamador.es vuelve a South Summit, uno de los espacios de referencia para el emprendimiento en Madrid","author":"Cristina Naveda","date":"7 octubre, 2019","format":false,"excerpt":"Inteligencia artificial. Estas han sido las dos palabras m\u00e1s repetidas en la sexta edi\u00adci\u00f3n de South Summit, que cerr\u00f3 sus puertas La Nave, el pasado viernes en Madrid. Como hervidero de ideas y personas, se trata de la cita anual por excelencia que convierte a la capital durante cuatro d\u00edas\u2026","rel":"","context":"En \u00abConoce todo lo que sucede en reclamador.es\u00bb","block_context":{"text":"Conoce todo lo que sucede en reclamador.es","link":"https:\/\/www.reclamador.es\/blog\/reclamadores\/"},"img":{"alt_text":"reclamador South Summit2019","src":"https:\/\/i0.wp.com\/www.reclamador.es\/blog\/wp-content\/uploads\/2019\/10\/pablo-rabanal-SouthSummit2019_destacada.jpg?fit=800%2C419&ssl=1&resize=350%2C200","width":350,"height":200,"srcset":"https:\/\/i0.wp.com\/www.reclamador.es\/blog\/wp-content\/uploads\/2019\/10\/pablo-rabanal-SouthSummit2019_destacada.jpg?fit=800%2C419&ssl=1&resize=350%2C200 1x, https:\/\/i0.wp.com\/www.reclamador.es\/blog\/wp-content\/uploads\/2019\/10\/pablo-rabanal-SouthSummit2019_destacada.jpg?fit=800%2C419&ssl=1&resize=525%2C300 1.5x, https:\/\/i0.wp.com\/www.reclamador.es\/blog\/wp-content\/uploads\/2019\/10\/pablo-rabanal-SouthSummit2019_destacada.jpg?fit=800%2C419&ssl=1&resize=700%2C400 2x"},"classes":[]},{"id":16876,"url":"https:\/\/www.reclamador.es\/blog\/resultados-reclamador-2017\/","url_meta":{"origin":15352,"position":4},"title":"\u00a1Seguimos creciendo! reclamador.es cerr\u00f3 2017 aumentando un 57% su facturaci\u00f3n","author":"Equipo reclamador","date":"26 enero, 2018","format":false,"excerpt":"Queremos compartir con todos vosotros una buena noticia sobre el crecimiento de reclamador.es. Enero es el mes de hacer n\u00fameros y ver c\u00f3mo fue el a\u00f1o anterior. Y lo hemos hecho. Los datos avalan la confianza que tenemos por parte de nuestro clientes. 2017 se cerr\u00f3 con un total de\u2026","rel":"","context":"En \u00abNoticias y actualidad\u00bb","block_context":{"text":"Noticias y actualidad","link":"https:\/\/www.reclamador.es\/blog\/noticias\/"},"img":{"alt_text":"reclamador.es-resultados-2017","src":"https:\/\/i0.wp.com\/www.reclamador.es\/blog\/wp-content\/uploads\/2018\/01\/nueva-oficina-reclamador.jpg?fit=1200%2C800&ssl=1&resize=350%2C200","width":350,"height":200,"srcset":"https:\/\/i0.wp.com\/www.reclamador.es\/blog\/wp-content\/uploads\/2018\/01\/nueva-oficina-reclamador.jpg?fit=1200%2C800&ssl=1&resize=350%2C200 1x, https:\/\/i0.wp.com\/www.reclamador.es\/blog\/wp-content\/uploads\/2018\/01\/nueva-oficina-reclamador.jpg?fit=1200%2C800&ssl=1&resize=525%2C300 1.5x, https:\/\/i0.wp.com\/www.reclamador.es\/blog\/wp-content\/uploads\/2018\/01\/nueva-oficina-reclamador.jpg?fit=1200%2C800&ssl=1&resize=700%2C400 2x, https:\/\/i0.wp.com\/www.reclamador.es\/blog\/wp-content\/uploads\/2018\/01\/nueva-oficina-reclamador.jpg?fit=1200%2C800&ssl=1&resize=1050%2C600 3x"},"classes":[]},{"id":8250,"url":"https:\/\/www.reclamador.es\/blog\/reclamador-talento-campus-madrid\/","url_meta":{"origin":15352,"position":5},"title":"Reclutamos talento en II Startup\u00a0Job\u00a0Fair\u00a0de Campus Google Madrid","author":"Equipo reclamador","date":"22 mayo, 2017","format":false,"excerpt":"El pasado s\u00e1bado participamos en la II Feria de Empleo de Startups que organiza Campus Madrid, el campus de emprendimiento de Google. En este evento, las startups espa\u00f1olas y j\u00f3venes empresas como nosotros\u00a0buscamos talento para incorporar a nuestras compa\u00f1\u00edas. Est\u00e1bamos seguros de que la Startup\u00a0Job\u00a0Fair iba a ser un\u00a0\u00e9xito: \u00a1y\u2026","rel":"","context":"En \u00abNoticias y actualidad\u00bb","block_context":{"text":"Noticias y actualidad","link":"https:\/\/www.reclamador.es\/blog\/noticias\/"},"img":{"alt_text":"Stand de reclamador.es en la II Feria de Empleo de Startups que organiza Campus Madrid","src":"https:\/\/i0.wp.com\/www.reclamador.es\/blog\/wp-content\/uploads\/2017\/05\/Job-Fair-Google-Campus-3-2.jpg?fit=1200%2C800&ssl=1&resize=350%2C200","width":350,"height":200,"srcset":"https:\/\/i0.wp.com\/www.reclamador.es\/blog\/wp-content\/uploads\/2017\/05\/Job-Fair-Google-Campus-3-2.jpg?fit=1200%2C800&ssl=1&resize=350%2C200 1x, https:\/\/i0.wp.com\/www.reclamador.es\/blog\/wp-content\/uploads\/2017\/05\/Job-Fair-Google-Campus-3-2.jpg?fit=1200%2C800&ssl=1&resize=525%2C300 1.5x, https:\/\/i0.wp.com\/www.reclamador.es\/blog\/wp-content\/uploads\/2017\/05\/Job-Fair-Google-Campus-3-2.jpg?fit=1200%2C800&ssl=1&resize=700%2C400 2x, https:\/\/i0.wp.com\/www.reclamador.es\/blog\/wp-content\/uploads\/2017\/05\/Job-Fair-Google-Campus-3-2.jpg?fit=1200%2C800&ssl=1&resize=1050%2C600 3x"},"classes":[]}],"jetpack_sharing_enabled":true,"_links":{"self":[{"href":"https:\/\/www.reclamador.es\/blog\/wp-json\/wp\/v2\/posts\/15352","targetHints":{"allow":["GET"]}}],"collection":[{"href":"https:\/\/www.reclamador.es\/blog\/wp-json\/wp\/v2\/posts"}],"about":[{"href":"https:\/\/www.reclamador.es\/blog\/wp-json\/wp\/v2\/types\/post"}],"author":[{"embeddable":true,"href":"https:\/\/www.reclamador.es\/blog\/wp-json\/wp\/v2\/users\/1"}],"replies":[{"embeddable":true,"href":"https:\/\/www.reclamador.es\/blog\/wp-json\/wp\/v2\/comments?post=15352"}],"version-history":[{"count":9,"href":"https:\/\/www.reclamador.es\/blog\/wp-json\/wp\/v2\/posts\/15352\/revisions"}],"predecessor-version":[{"id":24402,"href":"https:\/\/www.reclamador.es\/blog\/wp-json\/wp\/v2\/posts\/15352\/revisions\/24402"}],"wp:featuredmedia":[{"embeddable":true,"href":"https:\/\/www.reclamador.es\/blog\/wp-json\/wp\/v2\/media\/15582"}],"wp:attachment":[{"href":"https:\/\/www.reclamador.es\/blog\/wp-json\/wp\/v2\/media?parent=15352"}],"wp:term":[{"taxonomy":"category","embeddable":true,"href":"https:\/\/www.reclamador.es\/blog\/wp-json\/wp\/v2\/categories?post=15352"},{"taxonomy":"post_tag","embeddable":true,"href":"https:\/\/www.reclamador.es\/blog\/wp-json\/wp\/v2\/tags?post=15352"}],"curies":[{"name":"wp","href":"https:\/\/api.w.org\/{rel}","templated":true}]}}