{"id":15299,"date":"2017-09-06T18:34:05","date_gmt":"2017-09-06T16:34:05","guid":{"rendered":"https:\/\/www.reclamador.es\/blog\/?p=15299"},"modified":"2022-11-24T16:10:30","modified_gmt":"2022-11-24T15:10:30","slug":"entrevista-aerolinea-retraso-vuelo-eufemia","status":"publish","type":"post","link":"https:\/\/www.reclamador.es\/blog\/entrevista-aerolinea-retraso-vuelo-eufemia\/","title":{"rendered":"\u201cPersonas como las del equipo de reclamador.es hacen mejor al mundo\u201d"},"content":{"rendered":"<div class=\"ttr_start\"><\/div>\n\n<div class=\"kk-star-ratings kksr-auto kksr-align-right kksr-valign-top\"\n    data-payload='{&quot;align&quot;:&quot;right&quot;,&quot;id&quot;:&quot;15299&quot;,&quot;slug&quot;:&quot;default&quot;,&quot;valign&quot;:&quot;top&quot;,&quot;ignore&quot;:&quot;&quot;,&quot;reference&quot;:&quot;auto&quot;,&quot;class&quot;:&quot;&quot;,&quot;count&quot;:&quot;1&quot;,&quot;legendonly&quot;:&quot;&quot;,&quot;readonly&quot;:&quot;&quot;,&quot;score&quot;:&quot;5&quot;,&quot;starsonly&quot;:&quot;&quot;,&quot;best&quot;:&quot;5&quot;,&quot;gap&quot;:&quot;3&quot;,&quot;greet&quot;:&quot;Valora este art\u00edculo&quot;,&quot;legend&quot;:&quot;5\\\/5 - (1 voto)&quot;,&quot;size&quot;:&quot;20&quot;,&quot;title&quot;:&quot;\u201cPersonas como las del equipo de reclamador.es hacen mejor al mundo\u201d&quot;,&quot;width&quot;:&quot;113.5&quot;,&quot;_legend&quot;:&quot;{score}\\\/{best} - ({count} {votes})&quot;,&quot;font_factor&quot;:&quot;1.25&quot;}'>\n            \n<div class=\"kksr-stars\">\n    \n<div class=\"kksr-stars-inactive\">\n            <div class=\"kksr-star\" data-star=\"1\" style=\"padding-right: 3px\">\n            \n\n<div class=\"kksr-icon\" style=\"width: 20px; height: 20px;\"><\/div>\n        <\/div>\n            <div class=\"kksr-star\" data-star=\"2\" style=\"padding-right: 3px\">\n            \n\n<div class=\"kksr-icon\" style=\"width: 20px; height: 20px;\"><\/div>\n        <\/div>\n            <div class=\"kksr-star\" data-star=\"3\" style=\"padding-right: 3px\">\n            \n\n<div class=\"kksr-icon\" style=\"width: 20px; height: 20px;\"><\/div>\n        <\/div>\n            <div class=\"kksr-star\" data-star=\"4\" style=\"padding-right: 3px\">\n            \n\n<div class=\"kksr-icon\" style=\"width: 20px; height: 20px;\"><\/div>\n        <\/div>\n            <div class=\"kksr-star\" data-star=\"5\" style=\"padding-right: 3px\">\n            \n\n<div class=\"kksr-icon\" style=\"width: 20px; height: 20px;\"><\/div>\n        <\/div>\n    <\/div>\n    \n<div class=\"kksr-stars-active\" style=\"width: 113.5px;\">\n            <div class=\"kksr-star\" style=\"padding-right: 3px\">\n            \n\n<div class=\"kksr-icon\" style=\"width: 20px; height: 20px;\"><\/div>\n        <\/div>\n            <div class=\"kksr-star\" style=\"padding-right: 3px\">\n            \n\n<div class=\"kksr-icon\" style=\"width: 20px; height: 20px;\"><\/div>\n        <\/div>\n            <div class=\"kksr-star\" style=\"padding-right: 3px\">\n            \n\n<div class=\"kksr-icon\" style=\"width: 20px; height: 20px;\"><\/div>\n        <\/div>\n            <div class=\"kksr-star\" style=\"padding-right: 3px\">\n            \n\n<div class=\"kksr-icon\" style=\"width: 20px; height: 20px;\"><\/div>\n        <\/div>\n            <div class=\"kksr-star\" style=\"padding-right: 3px\">\n            \n\n<div class=\"kksr-icon\" style=\"width: 20px; height: 20px;\"><\/div>\n        <\/div>\n    <\/div>\n<\/div>\n                \n\n<div class=\"kksr-legend\" style=\"font-size: 16px;\">\n            5\/5 - (1 voto)    <\/div>\n    <\/div>\n<figure id=\"attachment_15313\" aria-describedby=\"caption-attachment-15313\" style=\"width: 1200px\" class=\"wp-caption aligncenter\"><img data-recalc-dims=\"1\" loading=\"lazy\" decoding=\"async\" class=\"wp-image-15313 size-full\" src=\"https:\/\/i0.wp.com\/www.reclamador.es\/blog\/wp-content\/uploads\/2017\/09\/eufemia-clienta-reclamador.png?resize=1200%2C800&#038;ssl=1\" alt=\"eufemia, clienta que ha hecho una reclamaci\u00f3n de vuelo con reclamador.es, compa\u00f1\u00eda online de reclamaciones\" width=\"1200\" height=\"800\" srcset=\"https:\/\/i0.wp.com\/www.reclamador.es\/blog\/wp-content\/uploads\/2017\/09\/eufemia-clienta-reclamador.png?w=1200&amp;ssl=1 1200w, https:\/\/i0.wp.com\/www.reclamador.es\/blog\/wp-content\/uploads\/2017\/09\/eufemia-clienta-reclamador.png?resize=150%2C100&amp;ssl=1 150w, https:\/\/i0.wp.com\/www.reclamador.es\/blog\/wp-content\/uploads\/2017\/09\/eufemia-clienta-reclamador.png?resize=300%2C200&amp;ssl=1 300w, https:\/\/i0.wp.com\/www.reclamador.es\/blog\/wp-content\/uploads\/2017\/09\/eufemia-clienta-reclamador.png?resize=768%2C512&amp;ssl=1 768w, https:\/\/i0.wp.com\/www.reclamador.es\/blog\/wp-content\/uploads\/2017\/09\/eufemia-clienta-reclamador.png?resize=1024%2C683&amp;ssl=1 1024w\" sizes=\"auto, (max-width: 1000px) 100vw, 1000px\" \/><figcaption id=\"caption-attachment-15313\" class=\"wp-caption-text\"><em>Eufemia ha conseguido 600 euros tras reclamar a Iberia el retraso de su vuelo.<\/em><\/figcaption><\/figure>\n<p>Las reclamaciones m\u00e1s repetidas\u00a0a la vuelta de las vacaciones son los incidentes en los vuelos, donde los retrasos ocupan la primera posici\u00f3n. Por eso hoy vamos a conocer la historia de dos reclamadores que tuvieron m\u00e1s de un disgusto en sus viajes por problemas con las compa\u00f1\u00edas a\u00e9reas Iberia y Vueling, ambas pertenecientes al \u2018holding\u2019 IAG.<\/p>\n<p>Eufemia Guti\u00e9rrez, natural de Veracruz, M\u00e9xico, nos cuenta que sufri\u00f3 un retraso con Iberia de m\u00e1s de 8h cuando volaba de Madrid a Ciudad de M\u00e9xico. No recibi\u00f3 ning\u00fan tipo de compensaci\u00f3n por parte de la aerol\u00ednea hasta que se puso en manos de <a href=\"https:\/\/www.reclamador.es\"><strong>reclamador.es.<\/strong><\/a> Tras reclamar sus derechos con nosotros, ha ganado 600 euros como indemnizaci\u00f3n.<\/p>\n<h2>Hola\u00a0Eufemia. Gracias por compartirnos tu historia. \u00bfCu\u00e1l fue el origen del retraso del vuelo?<\/h2>\n<p>Pues que el avi\u00f3n donde ten\u00edamos que hacer el viaje no estaba preparado. No aterriz\u00f3 a la hora indicada, as\u00ed que al llegar al aeropuerto, algunos empleados de Iberia se acercaron a los viajeros para disculparse y decirnos lo que proced\u00eda: que <strong>nos iban a llevar al hotel porque no habr\u00eda m\u00e1s vuelos esa noche, sino hasta el d\u00eda siguiente.<\/strong><\/p>\n<h2>\u00bfOs explicaron por qu\u00e9 el avi\u00f3n no estaba preparado?<\/h2>\n<p>No, solo nos dijeron que por \u201ccausas desconocidas\u201d el avi\u00f3n hab\u00eda tardado m\u00e1s de lo debido.<\/p>\n<h2>\u200bSin ning\u00fan tipo de informaci\u00f3n, imaginamos que lo primero que se te pas\u00f3 por la mente ser\u00eda reclamar lo sucedido.<\/h2>\n<p>S\u00ed. Y encontr\u00e9 a reclamador.es.<\/p>\n<h2>Entonces, \u00bfno miraste otras opciones aparte de nosotros para reclamar?\u200b<\/h2>\n<p>No lo hice porque os vi muy comprometidos con este tema. Al principio no confiaba en ganar pero \u00a1lo he conseguido!\u00a0Ofrec\u00e9is un\u00a0excelente servicio. Todo ha salido perfecto.<\/p>\n<blockquote><p>\u00a0Confiad\u00a0en este tipo de servicios online porque cumplen con su cometido honestamente y responsablemente.<\/p><\/blockquote>\n<h2>\u00a0\u00bfQuieres a\u00f1adir algo\u00a0para animar a otros usuarios a reclamar?<\/h2>\n<p>Mi\u00a0consejo es: confiad en este tipo servicios online porque cumplen con su cometido honesta y responsablemente. Personas como ustedes, como las del equipo de reclamador.es, hacen mejor al mundo.<\/p>\n<p><strong>\u200bMuchas gracias por tu palabras Eufemia.\u00a0<\/strong><strong style=\"font-size: 16px;\">Ahora llega el turno de conocer a Antonio Hueso. Otro de nuestros entrevistados esta semana:\u00a0<\/strong><\/p>\n<div>\n<h2><strong>Hola Antonio. \u00a1Bienvenido a nuestra secci\u00f3n de entrevistas! Vueling te retras\u00f3 el vuelo de Madrid a Ibiza m\u00e1s de 5 horas \u00bfVerdad?<\/strong><\/h2>\n<\/div>\n<p>S\u00ed, \u00a0el verano pasado, en\u00a0julio. \u00c9ramos tres personas las que \u00edbamos a viajar juntas por primera vez para disfrutar de nuestras vacaciones en Formentera. Fue desconcertante observar c\u00f3mo las pantallas de informaci\u00f3n sobre salidas iban mostrando que nuestro vuelo sufr\u00eda aplazamientos: primero de media hora, poco despu\u00e9s de una hora, luego de dos horas&#8230; <strong>Llegamos a sentirnos alarmados y comenzamos a pedir informaci\u00f3n consultando la pagina web de Vueling, preguntando a otros pasajeros. En fin, hasta llegamos a dudar de que pudi\u00e9ramos volar ese d\u00eda<\/strong>. Hasta que anunciaron por la megafon\u00eda que el vuelo hab\u00eda sufrido un retraso de m\u00e1s de tres horas. Entonces nos ofrecieron unos tickets para picar algo de comer y beber en uno de los bares para aminorar la espera.<\/p>\n<h2><strong>\u00bfReclamasteis en ese momento o esperasteis a volver del viaje?<\/strong><\/h2>\n<p>Cuando regresamos al aeropuerto de Barajas presentamos la reclamaci\u00f3n por escrito en los despachos de Vueling, pero sin grandes esperanzas de que nos hicieran caso. Estando ya en casa, decidimos contactaros en vuestra\u00a0p\u00e1gina web y presentar la reclamaci\u00f3n v\u00eda telem\u00e1tica, porque nos hab\u00edan hablado de reclamador.es en el aeropuerto a la ida.\u00a0<strong>\u00a1A partir de entonces todo result\u00f3 bastante f\u00e1cil!<\/strong><\/p>\n<h2>\u00bfPensabais en ganar?<\/h2>\n<p>No esper\u00e1bamos poder ganar porque era la primera vez que nos ocurr\u00eda eso y hab\u00edamos o\u00eddo muchas quejas contra Vueling. Por eso mismo estamos muy agradecidos a reclamador.es: por la <strong>seriedad y competencia<\/strong> con que han llevado nuestro caso. Y a los clientes aconsejamos que recurran a los servicios de\u00a0esta empresa,<strong> que presenten lo antes posible sus denuncias y conserven todas las facturas de gastos ocasionados,<\/strong> siempre que se produzca un retraso de cualquiera de las compa\u00f1\u00edas a\u00e9reas que operan en Espa\u00f1a.<strong> \u00a1Buen trabajo a todo el equipo!<\/strong><\/p>\n<h2 style=\"text-align: center;\"><a class=\"button-lead\" href=\"https:\/\/www.reclamador.es\/aerolineas\/\">\u00bfQuieres hacer una reclamaci\u00f3n de vuelo?<\/a><\/h2>\n<div class=\"ttr_end\"><\/div>","protected":false},"excerpt":{"rendered":"<p>Las reclamaciones m\u00e1s repetidas\u00a0a la vuelta de las vacaciones son los incidentes en los vuelos, donde los retrasos ocupan la primera posici\u00f3n. Por eso hoy vamos a conocer la historia de dos reclamadores que tuvieron m\u00e1s de un disgusto en sus viajes por problemas con las compa\u00f1\u00edas a\u00e9reas Iberia y Vueling, ambas pertenecientes al \u2018holding\u2019 [&hellip;]<\/p>\n","protected":false},"author":3,"featured_media":15313,"comment_status":"closed","ping_status":"open","sticky":false,"template":"","format":"standard","meta":{"_acf_changed":false,"_genesis_hide_title":false,"_genesis_hide_breadcrumbs":false,"_genesis_hide_singular_image":false,"_genesis_hide_footer_widgets":false,"_genesis_custom_body_class":"","_genesis_custom_post_class":"","_genesis_layout":"","_jetpack_newsletter_access":"","_jetpack_dont_email_post_to_subs":false,"_jetpack_newsletter_tier_id":0,"_jetpack_memberships_contains_paywalled_content":false,"_jetpack_memberships_contains_paid_content":false,"footnotes":""},"categories":[396],"tags":[380,255],"class_list":{"0":"post-15299","1":"post","2":"type-post","3":"status-publish","4":"format-standard","5":"has-post-thumbnail","7":"category-reclamadores","8":"tag-aerolineas","9":"tag-indemnizacion","10":"entry"},"acf":[],"yoast_head":"<!-- This site is optimized with the Yoast SEO plugin v27.4 - https:\/\/yoast.com\/product\/yoast-seo-wordpress\/ -->\n<title>&quot;Personas como las del equipo de reclamador hacen mejor al mundo&quot;<\/title>\n<meta name=\"description\" content=\"Si no quieres perderte las entrevistas a Eufemia y Antonio, afectados que hicieron una reclamaci\u00f3n de vuelo, entra y sigue leyendo.\" \/>\n<meta name=\"robots\" content=\"index, follow, max-snippet:-1, max-image-preview:large, max-video-preview:-1\" \/>\n<link rel=\"canonical\" href=\"https:\/\/www.reclamador.es\/blog\/entrevista-aerolinea-retraso-vuelo-eufemia\/\" \/>\n<meta property=\"og:locale\" content=\"es_ES\" \/>\n<meta property=\"og:type\" content=\"article\" \/>\n<meta property=\"og:title\" content=\"&quot;Personas como las del equipo de reclamador hacen mejor al mundo&quot;\" \/>\n<meta property=\"og:description\" content=\"Si no quieres perderte las entrevistas a Eufemia y Antonio, afectados que hicieron una reclamaci\u00f3n de vuelo, entra y sigue leyendo.\" \/>\n<meta property=\"og:url\" content=\"https:\/\/www.reclamador.es\/blog\/entrevista-aerolinea-retraso-vuelo-eufemia\/\" \/>\n<meta property=\"og:site_name\" content=\"Rebeldes con causa, el blog de reclamador.es\" \/>\n<meta property=\"article:publisher\" content=\"https:\/\/www.facebook.com\/reclamador.es\" \/>\n<meta property=\"article:published_time\" content=\"2017-09-06T16:34:05+00:00\" \/>\n<meta property=\"article:modified_time\" content=\"2022-11-24T15:10:30+00:00\" \/>\n<meta property=\"og:image\" content=\"https:\/\/i0.wp.com\/www.reclamador.es\/blog\/wp-content\/uploads\/2017\/09\/eufemia-clienta-reclamador.png?fit=1200%2C800&ssl=1\" \/>\n\t<meta property=\"og:image:width\" content=\"1200\" \/>\n\t<meta property=\"og:image:height\" content=\"800\" \/>\n\t<meta property=\"og:image:type\" content=\"image\/png\" \/>\n<meta name=\"author\" content=\"Cristina Naveda\" \/>\n<meta name=\"twitter:card\" content=\"summary_large_image\" \/>\n<meta name=\"twitter:creator\" content=\"@reclamador\" \/>\n<meta name=\"twitter:site\" content=\"@reclamador\" \/>\n<meta name=\"twitter:label1\" content=\"Escrito por\" \/>\n\t<meta name=\"twitter:data1\" content=\"Cristina Naveda\" \/>\n\t<meta name=\"twitter:label2\" content=\"Tiempo de lectura\" \/>\n\t<meta name=\"twitter:data2\" content=\"4 minutos\" \/>\n<script type=\"application\/ld+json\" class=\"yoast-schema-graph\">{\"@context\":\"https:\\\/\\\/schema.org\",\"@graph\":[{\"@type\":\"Article\",\"@id\":\"https:\\\/\\\/www.reclamador.es\\\/blog\\\/entrevista-aerolinea-retraso-vuelo-eufemia\\\/#article\",\"isPartOf\":{\"@id\":\"https:\\\/\\\/www.reclamador.es\\\/blog\\\/entrevista-aerolinea-retraso-vuelo-eufemia\\\/\"},\"author\":{\"name\":\"Cristina Naveda\",\"@id\":\"https:\\\/\\\/www.reclamador.es\\\/blog\\\/#\\\/schema\\\/person\\\/c446a02b3fcf1607a8a2139c36fbe583\"},\"headline\":\"\u201cPersonas como las del equipo de reclamador.es hacen mejor al mundo\u201d\",\"datePublished\":\"2017-09-06T16:34:05+00:00\",\"dateModified\":\"2022-11-24T15:10:30+00:00\",\"mainEntityOfPage\":{\"@id\":\"https:\\\/\\\/www.reclamador.es\\\/blog\\\/entrevista-aerolinea-retraso-vuelo-eufemia\\\/\"},\"wordCount\":761,\"publisher\":{\"@id\":\"https:\\\/\\\/www.reclamador.es\\\/blog\\\/#organization\"},\"image\":{\"@id\":\"https:\\\/\\\/www.reclamador.es\\\/blog\\\/entrevista-aerolinea-retraso-vuelo-eufemia\\\/#primaryimage\"},\"thumbnailUrl\":\"https:\\\/\\\/i0.wp.com\\\/www.reclamador.es\\\/blog\\\/wp-content\\\/uploads\\\/2017\\\/09\\\/eufemia-clienta-reclamador.png?fit=1200%2C800&ssl=1\",\"keywords\":[\"aerol\u00edneas\",\"indemnizaci\u00f3n\"],\"articleSection\":[\"Conoce todo lo que sucede en reclamador.es\"],\"inLanguage\":\"es\"},{\"@type\":\"WebPage\",\"@id\":\"https:\\\/\\\/www.reclamador.es\\\/blog\\\/entrevista-aerolinea-retraso-vuelo-eufemia\\\/\",\"url\":\"https:\\\/\\\/www.reclamador.es\\\/blog\\\/entrevista-aerolinea-retraso-vuelo-eufemia\\\/\",\"name\":\"\\\"Personas como las del equipo de reclamador hacen mejor al mundo\\\"\",\"isPartOf\":{\"@id\":\"https:\\\/\\\/www.reclamador.es\\\/blog\\\/#website\"},\"primaryImageOfPage\":{\"@id\":\"https:\\\/\\\/www.reclamador.es\\\/blog\\\/entrevista-aerolinea-retraso-vuelo-eufemia\\\/#primaryimage\"},\"image\":{\"@id\":\"https:\\\/\\\/www.reclamador.es\\\/blog\\\/entrevista-aerolinea-retraso-vuelo-eufemia\\\/#primaryimage\"},\"thumbnailUrl\":\"https:\\\/\\\/i0.wp.com\\\/www.reclamador.es\\\/blog\\\/wp-content\\\/uploads\\\/2017\\\/09\\\/eufemia-clienta-reclamador.png?fit=1200%2C800&ssl=1\",\"datePublished\":\"2017-09-06T16:34:05+00:00\",\"dateModified\":\"2022-11-24T15:10:30+00:00\",\"description\":\"Si no quieres perderte las entrevistas a Eufemia y Antonio, afectados que hicieron una reclamaci\u00f3n de vuelo, entra y sigue leyendo.\",\"breadcrumb\":{\"@id\":\"https:\\\/\\\/www.reclamador.es\\\/blog\\\/entrevista-aerolinea-retraso-vuelo-eufemia\\\/#breadcrumb\"},\"inLanguage\":\"es\",\"potentialAction\":[{\"@type\":\"ReadAction\",\"target\":[\"https:\\\/\\\/www.reclamador.es\\\/blog\\\/entrevista-aerolinea-retraso-vuelo-eufemia\\\/\"]}]},{\"@type\":\"ImageObject\",\"inLanguage\":\"es\",\"@id\":\"https:\\\/\\\/www.reclamador.es\\\/blog\\\/entrevista-aerolinea-retraso-vuelo-eufemia\\\/#primaryimage\",\"url\":\"https:\\\/\\\/i0.wp.com\\\/www.reclamador.es\\\/blog\\\/wp-content\\\/uploads\\\/2017\\\/09\\\/eufemia-clienta-reclamador.png?fit=1200%2C800&ssl=1\",\"contentUrl\":\"https:\\\/\\\/i0.wp.com\\\/www.reclamador.es\\\/blog\\\/wp-content\\\/uploads\\\/2017\\\/09\\\/eufemia-clienta-reclamador.png?fit=1200%2C800&ssl=1\",\"width\":1200,\"height\":800},{\"@type\":\"BreadcrumbList\",\"@id\":\"https:\\\/\\\/www.reclamador.es\\\/blog\\\/entrevista-aerolinea-retraso-vuelo-eufemia\\\/#breadcrumb\",\"itemListElement\":[{\"@type\":\"ListItem\",\"position\":1,\"name\":\"Portada\",\"item\":\"https:\\\/\\\/www.reclamador.es\\\/blog\\\/\"},{\"@type\":\"ListItem\",\"position\":2,\"name\":\"\u201cPersonas como las del equipo de reclamador.es hacen mejor al mundo\u201d\"}]},{\"@type\":\"WebSite\",\"@id\":\"https:\\\/\\\/www.reclamador.es\\\/blog\\\/#website\",\"url\":\"https:\\\/\\\/www.reclamador.es\\\/blog\\\/\",\"name\":\"Rebeldes con causa, el blog de reclamador.es\",\"description\":\"Noticias, entrevistas y consejos sobre reclamaciones\",\"publisher\":{\"@id\":\"https:\\\/\\\/www.reclamador.es\\\/blog\\\/#organization\"},\"potentialAction\":[{\"@type\":\"SearchAction\",\"target\":{\"@type\":\"EntryPoint\",\"urlTemplate\":\"https:\\\/\\\/www.reclamador.es\\\/blog\\\/?s={search_term_string}\"},\"query-input\":{\"@type\":\"PropertyValueSpecification\",\"valueRequired\":true,\"valueName\":\"search_term_string\"}}],\"inLanguage\":\"es\"},{\"@type\":\"Organization\",\"@id\":\"https:\\\/\\\/www.reclamador.es\\\/blog\\\/#organization\",\"name\":\"reclamador.es\",\"url\":\"https:\\\/\\\/www.reclamador.es\\\/blog\\\/\",\"logo\":{\"@type\":\"ImageObject\",\"inLanguage\":\"es\",\"@id\":\"https:\\\/\\\/www.reclamador.es\\\/blog\\\/#\\\/schema\\\/logo\\\/image\\\/\",\"url\":\"https:\\\/\\\/i0.wp.com\\\/www.reclamador.es\\\/blog\\\/wp-content\\\/uploads\\\/2020\\\/01\\\/logo-reclamador.png?fit=1200%2C144&ssl=1\",\"contentUrl\":\"https:\\\/\\\/i0.wp.com\\\/www.reclamador.es\\\/blog\\\/wp-content\\\/uploads\\\/2020\\\/01\\\/logo-reclamador.png?fit=1200%2C144&ssl=1\",\"width\":1200,\"height\":144,\"caption\":\"reclamador.es\"},\"image\":{\"@id\":\"https:\\\/\\\/www.reclamador.es\\\/blog\\\/#\\\/schema\\\/logo\\\/image\\\/\"},\"sameAs\":[\"https:\\\/\\\/www.facebook.com\\\/reclamador.es\",\"https:\\\/\\\/x.com\\\/reclamador\",\"https:\\\/\\\/www.instagram.com\\\/reclamador.es\\\/\",\"https:\\\/\\\/www.linkedin.com\\\/company\\\/reclamador-es\",\"https:\\\/\\\/www.youtube.com\\\/user\\\/Reclamadores\"]},{\"@type\":\"Person\",\"@id\":\"https:\\\/\\\/www.reclamador.es\\\/blog\\\/#\\\/schema\\\/person\\\/c446a02b3fcf1607a8a2139c36fbe583\",\"name\":\"Cristina Naveda\",\"image\":{\"@type\":\"ImageObject\",\"inLanguage\":\"es\",\"@id\":\"https:\\\/\\\/secure.gravatar.com\\\/avatar\\\/1df04000ab560ffd4824a3ce70f826eb8bd6a9bfc6cc9097a363e6cd67f07ec0?s=96&d=mm&r=g\",\"url\":\"https:\\\/\\\/secure.gravatar.com\\\/avatar\\\/1df04000ab560ffd4824a3ce70f826eb8bd6a9bfc6cc9097a363e6cd67f07ec0?s=96&d=mm&r=g\",\"contentUrl\":\"https:\\\/\\\/secure.gravatar.com\\\/avatar\\\/1df04000ab560ffd4824a3ce70f826eb8bd6a9bfc6cc9097a363e6cd67f07ec0?s=96&d=mm&r=g\",\"caption\":\"Cristina Naveda\"},\"description\":\"Me encanta unir la informaci\u00f3n con las personas. Me esfuerzo para que reclamador haga bien esa uni\u00f3n desde el equipo de comunicaci\u00f3n.\",\"url\":\"https:\\\/\\\/www.reclamador.es\\\/blog\\\/author\\\/cristina\\\/\"}]}<\/script>\n<!-- \/ Yoast SEO plugin. -->","yoast_head_json":{"title":"\"Personas como las del equipo de reclamador hacen mejor al mundo\"","description":"Si no quieres perderte las entrevistas a Eufemia y Antonio, afectados que hicieron una reclamaci\u00f3n de vuelo, entra y sigue leyendo.","robots":{"index":"index","follow":"follow","max-snippet":"max-snippet:-1","max-image-preview":"max-image-preview:large","max-video-preview":"max-video-preview:-1"},"canonical":"https:\/\/www.reclamador.es\/blog\/entrevista-aerolinea-retraso-vuelo-eufemia\/","og_locale":"es_ES","og_type":"article","og_title":"\"Personas como las del equipo de reclamador hacen mejor al mundo\"","og_description":"Si no quieres perderte las entrevistas a Eufemia y Antonio, afectados que hicieron una reclamaci\u00f3n de vuelo, entra y sigue leyendo.","og_url":"https:\/\/www.reclamador.es\/blog\/entrevista-aerolinea-retraso-vuelo-eufemia\/","og_site_name":"Rebeldes con causa, el blog de reclamador.es","article_publisher":"https:\/\/www.facebook.com\/reclamador.es","article_published_time":"2017-09-06T16:34:05+00:00","article_modified_time":"2022-11-24T15:10:30+00:00","og_image":[{"width":1200,"height":800,"url":"https:\/\/i0.wp.com\/www.reclamador.es\/blog\/wp-content\/uploads\/2017\/09\/eufemia-clienta-reclamador.png?fit=1200%2C800&ssl=1","type":"image\/png"}],"author":"Cristina Naveda","twitter_card":"summary_large_image","twitter_creator":"@reclamador","twitter_site":"@reclamador","twitter_misc":{"Escrito por":"Cristina Naveda","Tiempo de lectura":"4 minutos"},"schema":{"@context":"https:\/\/schema.org","@graph":[{"@type":"Article","@id":"https:\/\/www.reclamador.es\/blog\/entrevista-aerolinea-retraso-vuelo-eufemia\/#article","isPartOf":{"@id":"https:\/\/www.reclamador.es\/blog\/entrevista-aerolinea-retraso-vuelo-eufemia\/"},"author":{"name":"Cristina Naveda","@id":"https:\/\/www.reclamador.es\/blog\/#\/schema\/person\/c446a02b3fcf1607a8a2139c36fbe583"},"headline":"\u201cPersonas como las del equipo de reclamador.es hacen mejor al mundo\u201d","datePublished":"2017-09-06T16:34:05+00:00","dateModified":"2022-11-24T15:10:30+00:00","mainEntityOfPage":{"@id":"https:\/\/www.reclamador.es\/blog\/entrevista-aerolinea-retraso-vuelo-eufemia\/"},"wordCount":761,"publisher":{"@id":"https:\/\/www.reclamador.es\/blog\/#organization"},"image":{"@id":"https:\/\/www.reclamador.es\/blog\/entrevista-aerolinea-retraso-vuelo-eufemia\/#primaryimage"},"thumbnailUrl":"https:\/\/i0.wp.com\/www.reclamador.es\/blog\/wp-content\/uploads\/2017\/09\/eufemia-clienta-reclamador.png?fit=1200%2C800&ssl=1","keywords":["aerol\u00edneas","indemnizaci\u00f3n"],"articleSection":["Conoce todo lo que sucede en reclamador.es"],"inLanguage":"es"},{"@type":"WebPage","@id":"https:\/\/www.reclamador.es\/blog\/entrevista-aerolinea-retraso-vuelo-eufemia\/","url":"https:\/\/www.reclamador.es\/blog\/entrevista-aerolinea-retraso-vuelo-eufemia\/","name":"\"Personas como las del equipo de reclamador hacen mejor al mundo\"","isPartOf":{"@id":"https:\/\/www.reclamador.es\/blog\/#website"},"primaryImageOfPage":{"@id":"https:\/\/www.reclamador.es\/blog\/entrevista-aerolinea-retraso-vuelo-eufemia\/#primaryimage"},"image":{"@id":"https:\/\/www.reclamador.es\/blog\/entrevista-aerolinea-retraso-vuelo-eufemia\/#primaryimage"},"thumbnailUrl":"https:\/\/i0.wp.com\/www.reclamador.es\/blog\/wp-content\/uploads\/2017\/09\/eufemia-clienta-reclamador.png?fit=1200%2C800&ssl=1","datePublished":"2017-09-06T16:34:05+00:00","dateModified":"2022-11-24T15:10:30+00:00","description":"Si no quieres perderte las entrevistas a Eufemia y Antonio, afectados que hicieron una reclamaci\u00f3n de vuelo, entra y sigue leyendo.","breadcrumb":{"@id":"https:\/\/www.reclamador.es\/blog\/entrevista-aerolinea-retraso-vuelo-eufemia\/#breadcrumb"},"inLanguage":"es","potentialAction":[{"@type":"ReadAction","target":["https:\/\/www.reclamador.es\/blog\/entrevista-aerolinea-retraso-vuelo-eufemia\/"]}]},{"@type":"ImageObject","inLanguage":"es","@id":"https:\/\/www.reclamador.es\/blog\/entrevista-aerolinea-retraso-vuelo-eufemia\/#primaryimage","url":"https:\/\/i0.wp.com\/www.reclamador.es\/blog\/wp-content\/uploads\/2017\/09\/eufemia-clienta-reclamador.png?fit=1200%2C800&ssl=1","contentUrl":"https:\/\/i0.wp.com\/www.reclamador.es\/blog\/wp-content\/uploads\/2017\/09\/eufemia-clienta-reclamador.png?fit=1200%2C800&ssl=1","width":1200,"height":800},{"@type":"BreadcrumbList","@id":"https:\/\/www.reclamador.es\/blog\/entrevista-aerolinea-retraso-vuelo-eufemia\/#breadcrumb","itemListElement":[{"@type":"ListItem","position":1,"name":"Portada","item":"https:\/\/www.reclamador.es\/blog\/"},{"@type":"ListItem","position":2,"name":"\u201cPersonas como las del equipo de reclamador.es hacen mejor al mundo\u201d"}]},{"@type":"WebSite","@id":"https:\/\/www.reclamador.es\/blog\/#website","url":"https:\/\/www.reclamador.es\/blog\/","name":"Rebeldes con causa, el blog de reclamador.es","description":"Noticias, entrevistas y consejos sobre reclamaciones","publisher":{"@id":"https:\/\/www.reclamador.es\/blog\/#organization"},"potentialAction":[{"@type":"SearchAction","target":{"@type":"EntryPoint","urlTemplate":"https:\/\/www.reclamador.es\/blog\/?s={search_term_string}"},"query-input":{"@type":"PropertyValueSpecification","valueRequired":true,"valueName":"search_term_string"}}],"inLanguage":"es"},{"@type":"Organization","@id":"https:\/\/www.reclamador.es\/blog\/#organization","name":"reclamador.es","url":"https:\/\/www.reclamador.es\/blog\/","logo":{"@type":"ImageObject","inLanguage":"es","@id":"https:\/\/www.reclamador.es\/blog\/#\/schema\/logo\/image\/","url":"https:\/\/i0.wp.com\/www.reclamador.es\/blog\/wp-content\/uploads\/2020\/01\/logo-reclamador.png?fit=1200%2C144&ssl=1","contentUrl":"https:\/\/i0.wp.com\/www.reclamador.es\/blog\/wp-content\/uploads\/2020\/01\/logo-reclamador.png?fit=1200%2C144&ssl=1","width":1200,"height":144,"caption":"reclamador.es"},"image":{"@id":"https:\/\/www.reclamador.es\/blog\/#\/schema\/logo\/image\/"},"sameAs":["https:\/\/www.facebook.com\/reclamador.es","https:\/\/x.com\/reclamador","https:\/\/www.instagram.com\/reclamador.es\/","https:\/\/www.linkedin.com\/company\/reclamador-es","https:\/\/www.youtube.com\/user\/Reclamadores"]},{"@type":"Person","@id":"https:\/\/www.reclamador.es\/blog\/#\/schema\/person\/c446a02b3fcf1607a8a2139c36fbe583","name":"Cristina Naveda","image":{"@type":"ImageObject","inLanguage":"es","@id":"https:\/\/secure.gravatar.com\/avatar\/1df04000ab560ffd4824a3ce70f826eb8bd6a9bfc6cc9097a363e6cd67f07ec0?s=96&d=mm&r=g","url":"https:\/\/secure.gravatar.com\/avatar\/1df04000ab560ffd4824a3ce70f826eb8bd6a9bfc6cc9097a363e6cd67f07ec0?s=96&d=mm&r=g","contentUrl":"https:\/\/secure.gravatar.com\/avatar\/1df04000ab560ffd4824a3ce70f826eb8bd6a9bfc6cc9097a363e6cd67f07ec0?s=96&d=mm&r=g","caption":"Cristina Naveda"},"description":"Me encanta unir la informaci\u00f3n con las personas. Me esfuerzo para que reclamador haga bien esa uni\u00f3n desde el equipo de comunicaci\u00f3n.","url":"https:\/\/www.reclamador.es\/blog\/author\/cristina\/"}]}},"jetpack_featured_media_url":"https:\/\/i0.wp.com\/www.reclamador.es\/blog\/wp-content\/uploads\/2017\/09\/eufemia-clienta-reclamador.png?fit=1200%2C800&ssl=1","jetpack-related-posts":[{"id":4672,"url":"https:\/\/www.reclamador.es\/blog\/iberia-condenada-clausula-no-show\/","url_meta":{"origin":15299,"position":0},"title":"Iberia condenada por un juez por aplicar la cl\u00e1usula no show","author":"Equipo reclamador","date":"1 agosto, 2016","format":false,"excerpt":"Ojo con la cl\u00e1usula no show (back to back ticketing o cross ticketing): si no viajas a la ida y la aerol\u00ednea te deniega el embarque de la vuelta puedes reclamar. Se trata de una pr\u00e1ctica abusiva que desde reclamador.es combatimos activamente y que la jurisprudencia respalda. As\u00ed, el Juzgado\u2026","rel":"","context":"En \u00abNoticias y actualidad\u00bb","block_context":{"text":"Noticias y actualidad","link":"https:\/\/www.reclamador.es\/blog\/noticias\/"},"img":{"alt_text":"cosas para no aburrirte en un aeropuerto reclamador","src":"https:\/\/i0.wp.com\/www.reclamador.es\/blog\/wp-content\/uploads\/2016\/08\/etkwxamdftu-rob-bye.jpg?fit=1200%2C800&ssl=1&resize=350%2C200","width":350,"height":200,"srcset":"https:\/\/i0.wp.com\/www.reclamador.es\/blog\/wp-content\/uploads\/2016\/08\/etkwxamdftu-rob-bye.jpg?fit=1200%2C800&ssl=1&resize=350%2C200 1x, https:\/\/i0.wp.com\/www.reclamador.es\/blog\/wp-content\/uploads\/2016\/08\/etkwxamdftu-rob-bye.jpg?fit=1200%2C800&ssl=1&resize=525%2C300 1.5x, https:\/\/i0.wp.com\/www.reclamador.es\/blog\/wp-content\/uploads\/2016\/08\/etkwxamdftu-rob-bye.jpg?fit=1200%2C800&ssl=1&resize=700%2C400 2x, https:\/\/i0.wp.com\/www.reclamador.es\/blog\/wp-content\/uploads\/2016\/08\/etkwxamdftu-rob-bye.jpg?fit=1200%2C800&ssl=1&resize=1050%2C600 3x"},"classes":[]},{"id":30019,"url":"https:\/\/www.reclamador.es\/blog\/huelga-iberia-express\/","url_meta":{"origin":15299,"position":1},"title":"\u00bfQu\u00e9 pueden reclamar los afectados por la huelga de Iberia Express?","author":"Equipo reclamador","date":"31 agosto, 2022","format":false,"excerpt":"El final del verano 2022 est\u00e1 siendo turbulento en muchas aerol\u00edneas. Entre ellas, Iberia Express, filial de bajo coste de Iberia. Uno de los sindicatos que representa a parte de los trabajadores de esta compa\u00f1\u00eda a\u00e9rea anunciaron una huelga durante 10 d\u00edas de los trabajadores de Iberia Express para solicitar\u2026","rel":"","context":"En \u00abNoticias y actualidad\u00bb","block_context":{"text":"Noticias y actualidad","link":"https:\/\/www.reclamador.es\/blog\/noticias\/"},"img":{"alt_text":"Huelga de Iberia Express","src":"https:\/\/i0.wp.com\/www.reclamador.es\/blog\/wp-content\/uploads\/2022\/08\/huelga-iberia-express-reclamar.jpg?fit=1200%2C630&ssl=1&resize=350%2C200","width":350,"height":200,"srcset":"https:\/\/i0.wp.com\/www.reclamador.es\/blog\/wp-content\/uploads\/2022\/08\/huelga-iberia-express-reclamar.jpg?fit=1200%2C630&ssl=1&resize=350%2C200 1x, https:\/\/i0.wp.com\/www.reclamador.es\/blog\/wp-content\/uploads\/2022\/08\/huelga-iberia-express-reclamar.jpg?fit=1200%2C630&ssl=1&resize=525%2C300 1.5x, https:\/\/i0.wp.com\/www.reclamador.es\/blog\/wp-content\/uploads\/2022\/08\/huelga-iberia-express-reclamar.jpg?fit=1200%2C630&ssl=1&resize=700%2C400 2x, https:\/\/i0.wp.com\/www.reclamador.es\/blog\/wp-content\/uploads\/2022\/08\/huelga-iberia-express-reclamar.jpg?fit=1200%2C630&ssl=1&resize=1050%2C600 3x"},"classes":[]},{"id":31863,"url":"https:\/\/www.reclamador.es\/blog\/huelga-de-iberia-handling-reclamar\/","url_meta":{"origin":15299,"position":2},"title":"Los trabajadores del handling de Iberia en huelga: Todo lo que te corresponde si te afecta","author":"Equipo reclamador","date":"5 enero, 2024","format":false,"excerpt":"Los Reyes Magos traen un regalo poco deseado para los pasajeros y pasajeras a\u00e9reas que estos d\u00edas ten\u00edan reservado un billete de avi\u00f3n para volar con Iberia. Los trabajadores del handling de Iberia han convocado huelga desde el 5 hasta el 8 de enero. \u00bfQu\u00e9 sucede si la huelga de\u2026","rel":"","context":"En \u00abNoticias y actualidad\u00bb","block_context":{"text":"Noticias y actualidad","link":"https:\/\/www.reclamador.es\/blog\/noticias\/"},"img":{"alt_text":"huelga handling iberia","src":"https:\/\/i0.wp.com\/www.reclamador.es\/blog\/wp-content\/uploads\/2024\/01\/huelga-iberia-reclamar-indemnizacion.jpg?fit=1200%2C631&ssl=1&resize=350%2C200","width":350,"height":200,"srcset":"https:\/\/i0.wp.com\/www.reclamador.es\/blog\/wp-content\/uploads\/2024\/01\/huelga-iberia-reclamar-indemnizacion.jpg?fit=1200%2C631&ssl=1&resize=350%2C200 1x, https:\/\/i0.wp.com\/www.reclamador.es\/blog\/wp-content\/uploads\/2024\/01\/huelga-iberia-reclamar-indemnizacion.jpg?fit=1200%2C631&ssl=1&resize=525%2C300 1.5x, https:\/\/i0.wp.com\/www.reclamador.es\/blog\/wp-content\/uploads\/2024\/01\/huelga-iberia-reclamar-indemnizacion.jpg?fit=1200%2C631&ssl=1&resize=700%2C400 2x, https:\/\/i0.wp.com\/www.reclamador.es\/blog\/wp-content\/uploads\/2024\/01\/huelga-iberia-reclamar-indemnizacion.jpg?fit=1200%2C631&ssl=1&resize=1050%2C600 3x"},"classes":[]},{"id":33711,"url":"https:\/\/www.reclamador.es\/blog\/que-significa-vuelo-operado-por\/","url_meta":{"origin":15299,"position":3},"title":"\u201cVuelo operado por\u201d, \u201cc\u00f3digo compartido\u201d\u2026 \u00bfQu\u00e9 significan estos t\u00e9rminos y qu\u00e9 supone para el viajero?","author":"Alicia Ria\u00f1o","date":"11 febrero, 2025","format":false,"excerpt":"\u00bfHas comprado un billete de avi\u00f3n, por ejemplo, con Iberia y luego has visto una frase como \u201cvuelo de Iberia operado por Vueling\u201d o \u201cvuelo de Iberia operado por American Airlines\u201d y no sabes qu\u00e9 significa? Se trata de vuelo con c\u00f3digo compartido, en el que ambas aerol\u00edneas estar\u00e1n vendiendo\u2026","rel":"","context":"En \u00abConsejos legales\u00bb","block_context":{"text":"Consejos legales","link":"https:\/\/www.reclamador.es\/blog\/consejos\/"},"img":{"alt_text":"vuelo compartido operado por otra aerol\u00ednea","src":"https:\/\/i0.wp.com\/www.reclamador.es\/blog\/wp-content\/uploads\/2025\/02\/que-hacer-si-tu-vuelo-es-operado-por-una-aerolinea-distinta-a-la-que-compraste-el-billete-1200x630-1.jpg?fit=1200%2C630&ssl=1&resize=350%2C200","width":350,"height":200,"srcset":"https:\/\/i0.wp.com\/www.reclamador.es\/blog\/wp-content\/uploads\/2025\/02\/que-hacer-si-tu-vuelo-es-operado-por-una-aerolinea-distinta-a-la-que-compraste-el-billete-1200x630-1.jpg?fit=1200%2C630&ssl=1&resize=350%2C200 1x, https:\/\/i0.wp.com\/www.reclamador.es\/blog\/wp-content\/uploads\/2025\/02\/que-hacer-si-tu-vuelo-es-operado-por-una-aerolinea-distinta-a-la-que-compraste-el-billete-1200x630-1.jpg?fit=1200%2C630&ssl=1&resize=525%2C300 1.5x, https:\/\/i0.wp.com\/www.reclamador.es\/blog\/wp-content\/uploads\/2025\/02\/que-hacer-si-tu-vuelo-es-operado-por-una-aerolinea-distinta-a-la-que-compraste-el-billete-1200x630-1.jpg?fit=1200%2C630&ssl=1&resize=700%2C400 2x, https:\/\/i0.wp.com\/www.reclamador.es\/blog\/wp-content\/uploads\/2025\/02\/que-hacer-si-tu-vuelo-es-operado-por-una-aerolinea-distinta-a-la-que-compraste-el-billete-1200x630-1.jpg?fit=1200%2C630&ssl=1&resize=1050%2C600 3x"},"classes":[]},{"id":21006,"url":"https:\/\/www.reclamador.es\/blog\/ranking-aerolineas-mas-reclamadas-2018\/","url_meta":{"origin":15299,"position":4},"title":"\u00bfCu\u00e1l fue la aerol\u00ednea m\u00e1s reclamada en 2018?","author":"Equipo reclamador","date":"7 febrero, 2019","format":false,"excerpt":"Vueling, Ryanair e Iberia. Estas son las tres aerol\u00edneas que durante el pasado 2018 recibieron m\u00e1s reclamaciones en nuestra web. Como ya sucediera en 2016, Vueling vuelve a la primera posici\u00f3n del ranking, desbancando a Ryanair a la segunda posici\u00f3n. Iberia, por su parte, mantiene el tercer puesto que ya\u2026","rel":"","context":"En \u00abNoticias y actualidad\u00bb","block_context":{"text":"Noticias y actualidad","link":"https:\/\/www.reclamador.es\/blog\/noticias\/"},"img":{"alt_text":"aerolineas mas reclamadas 2018 reclamador.es","src":"https:\/\/i0.wp.com\/www.reclamador.es\/blog\/wp-content\/uploads\/2019\/02\/aerolineas-mas-reclamadas-en-2018.jpg?fit=1200%2C799&ssl=1&resize=350%2C200","width":350,"height":200,"srcset":"https:\/\/i0.wp.com\/www.reclamador.es\/blog\/wp-content\/uploads\/2019\/02\/aerolineas-mas-reclamadas-en-2018.jpg?fit=1200%2C799&ssl=1&resize=350%2C200 1x, https:\/\/i0.wp.com\/www.reclamador.es\/blog\/wp-content\/uploads\/2019\/02\/aerolineas-mas-reclamadas-en-2018.jpg?fit=1200%2C799&ssl=1&resize=525%2C300 1.5x, https:\/\/i0.wp.com\/www.reclamador.es\/blog\/wp-content\/uploads\/2019\/02\/aerolineas-mas-reclamadas-en-2018.jpg?fit=1200%2C799&ssl=1&resize=700%2C400 2x, https:\/\/i0.wp.com\/www.reclamador.es\/blog\/wp-content\/uploads\/2019\/02\/aerolineas-mas-reclamadas-en-2018.jpg?fit=1200%2C799&ssl=1&resize=1050%2C600 3x"},"classes":[]},{"id":33824,"url":"https:\/\/www.reclamador.es\/blog\/entrevista-elisa-reclamadora-de-aerolineas\/","url_meta":{"origin":15299,"position":5},"title":"Elisa del Valle, reclamadora de aerol\u00edneas: \u201cEl servicio de reclamador.es es excelente e impecable y con tiempos m\u00e1s que buenos\u201d","author":"Cristina Naveda","date":"27 marzo, 2025","format":false,"excerpt":"Esta semana entrevistamos a Elisa del Valle. Charlamos con ella sobre c\u00f3mo consigui\u00f3 ganar la partida a Iberia, despu\u00e9s de sufrir un gran retraso en su vuelo que equivale a una cancelaci\u00f3n, despu\u00e9s de muchas horas de espera en el aeropuerto. Es una reclamadora muy valiente, que lejos de amedrentarse\u2026","rel":"","context":"En \u00abConoce todo lo que sucede en reclamador.es\u00bb","block_context":{"text":"Conoce todo lo que sucede en reclamador.es","link":"https:\/\/www.reclamador.es\/blog\/reclamadores\/"},"img":{"alt_text":"","src":"https:\/\/i0.wp.com\/www.reclamador.es\/blog\/wp-content\/uploads\/2025\/03\/entrevista-cliente-aerolineas-Elisa-del-Valle-Cordoba-1200x630-1.jpg?fit=1200%2C630&ssl=1&resize=350%2C200","width":350,"height":200,"srcset":"https:\/\/i0.wp.com\/www.reclamador.es\/blog\/wp-content\/uploads\/2025\/03\/entrevista-cliente-aerolineas-Elisa-del-Valle-Cordoba-1200x630-1.jpg?fit=1200%2C630&ssl=1&resize=350%2C200 1x, https:\/\/i0.wp.com\/www.reclamador.es\/blog\/wp-content\/uploads\/2025\/03\/entrevista-cliente-aerolineas-Elisa-del-Valle-Cordoba-1200x630-1.jpg?fit=1200%2C630&ssl=1&resize=525%2C300 1.5x, https:\/\/i0.wp.com\/www.reclamador.es\/blog\/wp-content\/uploads\/2025\/03\/entrevista-cliente-aerolineas-Elisa-del-Valle-Cordoba-1200x630-1.jpg?fit=1200%2C630&ssl=1&resize=700%2C400 2x, https:\/\/i0.wp.com\/www.reclamador.es\/blog\/wp-content\/uploads\/2025\/03\/entrevista-cliente-aerolineas-Elisa-del-Valle-Cordoba-1200x630-1.jpg?fit=1200%2C630&ssl=1&resize=1050%2C600 3x"},"classes":[]}],"jetpack_sharing_enabled":true,"_links":{"self":[{"href":"https:\/\/www.reclamador.es\/blog\/wp-json\/wp\/v2\/posts\/15299","targetHints":{"allow":["GET"]}}],"collection":[{"href":"https:\/\/www.reclamador.es\/blog\/wp-json\/wp\/v2\/posts"}],"about":[{"href":"https:\/\/www.reclamador.es\/blog\/wp-json\/wp\/v2\/types\/post"}],"author":[{"embeddable":true,"href":"https:\/\/www.reclamador.es\/blog\/wp-json\/wp\/v2\/users\/3"}],"replies":[{"embeddable":true,"href":"https:\/\/www.reclamador.es\/blog\/wp-json\/wp\/v2\/comments?post=15299"}],"version-history":[{"count":14,"href":"https:\/\/www.reclamador.es\/blog\/wp-json\/wp\/v2\/posts\/15299\/revisions"}],"predecessor-version":[{"id":15315,"href":"https:\/\/www.reclamador.es\/blog\/wp-json\/wp\/v2\/posts\/15299\/revisions\/15315"}],"wp:featuredmedia":[{"embeddable":true,"href":"https:\/\/www.reclamador.es\/blog\/wp-json\/wp\/v2\/media\/15313"}],"wp:attachment":[{"href":"https:\/\/www.reclamador.es\/blog\/wp-json\/wp\/v2\/media?parent=15299"}],"wp:term":[{"taxonomy":"category","embeddable":true,"href":"https:\/\/www.reclamador.es\/blog\/wp-json\/wp\/v2\/categories?post=15299"},{"taxonomy":"post_tag","embeddable":true,"href":"https:\/\/www.reclamador.es\/blog\/wp-json\/wp\/v2\/tags?post=15299"}],"curies":[{"name":"wp","href":"https:\/\/api.w.org\/{rel}","templated":true}]}}