{"id":1261,"date":"2014-08-06T12:59:59","date_gmt":"2014-08-06T10:59:59","guid":{"rendered":"https:\/\/www.reclamador.es\/blog\/?p=1261"},"modified":"2023-11-20T11:03:13","modified_gmt":"2023-11-20T10:03:13","slug":"luis-tudela-nos-cuenta-como-vueling-le-expulso-del-avion-injustificadamente","status":"publish","type":"post","link":"https:\/\/www.reclamador.es\/blog\/luis-tudela-nos-cuenta-como-vueling-le-expulso-del-avion-injustificadamente\/","title":{"rendered":"Luis Tudela nos cuenta c\u00f3mo Vueling le expuls\u00f3 del avi\u00f3n injustificadamente"},"content":{"rendered":"<div class=\"ttr_start\"><\/div>\n\n<div class=\"kk-star-ratings kksr-auto kksr-align-right kksr-valign-top\"\n    data-payload='{&quot;align&quot;:&quot;right&quot;,&quot;id&quot;:&quot;1261&quot;,&quot;slug&quot;:&quot;default&quot;,&quot;valign&quot;:&quot;top&quot;,&quot;ignore&quot;:&quot;&quot;,&quot;reference&quot;:&quot;auto&quot;,&quot;class&quot;:&quot;&quot;,&quot;count&quot;:&quot;1&quot;,&quot;legendonly&quot;:&quot;&quot;,&quot;readonly&quot;:&quot;&quot;,&quot;score&quot;:&quot;5&quot;,&quot;starsonly&quot;:&quot;&quot;,&quot;best&quot;:&quot;5&quot;,&quot;gap&quot;:&quot;3&quot;,&quot;greet&quot;:&quot;Valora este art\u00edculo&quot;,&quot;legend&quot;:&quot;5\\\/5 - (1 voto)&quot;,&quot;size&quot;:&quot;20&quot;,&quot;title&quot;:&quot;Luis Tudela nos cuenta c\u00f3mo Vueling le expuls\u00f3 del avi\u00f3n injustificadamente&quot;,&quot;width&quot;:&quot;113.5&quot;,&quot;_legend&quot;:&quot;{score}\\\/{best} - ({count} {votes})&quot;,&quot;font_factor&quot;:&quot;1.25&quot;}'>\n            \n<div class=\"kksr-stars\">\n    \n<div class=\"kksr-stars-inactive\">\n            <div class=\"kksr-star\" data-star=\"1\" style=\"padding-right: 3px\">\n            \n\n<div class=\"kksr-icon\" style=\"width: 20px; height: 20px;\"><\/div>\n        <\/div>\n            <div class=\"kksr-star\" data-star=\"2\" style=\"padding-right: 3px\">\n            \n\n<div class=\"kksr-icon\" style=\"width: 20px; height: 20px;\"><\/div>\n        <\/div>\n            <div class=\"kksr-star\" data-star=\"3\" style=\"padding-right: 3px\">\n            \n\n<div class=\"kksr-icon\" style=\"width: 20px; height: 20px;\"><\/div>\n        <\/div>\n            <div class=\"kksr-star\" data-star=\"4\" style=\"padding-right: 3px\">\n            \n\n<div class=\"kksr-icon\" style=\"width: 20px; height: 20px;\"><\/div>\n        <\/div>\n            <div class=\"kksr-star\" data-star=\"5\" style=\"padding-right: 3px\">\n            \n\n<div class=\"kksr-icon\" style=\"width: 20px; height: 20px;\"><\/div>\n        <\/div>\n    <\/div>\n    \n<div class=\"kksr-stars-active\" style=\"width: 113.5px;\">\n            <div class=\"kksr-star\" style=\"padding-right: 3px\">\n            \n\n<div class=\"kksr-icon\" style=\"width: 20px; height: 20px;\"><\/div>\n        <\/div>\n            <div class=\"kksr-star\" style=\"padding-right: 3px\">\n            \n\n<div class=\"kksr-icon\" style=\"width: 20px; height: 20px;\"><\/div>\n        <\/div>\n            <div class=\"kksr-star\" style=\"padding-right: 3px\">\n            \n\n<div class=\"kksr-icon\" style=\"width: 20px; height: 20px;\"><\/div>\n        <\/div>\n            <div class=\"kksr-star\" style=\"padding-right: 3px\">\n            \n\n<div class=\"kksr-icon\" style=\"width: 20px; height: 20px;\"><\/div>\n        <\/div>\n            <div class=\"kksr-star\" style=\"padding-right: 3px\">\n            \n\n<div class=\"kksr-icon\" style=\"width: 20px; height: 20px;\"><\/div>\n        <\/div>\n    <\/div>\n<\/div>\n                \n\n<div class=\"kksr-legend\" style=\"font-size: 16px;\">\n            5\/5 - (1 voto)    <\/div>\n    <\/div>\n<p>\u00a1Sentencia favorable! Esto es lo que tenemos en nuestras manos ahora mismo en el caso de Luis Tudela, uno de nuestros clientes al que <strong>Vueling le\u00a0expuls\u00f3 injustificadamente de un vuelo<\/strong>\u00a0el pasado septiembre\u00a0en el Aeropuerto de El Prat (Barcelona). Tras haber embarcado, y sin razones que demuestren lo contrario, Luis tuvo que abandonar su viaje a M\u00e1laga. Tras lo cual, inici\u00f3 su reclamaci\u00f3n con nosotros y ha conseguido su merecida indemnizaci\u00f3n de 250 euros. Recordemos que el <a href=\"https:\/\/www.boe.es\/buscar\/doc.php?id=DOUE-L-2004-80291\" target=\"_blank\" rel=\"noopener noreferrer\">Reglamento 261\/2004 <\/a>establece esta cuant\u00eda para las <strong>denegaciones de embarque<\/strong> en un vuelo de corta distancia.<\/p>\n<figure id=\"attachment_1281\" aria-describedby=\"caption-attachment-1281\" style=\"width: 300px\" class=\"wp-caption aligncenter\"><a href=\"https:\/\/i0.wp.com\/www.reclamador.es\/blog\/wp-content\/uploads\/2014\/08\/denegacion-de-embarque-vueling.jpg?ssl=1\"><img data-recalc-dims=\"1\" loading=\"lazy\" decoding=\"async\" class=\"wp-image-1281 size-full\" title=\"denegacion de embarque con vueling\" src=\"https:\/\/i0.wp.com\/www.reclamador.es\/blog\/wp-content\/uploads\/2014\/08\/denegacion-de-embarque-vueling.jpg?resize=300%2C399&#038;ssl=1\" alt=\"denegacion de embarque con vueling\" width=\"300\" height=\"399\" srcset=\"https:\/\/i0.wp.com\/www.reclamador.es\/blog\/wp-content\/uploads\/2014\/08\/denegacion-de-embarque-vueling.jpg?w=300&amp;ssl=1 300w, https:\/\/i0.wp.com\/www.reclamador.es\/blog\/wp-content\/uploads\/2014\/08\/denegacion-de-embarque-vueling.jpg?resize=225%2C300&amp;ssl=1 225w\" sizes=\"auto, (max-width: 300px) 100vw, 300px\" \/><\/a><figcaption id=\"caption-attachment-1281\" class=\"wp-caption-text\">Luis Tudela, v\u00edctima de denegaci\u00f3n de embarque con Vueling.<\/figcaption><\/figure>\n<p><strong>\u00bfQu\u00e9 ocurri\u00f3 a bordo?<\/strong><\/p>\n<p>Luis subi\u00f3 al avi\u00f3n y antes de sentarse en el asiento\u00a0que le correspond\u00eda, fue\u00a0a colocar el equipaje de mano en el espacio habilitado para ello. En ese momento, la auxiliar de vuelo le indic\u00f3 que deb\u00eda ponerlo\u00a0al fondo de la aeronave, ya que estaba todo ocupado. Nuestro cliente le pidi\u00f3 a la azafata que si se lo pod\u00eda llevar ella para no molestar al resto de pasajeros que a\u00fan estaba embarcando, y ella le contest\u00f3 de forma negativa y\u00a0malhumorada.<\/p>\n<p>Ante esa respuesta, Luis fue a colocar su maleta en el lugar que ella\u00a0le hab\u00eda indicado y, al volver a su asiento, le recrimin\u00f3 su actitud, pero sin mediar insulto ni nada por el estilo. Tras esto, la azafata habl\u00f3 con el comandante, y \u00e9ste, sin hacer comprobaci\u00f3n alguna sobre lo ocurrido, avis\u00f3 a la Guardia Civil y expuls\u00f3 a Luis del avi\u00f3n.\u00a0Una aut\u00e9ntica faena, \u00bfno cre\u00e9is? \u00bfD\u00f3nde est\u00e1n los <a href=\"https:\/\/www.reclamador.es\/tus-derechos\/derechos-del-pasajero\/\" target=\"_blank\" rel=\"noopener noreferrer\">derechos de los viajeros<\/a>?<\/p>\n<p>Una vez abandonado el avi\u00f3n, la aerol\u00ednea no le ofreci\u00f3 a Luis ni la posibilidad de elegir tan siquiera entre el reembolso del coste del billete, ni un vuelo de regreso ni transporte alternativo con el que llegar a M\u00e1laga lo antes posible.<\/p>\n<p><strong>As\u00ed nos cuenta Luis su experiencia al reclamar:<\/strong><\/p>\n<p>\"<a href=\"https:\/\/www.reclamador.es\/aerolineas\/\" target=\"_blank\" rel=\"noopener noreferrer\">Reclamar<\/a> es una tarea compleja, no siempre tienes la seguridad que llevas raz\u00f3n, quiz\u00e1s porque no te imaginas c\u00f3mo enfocar el asunto, y por supuesto\u00a0no descartamos el miedo al fracaso; pues bien investigu\u00e9, me cercior\u00e9 y descubr\u00ed a <a href=\"https:\/\/www.reclamador.es\" target=\"_blank\" rel=\"noopener noreferrer\">reclamador.es<\/a>. Por la experiencia que ten\u00edais vi que no os asustaba el enemigo que no solo lo asedi\u00e1is si no que lo atac\u00e1is. As\u00ed, decid\u00ed confiar en vuestro equipo. Tengo que reconocer que el tiempo hace desconfiar de los resultados, pero cuando se ve llegar el fin, el conjunto de hormonas se activan y de nuevo cobras la confianza de que van a trabajar por ti para garantizar el \u00e9xito y al final esto&#8230; \u00a1\u00a1Gracias de nuevo!!\"<\/p>\n<p><a href=\"https:\/\/www.reclamador.es\/blog\/wp-content\/uploads\/2014\/08\/DSCF1066_edited.jpg\"><br \/>\n<\/a><a href=\"https:\/\/i0.wp.com\/www.reclamador.es\/blog\/wp-content\/uploads\/2014\/08\/luis.jpg?ssl=1\"><img data-recalc-dims=\"1\" loading=\"lazy\" decoding=\"async\" class=\"aligncenter size-full wp-image-1271\" src=\"https:\/\/i0.wp.com\/www.reclamador.es\/blog\/wp-content\/uploads\/2014\/08\/luis.jpg?resize=450%2C314&#038;ssl=1\" alt=\"luis\" width=\"450\" height=\"314\" srcset=\"https:\/\/i0.wp.com\/www.reclamador.es\/blog\/wp-content\/uploads\/2014\/08\/luis.jpg?w=450&amp;ssl=1 450w, https:\/\/i0.wp.com\/www.reclamador.es\/blog\/wp-content\/uploads\/2014\/08\/luis.jpg?resize=300%2C209&amp;ssl=1 300w\" sizes=\"auto, (max-width: 450px) 100vw, 450px\" \/><\/a><\/p>\n<p>Ya sab\u00e9is reclamadores, antes las <strong>injusticias de las aerol\u00edneas<\/strong>, \u00a1hay que reclamar, no desistir jam\u00e1s y ponerse en manos de abogados, como los que forman parte de nuestro equipo!<\/p>\n<div class=\"ttr_end\"><\/div>","protected":false},"excerpt":{"rendered":"<p>\u00a1Sentencia favorable! Esto es lo que tenemos en nuestras manos ahora mismo en el caso de Luis Tudela, uno de nuestros clientes al que Vueling le\u00a0expuls\u00f3 injustificadamente de un vuelo\u00a0el pasado septiembre\u00a0en el Aeropuerto de El Prat (Barcelona). Tras haber embarcado, y sin razones que demuestren lo contrario, Luis tuvo que abandonar su viaje a [&hellip;]<\/p>\n","protected":false},"author":1,"featured_media":7379,"comment_status":"closed","ping_status":"open","sticky":false,"template":"","format":"standard","meta":{"_acf_changed":false,"_genesis_hide_title":false,"_genesis_hide_breadcrumbs":false,"_genesis_hide_singular_image":false,"_genesis_hide_footer_widgets":false,"_genesis_custom_body_class":"","_genesis_custom_post_class":"","_genesis_layout":"","_jetpack_newsletter_access":"","_jetpack_dont_email_post_to_subs":false,"_jetpack_newsletter_tier_id":0,"_jetpack_memberships_contains_paywalled_content":false,"_jetpack_memberships_contains_paid_content":false,"footnotes":""},"categories":[396],"tags":[380],"class_list":{"0":"post-1261","1":"post","2":"type-post","3":"status-publish","4":"format-standard","5":"has-post-thumbnail","7":"category-reclamadores","8":"tag-aerolineas","9":"entry"},"acf":[],"yoast_head":"<!-- This site is optimized with the Yoast SEO plugin v27.4 - https:\/\/yoast.com\/product\/yoast-seo-wordpress\/ -->\n<title>Luis Tudela cuenta c\u00f3mo Vueling le expuls\u00f3 del avi\u00f3n sin raz\u00f3n<\/title>\n<meta name=\"description\" content=\"Un cliente de reclamador.es, Luis Tudela, nos cuenta una injusticia que sufri\u00f3 en un vuelo y c\u00f3mo consigui\u00f3 una indemnizaci\u00f3n. \u00a1Conoce su historia!\" \/>\n<meta name=\"robots\" content=\"index, follow, max-snippet:-1, max-image-preview:large, max-video-preview:-1\" \/>\n<link rel=\"canonical\" href=\"https:\/\/www.reclamador.es\/blog\/luis-tudela-nos-cuenta-como-vueling-le-expulso-del-avion-injustificadamente\/\" \/>\n<meta property=\"og:locale\" content=\"es_ES\" \/>\n<meta property=\"og:type\" content=\"article\" \/>\n<meta property=\"og:title\" content=\"Luis Tudela cuenta c\u00f3mo Vueling le expuls\u00f3 del avi\u00f3n sin raz\u00f3n\" \/>\n<meta property=\"og:description\" content=\"Un cliente de reclamador.es, Luis Tudela, nos cuenta una injusticia que sufri\u00f3 en un vuelo y c\u00f3mo consigui\u00f3 una indemnizaci\u00f3n. \u00a1Conoce su historia!\" \/>\n<meta property=\"og:url\" content=\"https:\/\/www.reclamador.es\/blog\/luis-tudela-nos-cuenta-como-vueling-le-expulso-del-avion-injustificadamente\/\" \/>\n<meta property=\"og:site_name\" content=\"Rebeldes con causa, el blog de reclamador.es\" \/>\n<meta property=\"article:publisher\" content=\"https:\/\/www.facebook.com\/reclamador.es\" \/>\n<meta property=\"article:published_time\" content=\"2014-08-06T10:59:59+00:00\" \/>\n<meta property=\"article:modified_time\" content=\"2023-11-20T10:03:13+00:00\" \/>\n<meta property=\"og:image\" content=\"https:\/\/www.reclamador.es\/blog\/wp-content\/uploads\/2015\/09\/ccfo0o_ltsy-kychan.jpg\" \/>\n\t<meta property=\"og:image:width\" content=\"1200\" \/>\n\t<meta property=\"og:image:height\" content=\"800\" \/>\n\t<meta property=\"og:image:type\" content=\"image\/jpeg\" \/>\n<meta name=\"author\" content=\"Equipo reclamador\" \/>\n<meta name=\"twitter:card\" content=\"summary_large_image\" \/>\n<meta name=\"twitter:creator\" content=\"@reclamador\" \/>\n<meta name=\"twitter:site\" content=\"@reclamador\" \/>\n<meta name=\"twitter:label1\" content=\"Escrito por\" \/>\n\t<meta name=\"twitter:data1\" content=\"Equipo reclamador\" \/>\n\t<meta name=\"twitter:label2\" content=\"Tiempo de lectura\" \/>\n\t<meta name=\"twitter:data2\" content=\"2 minutos\" \/>\n<script type=\"application\/ld+json\" class=\"yoast-schema-graph\">{\"@context\":\"https:\\\/\\\/schema.org\",\"@graph\":[{\"@type\":\"Article\",\"@id\":\"https:\\\/\\\/www.reclamador.es\\\/blog\\\/luis-tudela-nos-cuenta-como-vueling-le-expulso-del-avion-injustificadamente\\\/#article\",\"isPartOf\":{\"@id\":\"https:\\\/\\\/www.reclamador.es\\\/blog\\\/luis-tudela-nos-cuenta-como-vueling-le-expulso-del-avion-injustificadamente\\\/\"},\"author\":{\"name\":\"Equipo reclamador\",\"@id\":\"https:\\\/\\\/www.reclamador.es\\\/blog\\\/#\\\/schema\\\/person\\\/1ed83eef8b6566cb5e4c812d9bc5c4bf\"},\"headline\":\"Luis Tudela nos cuenta c\u00f3mo Vueling le expuls\u00f3 del avi\u00f3n injustificadamente\",\"datePublished\":\"2014-08-06T10:59:59+00:00\",\"dateModified\":\"2023-11-20T10:03:13+00:00\",\"mainEntityOfPage\":{\"@id\":\"https:\\\/\\\/www.reclamador.es\\\/blog\\\/luis-tudela-nos-cuenta-como-vueling-le-expulso-del-avion-injustificadamente\\\/\"},\"wordCount\":512,\"publisher\":{\"@id\":\"https:\\\/\\\/www.reclamador.es\\\/blog\\\/#organization\"},\"image\":{\"@id\":\"https:\\\/\\\/www.reclamador.es\\\/blog\\\/luis-tudela-nos-cuenta-como-vueling-le-expulso-del-avion-injustificadamente\\\/#primaryimage\"},\"thumbnailUrl\":\"https:\\\/\\\/i0.wp.com\\\/www.reclamador.es\\\/blog\\\/wp-content\\\/uploads\\\/2015\\\/09\\\/ccfo0o_ltsy-kychan.jpg?fit=1200%2C800&ssl=1\",\"keywords\":[\"aerol\u00edneas\"],\"articleSection\":[\"Conoce todo lo que sucede en reclamador.es\"],\"inLanguage\":\"es\"},{\"@type\":\"WebPage\",\"@id\":\"https:\\\/\\\/www.reclamador.es\\\/blog\\\/luis-tudela-nos-cuenta-como-vueling-le-expulso-del-avion-injustificadamente\\\/\",\"url\":\"https:\\\/\\\/www.reclamador.es\\\/blog\\\/luis-tudela-nos-cuenta-como-vueling-le-expulso-del-avion-injustificadamente\\\/\",\"name\":\"Luis Tudela cuenta c\u00f3mo Vueling le expuls\u00f3 del avi\u00f3n sin raz\u00f3n\",\"isPartOf\":{\"@id\":\"https:\\\/\\\/www.reclamador.es\\\/blog\\\/#website\"},\"primaryImageOfPage\":{\"@id\":\"https:\\\/\\\/www.reclamador.es\\\/blog\\\/luis-tudela-nos-cuenta-como-vueling-le-expulso-del-avion-injustificadamente\\\/#primaryimage\"},\"image\":{\"@id\":\"https:\\\/\\\/www.reclamador.es\\\/blog\\\/luis-tudela-nos-cuenta-como-vueling-le-expulso-del-avion-injustificadamente\\\/#primaryimage\"},\"thumbnailUrl\":\"https:\\\/\\\/i0.wp.com\\\/www.reclamador.es\\\/blog\\\/wp-content\\\/uploads\\\/2015\\\/09\\\/ccfo0o_ltsy-kychan.jpg?fit=1200%2C800&ssl=1\",\"datePublished\":\"2014-08-06T10:59:59+00:00\",\"dateModified\":\"2023-11-20T10:03:13+00:00\",\"description\":\"Un cliente de reclamador.es, Luis Tudela, nos cuenta una injusticia que sufri\u00f3 en un vuelo y c\u00f3mo consigui\u00f3 una indemnizaci\u00f3n. \u00a1Conoce su historia!\",\"breadcrumb\":{\"@id\":\"https:\\\/\\\/www.reclamador.es\\\/blog\\\/luis-tudela-nos-cuenta-como-vueling-le-expulso-del-avion-injustificadamente\\\/#breadcrumb\"},\"inLanguage\":\"es\",\"potentialAction\":[{\"@type\":\"ReadAction\",\"target\":[\"https:\\\/\\\/www.reclamador.es\\\/blog\\\/luis-tudela-nos-cuenta-como-vueling-le-expulso-del-avion-injustificadamente\\\/\"]}]},{\"@type\":\"ImageObject\",\"inLanguage\":\"es\",\"@id\":\"https:\\\/\\\/www.reclamador.es\\\/blog\\\/luis-tudela-nos-cuenta-como-vueling-le-expulso-del-avion-injustificadamente\\\/#primaryimage\",\"url\":\"https:\\\/\\\/i0.wp.com\\\/www.reclamador.es\\\/blog\\\/wp-content\\\/uploads\\\/2015\\\/09\\\/ccfo0o_ltsy-kychan.jpg?fit=1200%2C800&ssl=1\",\"contentUrl\":\"https:\\\/\\\/i0.wp.com\\\/www.reclamador.es\\\/blog\\\/wp-content\\\/uploads\\\/2015\\\/09\\\/ccfo0o_ltsy-kychan.jpg?fit=1200%2C800&ssl=1\",\"width\":1200,\"height\":800},{\"@type\":\"BreadcrumbList\",\"@id\":\"https:\\\/\\\/www.reclamador.es\\\/blog\\\/luis-tudela-nos-cuenta-como-vueling-le-expulso-del-avion-injustificadamente\\\/#breadcrumb\",\"itemListElement\":[{\"@type\":\"ListItem\",\"position\":1,\"name\":\"Portada\",\"item\":\"https:\\\/\\\/www.reclamador.es\\\/blog\\\/\"},{\"@type\":\"ListItem\",\"position\":2,\"name\":\"Luis Tudela nos cuenta c\u00f3mo Vueling le expuls\u00f3 del avi\u00f3n injustificadamente\"}]},{\"@type\":\"WebSite\",\"@id\":\"https:\\\/\\\/www.reclamador.es\\\/blog\\\/#website\",\"url\":\"https:\\\/\\\/www.reclamador.es\\\/blog\\\/\",\"name\":\"Rebeldes con causa, el blog de reclamador.es\",\"description\":\"Noticias, entrevistas y consejos sobre reclamaciones\",\"publisher\":{\"@id\":\"https:\\\/\\\/www.reclamador.es\\\/blog\\\/#organization\"},\"potentialAction\":[{\"@type\":\"SearchAction\",\"target\":{\"@type\":\"EntryPoint\",\"urlTemplate\":\"https:\\\/\\\/www.reclamador.es\\\/blog\\\/?s={search_term_string}\"},\"query-input\":{\"@type\":\"PropertyValueSpecification\",\"valueRequired\":true,\"valueName\":\"search_term_string\"}}],\"inLanguage\":\"es\"},{\"@type\":\"Organization\",\"@id\":\"https:\\\/\\\/www.reclamador.es\\\/blog\\\/#organization\",\"name\":\"reclamador.es\",\"url\":\"https:\\\/\\\/www.reclamador.es\\\/blog\\\/\",\"logo\":{\"@type\":\"ImageObject\",\"inLanguage\":\"es\",\"@id\":\"https:\\\/\\\/www.reclamador.es\\\/blog\\\/#\\\/schema\\\/logo\\\/image\\\/\",\"url\":\"https:\\\/\\\/i0.wp.com\\\/www.reclamador.es\\\/blog\\\/wp-content\\\/uploads\\\/2020\\\/01\\\/logo-reclamador.png?fit=1200%2C144&ssl=1\",\"contentUrl\":\"https:\\\/\\\/i0.wp.com\\\/www.reclamador.es\\\/blog\\\/wp-content\\\/uploads\\\/2020\\\/01\\\/logo-reclamador.png?fit=1200%2C144&ssl=1\",\"width\":1200,\"height\":144,\"caption\":\"reclamador.es\"},\"image\":{\"@id\":\"https:\\\/\\\/www.reclamador.es\\\/blog\\\/#\\\/schema\\\/logo\\\/image\\\/\"},\"sameAs\":[\"https:\\\/\\\/www.facebook.com\\\/reclamador.es\",\"https:\\\/\\\/x.com\\\/reclamador\",\"https:\\\/\\\/www.instagram.com\\\/reclamador.es\\\/\",\"https:\\\/\\\/www.linkedin.com\\\/company\\\/reclamador-es\",\"https:\\\/\\\/www.youtube.com\\\/user\\\/Reclamadores\"]},{\"@type\":\"Person\",\"@id\":\"https:\\\/\\\/www.reclamador.es\\\/blog\\\/#\\\/schema\\\/person\\\/1ed83eef8b6566cb5e4c812d9bc5c4bf\",\"name\":\"Equipo reclamador\",\"image\":{\"@type\":\"ImageObject\",\"inLanguage\":\"es\",\"@id\":\"https:\\\/\\\/secure.gravatar.com\\\/avatar\\\/6442ecdc2c4472c600c113f34d340feca47107d6aa4f42f1e3e75a2a8e28a760?s=96&d=mm&r=g\",\"url\":\"https:\\\/\\\/secure.gravatar.com\\\/avatar\\\/6442ecdc2c4472c600c113f34d340feca47107d6aa4f42f1e3e75a2a8e28a760?s=96&d=mm&r=g\",\"contentUrl\":\"https:\\\/\\\/secure.gravatar.com\\\/avatar\\\/6442ecdc2c4472c600c113f34d340feca47107d6aa4f42f1e3e75a2a8e28a760?s=96&d=mm&r=g\",\"caption\":\"Equipo reclamador\"},\"description\":\"Las personas que hacen posible reclamador.es\",\"url\":\"https:\\\/\\\/www.reclamador.es\\\/blog\\\/author\\\/administrador\\\/\"}]}<\/script>\n<!-- \/ Yoast SEO plugin. -->","yoast_head_json":{"title":"Luis Tudela cuenta c\u00f3mo Vueling le expuls\u00f3 del avi\u00f3n sin raz\u00f3n","description":"Un cliente de reclamador.es, Luis Tudela, nos cuenta una injusticia que sufri\u00f3 en un vuelo y c\u00f3mo consigui\u00f3 una indemnizaci\u00f3n. \u00a1Conoce su historia!","robots":{"index":"index","follow":"follow","max-snippet":"max-snippet:-1","max-image-preview":"max-image-preview:large","max-video-preview":"max-video-preview:-1"},"canonical":"https:\/\/www.reclamador.es\/blog\/luis-tudela-nos-cuenta-como-vueling-le-expulso-del-avion-injustificadamente\/","og_locale":"es_ES","og_type":"article","og_title":"Luis Tudela cuenta c\u00f3mo Vueling le expuls\u00f3 del avi\u00f3n sin raz\u00f3n","og_description":"Un cliente de reclamador.es, Luis Tudela, nos cuenta una injusticia que sufri\u00f3 en un vuelo y c\u00f3mo consigui\u00f3 una indemnizaci\u00f3n. \u00a1Conoce su historia!","og_url":"https:\/\/www.reclamador.es\/blog\/luis-tudela-nos-cuenta-como-vueling-le-expulso-del-avion-injustificadamente\/","og_site_name":"Rebeldes con causa, el blog de reclamador.es","article_publisher":"https:\/\/www.facebook.com\/reclamador.es","article_published_time":"2014-08-06T10:59:59+00:00","article_modified_time":"2023-11-20T10:03:13+00:00","og_image":[{"width":1200,"height":800,"url":"https:\/\/www.reclamador.es\/blog\/wp-content\/uploads\/2015\/09\/ccfo0o_ltsy-kychan.jpg","type":"image\/jpeg"}],"author":"Equipo reclamador","twitter_card":"summary_large_image","twitter_creator":"@reclamador","twitter_site":"@reclamador","twitter_misc":{"Escrito por":"Equipo reclamador","Tiempo de lectura":"2 minutos"},"schema":{"@context":"https:\/\/schema.org","@graph":[{"@type":"Article","@id":"https:\/\/www.reclamador.es\/blog\/luis-tudela-nos-cuenta-como-vueling-le-expulso-del-avion-injustificadamente\/#article","isPartOf":{"@id":"https:\/\/www.reclamador.es\/blog\/luis-tudela-nos-cuenta-como-vueling-le-expulso-del-avion-injustificadamente\/"},"author":{"name":"Equipo reclamador","@id":"https:\/\/www.reclamador.es\/blog\/#\/schema\/person\/1ed83eef8b6566cb5e4c812d9bc5c4bf"},"headline":"Luis Tudela nos cuenta c\u00f3mo Vueling le expuls\u00f3 del avi\u00f3n injustificadamente","datePublished":"2014-08-06T10:59:59+00:00","dateModified":"2023-11-20T10:03:13+00:00","mainEntityOfPage":{"@id":"https:\/\/www.reclamador.es\/blog\/luis-tudela-nos-cuenta-como-vueling-le-expulso-del-avion-injustificadamente\/"},"wordCount":512,"publisher":{"@id":"https:\/\/www.reclamador.es\/blog\/#organization"},"image":{"@id":"https:\/\/www.reclamador.es\/blog\/luis-tudela-nos-cuenta-como-vueling-le-expulso-del-avion-injustificadamente\/#primaryimage"},"thumbnailUrl":"https:\/\/i0.wp.com\/www.reclamador.es\/blog\/wp-content\/uploads\/2015\/09\/ccfo0o_ltsy-kychan.jpg?fit=1200%2C800&ssl=1","keywords":["aerol\u00edneas"],"articleSection":["Conoce todo lo que sucede en reclamador.es"],"inLanguage":"es"},{"@type":"WebPage","@id":"https:\/\/www.reclamador.es\/blog\/luis-tudela-nos-cuenta-como-vueling-le-expulso-del-avion-injustificadamente\/","url":"https:\/\/www.reclamador.es\/blog\/luis-tudela-nos-cuenta-como-vueling-le-expulso-del-avion-injustificadamente\/","name":"Luis Tudela cuenta c\u00f3mo Vueling le expuls\u00f3 del avi\u00f3n sin raz\u00f3n","isPartOf":{"@id":"https:\/\/www.reclamador.es\/blog\/#website"},"primaryImageOfPage":{"@id":"https:\/\/www.reclamador.es\/blog\/luis-tudela-nos-cuenta-como-vueling-le-expulso-del-avion-injustificadamente\/#primaryimage"},"image":{"@id":"https:\/\/www.reclamador.es\/blog\/luis-tudela-nos-cuenta-como-vueling-le-expulso-del-avion-injustificadamente\/#primaryimage"},"thumbnailUrl":"https:\/\/i0.wp.com\/www.reclamador.es\/blog\/wp-content\/uploads\/2015\/09\/ccfo0o_ltsy-kychan.jpg?fit=1200%2C800&ssl=1","datePublished":"2014-08-06T10:59:59+00:00","dateModified":"2023-11-20T10:03:13+00:00","description":"Un cliente de reclamador.es, Luis Tudela, nos cuenta una injusticia que sufri\u00f3 en un vuelo y c\u00f3mo consigui\u00f3 una indemnizaci\u00f3n. \u00a1Conoce su historia!","breadcrumb":{"@id":"https:\/\/www.reclamador.es\/blog\/luis-tudela-nos-cuenta-como-vueling-le-expulso-del-avion-injustificadamente\/#breadcrumb"},"inLanguage":"es","potentialAction":[{"@type":"ReadAction","target":["https:\/\/www.reclamador.es\/blog\/luis-tudela-nos-cuenta-como-vueling-le-expulso-del-avion-injustificadamente\/"]}]},{"@type":"ImageObject","inLanguage":"es","@id":"https:\/\/www.reclamador.es\/blog\/luis-tudela-nos-cuenta-como-vueling-le-expulso-del-avion-injustificadamente\/#primaryimage","url":"https:\/\/i0.wp.com\/www.reclamador.es\/blog\/wp-content\/uploads\/2015\/09\/ccfo0o_ltsy-kychan.jpg?fit=1200%2C800&ssl=1","contentUrl":"https:\/\/i0.wp.com\/www.reclamador.es\/blog\/wp-content\/uploads\/2015\/09\/ccfo0o_ltsy-kychan.jpg?fit=1200%2C800&ssl=1","width":1200,"height":800},{"@type":"BreadcrumbList","@id":"https:\/\/www.reclamador.es\/blog\/luis-tudela-nos-cuenta-como-vueling-le-expulso-del-avion-injustificadamente\/#breadcrumb","itemListElement":[{"@type":"ListItem","position":1,"name":"Portada","item":"https:\/\/www.reclamador.es\/blog\/"},{"@type":"ListItem","position":2,"name":"Luis Tudela nos cuenta c\u00f3mo Vueling le expuls\u00f3 del avi\u00f3n injustificadamente"}]},{"@type":"WebSite","@id":"https:\/\/www.reclamador.es\/blog\/#website","url":"https:\/\/www.reclamador.es\/blog\/","name":"Rebeldes con causa, el blog de reclamador.es","description":"Noticias, entrevistas y consejos sobre reclamaciones","publisher":{"@id":"https:\/\/www.reclamador.es\/blog\/#organization"},"potentialAction":[{"@type":"SearchAction","target":{"@type":"EntryPoint","urlTemplate":"https:\/\/www.reclamador.es\/blog\/?s={search_term_string}"},"query-input":{"@type":"PropertyValueSpecification","valueRequired":true,"valueName":"search_term_string"}}],"inLanguage":"es"},{"@type":"Organization","@id":"https:\/\/www.reclamador.es\/blog\/#organization","name":"reclamador.es","url":"https:\/\/www.reclamador.es\/blog\/","logo":{"@type":"ImageObject","inLanguage":"es","@id":"https:\/\/www.reclamador.es\/blog\/#\/schema\/logo\/image\/","url":"https:\/\/i0.wp.com\/www.reclamador.es\/blog\/wp-content\/uploads\/2020\/01\/logo-reclamador.png?fit=1200%2C144&ssl=1","contentUrl":"https:\/\/i0.wp.com\/www.reclamador.es\/blog\/wp-content\/uploads\/2020\/01\/logo-reclamador.png?fit=1200%2C144&ssl=1","width":1200,"height":144,"caption":"reclamador.es"},"image":{"@id":"https:\/\/www.reclamador.es\/blog\/#\/schema\/logo\/image\/"},"sameAs":["https:\/\/www.facebook.com\/reclamador.es","https:\/\/x.com\/reclamador","https:\/\/www.instagram.com\/reclamador.es\/","https:\/\/www.linkedin.com\/company\/reclamador-es","https:\/\/www.youtube.com\/user\/Reclamadores"]},{"@type":"Person","@id":"https:\/\/www.reclamador.es\/blog\/#\/schema\/person\/1ed83eef8b6566cb5e4c812d9bc5c4bf","name":"Equipo reclamador","image":{"@type":"ImageObject","inLanguage":"es","@id":"https:\/\/secure.gravatar.com\/avatar\/6442ecdc2c4472c600c113f34d340feca47107d6aa4f42f1e3e75a2a8e28a760?s=96&d=mm&r=g","url":"https:\/\/secure.gravatar.com\/avatar\/6442ecdc2c4472c600c113f34d340feca47107d6aa4f42f1e3e75a2a8e28a760?s=96&d=mm&r=g","contentUrl":"https:\/\/secure.gravatar.com\/avatar\/6442ecdc2c4472c600c113f34d340feca47107d6aa4f42f1e3e75a2a8e28a760?s=96&d=mm&r=g","caption":"Equipo reclamador"},"description":"Las personas que hacen posible reclamador.es","url":"https:\/\/www.reclamador.es\/blog\/author\/administrador\/"}]}},"jetpack_featured_media_url":"https:\/\/i0.wp.com\/www.reclamador.es\/blog\/wp-content\/uploads\/2015\/09\/ccfo0o_ltsy-kychan.jpg?fit=1200%2C800&ssl=1","jetpack-related-posts":[{"id":30345,"url":"https:\/\/www.reclamador.es\/blog\/que-hacer-vuelo-afectado-por-huelga-de-vueling\/","url_meta":{"origin":1261,"position":0},"title":"\u00bfQu\u00e9 hacer si tu vuelo se ve afectado por la huelga de Vueling?","author":"Equipo reclamador","date":"28 octubre, 2022","format":false,"excerpt":"\u00bfVuelas con Vueling entre noviembre de 2022 y finales de enero del pr\u00f3ximo a\u00f1o? \u00bfEl viaje es un lunes, viernes, domingo o festivo? Si la respuesta es afirmativa, es posible que tu vuelo sufra alguna incidencia, como un retraso o, incluso, su cancelaci\u00f3n. \u00bfPor qu\u00e9? Porque uno de los principales\u2026","rel":"","context":"En \u00abNoticias y actualidad\u00bb","block_context":{"text":"Noticias y actualidad","link":"https:\/\/www.reclamador.es\/blog\/noticias\/"},"img":{"alt_text":"que hacer por la huelga de vueling","src":"https:\/\/i0.wp.com\/www.reclamador.es\/blog\/wp-content\/uploads\/2022\/10\/huelga-de-vueling.jpg?fit=1200%2C675&ssl=1&resize=350%2C200","width":350,"height":200,"srcset":"https:\/\/i0.wp.com\/www.reclamador.es\/blog\/wp-content\/uploads\/2022\/10\/huelga-de-vueling.jpg?fit=1200%2C675&ssl=1&resize=350%2C200 1x, https:\/\/i0.wp.com\/www.reclamador.es\/blog\/wp-content\/uploads\/2022\/10\/huelga-de-vueling.jpg?fit=1200%2C675&ssl=1&resize=525%2C300 1.5x, https:\/\/i0.wp.com\/www.reclamador.es\/blog\/wp-content\/uploads\/2022\/10\/huelga-de-vueling.jpg?fit=1200%2C675&ssl=1&resize=700%2C400 2x, https:\/\/i0.wp.com\/www.reclamador.es\/blog\/wp-content\/uploads\/2022\/10\/huelga-de-vueling.jpg?fit=1200%2C675&ssl=1&resize=1050%2C600 3x"},"classes":[]},{"id":7214,"url":"https:\/\/www.reclamador.es\/blog\/cuando-ganas-da-una-satisfaccion-inmensa-decir-toma-vueling\/","url_meta":{"origin":1261,"position":1},"title":"\u201cCuando ganas da una satisfacci\u00f3n inmensa decir: \u00a1toma vueling!\u201d","author":"Cristina Naveda","date":"29 marzo, 2017","format":false,"excerpt":"\u201cCuando ves que has ganado y que recibes la indemnizaci\u00f3n\u00a0da una satisfacci\u00f3n\u00a0inmensa decir: \u00a0\u00a1toma vueling!\u201d. As\u00ed nos resume Lien Muguercia su experiencia tras reclamar con nosotros un retraso en un vuelo. Esta semana, tras sumar una victoria m\u00e1s contra las aerol\u00edneas, hemos querido darle voz para que conozcas su caso.\u2026","rel":"","context":"En \u00abConoce todo lo que sucede en reclamador.es\u00bb","block_context":{"text":"Conoce todo lo que sucede en reclamador.es","link":"https:\/\/www.reclamador.es\/blog\/reclamadores\/"},"img":{"alt_text":"","src":"https:\/\/i0.wp.com\/www.reclamador.es\/blog\/wp-content\/uploads\/2016\/09\/GettyImages-499641279-1.jpg?fit=1200%2C795&ssl=1&resize=350%2C200","width":350,"height":200,"srcset":"https:\/\/i0.wp.com\/www.reclamador.es\/blog\/wp-content\/uploads\/2016\/09\/GettyImages-499641279-1.jpg?fit=1200%2C795&ssl=1&resize=350%2C200 1x, https:\/\/i0.wp.com\/www.reclamador.es\/blog\/wp-content\/uploads\/2016\/09\/GettyImages-499641279-1.jpg?fit=1200%2C795&ssl=1&resize=525%2C300 1.5x, https:\/\/i0.wp.com\/www.reclamador.es\/blog\/wp-content\/uploads\/2016\/09\/GettyImages-499641279-1.jpg?fit=1200%2C795&ssl=1&resize=700%2C400 2x, https:\/\/i0.wp.com\/www.reclamador.es\/blog\/wp-content\/uploads\/2016\/09\/GettyImages-499641279-1.jpg?fit=1200%2C795&ssl=1&resize=1050%2C600 3x"},"classes":[]},{"id":33711,"url":"https:\/\/www.reclamador.es\/blog\/que-significa-vuelo-operado-por\/","url_meta":{"origin":1261,"position":2},"title":"\u201cVuelo operado por\u201d, \u201cc\u00f3digo compartido\u201d\u2026 \u00bfQu\u00e9 significan estos t\u00e9rminos y qu\u00e9 supone para el viajero?","author":"Alicia Ria\u00f1o","date":"11 febrero, 2025","format":false,"excerpt":"\u00bfHas comprado un billete de avi\u00f3n, por ejemplo, con Iberia y luego has visto una frase como \u201cvuelo de Iberia operado por Vueling\u201d o \u201cvuelo de Iberia operado por American Airlines\u201d y no sabes qu\u00e9 significa? Se trata de vuelo con c\u00f3digo compartido, en el que ambas aerol\u00edneas estar\u00e1n vendiendo\u2026","rel":"","context":"En \u00abConsejos legales\u00bb","block_context":{"text":"Consejos legales","link":"https:\/\/www.reclamador.es\/blog\/consejos\/"},"img":{"alt_text":"vuelo compartido operado por otra aerol\u00ednea","src":"https:\/\/i0.wp.com\/www.reclamador.es\/blog\/wp-content\/uploads\/2025\/02\/que-hacer-si-tu-vuelo-es-operado-por-una-aerolinea-distinta-a-la-que-compraste-el-billete-1200x630-1.jpg?fit=1200%2C630&ssl=1&resize=350%2C200","width":350,"height":200,"srcset":"https:\/\/i0.wp.com\/www.reclamador.es\/blog\/wp-content\/uploads\/2025\/02\/que-hacer-si-tu-vuelo-es-operado-por-una-aerolinea-distinta-a-la-que-compraste-el-billete-1200x630-1.jpg?fit=1200%2C630&ssl=1&resize=350%2C200 1x, https:\/\/i0.wp.com\/www.reclamador.es\/blog\/wp-content\/uploads\/2025\/02\/que-hacer-si-tu-vuelo-es-operado-por-una-aerolinea-distinta-a-la-que-compraste-el-billete-1200x630-1.jpg?fit=1200%2C630&ssl=1&resize=525%2C300 1.5x, https:\/\/i0.wp.com\/www.reclamador.es\/blog\/wp-content\/uploads\/2025\/02\/que-hacer-si-tu-vuelo-es-operado-por-una-aerolinea-distinta-a-la-que-compraste-el-billete-1200x630-1.jpg?fit=1200%2C630&ssl=1&resize=700%2C400 2x, https:\/\/i0.wp.com\/www.reclamador.es\/blog\/wp-content\/uploads\/2025\/02\/que-hacer-si-tu-vuelo-es-operado-por-una-aerolinea-distinta-a-la-que-compraste-el-billete-1200x630-1.jpg?fit=1200%2C630&ssl=1&resize=1050%2C600 3x"},"classes":[]},{"id":33731,"url":"https:\/\/www.reclamador.es\/blog\/entrevista-clienta-reclamadora-de-vueling-con-reclamador\/","url_meta":{"origin":1261,"position":3},"title":"Camilla Ribeiro, reclamadora de aerol\u00edneas: \u201cLa plataforma reclamador.es es muy completa y funciona muy bien\u201d","author":"Cristina Naveda","date":"20 febrero, 2025","format":false,"excerpt":"Hoy hemos hablado con Camilla Ribeiro (Brasil, 1996), una de nuestras clientas reclamadoras de aerol\u00edneas. Camilla nos cuenta que teletrabaja para una empresa de ingenier\u00eda y energ\u00edas y que tiene la costumbre de viajar mucho. Vive en Tenerife y tiene una segunda residencia en Asturias. Entrevista a reclamadora de Vueling\u2026","rel":"","context":"En \u00abConoce todo lo que sucede en reclamador.es\u00bb","block_context":{"text":"Conoce todo lo que sucede en reclamador.es","link":"https:\/\/www.reclamador.es\/blog\/reclamadores\/"},"img":{"alt_text":"vuelo cancelado reclamador de vueling","src":"https:\/\/i0.wp.com\/www.reclamador.es\/blog\/wp-content\/uploads\/2025\/02\/entrevista-cliente-aerolineas-Camilla-Ribeiro-1200x630-1.jpg?fit=1200%2C630&ssl=1&resize=350%2C200","width":350,"height":200,"srcset":"https:\/\/i0.wp.com\/www.reclamador.es\/blog\/wp-content\/uploads\/2025\/02\/entrevista-cliente-aerolineas-Camilla-Ribeiro-1200x630-1.jpg?fit=1200%2C630&ssl=1&resize=350%2C200 1x, https:\/\/i0.wp.com\/www.reclamador.es\/blog\/wp-content\/uploads\/2025\/02\/entrevista-cliente-aerolineas-Camilla-Ribeiro-1200x630-1.jpg?fit=1200%2C630&ssl=1&resize=525%2C300 1.5x, https:\/\/i0.wp.com\/www.reclamador.es\/blog\/wp-content\/uploads\/2025\/02\/entrevista-cliente-aerolineas-Camilla-Ribeiro-1200x630-1.jpg?fit=1200%2C630&ssl=1&resize=700%2C400 2x, https:\/\/i0.wp.com\/www.reclamador.es\/blog\/wp-content\/uploads\/2025\/02\/entrevista-cliente-aerolineas-Camilla-Ribeiro-1200x630-1.jpg?fit=1200%2C630&ssl=1&resize=1050%2C600 3x"},"classes":[]},{"id":6721,"url":"https:\/\/www.reclamador.es\/blog\/somos-de-una-generacion-conformista-deberiamos-reclamar-siempre\/","url_meta":{"origin":1261,"position":4},"title":"\u201cSomos una generaci\u00f3n conformista. Deber\u00edamos reclamar siempre\u201d","author":"Cristina Naveda","date":"15 marzo, 2017","format":false,"excerpt":"Nuria Perruc, afectada por un retraso en un vuelo de Vueling el pasado 5 de marzo. Hoy, 15 de marzo, D\u00eda Mundial de los Derechos del Consumidor, os presentamos a Nuria Perruc, publicista, especialista en branded content,\u00a0y fundadora de\u00a0TheLoveCom. Tras sufrir un retraso en un vuelo la semana pasada, el\u2026","rel":"","context":"En \u00abConoce todo lo que sucede en reclamador.es\u00bb","block_context":{"text":"Conoce todo lo que sucede en reclamador.es","link":"https:\/\/www.reclamador.es\/blog\/reclamadores\/"},"img":{"alt_text":"","src":"https:\/\/i0.wp.com\/www.reclamador.es\/blog\/wp-content\/uploads\/2017\/03\/Nur_Perruc_1.jpg?fit=1200%2C800&ssl=1&resize=350%2C200","width":350,"height":200,"srcset":"https:\/\/i0.wp.com\/www.reclamador.es\/blog\/wp-content\/uploads\/2017\/03\/Nur_Perruc_1.jpg?fit=1200%2C800&ssl=1&resize=350%2C200 1x, https:\/\/i0.wp.com\/www.reclamador.es\/blog\/wp-content\/uploads\/2017\/03\/Nur_Perruc_1.jpg?fit=1200%2C800&ssl=1&resize=525%2C300 1.5x, https:\/\/i0.wp.com\/www.reclamador.es\/blog\/wp-content\/uploads\/2017\/03\/Nur_Perruc_1.jpg?fit=1200%2C800&ssl=1&resize=700%2C400 2x, https:\/\/i0.wp.com\/www.reclamador.es\/blog\/wp-content\/uploads\/2017\/03\/Nur_Perruc_1.jpg?fit=1200%2C800&ssl=1&resize=1050%2C600 3x"},"classes":[]},{"id":15299,"url":"https:\/\/www.reclamador.es\/blog\/entrevista-aerolinea-retraso-vuelo-eufemia\/","url_meta":{"origin":1261,"position":5},"title":"\u201cPersonas como las del equipo de reclamador.es hacen mejor al mundo\u201d","author":"Cristina Naveda","date":"6 septiembre, 2017","format":false,"excerpt":"Las reclamaciones m\u00e1s repetidas\u00a0a la vuelta de las vacaciones son los incidentes en los vuelos, donde los retrasos ocupan la primera posici\u00f3n. Por eso hoy vamos a conocer la historia de dos reclamadores que tuvieron m\u00e1s de un disgusto en sus viajes por problemas con las compa\u00f1\u00edas a\u00e9reas Iberia y\u2026","rel":"","context":"En \u00abConoce todo lo que sucede en reclamador.es\u00bb","block_context":{"text":"Conoce todo lo que sucede en reclamador.es","link":"https:\/\/www.reclamador.es\/blog\/reclamadores\/"},"img":{"alt_text":"","src":"https:\/\/i0.wp.com\/www.reclamador.es\/blog\/wp-content\/uploads\/2017\/09\/eufemia-clienta-reclamador.png?fit=1200%2C800&ssl=1&resize=350%2C200","width":350,"height":200,"srcset":"https:\/\/i0.wp.com\/www.reclamador.es\/blog\/wp-content\/uploads\/2017\/09\/eufemia-clienta-reclamador.png?fit=1200%2C800&ssl=1&resize=350%2C200 1x, https:\/\/i0.wp.com\/www.reclamador.es\/blog\/wp-content\/uploads\/2017\/09\/eufemia-clienta-reclamador.png?fit=1200%2C800&ssl=1&resize=525%2C300 1.5x, https:\/\/i0.wp.com\/www.reclamador.es\/blog\/wp-content\/uploads\/2017\/09\/eufemia-clienta-reclamador.png?fit=1200%2C800&ssl=1&resize=700%2C400 2x, https:\/\/i0.wp.com\/www.reclamador.es\/blog\/wp-content\/uploads\/2017\/09\/eufemia-clienta-reclamador.png?fit=1200%2C800&ssl=1&resize=1050%2C600 3x"},"classes":[]}],"jetpack_sharing_enabled":true,"_links":{"self":[{"href":"https:\/\/www.reclamador.es\/blog\/wp-json\/wp\/v2\/posts\/1261","targetHints":{"allow":["GET"]}}],"collection":[{"href":"https:\/\/www.reclamador.es\/blog\/wp-json\/wp\/v2\/posts"}],"about":[{"href":"https:\/\/www.reclamador.es\/blog\/wp-json\/wp\/v2\/types\/post"}],"author":[{"embeddable":true,"href":"https:\/\/www.reclamador.es\/blog\/wp-json\/wp\/v2\/users\/1"}],"replies":[{"embeddable":true,"href":"https:\/\/www.reclamador.es\/blog\/wp-json\/wp\/v2\/comments?post=1261"}],"version-history":[{"count":21,"href":"https:\/\/www.reclamador.es\/blog\/wp-json\/wp\/v2\/posts\/1261\/revisions"}],"predecessor-version":[{"id":31714,"href":"https:\/\/www.reclamador.es\/blog\/wp-json\/wp\/v2\/posts\/1261\/revisions\/31714"}],"wp:featuredmedia":[{"embeddable":true,"href":"https:\/\/www.reclamador.es\/blog\/wp-json\/wp\/v2\/media\/7379"}],"wp:attachment":[{"href":"https:\/\/www.reclamador.es\/blog\/wp-json\/wp\/v2\/media?parent=1261"}],"wp:term":[{"taxonomy":"category","embeddable":true,"href":"https:\/\/www.reclamador.es\/blog\/wp-json\/wp\/v2\/categories?post=1261"},{"taxonomy":"post_tag","embeddable":true,"href":"https:\/\/www.reclamador.es\/blog\/wp-json\/wp\/v2\/tags?post=1261"}],"curies":[{"name":"wp","href":"https:\/\/api.w.org\/{rel}","templated":true}]}}